{"id":103122,"date":"2026-09-04T17:50:11","date_gmt":"2026-09-04T20:50:11","guid":{"rendered":"https:\/\/redept.com.br\/blogosfera\/nikolas-ferreira-divulga-documento-falso-da-pf-que-o-inocentaria-sobre-teor-de-conversas-com-vorcaro\/"},"modified":"2026-09-04T17:50:11","modified_gmt":"2026-09-04T20:50:11","slug":"nikolas-ferreira-divulga-documento-falso-da-pf-que-o-inocentaria-sobre-teor-de-conversas-com-vorcaro","status":"publish","type":"post","link":"https:\/\/redept.com.br\/blogosfera\/nikolas-ferreira-divulga-documento-falso-da-pf-que-o-inocentaria-sobre-teor-de-conversas-com-vorcaro\/","title":{"rendered":"Nikolas Ferreira divulga documento falso da PF que o inocentaria sobre teor de conversas com Vorcaro"},"content":{"rendered":"<p>O deputado federal Nikolas Ferreira (PL-MG) compartilhou nas redes sociais um documento falso atribu\u00eddo \u00e0 <a href=\"https:\/\/tvtnews.com.br\/tag\/pf\/\" target=\"_blank\" data-type=\"post_tag\" data-id=\"4547\" rel=\"noreferrer noopener\">Pol\u00edcia Federal<\/a> (PF) que supostamente afastaria a exist\u00eancia de ind\u00edcios de crimes nas conversas mantidas por ele com o ex-banqueiro Daniel Vorcaro. A falsifica\u00e7\u00e3o foi identificada pelo UOL Confere, que verificou o uso de intelig\u00eancia artificial na elabora\u00e7\u00e3o do arquivo. <a href=\"https:\/\/tvtnews.com.br\/\">Leia em TVT News.<\/a><\/p>\n<p>O documento apresentava uma suposta an\u00e1lise das conversas entre o parlamentar e Vorcaro e afirmava que as intera\u00e7\u00f5es teriam ocorrido em contexto \u201cpessoal e profissional\u201d. A PF, por\u00e9m, negou ser respons\u00e1vel pelo material.<\/p>\n<p>A publica\u00e7\u00e3o tamb\u00e9m provocou uma rea\u00e7\u00e3o na C\u00e2mara. A deputada Erika Hilton (PSOL-SP), ao lado das deputadas Ana Elisa e Bella Gon\u00e7alves, afirmou que denunciou Nikolas \u00e0 Justi\u00e7a Eleitoral pela divulga\u00e7\u00e3o do documento falsificado. Segundo Erika, o parlamentar teria utilizado um arquivo produzido com intelig\u00eancia artificial para se apresentar como inocente ap\u00f3s a divulga\u00e7\u00e3o de informa\u00e7\u00f5es sobre sua rela\u00e7\u00e3o com Vorcaro.<\/p>\n<p><a href=\"https:\/\/chat.whatsapp.com\/HC8TJaWXK8t4wNAG0oRwZI?mode=gi_t\" target=\"_blank\" rel=\"noreferrer noopener nofollow\">&gt;&gt; Siga o grupo da\u00a0<strong>TVT News\u00a0<\/strong>no WhatsApp<\/a><\/p>\n<h2>Documento tinha sinais de falsifica\u00e7\u00e3o<\/h2>\n<p>Um dos principais ind\u00edcios de que o arquivo n\u00e3o era aut\u00eantico est\u00e1 na presen\u00e7a de uma marca d\u2019\u00e1gua associada a uma ferramenta de gera\u00e7\u00e3o de conte\u00fado da OpenAI. A an\u00e1lise realizada pelo UOL Confere identificou que o documento havia sido produzido com aux\u00edlio de intelig\u00eancia artificial.<\/p>\n<p>O texto tamb\u00e9m continha erros de portugu\u00eas e informa\u00e7\u00f5es incompat\u00edveis com os registros conhecidos sobre o caso. Entre eles estava a express\u00e3o \u201ccontato salvado como Nikolas Dep\u201d, utilizada na descri\u00e7\u00e3o de um dos supostos elementos analisados.<\/p>\n<p>Outro problema estava na data apresentada no arquivo. O documento indicava 18 de novembro de 2025 como a data da extra\u00e7\u00e3o dos dados, embora afirmasse tratar de informa\u00e7\u00f5es obtidas a partir do celular de Vorcaro.<\/p>\n<p>A data, contudo, n\u00e3o corresponde ao dia da pris\u00e3o do banqueiro. Vorcaro foi preso em 17 de novembro de 2025, durante uma a\u00e7\u00e3o da Pol\u00edcia Federal. Assim, caso a extra\u00e7\u00e3o mencionada no documento tivesse ocorrido de fato, ela seria posterior \u00e0 pris\u00e3o, no dia seguinte. A inconsist\u00eancia refor\u00e7a os ind\u00edcios de que o arquivo n\u00e3o corresponde a um relat\u00f3rio oficial da PF.<\/p>\n<h2>Erika denuncia publica\u00e7\u00e3o \u00e0 Justi\u00e7a Eleitoral<\/h2>\n<p>Em publica\u00e7\u00e3o nas redes sociais, Erika Hilton classificou o arquivo como um \u201claudo fraudado\u201d e afirmou que ela e as deputadas Ana Elisa e Bella Gon\u00e7alves acionaram a Justi\u00e7a Eleitoral contra Nikolas.<\/p>\n<p>A deputada argumentou que a divulga\u00e7\u00e3o de um documento falso atribu\u00eddo a uma institui\u00e7\u00e3o p\u00fablica n\u00e3o pode ser utilizada para influenciar o debate durante o per\u00edodo eleitoral. Erika tamb\u00e9m afirmou que a produ\u00e7\u00e3o do material por intelig\u00eancia artificial agrava a situa\u00e7\u00e3o.<\/p>\n<figure>\n<div>\n<blockquote data-width=\"550\" data-dnt=\"true\">\n<p lang=\"pt\" dir=\"ltr\"> (@ErikakHilton) <a href=\"https:\/\/x.com\/ErikakHilton\/status\/2095975726029947160?ref_src=twsrc%5Etfw\" target=\"_blank\" rel=\"noopener noreferrer nofollow\">September 4, 2026<\/a><\/p><\/blockquote>\n<\/div>\n<\/figure>\n<h2>PF nega autoria do arquivo<\/h2>\n<p>Procurada pelo UOL Confere, a Pol\u00edcia Federal afirmou que o documento n\u00e3o foi produzido pela institui\u00e7\u00e3o.<\/p>\n<p>Mesmo assim, o arquivo foi divulgado por Nikolas Ferreira em seus stories no Instagram, onde permaneceu dispon\u00edvel por algum tempo antes de ser retirado. A publica\u00e7\u00e3o alcan\u00e7ou potencialmente um grande p\u00fablico, j\u00e1 que o deputado possui cerca de 22 milh\u00f5es de seguidores na plataforma.<\/p>\n<p>A assessoria do parlamentar afirmou ao UOL Confere que Nikolas apenas republicou o conte\u00fado encontrado em um portal e que o retirou depois de descobrir que se tratava de um material falso.<\/p>\n<h2>\u00c1udios levantam questionamentos sobre rela\u00e7\u00e3o com Vorcaro<\/h2>\n<p>A circula\u00e7\u00e3o do documento ocorreu depois da divulga\u00e7\u00e3o de grava\u00e7\u00f5es que mostram Nikolas Ferreira pedindo ajuda a Vorcaro para tratar de um assunto relacionado a um amigo e ex-assessor.<\/p>\n<p>O \u00e1udio foi divulgado pelo ICL Not\u00edcias e mostra o deputado solicitando ao banqueiro aux\u00edlio para a libera\u00e7\u00e3o de um ativo miner\u00e1rio. A exist\u00eancia da grava\u00e7\u00e3o contrasta com a tentativa do documento falso de apresentar as conversas entre os dois como intera\u00e7\u00f5es sem ind\u00edcios de irregularidades.<\/p>\n<p>O epis\u00f3dio ocorre em meio \u00e0s investiga\u00e7\u00f5es envolvendo Vorcaro e o Banco Master e \u00e0 divulga\u00e7\u00e3o de diferentes documentos e mensagens relacionados ao ex-banqueiro. A falsifica\u00e7\u00e3o atribu\u00edda \u00e0 PF, entretanto, n\u00e3o constitui documento oficial da investiga\u00e7\u00e3o e n\u00e3o pode ser utilizada como prova sobre a rela\u00e7\u00e3o entre Nikolas Ferreira e Vorcaro.<\/p>\n<p>The post <a rel=\"nofollow\" href=\"https:\/\/tvtnews.com.br\/nikolas-ferreira-laudo-falso-pf-conversas-vorcaro\/\">Nikolas Ferreira divulga documento falso da PF que o inocentaria sobre teor de conversas com Vorcaro<\/a> appeared first on <a rel=\"nofollow\" href=\"https:\/\/tvtnews.com.br\/\">TVT News<\/a>.<\/p>\n<!-- Begin Yuzo --><div class='yuzo_related_post style-1'  data-version='5.12.89'><!-- without result --><div class='yuzo_clearfixed yuzo__title yuzo__title'><h3>Related Post<\/h3><\/div>\n\t\t\t\t\t\t  <div class=\"relatedthumb \" style=\"width:125px;float:left;overflow:hidden;\">  \n\t\t\t\t\t\t\t  \n\t\t\t\t\t\t\t  <a  href=\"https:\/\/redept.com.br\/blogosfera\/casa-branca-diz-que-eua-nao-pagarao-para-cruzar-o-canal-do-panama-e-governo-panamenho-responde-mentira-absoluta\/\"  >\n\t\t\t\t\t\t\t\t\t  <div class=\"yuzo-img-wrap \" style=\"width: 125px;height:90px;\">\n\t\t\t\t\t\t\t\t\t\t\n\t\t\t\t\t\t\t\t\t\t<div class=\"yuzo-img\" style=\"background:url('https:\/\/redept.org\/blogosfera\/wp-content\/plugins\/yuzo-related-post\/assets\/images\/default.png') 50% 50% no-repeat;width: 125px;height:90px;margin-bottom: 5px;background-size: cover; \"><\/div>\n\t\t\t\t\t\t\t\t\t  <\/div>\n\t\t\t\t\t\t\t\t\t  \n\t\t\t\t\t\t\t\t   <span class=\"yuzo__text--title\" style=\"font-size:13px;\">Casa Branca diz que EUA n\u00e3o pagar\u00e3o para cruzar o ...<\/span>\n\t\t\t\t\t\t\t  \n\t\t\t\t\t\t\t  \n\t\t\t\t\t\t\t  <\/a>\n\n\t\t\t\t\t\t  <\/div>\n\t\t\t\t\t\t  <div class=\"relatedthumb \" style=\"width:125px;float:left;overflow:hidden;\">  \n\t\t\t\t\t\t\t  \n\t\t\t\t\t\t\t  <a  href=\"https:\/\/redept.com.br\/blogosfera\/cristina-kirchner-permanece-hospitalizada-apos-complicacao-pos-operatoria\/\"  >\n\t\t\t\t\t\t\t\t\t  <div class=\"yuzo-img-wrap \" style=\"width: 125px;height:90px;\">\n\t\t\t\t\t\t\t\t\t\t\n\t\t\t\t\t\t\t\t\t\t<div class=\"yuzo-img\" style=\"background:url('https:\/\/redept.org\/blogosfera\/wp-content\/plugins\/yuzo-related-post\/assets\/images\/default.png') 50% 50% no-repeat;width: 125px;height:90px;margin-bottom: 5px;background-size: cover; \"><\/div>\n\t\t\t\t\t\t\t\t\t  <\/div>\n\t\t\t\t\t\t\t\t\t  \n\t\t\t\t\t\t\t\t   <span class=\"yuzo__text--title\" style=\"font-size:13px;\">Cristina Kirchner permanece hospitalizada ap\u00f3s com...<\/span>\n\t\t\t\t\t\t\t  \n\t\t\t\t\t\t\t  \n\t\t\t\t\t\t\t  <\/a>\n\n\t\t\t\t\t\t  <\/div>\n\t\t\t\t\t\t  <div class=\"relatedthumb \" style=\"width:125px;float:left;overflow:hidden;\">  \n\t\t\t\t\t\t\t  \n\t\t\t\t\t\t\t  <a  href=\"https:\/\/sul21.com.br\/noticias\/politica\/2025\/10\/grupo-de-trabalho-da-camara-apresenta-70-propostas-para-reforma-administrativa\/\"  >\n\t\t\t\t\t\t\t\t\t  <div class=\"yuzo-img-wrap \" style=\"width: 125px;height:90px;\">\n\t\t\t\t\t\t\t\t\t\t\n\t\t\t\t\t\t\t\t\t\t<div class=\"yuzo-img\" style=\"background:url('https:\/\/redept.org\/blogosfera\/wp-content\/plugins\/yuzo-related-post\/assets\/images\/default.png') 50% 50% no-repeat;width: 125px;height:90px;margin-bottom: 5px;background-size: cover; \"><\/div>\n\t\t\t\t\t\t\t\t\t  <\/div>\n\t\t\t\t\t\t\t\t\t  \n\t\t\t\t\t\t\t\t   <span class=\"yuzo__text--title\" style=\"font-size:13px;\">Grupo de Trabalho da C\u00e2mara apresenta 70 propostas...<\/span>\n\t\t\t\t\t\t\t  \n\t\t\t\t\t\t\t  \n\t\t\t\t\t\t\t  <\/a>\n\n\t\t\t\t\t\t  <\/div>\n\t\t\t\t\t\t  <div class=\"relatedthumb \" style=\"width:125px;float:left;overflow:hidden;\">  \n\t\t\t\t\t\t\t  \n\t\t\t\t\t\t\t  <a  href=\"https:\/\/redept.com.br\/blogosfera\/a-esquerda-e-o-discurso-da-poluicao-sonora\/\"  >\n\t\t\t\t\t\t\t\t\t  <div class=\"yuzo-img-wrap \" style=\"width: 125px;height:90px;\">\n\t\t\t\t\t\t\t\t\t\t\n\t\t\t\t\t\t\t\t\t\t<div class=\"yuzo-img\" style=\"background:url('https:\/\/redept.org\/blogosfera\/wp-content\/plugins\/yuzo-related-post\/assets\/images\/default.png') 50% 50% no-repeat;width: 125px;height:90px;margin-bottom: 5px;background-size: cover; \"><\/div>\n\t\t\t\t\t\t\t\t\t  <\/div>\n\t\t\t\t\t\t\t\t\t  \n\t\t\t\t\t\t\t\t   <span class=\"yuzo__text--title\" style=\"font-size:13px;\">A esquerda e o discurso da poluic\u0327a\u0303o sonora<\/span>\n\t\t\t\t\t\t\t  \n\t\t\t\t\t\t\t  \n\t\t\t\t\t\t\t  <\/a>\n\n\t\t\t\t\t\t  <\/div>\n<\/div> <script>\n\t\t\t\t\t\t  jQuery(document).ready(function( $ ){\n\t\t\t\t\t\t\t\/\/jQuery('.yuzo_related_post').equalizer({ overflow : 'relatedthumb' });\n\t\t\t\t\t\t\tjQuery('.yuzo_related_post .yuzo_wraps').equalizer({ columns : '> div' });\n\t\t\t\t\t\t   })\n\t\t\t\t\t\t  <\/script> <!-- End Yuzo :) -->","protected":false},"excerpt":{"rendered":"<p>O deputado federal Nikolas Ferreira (PL-MG) compartilhou nas redes sociais um documento falso atribu\u00eddo \u00e0 Pol\u00edcia Federal (PF) que supostamente afastaria a exist\u00eancia de ind\u00edcios de crimes nas conversas mantidas por ele com o ex-banqueiro Daniel Vorcaro. A falsifica\u00e7\u00e3o foi identificada pelo UOL Confere, que verificou o uso de intelig\u00eancia artificial na elabora\u00e7\u00e3o do arquivo. [&hellip;]<\/p>\n","protected":false},"author":2,"featured_media":0,"comment_status":"open","ping_status":"closed","sticky":false,"template":"","format":"standard","meta":{"fifu_image_url":"","fifu_image_alt":"","footnotes":""},"categories":[1],"tags":[],"class_list":["post-103122","post","type-post","status-publish","format-standard","hentry","category-uncategorized"],"_links":{"self":[{"href":"https:\/\/redept.com.br\/blogosfera\/wp-json\/wp\/v2\/posts\/103122","targetHints":{"allow":["GET"]}}],"collection":[{"href":"https:\/\/redept.com.br\/blogosfera\/wp-json\/wp\/v2\/posts"}],"about":[{"href":"https:\/\/redept.com.br\/blogosfera\/wp-json\/wp\/v2\/types\/post"}],"author":[{"embeddable":true,"href":"https:\/\/redept.com.br\/blogosfera\/wp-json\/wp\/v2\/users\/2"}],"replies":[{"embeddable":true,"href":"https:\/\/redept.com.br\/blogosfera\/wp-json\/wp\/v2\/comments?post=103122"}],"version-history":[{"count":0,"href":"https:\/\/redept.com.br\/blogosfera\/wp-json\/wp\/v2\/posts\/103122\/revisions"}],"wp:attachment":[{"href":"https:\/\/redept.com.br\/blogosfera\/wp-json\/wp\/v2\/media?parent=103122"}],"wp:term":[{"taxonomy":"category","embeddable":true,"href":"https:\/\/redept.com.br\/blogosfera\/wp-json\/wp\/v2\/categories?post=103122"},{"taxonomy":"post_tag","embeddable":true,"href":"https:\/\/redept.com.br\/blogosfera\/wp-json\/wp\/v2\/tags?post=103122"}],"curies":[{"name":"wp","href":"https:\/\/api.w.org\/{rel}","templated":true}]}}