{"id":103146,"date":"2026-09-04T20:13:04","date_gmt":"2026-09-04T23:13:04","guid":{"rendered":"https:\/\/redept.com.br\/blogosfera\/andre-mendonca-mobiliza-oracoes-e-se-torna-icone-do-7-de-setembro-bolsonarista\/"},"modified":"2026-09-04T20:13:04","modified_gmt":"2026-09-04T23:13:04","slug":"andre-mendonca-mobiliza-oracoes-e-se-torna-icone-do-7-de-setembro-bolsonarista","status":"publish","type":"post","link":"https:\/\/redept.com.br\/blogosfera\/andre-mendonca-mobiliza-oracoes-e-se-torna-icone-do-7-de-setembro-bolsonarista\/","title":{"rendered":"Andr\u00e9 Mendon\u00e7a mobiliza ora\u00e7\u00f5es e se torna \u00edcone do 7 de setembro bolsonarista"},"content":{"rendered":"<p>Ap\u00f3s a s\u00e9rie de atos que estremeceram o Supremo Tribunal Federal (STF) nesta semana, o ministro Andr\u00e9 Mendon\u00e7a foi al\u00e7ado ao posto de um dos principais \u00edcones dos evang\u00e9licos e um p\u00f3lo de mobiliza\u00e7\u00e3o para a milit\u00e2ncia bolsonarista nos atos de 7 de Setembro. Pedidos de ora\u00e7\u00e3o e abaixo-assinados em apoio ao ministro mobilizaram lideran\u00e7as pol\u00edticas e religiosas que apoiam o candidato Fl\u00e1vio Bolsonaro nos \u00faltimos dias.<\/p>\n<p>Em posts em redes sociais como X e Instagram, Mendon\u00e7a \u00e9 colocado como um contraponto ao ministro Alexandre de Moraes e ao governo Lula. Algumas publica\u00e7\u00f5es apresentam a disputa como uma escolha entre dois lados: de um, Lula e Moraes; de outro, Mendon\u00e7a e o combate \u00e0 corrup\u00e7\u00e3o. H\u00e1, inclusive, hashtags de apoio ao ministro, como #EuApoioAndr\u00e9Mendon\u00e7a.<\/p>\n<p>A \u201cigreja evang\u00e9lica se une em ora\u00e7\u00e3o\u201d no epis\u00f3dio descrito como \u201ca maior batalha espiritual das \u00faltimas d\u00e9cadas\u201d, diz um texto publicado no portal Gospel Mais, que foi replicado em v\u00e1rias outras p\u00e1ginas evang\u00e9licas. Um site que coleta assinaturas em apoio ao ministro recebeu mais de 14 mil ades\u00f5es nas primeiras horas em que esteve no ar.<\/p>\n<p>Pastores e observadores do mundo evang\u00e9lico relataram \u00e0 <strong>Ag\u00eancia P\u00fablica<\/strong> que os pedidos de ora\u00e7\u00f5es para Mendon\u00e7a t\u00eam sido a forma de ades\u00e3o mais not\u00e1vel entre grupos crist\u00e3os conservadores na v\u00e9spera de 7 de setembro \u2013 o meio costuma ser um dos mais engajados nos atos em apoio ao bolsonarismo.<\/p>\n<p>O pastor presbiteriano e doutor em Sociologia, Valdinei Fernandes, reparou que n\u00e3o tem visto grandes mobiliza\u00e7\u00f5es de evang\u00e9licos para o ato que deve ocorrer no 7 de setembro em S\u00e3o Paulo \u2013 programado para ser o maior do dia, com a presen\u00e7a do candidato Fl\u00e1vio Bolsonaro (PL). \u201cO que tem circulado s\u00e3o pedidos de ora\u00e7\u00e3o pelo ministro Andr\u00e9 Mendon\u00e7a\u201d, disse.<\/p>\n<p>O fato de Mendon\u00e7a ser evang\u00e9lico ajudou a criar uma aproxima\u00e7\u00e3o maior com o p\u00fablico \u2013 ele \u00e9 o ministro \u201cterrivelmente evang\u00e9lico\u201d escolhido por Jair Bolsonaro durante o seu governo. \u201cMendon\u00e7a est\u00e1 quase virando um m\u00e1rtir. A extrema direita coloca a situa\u00e7\u00e3o como se a esquerda estivesse perseguindo um pastor. N\u00e3o um ministro do Supremo, mas sim um ministro evang\u00e9lico\u201d, afirma S\u00e9rgio Dusilek, pastor batista e te\u00f3logo.<\/p>\n<p>No dia em que os novos detalhes do caso Master vieram \u00e0 tona, 1\u00ba de setembro, a dupla sertaneja Zez\u00e9 di Camargo e Luciano louvou o ministro durante um show em Blumenau, em Santa Catarina. \u201cVamos pedir uma ora\u00e7\u00e3o para este homem. Um homem que n\u00e3o tem medo de colocar aquilo que ele cr\u00ea, aquilo que ele acredita\u201d, disse Luciano, que tamb\u00e9m relatou que frequenta a Igreja Presbiteriana de Pinheiros, na qual Mendon\u00e7a \u00e9 reverendo em S\u00e3o Paulo.<\/p>\n<p>Pastores evang\u00e9licos influentes, como o ap\u00f3stolo Estevam Hernandes, fundador da Igreja Renascer em Cristo e presidente da Marcha para Jesus, e o pastor Silas Malafaia, da Assembleia de Deus Vit\u00f3ria em Cristo, um dos principais mobilizadores de protestos de rua do bolsonarismo, declararam apoio a Mendon\u00e7a.<\/p>\n<p>\u201cNeste momento, minha ora\u00e7\u00e3o \u00e9 para que Deus continue lhe dando sabedoria, coragem e firmeza para cumprir sua miss\u00e3o\u201d, disse Hernandes. Malafaia publicou uma s\u00e9rie de v\u00eddeos em defesa de Mendon\u00e7a e com duras cr\u00edticas a Moraes, discurso que deve ser reproduzido na manifesta\u00e7\u00e3o programada para a Avenida Paulista, em S\u00e3o Paulo, quando ele prometeu a sua fala \u201cmais dura\u201d contra Moraes.<\/p>\n<p>Pol\u00edticos bolsonaristas, como os senadores Magno Malta (PL-ES), Marcos Pontes (PL-SP) e Carlos Viana (PSD-MG), tamb\u00e9m convocaram correntes de ora\u00e7\u00e3o ao ministro Mendon\u00e7a. Magno Malta declarou que o magistrado n\u00e3o deve recuar diante de press\u00f5es e convocou aliados a fazerem um \u201cclamor de ora\u00e7\u00e3o\u201d por ele.<\/p>\n<p>Na biblioteca de an\u00fancios do Meta, que congrega conte\u00fado patrocinado no Instagram e Facebook, h\u00e1 mais de 20 posts impulsionados com pedidos de ora\u00e7\u00e3o para Mendon\u00e7a nos \u00faltimos dias. A maioria foi paga pelas campanhas de candidatos bolsonaristas.<\/p>\n<p>\u201cTem um homem em Bras\u00edlia precisando da ora\u00e7\u00e3o da igreja hoje\u201d, diz um post de Davi Sacer, cantor gospel e candidato a deputado federal pelo Republicanos por S\u00e3o Paulo, com 1,5 milh\u00e3o de seguidores. \u201cO ministro Andr\u00e9 Mendon\u00e7a est\u00e1 \u00e0 frente de um dos casos mais importantes do Brasil. (\u2026) Ore com a gente. E compartilha com a sua igreja e o seu grupo de ora\u00e7\u00e3o: quanto mais gente intercedendo, mais forte essa corrente pelo Brasil.\u201d<\/p>\n<p>Outro post patrocinado \u00e9 de Marcos Dias, presidente do Podemos no Rio de Janeiro e candidato ao Senado pelo estado. \u201cDiante deste momento decisivo, fa\u00e7o um chamado \u00e0 ora\u00e7\u00e3o pelo ministro Andr\u00e9 Mendon\u00e7a. Que Deus o proteja, fortale\u00e7a seus passos e lhe d\u00ea sabedoria para cumprir sua miss\u00e3o\u201d, ele escreveu. Cada uma das publica\u00e7\u00f5es tem alcance estimado em mais de 1 milh\u00e3o de usu\u00e1rios.<\/p>\n<figure data-wp-context='{\"imageId\":\"6a9b5cb28e4f1\"}' data-wp-interactive=\"core\/image\" data-wp-key=\"6a9b5cb28e4f1\"><button type=\"button\" aria-haspopup=\"dialog\" data-wp-bind--aria-label=\"state.thisImage.triggerButtonAriaLabel\" data-wp-init=\"callbacks.initTriggerButton\" data-wp-on--click=\"actions.showLightbox\" data-wp-style--right=\"state.thisImage.buttonRight\" data-wp-style--top=\"state.thisImage.buttonTop\"><br \/>\n\t\t\t<svg xmlns=\"http:\/\/www.w3.org\/2000\/svg\" width=\"12\" height=\"12\" fill=\"none\" viewbox=\"0 0 12 12\">\n\t\t\t\t<path fill=\"#fff\" d=\"M2 0a2 2 0 0 0-2 2v2h1.5V2a.5.5 0 0 1 .5-.5h2V0H2Zm2 10.5H2a.5.5 0 0 1-.5-.5V8H0v2a2 2 0 0 0 2 2h2v-1.5ZM8 12v-1.5h2a.5.5 0 0 0 .5-.5V8H12v2a2 2 0 0 1-2 2H8Zm2-12a2 2 0 0 1 2 2v2h-1.5V2a.5.5 0 0 0-.5-.5H8V0h2Z\"><\/path>\n\t\t\t<\/svg><br \/>\n\t\t<\/button><figcaption>O ministro Andr\u00e9 Mendon\u00e7a (esq.) tirou o sigilo das conversas entre o ex-banqueiro Daniel Vorcaro, do caso Master e Alexandre de Moraes (dir.)<\/figcaption><\/figure>\n<h2><strong>Crise no Supremo<\/strong><\/h2>\n<p>No dia 1\u00ba de setembro, Mendon\u00e7a tirou o sigilo de um relat\u00f3rio que aponta comunica\u00e7\u00f5es entre o banqueiro Daniel Vorcaro, do banco Master, e autoridades, como o ministro Moraes (principal alvo do documento), o procurador-geral Paulo Gonet e o diretor-geral da PF, Andrei Rodrigues.<\/p>\n<p>O relat\u00f3rio mostra que o escrit\u00f3rio de Viviane Barci, esposa de Moraes, fechou com o Master um contrato de R$ 131 milh\u00f5es assinado 12 dias depois de um suposto almo\u00e7o de Moraes numa propriedade de Vorcaro em Campos do Jord\u00e3o. Os metadados da vers\u00e3o final do arquivo do contrato indicam um usu\u00e1rio com nome de \u201cMinistro Alexandre de Moraes\u201d como o \u00faltimo a editar o documento.<\/p>\n<p>Dois dias depois, Moraes rebateu: usou relat\u00f3rios da intelig\u00eancia da Pol\u00edcia Federal para acusar Mendon\u00e7a de, \u201cem tese\u201d, ter cometido improbidade administrativa, crimes de responsabilidade e de abuso de autoridade, com \u201cfavorecimento a determinados grupos pol\u00edticos\u201d. A crise aberta no STF escalou t\u00e3o rapidamente que o presidente do Senado, Davi Alcolumbre (Uni\u00e3o-AP), chegou a cogitar abrir processos de impeachment cruzados contra os dois ministros.<\/p>\n<!-- Begin Yuzo --><div class='yuzo_related_post style-1'  data-version='5.12.89'><!-- without result --><div class='yuzo_clearfixed yuzo__title yuzo__title'><h3>Related Post<\/h3><\/div>\n\t\t\t\t\t\t  <div class=\"relatedthumb \" style=\"width:125px;float:left;overflow:hidden;\">  \n\t\t\t\t\t\t\t  \n\t\t\t\t\t\t\t  <a  href=\"https:\/\/redept.com.br\/blogosfera\/lula-chama-conflito-no-oriente-medio-de-guerra-da-insensatez\/\"  >\n\t\t\t\t\t\t\t\t\t  <div class=\"yuzo-img-wrap \" style=\"width: 125px;height:90px;\">\n\t\t\t\t\t\t\t\t\t\t\n\t\t\t\t\t\t\t\t\t\t<div class=\"yuzo-img\" style=\"background:url('https:\/\/redept.com.br\/blogosfera\/wp-content\/uploads\/2026\/04\/Brasil-e-Alemanha-firmam-acordo-sobre-minerais-criticos-e-terras-raras-150x150.jpg') 50% 50% no-repeat;width: 125px;height:90px;margin-bottom: 5px;background-size: cover; \"><\/div>\n\t\t\t\t\t\t\t\t\t  <\/div>\n\t\t\t\t\t\t\t\t\t  \n\t\t\t\t\t\t\t\t   <span class=\"yuzo__text--title\" style=\"font-size:13px;\">Lula chama conflito no Oriente M\u00e9dio de \u201cguerra da...<\/span>\n\t\t\t\t\t\t\t  \n\t\t\t\t\t\t\t  \n\t\t\t\t\t\t\t  <\/a>\n\n\t\t\t\t\t\t  <\/div>\n\t\t\t\t\t\t  <div class=\"relatedthumb \" style=\"width:125px;float:left;overflow:hidden;\">  \n\t\t\t\t\t\t\t  \n\t\t\t\t\t\t\t  <a  href=\"https:\/\/redept.com.br\/blogosfera\/as-camadas-da-crise-das-tarifas-de-donald-trump\/\"  >\n\t\t\t\t\t\t\t\t\t  <div class=\"yuzo-img-wrap \" style=\"width: 125px;height:90px;\">\n\t\t\t\t\t\t\t\t\t\t\n\t\t\t\t\t\t\t\t\t\t<div class=\"yuzo-img\" style=\"background:url('https:\/\/redept.com.br\/blogosfera\/wp-content\/uploads\/2025\/04\/tarifas-150x150.webp') 50% 50% no-repeat;width: 125px;height:90px;margin-bottom: 5px;background-size: cover; \"><\/div>\n\t\t\t\t\t\t\t\t\t  <\/div>\n\t\t\t\t\t\t\t\t\t  \n\t\t\t\t\t\t\t\t   <span class=\"yuzo__text--title\" style=\"font-size:13px;\">As camadas da crise das tarifas de Donald Trump<\/span>\n\t\t\t\t\t\t\t  \n\t\t\t\t\t\t\t  \n\t\t\t\t\t\t\t  <\/a>\n\n\t\t\t\t\t\t  <\/div>\n\t\t\t\t\t\t  <div class=\"relatedthumb \" style=\"width:125px;float:left;overflow:hidden;\">  \n\t\t\t\t\t\t\t  \n\t\t\t\t\t\t\t  <a  href=\"https:\/\/redept.com.br\/blogosfera\/mamdani-repudia-ataque-a-venezuela-e-sequestro-de-maduro-ato-de-guerra\/\"  >\n\t\t\t\t\t\t\t\t\t  <div class=\"yuzo-img-wrap \" style=\"width: 125px;height:90px;\">\n\t\t\t\t\t\t\t\t\t\t\n\t\t\t\t\t\t\t\t\t\t<div class=\"yuzo-img\" style=\"background:url('https:\/\/redept.com.br\/blogosfera\/wp-content\/uploads\/2026\/01\/mamdani-1-150x150.jpg') 50% 50% no-repeat;width: 125px;height:90px;margin-bottom: 5px;background-size: cover; \"><\/div>\n\t\t\t\t\t\t\t\t\t  <\/div>\n\t\t\t\t\t\t\t\t\t  \n\t\t\t\t\t\t\t\t   <span class=\"yuzo__text--title\" style=\"font-size:13px;\">Mamdani repudia ataque \u00e0 Venezuela e sequestro de ...<\/span>\n\t\t\t\t\t\t\t  \n\t\t\t\t\t\t\t  \n\t\t\t\t\t\t\t  <\/a>\n\n\t\t\t\t\t\t  <\/div>\n\t\t\t\t\t\t  <div class=\"relatedthumb \" style=\"width:125px;float:left;overflow:hidden;\">  \n\t\t\t\t\t\t\t  \n\t\t\t\t\t\t\t  <a  href=\"https:\/\/redept.com.br\/blogosfera\/el-guacho-pepe-mujica\/\"  >\n\t\t\t\t\t\t\t\t\t  <div class=\"yuzo-img-wrap \" style=\"width: 125px;height:90px;\">\n\t\t\t\t\t\t\t\t\t\t\n\t\t\t\t\t\t\t\t\t\t<div class=\"yuzo-img\" style=\"background:url('https:\/\/redept.org\/blogosfera\/wp-content\/plugins\/yuzo-related-post\/assets\/images\/default.png') 50% 50% no-repeat;width: 125px;height:90px;margin-bottom: 5px;background-size: cover; \"><\/div>\n\t\t\t\t\t\t\t\t\t  <\/div>\n\t\t\t\t\t\t\t\t\t  \n\t\t\t\t\t\t\t\t   <span class=\"yuzo__text--title\" style=\"font-size:13px;\">El guacho \u2013 Pepe Mujica<\/span>\n\t\t\t\t\t\t\t  \n\t\t\t\t\t\t\t  \n\t\t\t\t\t\t\t  <\/a>\n\n\t\t\t\t\t\t  <\/div>\n<\/div> <script>\n\t\t\t\t\t\t  jQuery(document).ready(function( $ ){\n\t\t\t\t\t\t\t\/\/jQuery('.yuzo_related_post').equalizer({ overflow : 'relatedthumb' });\n\t\t\t\t\t\t\tjQuery('.yuzo_related_post .yuzo_wraps').equalizer({ columns : '> div' });\n\t\t\t\t\t\t   })\n\t\t\t\t\t\t  <\/script> <!-- End Yuzo :) -->","protected":false},"excerpt":{"rendered":"<p>Crise no STF se torna \u201cguerra santa\u201d entre evang\u00e9licos e coloca o ministro como \u201cm\u00e1rtir\u201d em oposi\u00e7\u00e3o a Moraes<\/p>\n","protected":false},"author":2,"featured_media":0,"comment_status":"open","ping_status":"closed","sticky":false,"template":"","format":"standard","meta":{"fifu_image_url":"","fifu_image_alt":"","footnotes":""},"categories":[15546,114,132,5557,260],"tags":[],"class_list":["post-103146","post","type-post","status-publish","format-standard","hentry","category-7-de-setembro","category-bolsonarismo","category-politica","category-portugues","category-stf"],"_links":{"self":[{"href":"https:\/\/redept.com.br\/blogosfera\/wp-json\/wp\/v2\/posts\/103146","targetHints":{"allow":["GET"]}}],"collection":[{"href":"https:\/\/redept.com.br\/blogosfera\/wp-json\/wp\/v2\/posts"}],"about":[{"href":"https:\/\/redept.com.br\/blogosfera\/wp-json\/wp\/v2\/types\/post"}],"author":[{"embeddable":true,"href":"https:\/\/redept.com.br\/blogosfera\/wp-json\/wp\/v2\/users\/2"}],"replies":[{"embeddable":true,"href":"https:\/\/redept.com.br\/blogosfera\/wp-json\/wp\/v2\/comments?post=103146"}],"version-history":[{"count":0,"href":"https:\/\/redept.com.br\/blogosfera\/wp-json\/wp\/v2\/posts\/103146\/revisions"}],"wp:attachment":[{"href":"https:\/\/redept.com.br\/blogosfera\/wp-json\/wp\/v2\/media?parent=103146"}],"wp:term":[{"taxonomy":"category","embeddable":true,"href":"https:\/\/redept.com.br\/blogosfera\/wp-json\/wp\/v2\/categories?post=103146"},{"taxonomy":"post_tag","embeddable":true,"href":"https:\/\/redept.com.br\/blogosfera\/wp-json\/wp\/v2\/tags?post=103146"}],"curies":[{"name":"wp","href":"https:\/\/api.w.org\/{rel}","templated":true}]}}