{"id":103163,"date":"2026-09-04T14:16:52","date_gmt":"2026-09-04T17:16:52","guid":{"rendered":"https:\/\/redept.com.br\/blogosfera\/fachin-defende-fim-do-inquerito-das-fake-news-e-promete-resposta-a-crise-no-stf\/"},"modified":"2026-09-04T14:16:52","modified_gmt":"2026-09-04T17:16:52","slug":"fachin-defende-fim-do-inquerito-das-fake-news-e-promete-resposta-a-crise-no-stf","status":"publish","type":"post","link":"https:\/\/redept.com.br\/blogosfera\/fachin-defende-fim-do-inquerito-das-fake-news-e-promete-resposta-a-crise-no-stf\/","title":{"rendered":"Fachin defende fim do inqu\u00e9rito das fake news e promete resposta \u00e0 crise no STF"},"content":{"rendered":"<p>O presidente do Supremo Tribunal Federal (STF), Luiz Edson Fachin, afirmou nesta sexta-feira (04\/09) que a Corte dar\u00e1 uma resposta \u201cfirme, proporcional e rigorosa\u201d \u00e0 crise interna que envolve ministros do tribunal. A declara\u00e7\u00e3o foi feita durante um evento no Pal\u00e1cio do Planalto, ao lado do presidente Luiz In\u00e1cio Lula da Silva e do procurador-geral da Rep\u00fablica, Paulo Gonet.<\/p>\n<p>Sem citar diretamente o conflito entre Alexandre de Moraes e Andr\u00e9 Mendon\u00e7a, Fachin afirmou que os acontecimentos recentes refor\u00e7am a necessidade de mudan\u00e7as na condu\u00e7\u00e3o interna do Supremo. Entre as prioridades de sua gest\u00e3o, o ministro destacou o encerramento do Inqu\u00e9rito das Fake News, a cria\u00e7\u00e3o de um C\u00f3digo de \u00c9tica para os integrantes da Corte e a moderniza\u00e7\u00e3o do sistema de Justi\u00e7a.<\/p>\n<p>O inqu\u00e9rito, aberto em 2019, tramita sob relatoria de Alexandre de Moraes e se tornou um dos principais instrumentos utilizados pelo STF para investigar ataques e amea\u00e7as contra a Corte e seus ministros.<\/p>\n<p>Segundo Fachin, a atual crise torna ainda mais urgente a implementa\u00e7\u00e3o dessas medidas. O presidente do Supremo defendeu que a resposta institucional aos acontecimentos seja baseada nas regras constitucionais e no devido processo legal.<\/p>\n<h2 data-rm-block-id=\"block-5\"><strong>Confronto entre Moraes e Mendon\u00e7a<\/strong><\/h2>\n<p data-rm-block-id=\"block-6\">A manifesta\u00e7\u00e3o de Fachin ocorreu um dia depois de Alexandre de Moraes encaminhar um pedido para que Andr\u00e9 Mendon\u00e7a fosse investigado. O ministro baseou a solicita\u00e7\u00e3o em relat\u00f3rios de intelig\u00eancia produzidos pela Pol\u00edcia Federal, que apontariam poss\u00edveis irregularidades e diferen\u00e7as na condu\u00e7\u00e3o de apura\u00e7\u00f5es comandadas por Mendon\u00e7a.<\/p>\n<p data-rm-block-id=\"block-7\">O movimento ocorreu em meio \u00e0 disputa envolvendo os dois ministros e as investiga\u00e7\u00f5es relacionadas ao Banco Master.<\/p>\n<p data-rm-block-id=\"block-8\">Mendon\u00e7a \u00e9 o relator de desdobramentos do caso e havia tornado p\u00fablicos documentos da Pol\u00edcia Federal que mencionam conversas e mensagens envolvendo Moraes e Daniel Vorcaro, ex-dono do Banco Master.<\/p>\n<p data-rm-block-id=\"block-9\">A iniciativa de Moraes contra Mendon\u00e7a foi interpretada nos bastidores como uma rea\u00e7\u00e3o ao avan\u00e7o das informa\u00e7\u00f5es relacionadas ao caso. Em resposta, Mendon\u00e7a pediu que os ind\u00edcios envolvendo Moraes fossem submetidos ao plen\u00e1rio do STF, para que os pr\u00f3prios ministros decidissem sobre a eventual abertura de uma investiga\u00e7\u00e3o.<\/p>\n<p data-rm-block-id=\"block-10\">O epis\u00f3dio levou a Presid\u00eancia da Corte a assumir diretamente a condu\u00e7\u00e3o dos pedidos, evitando que o conflito fosse tratado dentro de um inqu\u00e9rito j\u00e1 existente.<\/p>\n<h3 data-rm-block-id=\"block-11\">Fachin retira pedido contra Mendon\u00e7a do Inqu\u00e9rito das Fake News<\/h3>\n<p data-rm-block-id=\"block-12\">Antes de discursar no Pal\u00e1cio do Planalto, Fachin tomou uma decis\u00e3o para alterar a tramita\u00e7\u00e3o do pedido apresentado por Moraes. O presidente do STF determinou que a solicita\u00e7\u00e3o contra Mendon\u00e7a fosse retirada do Inqu\u00e9rito das Fake News e autuada em um procedimento pr\u00f3prio.<\/p>\n<p data-rm-block-id=\"block-13\">Fachin tamb\u00e9m estabeleceu prazos para a manifesta\u00e7\u00e3o das autoridades envolvidas. A Procuradoria-Geral da Rep\u00fablica ter\u00e1 cinco dias \u00fateis para apresentar seu posicionamento. Depois disso, ser\u00e1 aberto prazo de igual dura\u00e7\u00e3o para que Andr\u00e9 Mendon\u00e7a apresente sua manifesta\u00e7\u00e3o.<\/p>\n<p data-rm-block-id=\"block-14\">A decis\u00e3o permite que os documentos sejam analisados separadamente do inqu\u00e9rito instaurado em 2019, sob responsabilidade direta da Presid\u00eancia do Supremo.<\/p>\n<div><img loading=\"lazy\" loading=\"lazy\" decoding=\"async\" aria-describedby=\"caption-attachment-264864\"src=\"https:\/\/redept.com.br\/blogosfera\/wp-content\/uploads\/2026\/09\/81342-768x512-1.jpg\" alt=\"O ministro Luiz Edson Fachin - Ministro Edson Fachin - Foto: Antonio Cruz\/Ag\u00eancia Brasil\" width=\"768\" height=\"512\" srcset=\"https:\/\/redept.com.br\/blogosfera\/wp-content\/uploads\/2026\/09\/81342-768x512-1.jpg 768w, https:\/\/operamundi.uol.com.br\/wp-content\/uploads\/2026\/09\/81342-768x512-1-300x200.jpg 300w, https:\/\/operamundi.uol.com.br\/wp-content\/uploads\/2026\/09\/81342-768x512-1-53x35.jpg 53w\" sizes=\"auto, (max-width: 768px) 100vw, 768px\"><\/p>\n<p>O ministro Luiz Edson Fachin \u2013 Ministro Edson Fachin \u2013 Foto: Antonio Cruz\/Ag\u00eancia Brasil<\/p>\n<\/div>\n<h3 data-rm-block-id=\"block-15\">\u201cNenhuma autoridade est\u00e1 acima da lei\u201d<\/h3>\n<p data-rm-block-id=\"block-16\">Durante o evento no Planalto, Fachin refor\u00e7ou a defesa do devido processo legal e afirmou que a gravidade dos acontecimentos n\u00e3o permite que sejam adotados atalhos institucionais.<\/p>\n<p data-rm-block-id=\"block-17\">O ministro tamb\u00e9m defendeu que nenhuma autoridade ou interesse circunstancial pode se sobrepor \u00e0 Constitui\u00e7\u00e3o e \u00e0s garantias previstas no ordenamento jur\u00eddico.<\/p>\n<p data-rm-block-id=\"block-18\">A crise ocorre em um momento em que Fachin tenta imprimir uma nova orienta\u00e7\u00e3o \u00e0 Presid\u00eancia do STF. Al\u00e9m de defender o encerramento do Inqu\u00e9rito das Fake News, o ministro pretende avan\u00e7ar na elabora\u00e7\u00e3o de um C\u00f3digo de \u00c9tica para os integrantes da Corte.<\/p>\n<p data-rm-block-id=\"block-19\">A proposta prev\u00ea estabelecer par\u00e2metros de conduta para os ministros e refor\u00e7ar mecanismos internos de transpar\u00eancia e responsabiliza\u00e7\u00e3o.<\/p>\n<p data-rm-block-id=\"block-20\">Fachin tamb\u00e9m colocou entre as prioridades de sua gest\u00e3o a moderniza\u00e7\u00e3o do funcionamento do Judici\u00e1rio, com mudan\u00e7as processuais e administrativas.<\/p>\n<p data-rm-block-id=\"block-21\">Ao falar sobre a crise, o presidente do STF sinalizou que pretende tratar os epis\u00f3dios recentes por meio dos instrumentos institucionais dispon\u00edveis, sem permitir que disputas entre ministros comprometam o funcionamento da Corte.<\/p>\n<p data-rm-block-id=\"block-22\">A expectativa \u00e9 que as manifesta\u00e7\u00f5es da PGR e de Andr\u00e9 Mendon\u00e7a sejam apresentadas nos pr\u00f3ximos dias. Depois dessa etapa, caber\u00e1 a Fachin avaliar os pedidos e decidir sobre os pr\u00f3ximos passos dos procedimentos.<\/p>\n<p>O post Fachin defende fim do inqu\u00e9rito das fake news e promete resposta \u00e0 crise no STF apareceu primeiro em Opera Mundi.<\/p>\n<!-- Begin Yuzo --><div class='yuzo_related_post style-1'  data-version='5.12.89'><!-- without result --><div class='yuzo_clearfixed yuzo__title yuzo__title'><h3>Related Post<\/h3><\/div>\n\t\t\t\t\t\t  <div class=\"relatedthumb \" style=\"width:125px;float:left;overflow:hidden;\">  \n\t\t\t\t\t\t\t  \n\t\t\t\t\t\t\t  <a  href=\"https:\/\/redept.com.br\/blogosfera\/sheinbaum-critica-atuacao-dos-eua-em-operacao-antidrogas-no-mexico\/\"  >\n\t\t\t\t\t\t\t\t\t  <div class=\"yuzo-img-wrap \" style=\"width: 125px;height:90px;\">\n\t\t\t\t\t\t\t\t\t\t\n\t\t\t\t\t\t\t\t\t\t<div class=\"yuzo-img\" style=\"background:url('https:\/\/redept.org\/blogosfera\/wp-content\/plugins\/yuzo-related-post\/assets\/images\/default.png') 50% 50% no-repeat;width: 125px;height:90px;margin-bottom: 5px;background-size: cover; \"><\/div>\n\t\t\t\t\t\t\t\t\t  <\/div>\n\t\t\t\t\t\t\t\t\t  \n\t\t\t\t\t\t\t\t   <span class=\"yuzo__text--title\" style=\"font-size:13px;\">Sheinbaum critica atua\u00e7\u00e3o dos EUA em opera\u00e7\u00e3o anti...<\/span>\n\t\t\t\t\t\t\t  \n\t\t\t\t\t\t\t  \n\t\t\t\t\t\t\t  <\/a>\n\n\t\t\t\t\t\t  <\/div>\n\t\t\t\t\t\t  <div class=\"relatedthumb \" style=\"width:125px;float:left;overflow:hidden;\">  \n\t\t\t\t\t\t\t  \n\t\t\t\t\t\t\t  <a  href=\"https:\/\/redept.com.br\/blogosfera\/edinho-silva-diz-que-mudancas-no-pl-antifaccao-so-favorecem-bandidos\/\"  >\n\t\t\t\t\t\t\t\t\t  <div class=\"yuzo-img-wrap \" style=\"width: 125px;height:90px;\">\n\t\t\t\t\t\t\t\t\t\t\n\t\t\t\t\t\t\t\t\t\t<div class=\"yuzo-img\" style=\"background:url('https:\/\/redept.org\/blogosfera\/wp-content\/plugins\/yuzo-related-post\/assets\/images\/default.png') 50% 50% no-repeat;width: 125px;height:90px;margin-bottom: 5px;background-size: cover; \"><\/div>\n\t\t\t\t\t\t\t\t\t  <\/div>\n\t\t\t\t\t\t\t\t\t  \n\t\t\t\t\t\t\t\t   <span class=\"yuzo__text--title\" style=\"font-size:13px;\">Edinho Silva diz que mudan\u00e7as no PL antifac\u00e7\u00e3o \u201cs\u00f3...<\/span>\n\t\t\t\t\t\t\t  \n\t\t\t\t\t\t\t  \n\t\t\t\t\t\t\t  <\/a>\n\n\t\t\t\t\t\t  <\/div>\n\t\t\t\t\t\t  <div class=\"relatedthumb \" style=\"width:125px;float:left;overflow:hidden;\">  \n\t\t\t\t\t\t\t  \n\t\t\t\t\t\t\t  <a  href=\"https:\/\/redept.com.br\/blogosfera\/em-sessao-nos-eua-flavio-bolsonaro-defende-pix-e-busca-reverter-tarifas-infladas-pelo-irmao\/\"  >\n\t\t\t\t\t\t\t\t\t  <div class=\"yuzo-img-wrap \" style=\"width: 125px;height:90px;\">\n\t\t\t\t\t\t\t\t\t\t\n\t\t\t\t\t\t\t\t\t\t<div class=\"yuzo-img\" style=\"background:url('https:\/\/redept.com.br\/blogosfera\/wp-content\/uploads\/2026\/07\/1-150x150.webp') 50% 50% no-repeat;width: 125px;height:90px;margin-bottom: 5px;background-size: cover; \"><\/div>\n\t\t\t\t\t\t\t\t\t  <\/div>\n\t\t\t\t\t\t\t\t\t  \n\t\t\t\t\t\t\t\t   <span class=\"yuzo__text--title\" style=\"font-size:13px;\">Em sess\u00e3o nos EUA, Fl\u00e1vio Bolsonaro defende PIx e ...<\/span>\n\t\t\t\t\t\t\t  \n\t\t\t\t\t\t\t  \n\t\t\t\t\t\t\t  <\/a>\n\n\t\t\t\t\t\t  <\/div>\n\t\t\t\t\t\t  <div class=\"relatedthumb \" style=\"width:125px;float:left;overflow:hidden;\">  \n\t\t\t\t\t\t\t  \n\t\t\t\t\t\t\t  <a  href=\"https:\/\/redept.com.br\/blogosfera\/feminicidio-recua-1145-no-pais-nos-primeiros-meses-de-pacto-nacional\/\"  >\n\t\t\t\t\t\t\t\t\t  <div class=\"yuzo-img-wrap \" style=\"width: 125px;height:90px;\">\n\t\t\t\t\t\t\t\t\t\t\n\t\t\t\t\t\t\t\t\t\t<div class=\"yuzo-img\" style=\"background:url('https:\/\/redept.org\/blogosfera\/wp-content\/plugins\/yuzo-related-post\/assets\/images\/default.png') 50% 50% no-repeat;width: 125px;height:90px;margin-bottom: 5px;background-size: cover; \"><\/div>\n\t\t\t\t\t\t\t\t\t  <\/div>\n\t\t\t\t\t\t\t\t\t  \n\t\t\t\t\t\t\t\t   <span class=\"yuzo__text--title\" style=\"font-size:13px;\">Feminic\u00eddio recua 11,45% no pa\u00eds nos primeiros mes...<\/span>\n\t\t\t\t\t\t\t  \n\t\t\t\t\t\t\t  \n\t\t\t\t\t\t\t  <\/a>\n\n\t\t\t\t\t\t  <\/div>\n<\/div> <script>\n\t\t\t\t\t\t  jQuery(document).ready(function( $ ){\n\t\t\t\t\t\t\t\/\/jQuery('.yuzo_related_post').equalizer({ overflow : 'relatedthumb' });\n\t\t\t\t\t\t\tjQuery('.yuzo_related_post .yuzo_wraps').equalizer({ columns : '> div' });\n\t\t\t\t\t\t   })\n\t\t\t\t\t\t  <\/script> <!-- End Yuzo :) -->","protected":false},"excerpt":{"rendered":"<p>O presidente do Supremo Tribunal Federal (STF), Luiz Edson Fachin, afirmou nesta sexta-feira (04\/09) que a Corte dar\u00e1 uma resposta \u201cfirme, proporcional e rigorosa\u201d \u00e0 crise interna que envolve ministros do tribunal. A declara\u00e7\u00e3o foi feita durante um evento no Pal\u00e1cio do Planalto, ao lado do presidente Luiz In\u00e1cio Lula da Silva e do procurador-geral [\u2026]<\/p>\n<p>O post <a href=\"https:\/\/operamundi.uol.com.br\/brasil\/fachin-anuncia-fim-do-inquerito-das-fake-news-e-promete-resposta-a-crise-no-stf\/\">Fachin defende fim do inqu\u00e9rito das fake news e promete resposta \u00e0 crise no STF<\/a> apareceu primeiro em <a href=\"https:\/\/operamundi.uol.com.br\/\">Opera Mundi<\/a>.<\/p>\n","protected":false},"author":2,"featured_media":103164,"comment_status":"closed","ping_status":"closed","sticky":false,"template":"","format":"standard","meta":{"fifu_image_url":"","fifu_image_alt":"","footnotes":""},"categories":[1261,10166,17810,45,34908,3807,81666,16591,2789,3726,81845,112,7551,1874,1570,1764,260,7236],"tags":[],"class_list":["post-103163","post","type-post","status-publish","format-standard","has-post-thumbnail","hentry","category-alexandre-de-moraes","category-andre-mendonca","category-banco-master","category-brasil","category-codigo-de-etica","category-constituicao","category-crise-no-stf","category-devido-processo-legal","category-inquerito-das-fake-news","category-judiciario","category-luiz-edson-fachin","category-lula","category-palacio-do-planalto","category-paulo-gonet","category-pgr","category-policia-federal","category-stf","category-supremo-tribunal-federal"],"_links":{"self":[{"href":"https:\/\/redept.com.br\/blogosfera\/wp-json\/wp\/v2\/posts\/103163","targetHints":{"allow":["GET"]}}],"collection":[{"href":"https:\/\/redept.com.br\/blogosfera\/wp-json\/wp\/v2\/posts"}],"about":[{"href":"https:\/\/redept.com.br\/blogosfera\/wp-json\/wp\/v2\/types\/post"}],"author":[{"embeddable":true,"href":"https:\/\/redept.com.br\/blogosfera\/wp-json\/wp\/v2\/users\/2"}],"replies":[{"embeddable":true,"href":"https:\/\/redept.com.br\/blogosfera\/wp-json\/wp\/v2\/comments?post=103163"}],"version-history":[{"count":0,"href":"https:\/\/redept.com.br\/blogosfera\/wp-json\/wp\/v2\/posts\/103163\/revisions"}],"wp:featuredmedia":[{"embeddable":true,"href":"https:\/\/redept.com.br\/blogosfera\/wp-json\/wp\/v2\/media\/103164"}],"wp:attachment":[{"href":"https:\/\/redept.com.br\/blogosfera\/wp-json\/wp\/v2\/media?parent=103163"}],"wp:term":[{"taxonomy":"category","embeddable":true,"href":"https:\/\/redept.com.br\/blogosfera\/wp-json\/wp\/v2\/categories?post=103163"},{"taxonomy":"post_tag","embeddable":true,"href":"https:\/\/redept.com.br\/blogosfera\/wp-json\/wp\/v2\/tags?post=103163"}],"curies":[{"name":"wp","href":"https:\/\/api.w.org\/{rel}","templated":true}]}}