{"id":103202,"date":"2026-09-05T13:41:07","date_gmt":"2026-09-05T16:41:07","guid":{"rendered":"https:\/\/redept.com.br\/blogosfera\/lula-classifica-o-sus-como-obra-prima-da-saude-mundial-video\/"},"modified":"2026-09-05T13:41:07","modified_gmt":"2026-09-05T16:41:07","slug":"lula-classifica-o-sus-como-obra-prima-da-saude-mundial-video","status":"publish","type":"post","link":"https:\/\/redept.com.br\/blogosfera\/lula-classifica-o-sus-como-obra-prima-da-saude-mundial-video\/","title":{"rendered":"Lula classifica o SUS como \u201cobra-prima da sa\u00fade mundial\u201d (v\u00eddeo)"},"content":{"rendered":"<p><img width=\"150\" height=\"105\"src=\"https:\/\/i0.wp.com\/urbsmagna.com\/wp-content\/uploads\/2026\/09\/Lula-Hospital-do-Amor-Barretos.webp?w=2400&amp;ssl=1\" alt=\"Presidente Lula no Hospital do Amor, em Barretos (SP) 5.9.2026 | Imagem reprodu\u00e7\u00e3o \/ @LulaOficial\/X | Ao fundo, a fachada do estabelecimento \/ Imagem divulga\u00e7\u00e3o\" decoding=\"async\" srcset=\"https:\/\/i0.wp.com\/urbsmagna.com\/wp-content\/uploads\/2026\/09\/Lula-Hospital-do-Amor-Barretos.webp?w=2400&amp;ssl=1 2400w, https:\/\/i0.wp.com\/urbsmagna.com\/wp-content\/uploads\/2026\/09\/Lula-Hospital-do-Amor-Barretos.webp?resize=300%2C210&amp;ssl=1 300w, https:\/\/i0.wp.com\/urbsmagna.com\/wp-content\/uploads\/2026\/09\/Lula-Hospital-do-Amor-Barretos.webp?resize=1024%2C717&amp;ssl=1 1024w, https:\/\/i0.wp.com\/urbsmagna.com\/wp-content\/uploads\/2026\/09\/Lula-Hospital-do-Amor-Barretos.webp?resize=150%2C105&amp;ssl=1 150w, https:\/\/i0.wp.com\/urbsmagna.com\/wp-content\/uploads\/2026\/09\/Lula-Hospital-do-Amor-Barretos.webp?resize=768%2C538&amp;ssl=1 768w, https:\/\/i0.wp.com\/urbsmagna.com\/wp-content\/uploads\/2026\/09\/Lula-Hospital-do-Amor-Barretos.webp?resize=1536%2C1075&amp;ssl=1 1536w, https:\/\/i0.wp.com\/urbsmagna.com\/wp-content\/uploads\/2026\/09\/Lula-Hospital-do-Amor-Barretos.webp?resize=2048%2C1434&amp;ssl=1 2048w, https:\/\/i0.wp.com\/urbsmagna.com\/wp-content\/uploads\/2026\/09\/Lula-Hospital-do-Amor-Barretos.webp?resize=1320%2C924&amp;ssl=1 1320w\" sizes=\"(max-width: 150px) 100vw, 150px\" data-attachment-id=\"322933\" data-permalink=\"https:\/\/urbsmagna.com\/lula-sus-obra-prima-saude-mundial-barretos\/lula-hospital-do-amor-barretos\/\" data-orig-file=\"https:\/\/i0.wp.com\/urbsmagna.com\/wp-content\/uploads\/2026\/09\/Lula-Hospital-do-Amor-Barretos.webp?fit=2400%2C1680&amp;ssl=1\" data-orig-size=\"2400,1680\" data-comments-opened=\"1\" data-image-meta='{\"aperture\":\"0\",\"credit\":\"\",\"camera\":\"\",\"caption\":\"\",\"created_timestamp\":\"0\",\"copyright\":\"\",\"focal_length\":\"0\",\"iso\":\"0\",\"shutter_speed\":\"0\",\"title\":\"\",\"orientation\":\"0\",\"alt\":\"\"}' data-image-title=\"Presidente Lula no Hospital do Amor, em Barretos (SP) 5.9.2026 | Imagem reprodu\u00e7\u00e3o \/ @LulaOficial\/X | Ao fundo, a fachada do estabelecimento \/ Imagem divulga\u00e7\u00e3o\" data-image-description=\"&lt;p&gt;Presidente Lula no Hospital do Amor, em Barretos (SP) 5.9.2026 | Imagem reprodu\u00e7\u00e3o \/ @LulaOficial\/X | Ao fundo, a fachada do estabelecimento \/ Imagem divulga\u00e7\u00e3o&lt;\/p&gt;\n\" data-image-caption=\"&lt;p&gt;Presidente Lula no Hospital do Amor, em Barretos (SP) 5.9.2026 | Imagem reprodu\u00e7\u00e3o \/ @LulaOficial\/X | Ao fundo, a fachada do estabelecimento \/ Imagem divulga\u00e7\u00e3o&lt;\/p&gt;\n\" data-large-file=\"https:\/\/i0.wp.com\/urbsmagna.com\/wp-content\/uploads\/2026\/09\/Lula-Hospital-do-Amor-Barretos.webp?fit=1024%2C717&amp;ssl=1\">Presidente do Brasil visita Hospital de Amor, em Barretos, e promete ao paciente da rede p\u00fablica a mesma m\u00e1quina de radioterapia usada por Trump e Xi Jinping<\/p>\n<p>O post Lula classifica o SUS como \u201cobra-prima da sa\u00fade mundial\u201d (v\u00eddeo) apareceu primeiro em Urbs Magna.<\/p>\n<!-- Begin Yuzo --><div class='yuzo_related_post style-1'  data-version='5.12.89'><!-- without result --><div class='yuzo_clearfixed yuzo__title yuzo__title'><h3>Related Post<\/h3><\/div>\n\t\t\t\t\t\t  <div class=\"relatedthumb \" style=\"width:125px;float:left;overflow:hidden;\">  \n\t\t\t\t\t\t\t  \n\t\t\t\t\t\t\t  <a  href=\"https:\/\/redept.com.br\/blogosfera\/bh-manifestacao-pela-prisao-de-bolsonaro-e-contra-a-escala-6x1-acontece-dia-10\/\"  >\n\t\t\t\t\t\t\t\t\t  <div class=\"yuzo-img-wrap \" style=\"width: 125px;height:90px;\">\n\t\t\t\t\t\t\t\t\t\t\n\t\t\t\t\t\t\t\t\t\t<div class=\"yuzo-img\" style=\"background:url('https:\/\/redept.org\/blogosfera\/wp-content\/plugins\/yuzo-related-post\/assets\/images\/default.png') 50% 50% no-repeat;width: 125px;height:90px;margin-bottom: 5px;background-size: cover; \"><\/div>\n\t\t\t\t\t\t\t\t\t  <\/div>\n\t\t\t\t\t\t\t\t\t  \n\t\t\t\t\t\t\t\t   <span class=\"yuzo__text--title\" style=\"font-size:13px;\">BH: Manifesta\u00e7\u00e3o pela pris\u00e3o de Bolsonaro e contra...<\/span>\n\t\t\t\t\t\t\t  \n\t\t\t\t\t\t\t  \n\t\t\t\t\t\t\t  <\/a>\n\n\t\t\t\t\t\t  <\/div>\n\t\t\t\t\t\t  <div class=\"relatedthumb \" style=\"width:125px;float:left;overflow:hidden;\">  \n\t\t\t\t\t\t\t  \n\t\t\t\t\t\t\t  <a  href=\"https:\/\/redept.com.br\/blogosfera\/vacina-do-butantan-contra-dengue-comeca-a-ser-aplicada-este-mes\/\"  >\n\t\t\t\t\t\t\t\t\t  <div class=\"yuzo-img-wrap \" style=\"width: 125px;height:90px;\">\n\t\t\t\t\t\t\t\t\t\t\n\t\t\t\t\t\t\t\t\t\t<div class=\"yuzo-img\" style=\"background:url('https:\/\/redept.org\/blogosfera\/wp-content\/plugins\/yuzo-related-post\/assets\/images\/default.png') 50% 50% no-repeat;width: 125px;height:90px;margin-bottom: 5px;background-size: cover; \"><\/div>\n\t\t\t\t\t\t\t\t\t  <\/div>\n\t\t\t\t\t\t\t\t\t  \n\t\t\t\t\t\t\t\t   <span class=\"yuzo__text--title\" style=\"font-size:13px;\">Vacina do Butantan contra dengue come\u00e7a a ser apli...<\/span>\n\t\t\t\t\t\t\t  \n\t\t\t\t\t\t\t  \n\t\t\t\t\t\t\t  <\/a>\n\n\t\t\t\t\t\t  <\/div>\n\t\t\t\t\t\t  <div class=\"relatedthumb \" style=\"width:125px;float:left;overflow:hidden;\">  \n\t\t\t\t\t\t\t  \n\t\t\t\t\t\t\t  <a  href=\"https:\/\/redept.com.br\/blogosfera\/congresso-debate-controle-de-venda-de-mercurio-a-garimpos-para-frear-intoxicacao\/\"  >\n\t\t\t\t\t\t\t\t\t  <div class=\"yuzo-img-wrap \" style=\"width: 125px;height:90px;\">\n\t\t\t\t\t\t\t\t\t\t\n\t\t\t\t\t\t\t\t\t\t<div class=\"yuzo-img\" style=\"background:url('https:\/\/redept.com.br\/blogosfera\/wp-content\/uploads\/2026\/05\/vista_garimpo_itaituba_fernando_martinho-1-150x150.jpg') 50% 50% no-repeat;width: 125px;height:90px;margin-bottom: 5px;background-size: cover; \"><\/div>\n\t\t\t\t\t\t\t\t\t  <\/div>\n\t\t\t\t\t\t\t\t\t  \n\t\t\t\t\t\t\t\t   <span class=\"yuzo__text--title\" style=\"font-size:13px;\">Congresso debate controle de venda de merc\u00fario a g...<\/span>\n\t\t\t\t\t\t\t  \n\t\t\t\t\t\t\t  \n\t\t\t\t\t\t\t  <\/a>\n\n\t\t\t\t\t\t  <\/div>\n\t\t\t\t\t\t  <div class=\"relatedthumb \" style=\"width:125px;float:left;overflow:hidden;\">  \n\t\t\t\t\t\t\t  \n\t\t\t\t\t\t\t  <a  href=\"https:\/\/redept.com.br\/blogosfera\/netanyahu-violou-cessar-fogo-por-sobrevivencia-politica-acusa-embaixador-palestino-na-onu\/\"  >\n\t\t\t\t\t\t\t\t\t  <div class=\"yuzo-img-wrap \" style=\"width: 125px;height:90px;\">\n\t\t\t\t\t\t\t\t\t\t\n\t\t\t\t\t\t\t\t\t\t<div class=\"yuzo-img\" style=\"background:url('https:\/\/redept.com.br\/blogosfera\/wp-content\/uploads\/2025\/03\/riyad-150x150.jpg') 50% 50% no-repeat;width: 125px;height:90px;margin-bottom: 5px;background-size: cover; \"><\/div>\n\t\t\t\t\t\t\t\t\t  <\/div>\n\t\t\t\t\t\t\t\t\t  \n\t\t\t\t\t\t\t\t   <span class=\"yuzo__text--title\" style=\"font-size:13px;\">\u2018Netanyahu violou cessar-fogo por sobreviv\u00eancia po...<\/span>\n\t\t\t\t\t\t\t  \n\t\t\t\t\t\t\t  \n\t\t\t\t\t\t\t  <\/a>\n\n\t\t\t\t\t\t  <\/div>\n<\/div> <script>\n\t\t\t\t\t\t  jQuery(document).ready(function( $ ){\n\t\t\t\t\t\t\t\/\/jQuery('.yuzo_related_post').equalizer({ overflow : 'relatedthumb' });\n\t\t\t\t\t\t\tjQuery('.yuzo_related_post .yuzo_wraps').equalizer({ columns : '> div' });\n\t\t\t\t\t\t   })\n\t\t\t\t\t\t  <\/script> <!-- End Yuzo :) -->","protected":false},"excerpt":{"rendered":"<p><img decoding=\"async\" width=\"150\" height=\"105\" src=\"https:\/\/i0.wp.com\/urbsmagna.com\/wp-content\/uploads\/2026\/09\/Lula-Hospital-do-Amor-Barretos.webp?fit=150%2C105&amp;ssl=1\" alt=\"Presidente Lula no Hospital do Amor, em Barretos (SP) 5.9.2026 | Imagem reprodu\u00e7\u00e3o \/ @LulaOficial\/X | Ao fundo, a fachada do estabelecimento \/ Imagem divulga\u00e7\u00e3o\" data-attachment-id=\"322933\" data-permalink=\"https:\/\/urbsmagna.com\/lula-sus-obra-prima-saude-mundial-barretos\/lula-hospital-do-amor-barretos\/\" data-orig-file=\"https:\/\/i0.wp.com\/urbsmagna.com\/wp-content\/uploads\/2026\/09\/Lula-Hospital-do-Amor-Barretos.webp?fit=2400%2C1680&amp;ssl=1\" data-orig-size=\"2400,1680\" data-comments-opened=\"1\" data-image-meta=\"{&quot;aperture&quot;:&quot;0&quot;,&quot;credit&quot;:&quot;&quot;,&quot;camera&quot;:&quot;&quot;,&quot;caption&quot;:&quot;&quot;,&quot;created_timestamp&quot;:&quot;0&quot;,&quot;copyright&quot;:&quot;&quot;,&quot;focal_length&quot;:&quot;0&quot;,&quot;iso&quot;:&quot;0&quot;,&quot;shutter_speed&quot;:&quot;0&quot;,&quot;title&quot;:&quot;&quot;,&quot;orientation&quot;:&quot;0&quot;,&quot;alt&quot;:&quot;&quot;}\" data-image-title=\"Presidente Lula no Hospital do Amor, em Barretos (SP) 5.9.2026 | Imagem reprodu\u00e7\u00e3o \/ @LulaOficial\/X | Ao fundo, a fachada do estabelecimento \/ Imagem divulga\u00e7\u00e3o\" data-image-description=\"&lt;p&gt;Presidente Lula no Hospital do Amor, em Barretos (SP) 5.9.2026 | Imagem reprodu\u00e7\u00e3o \/ @LulaOficial\/X | Ao fundo, a fachada do estabelecimento \/ Imagem divulga\u00e7\u00e3o&lt;\/p&gt;\n\" data-image-caption=\"&lt;p&gt;Presidente Lula no Hospital do Amor, em Barretos (SP) 5.9.2026 | Imagem reprodu\u00e7\u00e3o \/ @LulaOficial\/X | Ao fundo, a fachada do estabelecimento \/ Imagem divulga\u00e7\u00e3o&lt;\/p&gt;\n\" data-large-file=\"https:\/\/i0.wp.com\/urbsmagna.com\/wp-content\/uploads\/2026\/09\/Lula-Hospital-do-Amor-Barretos.webp?fit=1024%2C717&amp;ssl=1\">Presidente do Brasil visita Hospital de Amor, em Barretos, e promete ao paciente da rede p\u00fablica a mesma m\u00e1quina de radioterapia usada por Trump e Xi Jinping<\/p>\n<p>O post <a href=\"https:\/\/urbsmagna.com\/lula-sus-obra-prima-saude-mundial-barretos\/\">Lula classifica o SUS como \u201cobra-prima da sa\u00fade mundial\u201d (v\u00eddeo)<\/a> apareceu primeiro em <a href=\"https:\/\/urbsmagna.com\/\">Urbs Magna<\/a>.<\/p>\n","protected":false},"author":2,"featured_media":0,"comment_status":"open","ping_status":"closed","sticky":false,"template":"","format":"standard","meta":{"fifu_image_url":"","fifu_image_alt":"","footnotes":""},"categories":[7672,3991,58230,2876,1226,3769,17,81896,58232,112,191,132,5471,41070,77350,4343,126,1256,1453,2877,337],"tags":[],"class_list":["post-103202","post","type-post","status-publish","format-standard","hentry","category-agora-tem-especialistas","category-alexandre-padilha","category-barretos","category-cancer","category-covid-19","category-farmacia-popular","category-governo-lula","category-henrique-prata","category-hospital-de-amor","category-lula","category-noticias","category-politica","category-politica-nacional","category-radioterapia","category-reabilitacao","category-samu","category-saude","category-sus","category-trump","category-vacina","category-xi-jinping"],"_links":{"self":[{"href":"https:\/\/redept.com.br\/blogosfera\/wp-json\/wp\/v2\/posts\/103202","targetHints":{"allow":["GET"]}}],"collection":[{"href":"https:\/\/redept.com.br\/blogosfera\/wp-json\/wp\/v2\/posts"}],"about":[{"href":"https:\/\/redept.com.br\/blogosfera\/wp-json\/wp\/v2\/types\/post"}],"author":[{"embeddable":true,"href":"https:\/\/redept.com.br\/blogosfera\/wp-json\/wp\/v2\/users\/2"}],"replies":[{"embeddable":true,"href":"https:\/\/redept.com.br\/blogosfera\/wp-json\/wp\/v2\/comments?post=103202"}],"version-history":[{"count":0,"href":"https:\/\/redept.com.br\/blogosfera\/wp-json\/wp\/v2\/posts\/103202\/revisions"}],"wp:attachment":[{"href":"https:\/\/redept.com.br\/blogosfera\/wp-json\/wp\/v2\/media?parent=103202"}],"wp:term":[{"taxonomy":"category","embeddable":true,"href":"https:\/\/redept.com.br\/blogosfera\/wp-json\/wp\/v2\/categories?post=103202"},{"taxonomy":"post_tag","embeddable":true,"href":"https:\/\/redept.com.br\/blogosfera\/wp-json\/wp\/v2\/tags?post=103202"}],"curies":[{"name":"wp","href":"https:\/\/api.w.org\/{rel}","templated":true}]}}