{"id":103203,"date":"2026-09-05T15:01:27","date_gmt":"2026-09-05T18:01:27","guid":{"rendered":"https:\/\/redept.com.br\/blogosfera\/no-dia-da-amazonia-campanha-pede-que-eleitor-vote-por-floresta-em-pe\/"},"modified":"2026-09-05T15:01:27","modified_gmt":"2026-09-05T18:01:27","slug":"no-dia-da-amazonia-campanha-pede-que-eleitor-vote-por-floresta-em-pe","status":"publish","type":"post","link":"https:\/\/redept.com.br\/blogosfera\/no-dia-da-amazonia-campanha-pede-que-eleitor-vote-por-floresta-em-pe\/","title":{"rendered":"No Dia da Amaz\u00f4nia, campanha pede que eleitor vote por floresta em p\u00e9"},"content":{"rendered":"<p>Eventos em todo o pa\u00eds acontecem a um m\u00eas da elei\u00e7\u00e3o<\/p>\n<p><a href=\"https:\/\/www.brasildefato.com.br\/2026\/09\/05\/no-dia-da-amazonia-campanha-pede-que-eleitor-vote-por-floresta-em-pe\/\" rel=\"nofollow\">Fonte<\/a><\/p>\n<!-- Begin Yuzo --><div class='yuzo_related_post style-1'  data-version='5.12.89'><!-- without result --><div class='yuzo_clearfixed yuzo__title yuzo__title'><h3>Related Post<\/h3><\/div>\n\t\t\t\t\t\t  <div class=\"relatedthumb \" style=\"width:125px;float:left;overflow:hidden;\">  \n\t\t\t\t\t\t\t  \n\t\t\t\t\t\t\t  <a  href=\"https:\/\/redept.com.br\/blogosfera\/esquerda-nao-pode-ter-medo-de-criticar-o-stf-afirma-criminalista-sobre-toffoli-no-caso-master\/\"  >\n\t\t\t\t\t\t\t\t\t  <div class=\"yuzo-img-wrap \" style=\"width: 125px;height:90px;\">\n\t\t\t\t\t\t\t\t\t\t\n\t\t\t\t\t\t\t\t\t\t<div class=\"yuzo-img\" style=\"background:url('https:\/\/redept.org\/blogosfera\/wp-content\/plugins\/yuzo-related-post\/assets\/images\/default.png') 50% 50% no-repeat;width: 125px;height:90px;margin-bottom: 5px;background-size: cover; \"><\/div>\n\t\t\t\t\t\t\t\t\t  <\/div>\n\t\t\t\t\t\t\t\t\t  \n\t\t\t\t\t\t\t\t   <span class=\"yuzo__text--title\" style=\"font-size:13px;\">\u2018Esquerda n\u00e3o pode ter medo de criticar o STF\u2019, af...<\/span>\n\t\t\t\t\t\t\t  \n\t\t\t\t\t\t\t  \n\t\t\t\t\t\t\t  <\/a>\n\n\t\t\t\t\t\t  <\/div>\n\t\t\t\t\t\t  <div class=\"relatedthumb \" style=\"width:125px;float:left;overflow:hidden;\">  \n\t\t\t\t\t\t\t  \n\t\t\t\t\t\t\t  <a  href=\"https:\/\/redept.com.br\/blogosfera\/patrimonio-historico-do-recife-cinema-sao-luiz-reabre-para-pre-estreia-de-o-agente-secreto\/\"  >\n\t\t\t\t\t\t\t\t\t  <div class=\"yuzo-img-wrap \" style=\"width: 125px;height:90px;\">\n\t\t\t\t\t\t\t\t\t\t\n\t\t\t\t\t\t\t\t\t\t<div class=\"yuzo-img\" style=\"background:url('https:\/\/redept.org\/blogosfera\/wp-content\/plugins\/yuzo-related-post\/assets\/images\/default.png') 50% 50% no-repeat;width: 125px;height:90px;margin-bottom: 5px;background-size: cover; \"><\/div>\n\t\t\t\t\t\t\t\t\t  <\/div>\n\t\t\t\t\t\t\t\t\t  \n\t\t\t\t\t\t\t\t   <span class=\"yuzo__text--title\" style=\"font-size:13px;\">Patrim\u00f4nio hist\u00f3rico do Recife, Cinema S\u00e3o Luiz re...<\/span>\n\t\t\t\t\t\t\t  \n\t\t\t\t\t\t\t  \n\t\t\t\t\t\t\t  <\/a>\n\n\t\t\t\t\t\t  <\/div>\n\t\t\t\t\t\t  <div class=\"relatedthumb \" style=\"width:125px;float:left;overflow:hidden;\">  \n\t\t\t\t\t\t\t  \n\t\t\t\t\t\t\t  <a  href=\"https:\/\/redept.com.br\/blogosfera\/vereadora-giorgia-prates-repudia-arquivamento-de-representacao-por-racismo-contra-eder-borges\/\"  >\n\t\t\t\t\t\t\t\t\t  <div class=\"yuzo-img-wrap \" style=\"width: 125px;height:90px;\">\n\t\t\t\t\t\t\t\t\t\t\n\t\t\t\t\t\t\t\t\t\t<div class=\"yuzo-img\" style=\"background:url('https:\/\/redept.org\/blogosfera\/wp-content\/plugins\/yuzo-related-post\/assets\/images\/default.png') 50% 50% no-repeat;width: 125px;height:90px;margin-bottom: 5px;background-size: cover; \"><\/div>\n\t\t\t\t\t\t\t\t\t  <\/div>\n\t\t\t\t\t\t\t\t\t  \n\t\t\t\t\t\t\t\t   <span class=\"yuzo__text--title\" style=\"font-size:13px;\">Vereadora Giorgia Prates repudia arquivamento de r...<\/span>\n\t\t\t\t\t\t\t  \n\t\t\t\t\t\t\t  \n\t\t\t\t\t\t\t  <\/a>\n\n\t\t\t\t\t\t  <\/div>\n\t\t\t\t\t\t  <div class=\"relatedthumb \" style=\"width:125px;float:left;overflow:hidden;\">  \n\t\t\t\t\t\t\t  \n\t\t\t\t\t\t\t  <a  href=\"https:\/\/redept.com.br\/blogosfera\/no-dia-internacional-da-democracia-petistas-denunciam-golpistas-e-defendem-estado-de-direito\/\"  >\n\t\t\t\t\t\t\t\t\t  <div class=\"yuzo-img-wrap \" style=\"width: 125px;height:90px;\">\n\t\t\t\t\t\t\t\t\t\t\n\t\t\t\t\t\t\t\t\t\t<div class=\"yuzo-img\" style=\"background:url('https:\/\/redept.org\/blogosfera\/wp-content\/plugins\/yuzo-related-post\/assets\/images\/default.png') 50% 50% no-repeat;width: 125px;height:90px;margin-bottom: 5px;background-size: cover; \"><\/div>\n\t\t\t\t\t\t\t\t\t  <\/div>\n\t\t\t\t\t\t\t\t\t  \n\t\t\t\t\t\t\t\t   <span class=\"yuzo__text--title\" style=\"font-size:13px;\">No Dia Internacional da Democracia, petistas denun...<\/span>\n\t\t\t\t\t\t\t  \n\t\t\t\t\t\t\t  \n\t\t\t\t\t\t\t  <\/a>\n\n\t\t\t\t\t\t  <\/div>\n<\/div> <script>\n\t\t\t\t\t\t  jQuery(document).ready(function( $ ){\n\t\t\t\t\t\t\t\/\/jQuery('.yuzo_related_post').equalizer({ overflow : 'relatedthumb' });\n\t\t\t\t\t\t\tjQuery('.yuzo_related_post .yuzo_wraps').equalizer({ columns : '> div' });\n\t\t\t\t\t\t   })\n\t\t\t\t\t\t  <\/script> <!-- End Yuzo :) -->","protected":false},"excerpt":{"rendered":"<p>Eventos em todo o pa\u00eds acontecem a um m\u00eas da elei\u00e7\u00e3o Fonte Related Post In\u00eas Etienne Romeu: a mulher que desafiou e sobrev&#8230; \u2018Kids pretos\u2019 que escreveram tu\u00edte ame&#8230; Programa Ecoforte assina dois conv\u00eanios para forta&#8230; Governo entrega acesso do Porto de Paranagu\u00e1 \u00e0 emp&#8230;<\/p>\n","protected":false},"author":2,"featured_media":0,"comment_status":"open","ping_status":"closed","sticky":false,"template":"","format":"standard","meta":{"fifu_image_url":"","fifu_image_alt":"","footnotes":""},"categories":[81897,109,81898,724,49444,81899,81900,81901,81902,2519,81903,81904,7218,7681,8361,81826,23466,81905,50323,81906,64217,81907,81908,570,5155,81909,1838,81910,44282,42871,81911],"tags":[],"class_list":["post-103203","post","type-post","status-publish","format-standard","hentry","category-agenda-verde-nas-eleicoes","category-amazonia","category-amazonia-de-pe","category-amazonia-legal","category-ativismo-ambiental","category-ativistas-e-coletivos","category-campanha-cada-voto-pela-amazonia-conta","category-candidatos-comprometidos-com-o-meio-ambiente","category-consciencia-ecologica","category-cop30","category-dados-deter","category-democracia-e-meio-ambiente","category-desenvolvimento-sustentavel","category-desmatamento-na-amazonia","category-desmatamento-zero","category-dia-da-amazonia","category-eleicoes-gerais","category-eleitor-consciente","category-floresta-em-pe","category-florestas-publicas-nao-destinadas","category-imazon","category-meio-ambiente-e-cidadania","category-movimento-socioambiental","category-mudancas-climaticas","category-politica-ambiental","category-preservacao-da-floresta-amazonica","category-protecao-ambiental","category-sustentabilidade-eleitoral","category-territorios-indigenas","category-virada-cultural","category-vote-por-floresta-em-pe"],"_links":{"self":[{"href":"https:\/\/redept.com.br\/blogosfera\/wp-json\/wp\/v2\/posts\/103203","targetHints":{"allow":["GET"]}}],"collection":[{"href":"https:\/\/redept.com.br\/blogosfera\/wp-json\/wp\/v2\/posts"}],"about":[{"href":"https:\/\/redept.com.br\/blogosfera\/wp-json\/wp\/v2\/types\/post"}],"author":[{"embeddable":true,"href":"https:\/\/redept.com.br\/blogosfera\/wp-json\/wp\/v2\/users\/2"}],"replies":[{"embeddable":true,"href":"https:\/\/redept.com.br\/blogosfera\/wp-json\/wp\/v2\/comments?post=103203"}],"version-history":[{"count":0,"href":"https:\/\/redept.com.br\/blogosfera\/wp-json\/wp\/v2\/posts\/103203\/revisions"}],"wp:attachment":[{"href":"https:\/\/redept.com.br\/blogosfera\/wp-json\/wp\/v2\/media?parent=103203"}],"wp:term":[{"taxonomy":"category","embeddable":true,"href":"https:\/\/redept.com.br\/blogosfera\/wp-json\/wp\/v2\/categories?post=103203"},{"taxonomy":"post_tag","embeddable":true,"href":"https:\/\/redept.com.br\/blogosfera\/wp-json\/wp\/v2\/tags?post=103203"}],"curies":[{"name":"wp","href":"https:\/\/api.w.org\/{rel}","templated":true}]}}