{"id":10327,"date":"2025-01-12T00:16:34","date_gmt":"2025-01-12T03:16:34","guid":{"rendered":"https:\/\/redept.org\/blogosfera\/governo-lamenta-massacre-em-assentamento-e-aciona-pf-para-investigar-ataque\/"},"modified":"2025-01-12T00:16:34","modified_gmt":"2025-01-12T03:16:34","slug":"governo-lamenta-massacre-em-assentamento-e-aciona-pf-para-investigar-ataque","status":"publish","type":"post","link":"https:\/\/redept.com.br\/blogosfera\/governo-lamenta-massacre-em-assentamento-e-aciona-pf-para-investigar-ataque\/","title":{"rendered":"Governo lamenta massacre em assentamento e aciona PF para investigar ataque"},"content":{"rendered":"<p><img fetchpriority=\"high\" width=\"1024\" height=\"562\"src=\"https:\/\/redept.org\/blogosfera\/wp-content\/uploads\/2025\/01\/17366263176782d08d63fd1_1736626317_3x2_lg.jpg\" alt=\"\" decoding=\"async\" srcset=\"https:\/\/redept.org\/blogosfera\/wp-content\/uploads\/2025\/01\/17366263176782d08d63fd1_1736626317_3x2_lg.jpg 1024w, https:\/\/vermelho.org.br\/wp-content\/uploads\/2025\/01\/17366263176782d08d63fd1_1736626317_3x2_lg-300x166.jpg 300w, https:\/\/vermelho.org.br\/wp-content\/uploads\/2025\/01\/17366263176782d08d63fd1_1736626317_3x2_lg-768x422.jpg 768w, https:\/\/vermelho.org.br\/wp-content\/uploads\/2025\/01\/17366263176782d08d63fd1_1736626317_3x2_lg-219x121.jpg 219w\" sizes=\"(max-width: 1024px) 100vw, 1024px\"><\/p>\n<p>Duas pessoas morreram e seis ficaram feridas ap\u00f3s cerca de 10 homens armados abrirem fogo, na noite desta sexta (10), contra um assentamento do Movimento dos Trabalhadores Sem Terra (MST) em Trememb\u00e9, no Vale do Para\u00edba (S\u00e3o Paulo).<\/p>\n<p>O MST afirmou que o presidente Luiz In\u00e1cio Lula da Silva (PT) ligou neste s\u00e1bado (11) para expressar solidariedade pelos mortos no ataque.<\/p>\n<blockquote data-media-max-width=\"560\">\n<p lang=\"pt\" dir=\"ltr\">O Minist\u00e9rio da Justi\u00e7a e Seguran\u00e7a P\u00fablica determinou, neste s\u00e1bado, 10 de janeiro, que a Pol\u00edcia Federal instaure um inqu\u00e9rito para investigar o ataque ao assentamento Olga Ben\u00e1rio, do MST, em Trememb\u00e9, no interior de S\u00e3o Paulo.<a href=\"https:\/\/t.co\/sOoCWn9o40\">https:\/\/t.co\/sOoCWn9o40<\/a><\/p>\n<p>\u2014 Lula (@LulaOficial) <a href=\"https:\/\/twitter.com\/LulaOficial\/status\/1878170433536614400?ref_src=twsrc%5Etfw\">January 11, 2025<\/a><\/p><\/blockquote>\n<p>De acordo com o MST,\u00a0o assentamento Olga Ben\u00e1rio enfrenta uma intensa disputa com a especula\u00e7\u00e3o imobili\u00e1ria voltada para o turismo de lazer, devido \u00e0 sua localiza\u00e7\u00e3o estrat\u00e9gica na regi\u00e3o do Vale do Para\u00edba. H\u00e1 anos, as fam\u00edlias assentadas v\u00eam sofrendo amea\u00e7as e constantes coer\u00e7\u00f5es.<\/p>\n<p>O crime aconteceu por volta das 23h, no assentamento Olga Ben\u00e1rio, que fica na Estrada Kanegae, segundo o boletim de ocorr\u00eancia.<\/p>\n<p>Um dos mortos \u00e9 o Valdir do Nascimento de Jesus, uma das lideran\u00e7as do MST na regi\u00e3o do Vale do Para\u00edba.<\/p>\n<p>Ainda segundo o boletim, testemunhas e sobreviventes relataram para a pol\u00edcia que cinco carros e tr\u00eas motos invadiram o local durante a noite e que as pessoas que estavam nos ve\u00edculos efetuaram diversos tiros contra os moradores do local.<\/p>\n<p>O movimento informou que as v\u00edtimas fatais s\u00e3o Valdir do Nascimento de Jesus, de 52 anos, e Gleison Barbosa de Carvalho, de 28 anos. Apesar de o MST anunciar atrav\u00e9s do nota nas redes sociais a morte de Denis Carvalhos, fontes ligados ao movimento em conversa com o <em>Vermelho<\/em> afirmou que \u00e9 que \u201cele ainda est\u00e1 em coma induzido, com fragmentos de balas no cr\u00e2nio, e n\u00e3o est\u00e1 respondendo ao tratamento. Muito grave o estado de sa\u00fade dele\u201d.<\/p>\n<\/p>\n<p>Segundo esta fonte,  \u201cos demais feridos passaram por cirurgias e n\u00e3o correm risco de vida\u201d.<\/p>\n<p>Em coletiva, o delegado Daniel Lourenco Von Gal, delegado da Seccional de Pol\u00edcia Civil de Taubat\u00e9, disse que uma mulher ferida est\u00e1 em estado grave de sa\u00fade.<\/p>\n<p>O dirigente nacional dos sem terra, Gilmar Mauro, afirmou que o atentado foi feito por uma \u201cmil\u00edcia com arsenal armamentista muito forte\u201d.<\/p>\n<p>\u201cAs fam\u00edlias estavam l\u00e1 para impedir a entrada dessa milicia, mas foram abordadas com um arsenal armamentista muito grande, por sorte n\u00e3o morreu mais gente\u201d, afirmou Mauro em v\u00eddeo postado nas redes sociais do MST.<\/p>\n<blockquote data-instgrm-captioned data-instgrm-permalink=\"https:\/\/www.instagram.com\/reel\/DEs8kD-B8Qy\/?utm_source=ig_embed&amp;utm_campaign=loading\" data-instgrm-version=\"14\">\n<div> <a href=\"https:\/\/www.instagram.com\/reel\/DEs8kD-B8Qy\/?utm_source=ig_embed&amp;utm_campaign=loading\" target=\"_blank\" rel=\"noopener\"> <\/p>\n<div>\n<div><\/div>\n<div>\n<div><\/div>\n<div><\/div>\n<\/div>\n<\/div>\n<div><\/div>\n<div><svg width=\"50px\" height=\"50px\" viewbox=\"0 0 60 60\" version=\"1.1\" xmlns=\"https:\/\/www.w3.org\/2000\/svg\" xmlns:xlink=\"https:\/\/www.w3.org\/1999\/xlink\"><g stroke=\"none\" stroke-width=\"1\" fill=\"none\" fill-rule=\"evenodd\"><g transform=\"translate(-511.000000, -20.000000)\" fill=\"#000000\"><g><path d=\"M556.869,30.41 C554.814,30.41 553.148,32.076 553.148,34.131 C553.148,36.186 554.814,37.852 556.869,37.852 C558.924,37.852 560.59,36.186 560.59,34.131 C560.59,32.076 558.924,30.41 556.869,30.41 M541,60.657 C535.114,60.657 530.342,55.887 530.342,50 C530.342,44.114 535.114,39.342 541,39.342 C546.887,39.342 551.658,44.114 551.658,50 C551.658,55.887 546.887,60.657 541,60.657 M541,33.886 C532.1,33.886 524.886,41.1 524.886,50 C524.886,58.899 532.1,66.113 541,66.113 C549.9,66.113 557.115,58.899 557.115,50 C557.115,41.1 549.9,33.886 541,33.886 M565.378,62.101 C565.244,65.022 564.756,66.606 564.346,67.663 C563.803,69.06 563.154,70.057 562.106,71.106 C561.058,72.155 560.06,72.803 558.662,73.347 C557.607,73.757 556.021,74.244 553.102,74.378 C549.944,74.521 548.997,74.552 541,74.552 C533.003,74.552 532.056,74.521 528.898,74.378 C525.979,74.244 524.393,73.757 523.338,73.347 C521.94,72.803 520.942,72.155 519.894,71.106 C518.846,70.057 518.197,69.06 517.654,67.663 C517.244,66.606 516.755,65.022 516.623,62.101 C516.479,58.943 516.448,57.996 516.448,50 C516.448,42.003 516.479,41.056 516.623,37.899 C516.755,34.978 517.244,33.391 517.654,32.338 C518.197,30.938 518.846,29.942 519.894,28.894 C520.942,27.846 521.94,27.196 523.338,26.654 C524.393,26.244 525.979,25.756 528.898,25.623 C532.057,25.479 533.004,25.448 541,25.448 C548.997,25.448 549.943,25.479 553.102,25.623 C556.021,25.756 557.607,26.244 558.662,26.654 C560.06,27.196 561.058,27.846 562.106,28.894 C563.154,29.942 563.803,30.938 564.346,32.338 C564.756,33.391 565.244,34.978 565.378,37.899 C565.522,41.056 565.552,42.003 565.552,50 C565.552,57.996 565.522,58.943 565.378,62.101 M570.82,37.631 C570.674,34.438 570.167,32.258 569.425,30.349 C568.659,28.377 567.633,26.702 565.965,25.035 C564.297,23.368 562.623,22.342 560.652,21.575 C558.743,20.834 556.562,20.326 553.369,20.18 C550.169,20.033 549.148,20 541,20 C532.853,20 531.831,20.033 528.631,20.18 C525.438,20.326 523.257,20.834 521.349,21.575 C519.376,22.342 517.703,23.368 516.035,25.035 C514.368,26.702 513.342,28.377 512.574,30.349 C511.834,32.258 511.326,34.438 511.181,37.631 C511.035,40.831 511,41.851 511,50 C511,58.147 511.035,59.17 511.181,62.369 C511.326,65.562 511.834,67.743 512.574,69.651 C513.342,71.625 514.368,73.296 516.035,74.965 C517.703,76.634 519.376,77.658 521.349,78.425 C523.257,79.167 525.438,79.673 528.631,79.82 C531.831,79.965 532.853,80.001 541,80.001 C549.148,80.001 550.169,79.965 553.369,79.82 C556.562,79.673 558.743,79.167 560.652,78.425 C562.623,77.658 564.297,76.634 565.965,74.965 C567.633,73.296 568.659,71.625 569.425,69.651 C570.167,67.743 570.674,65.562 570.82,62.369 C570.966,59.17 571,58.147 571,50 C571,41.851 570.966,40.831 570.82,37.631\"><\/path><\/g><\/g><\/g><\/svg><\/div>\n<div>\n<div>Ver essa foto no Instagram<\/div>\n<\/div>\n<div><\/div>\n<div>\n<div>\n<div><\/div>\n<div><\/div>\n<div><\/div>\n<\/div>\n<div>\n<div><\/div>\n<div><\/div>\n<\/div>\n<div>\n<div><\/div>\n<div><\/div>\n<div><\/div>\n<\/div>\n<\/div>\n<div>\n<div><\/div>\n<div><\/div>\n<\/div>\n<p><\/a><\/p>\n<p><a href=\"https:\/\/www.instagram.com\/reel\/DEs8kD-B8Qy\/?utm_source=ig_embed&amp;utm_campaign=loading\" target=\"_blank\" rel=\"noopener\">Uma publica\u00e7\u00e3o compartilhada por MST (@movimentosemterra)<\/a><\/p>\n<\/div>\n<\/blockquote>\n<p>\u201cEssa \u00e9 uma regi\u00e3o de muitos assentamentos pr\u00f3ximos \u00e0s zonas urbanas e, portanto, motivo de sanha do capital imobili\u00e1rio local, com objetivo de transformar os assentamentos em \u00e1reas de condom\u00ednios e de especula\u00e7\u00e3o imobili\u00e1ria. Obviamente, h\u00e1 utiliza\u00e7\u00e3o de for\u00e7as das mil\u00edcias para fazer a execu\u00e7\u00e3o e o massacre que fizeram ontem no assentamento\u201d, disse ainda o dirigente.<\/p>\n<p><strong>MST perde militante hist\u00f3rico e movimento denuncia inseguran\u00e7a na regi\u00e3o<\/strong><\/p>\n<p>Gilmar Mauro afirmou que Valdirz\u00e3o, como era conhecido Valdir Nascimento, foi morto \u201ccom muitos tiros na cabe\u00e7a\u201d. \u201cO que prova que esse grupo foi l\u00e1 para aniquil\u00e1-lo.\u201d<\/p>\n<p>\u201cValdir era uma refer\u00eancia no combate \u00e0 venda de lotes\u201d, diz Mauro. Ele se refere aos casos em que terras do MST, com ocupa\u00e7\u00e3o autorizada pelo governo para cidad\u00e3os espec\u00edficos, s\u00e3o vendidas ilegalmente a terceiros.<\/p>\n<p>\u201cEle era um militante hist\u00f3rico do MST\u201d, diz Sabrina Diniz, superintendente do Incra e amiga de Nascimento.<\/p>\n<p>\u201cAceitei o cargo na Incra porque ele me convenceu ser necess\u00e1rio. Havia muitas invas\u00f5es nos assentamentos, especialmente desde 2021 por grupos de milicianos, com apoio de vereadores e coniv\u00eancia de policiais.\u201d<\/p>\n<p>Valdirz\u00e3o participou das primeiras ocupa\u00e7\u00f5es de terra do Vale do Para\u00edba e da conquista dos seis assentamentos da regi\u00e3o.<\/p>\n<p>Em nota, o MST criticou a falta de pol\u00edticas p\u00fablicas para garantir a seguran\u00e7a dos assentados.<\/p>\n<p>\u201cEssa \u00e9 mais uma face dos conflitos de terras no estado de S\u00e3o Paulo. A aus\u00eancia de pol\u00edticas p\u00fablicas efetivas por parte do governo paulista deixa os territ\u00f3rios de Reforma Agr\u00e1ria vulner\u00e1veis e as fam\u00edlias assentadas desprotegidas, refor\u00e7ando um cen\u00e1rio de inseguran\u00e7a e viol\u00eancia\u201d, denuncia o MST.<\/p>\n<blockquote data-media-max-width=\"560\">\n<p lang=\"pt\" dir=\"ltr\"><imgsrc=\"\" alt=\"\u203c\"> Gilmar Mauro, do MST, alerta: o capital imobili\u00e1rio avan\u00e7a sobre assentamentos no Vale do Para\u00edba, visando transformar lotes em condom\u00ednios. Ap\u00f3s invadirem reservas florestais, agora pressionam fam\u00edlias assentadas. <a href=\"https:\/\/t.co\/C6criDST5h\">pic.twitter.com\/C6criDST5h<\/a><\/p>\n<p>\u2014 MST Oficial (@MST_Oficial) <a href=\"https:\/\/twitter.com\/MST_Oficial\/status\/1878209844622041461?ref_src=twsrc%5Etfw\">January 11, 2025<\/a><\/p><\/blockquote>\n<p>O movimento exigiu que as autoridades concluam o processo de regulariza\u00e7\u00e3o fundi\u00e1ria do assentamento.<\/p>\n<p>\u201cOs assentamentos de Reforma Agr\u00e1ria n\u00e3o podem ser abandonados \u00e0 pr\u00f3pria sorte. \u00c9 imprescind\u00edvel que a pol\u00edtica de regulariza\u00e7\u00e3o fundi\u00e1ria atenda aos verdadeiros herdeiros da terra e aos trabalhadores camponeses, garantindo seus direitos e evitando que oportunistas se aproveitem desses territ\u00f3rios para promover amea\u00e7as e colocar em risco a seguran\u00e7a das fam\u00edlias assentadas\u201d, conclui a nota.<\/p>\n<p><strong>Lula destaca equipe da PF para acompanhar caso e Civil (SP) prende primeiro suspeito<\/strong><\/p>\n<p>O perfil oficial do MST no X (antigo Twitter) informou que Lula declarou que a \u201cPresid\u00eancia da Rep\u00fablica acompanhar\u00e1 o caso\u201d. O chefe do Executivo teria afirmado que, \u201cassim que puder viajar de avi\u00e3o\u201d, ir\u00e1 ao local, que fica a cerca de 150 km da capital paulista.<\/p>\n<p>Pouco tempo depois da publica\u00e7\u00e3o, o minist\u00e9rio da Justi\u00e7a informou que determinou a instaura\u00e7\u00e3o de um inqu\u00e9rito para investigar o ataque ao assentamento.<\/p>\n<p>A pasta afirmou que uma equipe da\u00a0PF, composta por agentes, perito e papiloscopista, se deslocou ao local do ataque para iniciar as investiga\u00e7\u00f5es.<\/p>\n<p>Enquanto isso, a Pol\u00edcia Civil de S\u00e3o Paulo afirma que prendeu o primeiro suspeito, tido como o mentor intelectual do crime.<\/p>\n<p>O detido \u00e9 conhecido como \u201cNero do Piseiro\u201d e j\u00e1 tinha passagem por porte ilegal de arma de fogo. Segundo a pol\u00edcia, ele foi reconhecido por testemunhas que viram os criminosos chegando ao local em carros e motos e momentos depois atiraram.<\/p>\n<\/p>\n<p>O post <a href=\"https:\/\/vermelho.org.br\/2025\/01\/12\/governo-lamenta-massacre-em-assentamento-e-aciona-pf-para-investigar-ataque\/\">Governo lamenta massacre em assentamento e aciona PF para investigar ataque<\/a> apareceu primeiro em <a href=\"https:\/\/vermelho.org.br\/\">Vermelho<\/a>.<\/p>\n<!-- Begin Yuzo --><div class='yuzo_related_post style-1'  data-version='5.12.89'><!-- without result --><div class='yuzo_clearfixed yuzo__title yuzo__title'><h3>Related Post<\/h3><\/div>\n\t\t\t\t\t\t  <div class=\"relatedthumb \" style=\"width:125px;float:left;overflow:hidden;\">  \n\t\t\t\t\t\t\t  \n\t\t\t\t\t\t\t  <a  href=\"https:\/\/redept.com.br\/blogosfera\/radiografia-da-grande-demissao-a-brasileira\/\"  >\n\t\t\t\t\t\t\t\t\t  <div class=\"yuzo-img-wrap \" style=\"width: 125px;height:90px;\">\n\t\t\t\t\t\t\t\t\t\t\n\t\t\t\t\t\t\t\t\t\t<div class=\"yuzo-img\" style=\"background:url('https:\/\/redept.com.br\/blogosfera\/wp-content\/uploads\/2025\/10\/Screenshot-2025-10-30-at-17-43-09-1057195-edit_03811webp-imagem-WEBP-700-429-pixels-150x150.png') 50% 50% no-repeat;width: 125px;height:90px;margin-bottom: 5px;background-size: cover; \"><\/div>\n\t\t\t\t\t\t\t\t\t  <\/div>\n\t\t\t\t\t\t\t\t\t  \n\t\t\t\t\t\t\t\t   <span class=\"yuzo__text--title\" style=\"font-size:13px;\">Radiografia da Grande Demiss\u00e3o \u00e0 brasileira<\/span>\n\t\t\t\t\t\t\t  \n\t\t\t\t\t\t\t  \n\t\t\t\t\t\t\t  <\/a>\n\n\t\t\t\t\t\t  <\/div>\n\t\t\t\t\t\t  <div class=\"relatedthumb \" style=\"width:125px;float:left;overflow:hidden;\">  \n\t\t\t\t\t\t\t  \n\t\t\t\t\t\t\t  <a  href=\"https:\/\/redept.com.br\/blogosfera\/lula-consulta-autoridade-palestina-sobre-plano-de-trump-para-gaza\/\"  >\n\t\t\t\t\t\t\t\t\t  <div class=\"yuzo-img-wrap \" style=\"width: 125px;height:90px;\">\n\t\t\t\t\t\t\t\t\t\t\n\t\t\t\t\t\t\t\t\t\t<div class=\"yuzo-img\" style=\"background:url('https:\/\/redept.com.br\/blogosfera\/wp-content\/uploads\/2026\/01\/clipboard_01-22-2026_05-150x150.jpg') 50% 50% no-repeat;width: 125px;height:90px;margin-bottom: 5px;background-size: cover; \"><\/div>\n\t\t\t\t\t\t\t\t\t  <\/div>\n\t\t\t\t\t\t\t\t\t  \n\t\t\t\t\t\t\t\t   <span class=\"yuzo__text--title\" style=\"font-size:13px;\">Lula consulta Autoridade Palestina sobre plano de ...<\/span>\n\t\t\t\t\t\t\t  \n\t\t\t\t\t\t\t  \n\t\t\t\t\t\t\t  <\/a>\n\n\t\t\t\t\t\t  <\/div>\n\t\t\t\t\t\t  <div class=\"relatedthumb \" style=\"width:125px;float:left;overflow:hidden;\">  \n\t\t\t\t\t\t\t  \n\t\t\t\t\t\t\t  <a  href=\"https:\/\/redept.com.br\/blogosfera\/brasis-supersalarios-x-aposentados\/\"  >\n\t\t\t\t\t\t\t\t\t  <div class=\"yuzo-img-wrap \" style=\"width: 125px;height:90px;\">\n\t\t\t\t\t\t\t\t\t\t\n\t\t\t\t\t\t\t\t\t\t<div class=\"yuzo-img\" style=\"background:url('https:\/\/redept.org\/blogosfera\/wp-content\/plugins\/yuzo-related-post\/assets\/images\/default.png') 50% 50% no-repeat;width: 125px;height:90px;margin-bottom: 5px;background-size: cover; \"><\/div>\n\t\t\t\t\t\t\t\t\t  <\/div>\n\t\t\t\t\t\t\t\t\t  \n\t\t\t\t\t\t\t\t   <span class=\"yuzo__text--title\" style=\"font-size:13px;\">Brasis:\u00a0supersal\u00e1rios\u00a0x aposentados<\/span>\n\t\t\t\t\t\t\t  \n\t\t\t\t\t\t\t  \n\t\t\t\t\t\t\t  <\/a>\n\n\t\t\t\t\t\t  <\/div>\n\t\t\t\t\t\t  <div class=\"relatedthumb \" style=\"width:125px;float:left;overflow:hidden;\">  \n\t\t\t\t\t\t\t  \n\t\t\t\t\t\t\t  <a  href=\"https:\/\/redept.com.br\/blogosfera\/cinema-a-lei-do-desejo\/\"  >\n\t\t\t\t\t\t\t\t\t  <div class=\"yuzo-img-wrap \" style=\"width: 125px;height:90px;\">\n\t\t\t\t\t\t\t\t\t\t\n\t\t\t\t\t\t\t\t\t\t<div class=\"yuzo-img\" style=\"background:url('https:\/\/redept.com.br\/blogosfera\/wp-content\/uploads\/2026\/01\/night-stage-avantefilms-vulcanacinema-2000x1010-crop-50-50_1920x1080px-1024x576-1-150x150.jpg') 50% 50% no-repeat;width: 125px;height:90px;margin-bottom: 5px;background-size: cover; \"><\/div>\n\t\t\t\t\t\t\t\t\t  <\/div>\n\t\t\t\t\t\t\t\t\t  \n\t\t\t\t\t\t\t\t   <span class=\"yuzo__text--title\" style=\"font-size:13px;\">Cinema: A lei do desejo<\/span>\n\t\t\t\t\t\t\t  \n\t\t\t\t\t\t\t  \n\t\t\t\t\t\t\t  <\/a>\n\n\t\t\t\t\t\t  <\/div>\n<\/div> <script>\n\t\t\t\t\t\t  jQuery(document).ready(function( $ ){\n\t\t\t\t\t\t\t\/\/jQuery('.yuzo_related_post').equalizer({ overflow : 'relatedthumb' });\n\t\t\t\t\t\t\tjQuery('.yuzo_related_post .yuzo_wraps').equalizer({ columns : '> div' });\n\t\t\t\t\t\t   })\n\t\t\t\t\t\t  <\/script> <!-- End Yuzo :) -->","protected":false},"excerpt":{"rendered":"<p>Duas pessoas morreram e seis ficaram feridas ap\u00f3s cerca de 10 homens armados abrirem fogo, na noite desta sexta (10), contra um assentamento do Movimento dos Trabalhadores Sem Terra (MST) em Trememb\u00e9, no Vale do Para\u00edba (S\u00e3o Paulo). O MST afirmou que o presidente Luiz In\u00e1cio Lula da Silva (PT) ligou neste s\u00e1bado (11) para [&hellip;]<\/p>\n","protected":false},"author":2,"featured_media":10328,"comment_status":"closed","ping_status":"closed","sticky":false,"template":"","format":"standard","meta":{"fifu_image_url":"","fifu_image_alt":"","footnotes":""},"categories":[3134,3135,302,132,3136],"tags":[],"class_list":["post-10327","post","type-post","status-publish","format-standard","has-post-thumbnail","hentry","category-assentamento-olga-benario","category-gilmar-mauro","category-mst","category-politica","category-valdirzao"],"_links":{"self":[{"href":"https:\/\/redept.com.br\/blogosfera\/wp-json\/wp\/v2\/posts\/10327","targetHints":{"allow":["GET"]}}],"collection":[{"href":"https:\/\/redept.com.br\/blogosfera\/wp-json\/wp\/v2\/posts"}],"about":[{"href":"https:\/\/redept.com.br\/blogosfera\/wp-json\/wp\/v2\/types\/post"}],"author":[{"embeddable":true,"href":"https:\/\/redept.com.br\/blogosfera\/wp-json\/wp\/v2\/users\/2"}],"replies":[{"embeddable":true,"href":"https:\/\/redept.com.br\/blogosfera\/wp-json\/wp\/v2\/comments?post=10327"}],"version-history":[{"count":0,"href":"https:\/\/redept.com.br\/blogosfera\/wp-json\/wp\/v2\/posts\/10327\/revisions"}],"wp:featuredmedia":[{"embeddable":true,"href":"https:\/\/redept.com.br\/blogosfera\/wp-json\/wp\/v2\/media\/10328"}],"wp:attachment":[{"href":"https:\/\/redept.com.br\/blogosfera\/wp-json\/wp\/v2\/media?parent=10327"}],"wp:term":[{"taxonomy":"category","embeddable":true,"href":"https:\/\/redept.com.br\/blogosfera\/wp-json\/wp\/v2\/categories?post=10327"},{"taxonomy":"post_tag","embeddable":true,"href":"https:\/\/redept.com.br\/blogosfera\/wp-json\/wp\/v2\/tags?post=10327"}],"curies":[{"name":"wp","href":"https:\/\/api.w.org\/{rel}","templated":true}]}}