{"id":10531,"date":"2025-01-14T17:51:54","date_gmt":"2025-01-14T20:51:54","guid":{"rendered":"https:\/\/redept.org\/blogosfera\/grupo-de-mulheres-camponesas-da-franca-participam-de-intercambio-com-mst-em-pe\/"},"modified":"2025-01-14T17:51:54","modified_gmt":"2025-01-14T20:51:54","slug":"grupo-de-mulheres-camponesas-da-franca-participam-de-intercambio-com-mst-em-pe","status":"publish","type":"post","link":"https:\/\/redept.com.br\/blogosfera\/grupo-de-mulheres-camponesas-da-franca-participam-de-intercambio-com-mst-em-pe\/","title":{"rendered":"Grupo de mulheres camponesas da Fran\u00e7a participam de interc\u00e2mbio com MST em PE"},"content":{"rendered":"<figure><img fetchpriority=\"high\" fetchpriority=\"high\" decoding=\"async\" width=\"1024\" height=\"576\" src=\"https:\/\/redept.org\/blogosfera\/wp-content\/uploads\/2025\/01\/IMG_9784-1024x576-1.jpeg\" alt=\"\" srcset=\"https:\/\/redept.org\/blogosfera\/wp-content\/uploads\/2025\/01\/IMG_9784-1024x576-1.jpeg 1024w, https:\/\/mst.org.br\/wp-content\/uploads\/2025\/01\/IMG_9784-300x169.jpeg 300w, https:\/\/mst.org.br\/wp-content\/uploads\/2025\/01\/IMG_9784-768x432.jpeg 768w, https:\/\/mst.org.br\/wp-content\/uploads\/2025\/01\/IMG_9784-1536x864.jpeg 1536w, https:\/\/mst.org.br\/wp-content\/uploads\/2025\/01\/IMG_9784.jpeg 1920w\" sizes=\"(max-width: 1024px) 100vw, 1024px\"><figcaption><em>Foto: MST PE<\/em><\/figcaption><\/figure>\n<p><em>Por Eduarda Ferreira<br \/>Da P\u00e1gina do MST<\/em><\/p>\n<p>Um interc\u00e2mbio entre mulheres camponesas e o tema da agroecologia ocorre no Centro de Forma\u00e7\u00e3o Paulo Freire do MST, em Caruaru, Pernambuco. A atividade \u00e9 promovido pela Rede Bretanha Solid\u00e1ria (RBS) e pela organiza\u00e7\u00e3o Atores no Mundo Agr\u00edcola e Rural (AMAR), ambas da Fran\u00e7a e integrantes da Via Campesina. O objetivo da iniciativa \u00e9 promover a troca de experi\u00eancias e conhecimentos sobre o Movimento dos Trabalhadores Rurais Sem Terra (MST), agroecologia e Reforma Agr\u00e1ria Popular.\u00a0<\/p>\n<p>O programa de interc\u00e2mbio re\u00fane 15 mulheres francesas, que participam de atividades formativas. Durante a viv\u00eancia, as participantes estudam e realizam debates sobre a agroecologia e a hist\u00f3ria do MST, al\u00e9m de visitar o assentamento Normandia, no munic\u00edpio de Caruaru, onde conheceram a agroind\u00fastria local. Elas tamb\u00e9m visitaram assentamentos e acampamentos do MST na regi\u00e3o, em que puderam dialogar com mulheres camponesas sobre o papel da mulher na sociedade, pol\u00edticas p\u00fablicas de prote\u00e7\u00e3o \u00e0s mulheres, e as redes de apoio tanto no Brasil quanto na Fran\u00e7a.\u00a0<\/p>\n<p>O interc\u00e2mbio tamb\u00e9m se estende ao Vale do S\u00e3o Francisco, no Sert\u00e3o pernambucano, onde as participantes ir\u00e3o conhecer experi\u00eancias no Movimento Sem Terra nos munic\u00edpios de Petrolina, Santa Maria da Boa Vista e Lagoa Grande. Al\u00e9m disso, as mulheres francesas ter\u00e3o a oportunidade de conhecer iniciativas de hortas urbanas e Cozinhas Solid\u00e1rias Populares, em Olinda e Recife. <\/p>\n<figure><img decoding=\"async\" width=\"1024\" height=\"576\" src=\"https:\/\/redept.org\/blogosfera\/wp-content\/uploads\/2025\/01\/IMG_9842-1024x576-1.jpeg\" alt=\"\" srcset=\"https:\/\/redept.org\/blogosfera\/wp-content\/uploads\/2025\/01\/IMG_9842-1024x576-1.jpeg 1024w, https:\/\/mst.org.br\/wp-content\/uploads\/2025\/01\/IMG_9842-300x169.jpeg 300w, https:\/\/mst.org.br\/wp-content\/uploads\/2025\/01\/IMG_9842-768x432.jpeg 768w, https:\/\/mst.org.br\/wp-content\/uploads\/2025\/01\/IMG_9842-1536x864.jpeg 1536w, https:\/\/mst.org.br\/wp-content\/uploads\/2025\/01\/IMG_9842.jpeg 1920w\" sizes=\"(max-width: 1024px) 100vw, 1024px\"><\/figure>\n<figure><img decoding=\"async\" width=\"1024\" height=\"576\" src=\"https:\/\/redept.org\/blogosfera\/wp-content\/uploads\/2025\/01\/IMG_9803-1024x576-1.jpeg\" alt=\"\" srcset=\"https:\/\/redept.org\/blogosfera\/wp-content\/uploads\/2025\/01\/IMG_9803-1024x576-1.jpeg 1024w, https:\/\/mst.org.br\/wp-content\/uploads\/2025\/01\/IMG_9803-300x169.jpeg 300w, https:\/\/mst.org.br\/wp-content\/uploads\/2025\/01\/IMG_9803-768x432.jpeg 768w, https:\/\/mst.org.br\/wp-content\/uploads\/2025\/01\/IMG_9803-1536x864.jpeg 1536w, https:\/\/mst.org.br\/wp-content\/uploads\/2025\/01\/IMG_9803.jpeg 1920w\" sizes=\"(max-width: 1024px) 100vw, 1024px\"><figcaption><em>Fotos: Foto: MST PE<\/em><\/figcaption><\/figure>\n<p>A AMAR \u00e9 uma organiza\u00e7\u00e3o dedicada \u00e0 solidariedade internacional e \u00e0 educa\u00e7\u00e3o popular, com foco em zonas agr\u00edcolas e rurais, tanto na Fran\u00e7a quanto em outros pa\u00edses, como o Brasil e Burkina Faso. A associa\u00e7\u00e3o desenvolve projetos de agroecologia e alimenta\u00e7\u00e3o sustent\u00e1vel, sendo especialmente ativa no Brasil.\u00a0<\/p>\n<p>J\u00e1 a Rede Bretanha Solid\u00e1ria foi criada em 16 de novembro de 2018, sob o estatuto de associa\u00e7\u00e3o ao abrigo da Lei 1901, seu objetivo \u00e9 promover projetos de coopera\u00e7\u00e3o e solidariedade internacional. A rede apoia sujeitos de natureza associativa, p\u00fablica, econ\u00f4mica e institucional, com foco em sua pol\u00edtica de coopera\u00e7\u00e3o internacional e projetos de solidariedade. Seus servi\u00e7os incluem a promo\u00e7\u00e3o de interc\u00e2mbios, trabalho colaborativo, fortalecimento de compet\u00eancias e incentivo a iniciativas solid\u00e1rias.<\/p>\n<p>Segundo Sarah Manaranche, da AMAR, os principais objetivos do interc\u00e2mbio s\u00e3o claros: \u201cEssa viagem realmente tem dois objetivos principais: enriquecer a capacidade de cada uma para levar a uma luta de classes, uma luta social e uma luta feminista; e, por outro lado, de conhecer novas formas de organiza\u00e7\u00f5es para organizar agroecologia. Ent\u00e3o, \u00e9 super importante para a gente esse interc\u00e2mbio\u201d, afirmou.<\/p>\n<p>O programa, que busca estreitar la\u00e7os entre as mulheres camponesas do Brasil e da Fran\u00e7a, se consolida como uma poderosa ferramenta de forma\u00e7\u00e3o pol\u00edtica e troca de experi\u00eancias no campo da agroecologia e da luta social.<\/p>\n<p><em>*Editado por Solange Engelmann<\/em><\/p>\n<p>O post <a href=\"https:\/\/mst.org.br\/2025\/01\/14\/grupo-de-mulheres-camponesas-da-franca-realiza-intercambio-com-mst-em-pernambuco\/\">Grupo de mulheres camponesas da Fran\u00e7a participam de interc\u00e2mbio com MST em PE<\/a> apareceu primeiro em <a href=\"https:\/\/mst.org.br\/\">MST<\/a>.<\/p>\n<!-- Begin Yuzo --><div class='yuzo_related_post style-1'  data-version='5.12.89'><!-- without result --><div class='yuzo_clearfixed yuzo__title yuzo__title'><h3>Related Post<\/h3><\/div>\n\t\t\t\t\t\t  <div class=\"relatedthumb \" style=\"width:125px;float:left;overflow:hidden;\">  \n\t\t\t\t\t\t\t  \n\t\t\t\t\t\t\t  <a  href=\"https:\/\/redept.com.br\/blogosfera\/justica-condena-em-2a-instancia-volkswagen-a-r-165-milhoes-por-escravidao-na-ditadura\/\"  >\n\t\t\t\t\t\t\t\t\t  <div class=\"yuzo-img-wrap \" style=\"width: 125px;height:90px;\">\n\t\t\t\t\t\t\t\t\t\t\n\t\t\t\t\t\t\t\t\t\t<div class=\"yuzo-img\" style=\"background:url('https:\/\/redept.org\/blogosfera\/wp-content\/plugins\/yuzo-related-post\/assets\/images\/default.png') 50% 50% no-repeat;width: 125px;height:90px;margin-bottom: 5px;background-size: cover; \"><\/div>\n\t\t\t\t\t\t\t\t\t  <\/div>\n\t\t\t\t\t\t\t\t\t  \n\t\t\t\t\t\t\t\t   <span class=\"yuzo__text--title\" style=\"font-size:13px;\">Justi\u00e7a condena em 2\u00aa inst\u00e2ncia Volkswagen a R$ 16...<\/span>\n\t\t\t\t\t\t\t  \n\t\t\t\t\t\t\t  \n\t\t\t\t\t\t\t  <\/a>\n\n\t\t\t\t\t\t  <\/div>\n\t\t\t\t\t\t  <div class=\"relatedthumb \" style=\"width:125px;float:left;overflow:hidden;\">  \n\t\t\t\t\t\t\t  \n\t\t\t\t\t\t\t  <a  href=\"https:\/\/redept.com.br\/blogosfera\/macau-completa-25-anos-de-retorno-a-china-com-foco-na-diversificacao-da-sua-economia\/\"  >\n\t\t\t\t\t\t\t\t\t  <div class=\"yuzo-img-wrap \" style=\"width: 125px;height:90px;\">\n\t\t\t\t\t\t\t\t\t\t\n\t\t\t\t\t\t\t\t\t\t<div class=\"yuzo-img\" style=\"background:url('https:\/\/redept.org\/blogosfera\/wp-content\/plugins\/yuzo-related-post\/assets\/images\/default.png') 50% 50% no-repeat;width: 125px;height:90px;margin-bottom: 5px;background-size: cover; \"><\/div>\n\t\t\t\t\t\t\t\t\t  <\/div>\n\t\t\t\t\t\t\t\t\t  \n\t\t\t\t\t\t\t\t   <span class=\"yuzo__text--title\" style=\"font-size:13px;\">Macau completa 25 anos de retorno \u00e0 China com foco...<\/span>\n\t\t\t\t\t\t\t  \n\t\t\t\t\t\t\t  \n\t\t\t\t\t\t\t  <\/a>\n\n\t\t\t\t\t\t  <\/div>\n\t\t\t\t\t\t  <div class=\"relatedthumb \" style=\"width:125px;float:left;overflow:hidden;\">  \n\t\t\t\t\t\t\t  \n\t\t\t\t\t\t\t  <a  href=\"https:\/\/redept.com.br\/blogosfera\/e-importante-aproximar-a-sociedade-civil-do-plano-nacional-de-educacao-avaliam-especialistas\/\"  >\n\t\t\t\t\t\t\t\t\t  <div class=\"yuzo-img-wrap \" style=\"width: 125px;height:90px;\">\n\t\t\t\t\t\t\t\t\t\t\n\t\t\t\t\t\t\t\t\t\t<div class=\"yuzo-img\" style=\"background:url('https:\/\/redept.org\/blogosfera\/wp-content\/plugins\/yuzo-related-post\/assets\/images\/default.png') 50% 50% no-repeat;width: 125px;height:90px;margin-bottom: 5px;background-size: cover; \"><\/div>\n\t\t\t\t\t\t\t\t\t  <\/div>\n\t\t\t\t\t\t\t\t\t  \n\t\t\t\t\t\t\t\t   <span class=\"yuzo__text--title\" style=\"font-size:13px;\">\u00c9 importante aproximar a sociedade civil do Plano ...<\/span>\n\t\t\t\t\t\t\t  \n\t\t\t\t\t\t\t  \n\t\t\t\t\t\t\t  <\/a>\n\n\t\t\t\t\t\t  <\/div>\n\t\t\t\t\t\t  <div class=\"relatedthumb \" style=\"width:125px;float:left;overflow:hidden;\">  \n\t\t\t\t\t\t\t  \n\t\t\t\t\t\t\t  <a  href=\"https:\/\/redept.com.br\/blogosfera\/mercosul-fecha-acordo-com-efta-que-reune-alguns-dos-paises-mais-ricos-do-mundo\/\"  >\n\t\t\t\t\t\t\t\t\t  <div class=\"yuzo-img-wrap \" style=\"width: 125px;height:90px;\">\n\t\t\t\t\t\t\t\t\t\t\n\t\t\t\t\t\t\t\t\t\t<div class=\"yuzo-img\" style=\"background:url('https:\/\/redept.com.br\/blogosfera\/wp-content\/uploads\/2025\/07\/mercosul-efta_divulgacao-medic-150x150.jpg') 50% 50% no-repeat;width: 125px;height:90px;margin-bottom: 5px;background-size: cover; \"><\/div>\n\t\t\t\t\t\t\t\t\t  <\/div>\n\t\t\t\t\t\t\t\t\t  \n\t\t\t\t\t\t\t\t   <span class=\"yuzo__text--title\" style=\"font-size:13px;\">Mercosul fecha acordo com Efta, que re\u00fane alguns d...<\/span>\n\t\t\t\t\t\t\t  \n\t\t\t\t\t\t\t  \n\t\t\t\t\t\t\t  <\/a>\n\n\t\t\t\t\t\t  <\/div>\n<\/div> <script>\n\t\t\t\t\t\t  jQuery(document).ready(function( $ ){\n\t\t\t\t\t\t\t\/\/jQuery('.yuzo_related_post').equalizer({ overflow : 'relatedthumb' });\n\t\t\t\t\t\t\tjQuery('.yuzo_related_post .yuzo_wraps').equalizer({ columns : '> div' });\n\t\t\t\t\t\t   })\n\t\t\t\t\t\t  <\/script> <!-- End Yuzo :) -->","protected":false},"excerpt":{"rendered":"<p>Foto: MST PE Por Eduarda FerreiraDa P\u00e1gina do MST Um interc\u00e2mbio entre mulheres camponesas e o tema da agroecologia ocorre no Centro de Forma\u00e7\u00e3o Paulo Freire do MST, em Caruaru, Pernambuco. A atividade \u00e9 promovido pela Rede Bretanha Solid\u00e1ria (RBS) e pela organiza\u00e7\u00e3o Atores no Mundo Agr\u00edcola e Rural (AMAR), ambas da Fran\u00e7a e integrantes [&hellip;]<\/p>\n","protected":false},"author":2,"featured_media":10532,"comment_status":"open","ping_status":"closed","sticky":false,"template":"","format":"standard","meta":{"fifu_image_url":"","fifu_image_alt":"","footnotes":""},"categories":[22,1065,442,1672,191,179,3182],"tags":[],"class_list":["post-10531","post","type-post","status-publish","format-standard","has-post-thumbnail","hentry","category-franca","category-intercambio","category-mulheres-em-luta","category-mulheres-mst","category-noticias","category-pernambuco","category-setor-de-genero"],"_links":{"self":[{"href":"https:\/\/redept.com.br\/blogosfera\/wp-json\/wp\/v2\/posts\/10531","targetHints":{"allow":["GET"]}}],"collection":[{"href":"https:\/\/redept.com.br\/blogosfera\/wp-json\/wp\/v2\/posts"}],"about":[{"href":"https:\/\/redept.com.br\/blogosfera\/wp-json\/wp\/v2\/types\/post"}],"author":[{"embeddable":true,"href":"https:\/\/redept.com.br\/blogosfera\/wp-json\/wp\/v2\/users\/2"}],"replies":[{"embeddable":true,"href":"https:\/\/redept.com.br\/blogosfera\/wp-json\/wp\/v2\/comments?post=10531"}],"version-history":[{"count":0,"href":"https:\/\/redept.com.br\/blogosfera\/wp-json\/wp\/v2\/posts\/10531\/revisions"}],"wp:featuredmedia":[{"embeddable":true,"href":"https:\/\/redept.com.br\/blogosfera\/wp-json\/wp\/v2\/media\/10532"}],"wp:attachment":[{"href":"https:\/\/redept.com.br\/blogosfera\/wp-json\/wp\/v2\/media?parent=10531"}],"wp:term":[{"taxonomy":"category","embeddable":true,"href":"https:\/\/redept.com.br\/blogosfera\/wp-json\/wp\/v2\/categories?post=10531"},{"taxonomy":"post_tag","embeddable":true,"href":"https:\/\/redept.com.br\/blogosfera\/wp-json\/wp\/v2\/tags?post=10531"}],"curies":[{"name":"wp","href":"https:\/\/api.w.org\/{rel}","templated":true}]}}