{"id":10829,"date":"2025-01-17T17:58:52","date_gmt":"2025-01-17T20:58:52","guid":{"rendered":"https:\/\/redept.org\/blogosfera\/bionatur-celebra-aniversario-com-perspectiva-de-ampliar-atuacao-e-variedades-de-sementes\/"},"modified":"2025-01-17T17:58:52","modified_gmt":"2025-01-17T20:58:52","slug":"bionatur-celebra-aniversario-com-perspectiva-de-ampliar-atuacao-e-variedades-de-sementes","status":"publish","type":"post","link":"https:\/\/redept.com.br\/blogosfera\/bionatur-celebra-aniversario-com-perspectiva-de-ampliar-atuacao-e-variedades-de-sementes\/","title":{"rendered":"BioNatur celebra anivers\u00e1rio com perspectiva de ampliar atua\u00e7\u00e3o e variedades de sementes"},"content":{"rendered":"<figure><img fetchpriority=\"high\" fetchpriority=\"high\" decoding=\"async\" width=\"640\" height=\"427\" src=\"https:\/\/redept.org\/blogosfera\/wp-content\/uploads\/2025\/01\/Sementes-BioNatur.jpg\" alt=\"\" srcset=\"https:\/\/redept.org\/blogosfera\/wp-content\/uploads\/2025\/01\/Sementes-BioNatur.jpg 640w, https:\/\/mst.org.br\/wp-content\/uploads\/2024\/01\/Sementes-BioNatur-300x200.jpg 300w\" sizes=\"(max-width: 640px) 100vw, 640px\"><figcaption><em>Cultivo de sementes agroecol\u00f3gicas ocorre em 18 assentamentos pelo Brasil, envolvendo mais 350 fam\u00edlias produtoras. Foto: Leandro Molina<\/em><\/figcaption><\/figure>\n<p><em>Por Solange Engelmann<br \/>Da P\u00e1gina do MST<\/em><\/p>\n<p>Atuar como um banco vivo de sementes agroecol\u00f3gicas, garantindo a produ\u00e7\u00e3o de sementes de alimentos, como hortali\u00e7as, al\u00e9m de forrageiras, flores e \u00e1rvores para as \u00e1reas de Reforma Agr\u00e1ria em todo o pa\u00eds. Essa \u00e9 a proposta de nacionaliza\u00e7\u00e3o da <a href=\"https:\/\/www.bionatursementes.bio.br\/\">Rede de Sementes Agroecol\u00f3gicas BioNatur<\/a>, que nesta sexta-feira completa 28 anos de hist\u00f3ria e tem um papel central no enraizamento da agroecologia.<\/p>\n<p>Ligado ao MST, a Rede BioNatur \u00e9 uma cooperativa que re\u00fane agricultores e agricultoras assentados da Reforma Agr\u00e1ria de 18 assentamentos pelo Brasil, totalizando mais de 350 fam\u00edlias que produzem sementes agroecol\u00f3gicas. A op\u00e7\u00e3o pela Agroecologia transformou a Rede em uma experi\u00eancia pioneira no Brasil e na Am\u00e9rica Latina.<\/p>\n<p>A BioNatur produz sementes de diversas esp\u00e9cies de hortali\u00e7as, plantas ornamentais, forrageiras e gr\u00e3os, em sistemas de produ\u00e7\u00e3o de base agroecol\u00f3gica. E atualmente \u00e9 representada pela Cooperativa Agroecol\u00f3gica Nacional Terra e Vida Ltda (Conaterra), respons\u00e1vel pela marca BioNatur, com sede no assentamento Ro\u00e7a Nova, localizado no munic\u00edpio de Candiota, no Rio Grande do Sul.<\/p>\n<p>O integrante do Setor de Produ\u00e7\u00e3o do MST, Daniel da Silva, explica que a Rede e as fam\u00edlias assentadas do MST t\u00eam muito a comemorar nesta data, pois resistiram na proposta de produzir sementes agroecol\u00f3gicos em um per\u00edodo em que esse tipo de produ\u00e7\u00e3o ainda estava se iniciando no pa\u00eds. <\/p>\n<p>\u201cO que a gente enfrentou nesses 28 anos, foram peleias muito duras: resistir com a pauta da agroecologia, criar a cadeia produtiva das sementes, entrar na perspectiva formal dessa produ\u00e7\u00e3o. Isso mostra que a gente \u00e9 vitorioso.\u201d<\/p>\n<figure><img decoding=\"async\" width=\"1024\" height=\"768\" src=\"https:\/\/redept.org\/blogosfera\/wp-content\/uploads\/2025\/01\/WhatsApp-Image-2024-01-11-at-08.42.09-1-1024x768-1.jpeg\" alt=\"\" srcset=\"https:\/\/redept.org\/blogosfera\/wp-content\/uploads\/2025\/01\/WhatsApp-Image-2024-01-11-at-08.42.09-1-1024x768-1.jpeg 1024w, https:\/\/mst.org.br\/wp-content\/uploads\/2024\/01\/WhatsApp-Image-2024-01-11-at-08.42.09-1-300x225.jpeg 300w, https:\/\/mst.org.br\/wp-content\/uploads\/2024\/01\/WhatsApp-Image-2024-01-11-at-08.42.09-1-768x576.jpeg 768w, https:\/\/mst.org.br\/wp-content\/uploads\/2024\/01\/WhatsApp-Image-2024-01-11-at-08.42.09-1-1536x1152.jpeg 1536w, https:\/\/mst.org.br\/wp-content\/uploads\/2024\/01\/WhatsApp-Image-2024-01-11-at-08.42.09-1.jpeg 1600w\" sizes=\"(max-width: 1024px) 100vw, 1024px\"><figcaption><em>Foto: Arquivo Bionatur<\/em><\/figcaption><\/figure>\n<h2>Nacionaliza\u00e7\u00e3o e combate \u00e0 fome<\/h2>\n<p>Daniel destaca que a proposta do MST \u00e9 nacionalizar a Rede BioNatur para articular e integrar a produ\u00e7\u00e3o de sementes agroecol\u00f3gicas, a partir dos estados e territ\u00f3rios do MST, criando num sistema cooperado que passe a dominar as diversas cadeias produtivas, desde a produ\u00e7\u00e3o da semente, respons\u00e1vel por gerar o alimento, o beneficiamento at\u00e9 a comercializa\u00e7\u00e3o, desses produtos agroecol\u00f3gicos.<\/p>\n<p>\u201cN\u00f3s estamos buscando seguir o rumo hist\u00f3rico da BioNatur, que \u00e9 se especializar nas sementes de hortali\u00e7as, gr\u00e3os, flores e algumas culturas forrageiras para pasto. Agora estamos nos aprofundando um pouco mais nos gr\u00e3os, tentando criar cadeias produtivas em torno da cultura da soja, do milho\u201d, relata Daniel. <\/p>\n<p>Na perspectiva da transi\u00e7\u00e3o agroecolg\u00f3cia nas \u00e1reas de Reforma Agr\u00e1ria, tamb\u00e9m existe a perspectiva de iniciar a produ\u00e7\u00e3o de sementes de cadeias produtivas das culturas florestais, em parceria com o Plano Nacional do MST <a href=\"https:\/\/mst.org.br\/especiais\/plantar-arvores-produzir-alimentos-saudaveis\/\">Plantar \u00c1rvores, Produzir Alimentos Saud\u00e1veis<\/a>. A proposta do Plano \u00e9 plantar 100 milh\u00f5es de \u00e1rvores em dez anos, fortalecendo a produ\u00e7\u00e3o de alimentos saud\u00e1veis nas \u00e1reas de assentamentos e acampamentos do MST e fazendo a den\u00fancia do modelo destrutivo do agroneg\u00f3cio e dos seus impactos nocivos ao meio ambiente e \u00e0s pessoas, a exemplo das enchentes, tempestades e secas que j\u00e1 vem ocorrendo no pa\u00eds gerando mortes e destrui\u00e7\u00e3o.<\/p>\n<p>\u201cN\u00f3s almejamos, iniciar com processos de coleta de produ\u00e7\u00e3o, para a quest\u00e3o das sementes florestais. Hoje, nosso banco de sementes chega a aproximadamente 100 variedades e comercialmente a gente est\u00e1 atuando com 40 variedades. Ano que vem a gente espera ampliar isso. E a\u00ed a gente garante, tanto a viabilidade econ\u00f4mica a partir das sementes, quanto esse resguardo da nossa biodiversidade\u201d, pontua o membro do Setor de Produ\u00e7\u00e3o do MST.<\/p>\n<figure><img decoding=\"async\" width=\"768\" height=\"1024\" src=\"https:\/\/redept.org\/blogosfera\/wp-content\/uploads\/2025\/01\/WhatsApp-Image-2024-01-11-at-08.42.08-1-768x1024-1.jpeg\" alt=\"\" srcset=\"https:\/\/redept.org\/blogosfera\/wp-content\/uploads\/2025\/01\/WhatsApp-Image-2024-01-11-at-08.42.08-1-768x1024-1.jpeg 768w, https:\/\/mst.org.br\/wp-content\/uploads\/2024\/01\/WhatsApp-Image-2024-01-11-at-08.42.08-1-225x300.jpeg 225w, https:\/\/mst.org.br\/wp-content\/uploads\/2024\/01\/WhatsApp-Image-2024-01-11-at-08.42.08-1-1152x1536.jpeg 1152w, https:\/\/mst.org.br\/wp-content\/uploads\/2024\/01\/WhatsApp-Image-2024-01-11-at-08.42.08-1.jpeg 1200w\" sizes=\"(max-width: 768px) 100vw, 768px\"><figcaption><em>Foto: Arquivo Bionatur<\/em><\/figcaption><\/figure>\n<p>Outro compromisso da Rede BioNatur na atualidade concentra-se na busca de alternativas para a produ\u00e7\u00e3o de sementes agroecol\u00f3gicas voltadas \u00e0 produ\u00e7\u00e3o de alimentos e, com isso, contribuir no combate \u00e0 fome no pa\u00eds, uma problem\u00e1tica urgente na sociedade brasileira.<\/p>\n<p>\u201cA produ\u00e7\u00e3o de alimentos \u00e9 uma demanda urgente do povo brasileiro. Para a gente suprir essa necessidade de alimentos ser\u00e3o necess\u00e1rias muitas sementes. A gente percebe que, com uma ampla diversidade de hortali\u00e7as e sementes vai dar passos no combate \u00e0 fome. E tamb\u00e9m avan\u00e7ar nas grandes culturas, feij\u00e3o e trigo, ou at\u00e9 a soja, de forma agroecol\u00f3gica. N\u00f3s queremos ter a semente necess\u00e1ria para acabar com essa fome. Isso est\u00e1 na centralidade da pauta do nosso Movimento\u201d, exp\u00f5e Daniel.<\/p>\n<p>Nesse sentido, no processo de transi\u00e7\u00e3o agroecol\u00f3gia, que vem sendo trabalhado pelo MST, a produ\u00e7\u00e3o de alimentos precisa estar aliada \u00e0 recupera\u00e7\u00e3o ambiental dos biomas, sendo pensada de forma consorciada. Diante disso, a BioNatur assume um papel importante em garantir a produ\u00e7\u00e3o dessas sementes agroecol\u00f3gicas para a massifica\u00e7\u00e3o e o enraizamento dos sistemas agroecol\u00f3gicos, produzindo alimentos e recuperando a biodiversidade nos territ\u00f3rios da Reforma Agr\u00e1ria.<\/p>\n<h2>Diferencial na produ\u00e7\u00e3o e certifica\u00e7\u00e3o<\/h2>\n<p>Atualmente a Rede BioNatur desenvolve e comercializa a produ\u00e7\u00e3o de sementes cultivadas nos estados do Mato Grosso do Sul, S\u00e3o Paulo, Minas Gerais, Cear\u00e1, Bahia, Rio Grande do Norte, Distrito Federal, al\u00e9m do Rio Grande do Sul. Dessa forma, a Rede organiza o processo de produ\u00e7\u00e3o das sementes, a agroindustrializa\u00e7\u00e3o e a comercializa\u00e7\u00e3o das sementes de hortali\u00e7as.<\/p>\n<figure><img decoding=\"async\" width=\"1024\" height=\"683\" src=\"https:\/\/redept.org\/blogosfera\/wp-content\/uploads\/2025\/01\/BioNatur.jpg\" alt=\"\" srcset=\"https:\/\/redept.org\/blogosfera\/wp-content\/uploads\/2025\/01\/BioNatur.jpg 1024w, https:\/\/mst.org.br\/wp-content\/uploads\/2024\/01\/BioNatur-300x200.jpg 300w, https:\/\/mst.org.br\/wp-content\/uploads\/2024\/01\/BioNatur-768x512.jpg 768w\" sizes=\"(max-width: 1024px) 100vw, 1024px\"><figcaption><em>Alcemar Ad\u00edlio e sua filha na Feira Nacional da Reforma Agr\u00e1ria. Foto Rica Retamal<\/em><\/figcaption><\/figure>\n<p>O T\u00e9cnico Agr\u00edcola e assentado, que integra a coordena\u00e7\u00e3o da Rede BioNatur, Alcemar Inhaia, detalha que nos \u00faltimos anos houve alguns avan\u00e7o como, a cria\u00e7\u00e3o da unidade de beneficiamento, a defini\u00e7\u00e3o pela produ\u00e7\u00e3o agroecologia e a cria\u00e7\u00e3o da Coonaterra.<\/p>\n<p>Al\u00e9m das vendas no varejo e atacado, tamb\u00e9m h\u00e1 uma expectativa de comercializa\u00e7\u00e3o via a Companhia Nacional de Abastecimento (Conab) e o Programa de Aquisi\u00e7\u00e3o de Alimentos (PAA). \u201cA previs\u00e3o \u00e9 chegar a comercializa\u00e7\u00e3o de 1 milh\u00e3o de reais este ano\u201d, projeta Alcemar.<\/p>\n<p>Para se tornar um produtor ou produtora associado da BioNatur, \u00e9 necess\u00e1rio\u00a0produzir de maneira agroecol\u00f3gica, em um sistema de produ\u00e7\u00e3o que n\u00e3o agride a natureza, nem os seres vivos, mas se alia e preserva a biodiversidade, sem o uso de agrot\u00f3xicos, livre de transg\u00eanicos ou h\u00edbridos e de insumos qu\u00edmicos. A colheita tamb\u00e9m deve ser manual e o armazenamento livre de contamina\u00e7\u00f5es qu\u00edmicas ou sint\u00e9ticas.<\/p>\n<figure>\n<figure><img loading=\"lazy\" decoding=\"async\" width=\"1024\" height=\"768\" data-id=\"260248\" src=\"https:\/\/redept.org\/blogosfera\/wp-content\/uploads\/2025\/01\/WhatsApp-Image-2024-01-11-at-08.42.12-1-1024x768-1.jpeg\" alt=\"\" srcset=\"https:\/\/redept.org\/blogosfera\/wp-content\/uploads\/2025\/01\/WhatsApp-Image-2024-01-11-at-08.42.12-1-1024x768-1.jpeg 1024w, https:\/\/mst.org.br\/wp-content\/uploads\/2024\/01\/WhatsApp-Image-2024-01-11-at-08.42.12-1-300x225.jpeg 300w, https:\/\/mst.org.br\/wp-content\/uploads\/2024\/01\/WhatsApp-Image-2024-01-11-at-08.42.12-1-768x576.jpeg 768w, https:\/\/mst.org.br\/wp-content\/uploads\/2024\/01\/WhatsApp-Image-2024-01-11-at-08.42.12-1-1536x1152.jpeg 1536w, https:\/\/mst.org.br\/wp-content\/uploads\/2024\/01\/WhatsApp-Image-2024-01-11-at-08.42.12-1.jpeg 1600w\" sizes=\"(max-width: 1024px) 100vw, 1024px\"><\/figure>\n<figure><img loading=\"lazy\" decoding=\"async\" width=\"1024\" height=\"577\" data-id=\"260249\" src=\"https:\/\/redept.org\/blogosfera\/wp-content\/uploads\/2025\/01\/WhatsApp-Image-2024-01-11-at-08.42.15-1024x577-1.jpeg\" alt=\"\" srcset=\"https:\/\/redept.org\/blogosfera\/wp-content\/uploads\/2025\/01\/WhatsApp-Image-2024-01-11-at-08.42.15-1024x577-1.jpeg 1024w, https:\/\/mst.org.br\/wp-content\/uploads\/2024\/01\/WhatsApp-Image-2024-01-11-at-08.42.15-300x169.jpeg 300w, https:\/\/mst.org.br\/wp-content\/uploads\/2024\/01\/WhatsApp-Image-2024-01-11-at-08.42.15-768x432.jpeg 768w, https:\/\/mst.org.br\/wp-content\/uploads\/2024\/01\/WhatsApp-Image-2024-01-11-at-08.42.15-1536x865.jpeg 1536w, https:\/\/mst.org.br\/wp-content\/uploads\/2024\/01\/WhatsApp-Image-2024-01-11-at-08.42.15.jpeg 1600w\" sizes=\"(max-width: 1024px) 100vw, 1024px\"><\/figure><figcaption><em>Fotos: Arquivo Bionatur<\/em><\/figcaption><\/figure>\n<p>A produ\u00e7\u00e3o de sementes passa por um processo de certifica\u00e7\u00e3o, realizado nos lotes, locais das produ\u00e7\u00f5es por meio de auditoria, feita pela Associa\u00e7\u00e3o de Certifica\u00e7\u00e3o Instituto Biodin\u00e2mico (IBD) em todas as safras, variando de tr\u00eas meses a seis meses, de acordo com o tipo de cultivo.<\/p>\n<h2>Hist\u00f3ria<\/h2>\n<p>A Rede BioNatur foi fundada em 17 de janeiro de 1997, por 12 fam\u00edlias assentadas na Reforma Agr\u00e1ria,\u00a0no munic\u00edpio de Candiota, no Rio Grande do Sul. Com o intuito de \u201cproduzir e comercializar sementes agroecol\u00f3gicas que possam ser cultivadas, multiplicadas, conservadas e melhoradas pelos agricultores que as adquirem, expressando seu potencial produtivo e sua capacidade de adapta\u00e7\u00e3o \u00e1s diferentes regi\u00f5es do Brasil\u201d, informa no seu site.<\/p>\n<p>A experi\u00eancia de produ\u00e7\u00e3o de alimento sem veneno e aditivos qu\u00edmicos avan\u00e7ou e hoje a BioNatur produz uma diversidade de sementes, que variam entre hortali\u00e7as, gr\u00e3os, forrageiras e plantas ornamentais.<\/p>\n<p><em>*Editado por Gustavo Marinho<\/em><\/p>\n<p>O post <a href=\"https:\/\/mst.org.br\/2025\/01\/17\/bionatur-celebra-aniversario-com-perspectiva-de-nacionalizacao\/\">BioNatur celebra anivers\u00e1rio com perspectiva de ampliar atua\u00e7\u00e3o e variedades de sementes<\/a> apareceu primeiro em <a href=\"https:\/\/mst.org.br\/\">MST<\/a>.<\/p>\n<!-- Begin Yuzo --><div class='yuzo_related_post style-1'  data-version='5.12.89'><!-- without result --><div class='yuzo_clearfixed yuzo__title yuzo__title'><h3>Related Post<\/h3><\/div>\n\t\t\t\t\t\t  <div class=\"relatedthumb \" style=\"width:125px;float:left;overflow:hidden;\">  \n\t\t\t\t\t\t\t  \n\t\t\t\t\t\t\t  <a  href=\"https:\/\/redept.com.br\/blogosfera\/governo-investe-r-98-bi-para-adaptar-o-sus-a-crise-climatica\/\"  >\n\t\t\t\t\t\t\t\t\t  <div class=\"yuzo-img-wrap \" style=\"width: 125px;height:90px;\">\n\t\t\t\t\t\t\t\t\t\t\n\t\t\t\t\t\t\t\t\t\t<div class=\"yuzo-img\" style=\"background:url('https:\/\/redept.com.br\/blogosfera\/wp-content\/uploads\/2025\/12\/Foto_Fernando-Frazao_Agencia-Brasil-150x150.jpg') 50% 50% no-repeat;width: 125px;height:90px;margin-bottom: 5px;background-size: cover; \"><\/div>\n\t\t\t\t\t\t\t\t\t  <\/div>\n\t\t\t\t\t\t\t\t\t  \n\t\t\t\t\t\t\t\t   <span class=\"yuzo__text--title\" style=\"font-size:13px;\">Governo investe R$ 9,8 bi para adaptar o SUS \u00e0 cri...<\/span>\n\t\t\t\t\t\t\t  \n\t\t\t\t\t\t\t  \n\t\t\t\t\t\t\t  <\/a>\n\n\t\t\t\t\t\t  <\/div>\n\t\t\t\t\t\t  <div class=\"relatedthumb \" style=\"width:125px;float:left;overflow:hidden;\">  \n\t\t\t\t\t\t\t  \n\t\t\t\t\t\t\t  <a  href=\"https:\/\/redept.com.br\/blogosfera\/eua-prometem-us-1-bilhao-a-colombia-apos-posse-de-espriella\/\"  >\n\t\t\t\t\t\t\t\t\t  <div class=\"yuzo-img-wrap \" style=\"width: 125px;height:90px;\">\n\t\t\t\t\t\t\t\t\t\t\n\t\t\t\t\t\t\t\t\t\t<div class=\"yuzo-img\" style=\"background:url('https:\/\/redept.com.br\/blogosfera\/wp-content\/uploads\/2026\/08\/colombian_president_abelardo_de_la_espriella-1-150x150.png') 50% 50% no-repeat;width: 125px;height:90px;margin-bottom: 5px;background-size: cover; \"><\/div>\n\t\t\t\t\t\t\t\t\t  <\/div>\n\t\t\t\t\t\t\t\t\t  \n\t\t\t\t\t\t\t\t   <span class=\"yuzo__text--title\" style=\"font-size:13px;\">EUA prometem US$ 1 bilh\u00e3o \u00e0 Col\u00f4mbia ap\u00f3s posse de...<\/span>\n\t\t\t\t\t\t\t  \n\t\t\t\t\t\t\t  \n\t\t\t\t\t\t\t  <\/a>\n\n\t\t\t\t\t\t  <\/div>\n\t\t\t\t\t\t  <div class=\"relatedthumb \" style=\"width:125px;float:left;overflow:hidden;\">  \n\t\t\t\t\t\t\t  \n\t\t\t\t\t\t\t  <a  href=\"https:\/\/sul21.com.br\/noticias\/economia\/2025\/11\/lula-sanciona-isencao-do-ir-para-quem-ganha-ate-r-5-mil\/\"  >\n\t\t\t\t\t\t\t\t\t  <div class=\"yuzo-img-wrap \" style=\"width: 125px;height:90px;\">\n\t\t\t\t\t\t\t\t\t\t\n\t\t\t\t\t\t\t\t\t\t<div class=\"yuzo-img\" style=\"background:url('https:\/\/agenciabrasil.ebc.com.br\/ebc.png?id=1669606&amp;o=node') 50% 50% no-repeat;width: 125px;height:90px;margin-bottom: 5px;background-size: cover; \"><\/div>\n\t\t\t\t\t\t\t\t\t  <\/div>\n\t\t\t\t\t\t\t\t\t  \n\t\t\t\t\t\t\t\t   <span class=\"yuzo__text--title\" style=\"font-size:13px;\">Lula sanciona isen\u00e7\u00e3o do IR para quem ganha at\u00e9 R$...<\/span>\n\t\t\t\t\t\t\t  \n\t\t\t\t\t\t\t  \n\t\t\t\t\t\t\t  <\/a>\n\n\t\t\t\t\t\t  <\/div>\n\t\t\t\t\t\t  <div class=\"relatedthumb \" style=\"width:125px;float:left;overflow:hidden;\">  \n\t\t\t\t\t\t\t  \n\t\t\t\t\t\t\t  <a  href=\"https:\/\/redept.com.br\/blogosfera\/transfobia-juridica-escritora-nao-binaria-tem-acesso-negado-a-mastectomia-masculinizadora\/\"  >\n\t\t\t\t\t\t\t\t\t  <div class=\"yuzo-img-wrap \" style=\"width: 125px;height:90px;\">\n\t\t\t\t\t\t\t\t\t\t\n\t\t\t\t\t\t\t\t\t\t<div class=\"yuzo-img\" style=\"background:url('https:\/\/redept.org\/blogosfera\/wp-content\/plugins\/yuzo-related-post\/assets\/images\/default.png') 50% 50% no-repeat;width: 125px;height:90px;margin-bottom: 5px;background-size: cover; \"><\/div>\n\t\t\t\t\t\t\t\t\t  <\/div>\n\t\t\t\t\t\t\t\t\t  \n\t\t\t\t\t\t\t\t   <span class=\"yuzo__text--title\" style=\"font-size:13px;\">Transfobia jur\u00eddica: escritora n\u00e3o bin\u00e1ria tem ace...<\/span>\n\t\t\t\t\t\t\t  \n\t\t\t\t\t\t\t  \n\t\t\t\t\t\t\t  <\/a>\n\n\t\t\t\t\t\t  <\/div>\n<\/div> <script>\n\t\t\t\t\t\t  jQuery(document).ready(function( $ ){\n\t\t\t\t\t\t\t\/\/jQuery('.yuzo_related_post').equalizer({ overflow : 'relatedthumb' });\n\t\t\t\t\t\t\tjQuery('.yuzo_related_post .yuzo_wraps').equalizer({ columns : '> div' });\n\t\t\t\t\t\t   })\n\t\t\t\t\t\t  <\/script> <!-- End Yuzo :) -->","protected":false},"excerpt":{"rendered":"<p>Cultivo de sementes agroecol\u00f3gicas ocorre em 18 assentamentos pelo Brasil, envolvendo mais 350 fam\u00edlias produtoras. Foto: Leandro Molina Por Solange EngelmannDa P\u00e1gina do MST Atuar como um banco vivo de sementes agroecol\u00f3gicas, garantindo a produ\u00e7\u00e3o de sementes de alimentos, como hortali\u00e7as, al\u00e9m de forrageiras, flores e \u00e1rvores para as \u00e1reas de Reforma Agr\u00e1ria em todo [&hellip;]<\/p>\n","protected":false},"author":2,"featured_media":10830,"comment_status":"open","ping_status":"closed","sticky":false,"template":"","format":"standard","meta":{"fifu_image_url":"","fifu_image_alt":"","footnotes":""},"categories":[306,1806,346,348,191,200,1808],"tags":[],"class_list":["post-10829","post","type-post","status-publish","format-standard","has-post-thumbnail","hentry","category-agroecologia","category-bionatur","category-efemeride","category-efemerides","category-noticias","category-reforma-agraria-popular","category-sementes-agroecologicas"],"_links":{"self":[{"href":"https:\/\/redept.com.br\/blogosfera\/wp-json\/wp\/v2\/posts\/10829","targetHints":{"allow":["GET"]}}],"collection":[{"href":"https:\/\/redept.com.br\/blogosfera\/wp-json\/wp\/v2\/posts"}],"about":[{"href":"https:\/\/redept.com.br\/blogosfera\/wp-json\/wp\/v2\/types\/post"}],"author":[{"embeddable":true,"href":"https:\/\/redept.com.br\/blogosfera\/wp-json\/wp\/v2\/users\/2"}],"replies":[{"embeddable":true,"href":"https:\/\/redept.com.br\/blogosfera\/wp-json\/wp\/v2\/comments?post=10829"}],"version-history":[{"count":0,"href":"https:\/\/redept.com.br\/blogosfera\/wp-json\/wp\/v2\/posts\/10829\/revisions"}],"wp:featuredmedia":[{"embeddable":true,"href":"https:\/\/redept.com.br\/blogosfera\/wp-json\/wp\/v2\/media\/10830"}],"wp:attachment":[{"href":"https:\/\/redept.com.br\/blogosfera\/wp-json\/wp\/v2\/media?parent=10829"}],"wp:term":[{"taxonomy":"category","embeddable":true,"href":"https:\/\/redept.com.br\/blogosfera\/wp-json\/wp\/v2\/categories?post=10829"},{"taxonomy":"post_tag","embeddable":true,"href":"https:\/\/redept.com.br\/blogosfera\/wp-json\/wp\/v2\/tags?post=10829"}],"curies":[{"name":"wp","href":"https:\/\/api.w.org\/{rel}","templated":true}]}}