{"id":11125,"date":"2025-01-21T15:41:02","date_gmt":"2025-01-21T18:41:02","guid":{"rendered":"https:\/\/redept.org\/blogosfera\/embaixador-andre-do-lago-e-escolhido-para-presidir-a-cop30-em-belem\/"},"modified":"2025-01-21T15:41:02","modified_gmt":"2025-01-21T18:41:02","slug":"embaixador-andre-do-lago-e-escolhido-para-presidir-a-cop30-em-belem","status":"publish","type":"post","link":"https:\/\/redept.com.br\/blogosfera\/embaixador-andre-do-lago-e-escolhido-para-presidir-a-cop30-em-belem\/","title":{"rendered":"Embaixador Andr\u00e9 do Lago \u00e9 escolhido para presidir a COP30, em Bel\u00e9m"},"content":{"rendered":"<p><img fetchpriority=\"high\" width=\"1024\" height=\"572\"src=\"https:\/\/redept.org\/blogosfera\/wp-content\/uploads\/2025\/01\/Gh1RHLcX0AA6Ngn-2048x1144-1.jpg\" alt=\"\" decoding=\"async\" srcset=\"https:\/\/vermelho.org.br\/wp-content\/uploads\/2025\/01\/Gh1RHLcX0AA6Ngn-1024x572.jpg 1024w, https:\/\/vermelho.org.br\/wp-content\/uploads\/2025\/01\/Gh1RHLcX0AA6Ngn-300x168.jpg 300w, https:\/\/vermelho.org.br\/wp-content\/uploads\/2025\/01\/Gh1RHLcX0AA6Ngn-768x429.jpg 768w, https:\/\/vermelho.org.br\/wp-content\/uploads\/2025\/01\/Gh1RHLcX0AA6Ngn-1536x858.jpg 1536w, https:\/\/redept.org\/blogosfera\/wp-content\/uploads\/2025\/01\/Gh1RHLcX0AA6Ngn-2048x1144-1.jpg 2048w, https:\/\/vermelho.org.br\/wp-content\/uploads\/2025\/01\/Gh1RHLcX0AA6Ngn-219x121.jpg 219w\" sizes=\"(max-width: 1024px) 100vw, 1024px\"><\/p>\n<p>Nesta ter\u00e7a-feira (21), o embaixador Andr\u00e9 Aranha Corr\u00eaa do Lago teve seu nome confirmado como presidente da<a href=\"https:\/\/vermelho.org.br\/2023\/06\/17\/lula-anuncia-belem-como-sede-da-cop30-em-2025-veja-video\/\"> 30\u00aa Confer\u00eancia das Na\u00e7\u00f5es Unidas sobre Mudan\u00e7a do Clima (COP30)<\/a>, que ocorre em novembro desse ano em Bel\u00e9m, capital do Par\u00e1.<\/p>\n<p>Atualmente no posto de secret\u00e1rio de Clima, Energia e Meio Ambiente do Minist\u00e9rio das Rela\u00e7\u00f5es Exteriores, Lago agradeceu a oportunidade: \u201cVamos juntos conseguir fazer uma COP que ser\u00e1 lembrada com entusiasmo\u201d. Al\u00e9m dele, Ana Toni, atual secret\u00e1ria Nacional de Mudan\u00e7a do Clima do Minist\u00e9rio do Meio Ambiente, foi nomeada diretora executiva da COP30.<\/p>\n<p>O an\u00fancio ocorreu ap\u00f3s reuni\u00e3o do presidente Lula com ministros Rui Costa (Casa Civil), Marina Silva (Meio Ambiente), Sid\u00f4nio Palmeira (Secom), Maria Laura da Rocha (substituta do Minist\u00e9rio das Rela\u00e7\u00f5es Exteriores), al\u00e9m de Miriam Belchior (secret\u00e1ria-executiva da Casa Civil) e Celso Amorim (assessor-Chefe da Assessoria Especial do Presidente da Rep\u00fablica).<\/p>\n<p><strong>Leia mais: <\/strong><a href=\"https:\/\/vermelho.org.br\/2024\/12\/26\/brasil-lidera-brics-em-2025-com-foco-em-clima-ia-e-expansao-do-grupo\/\">Brasil lidera Brics em 2025 com foco em clima, IA e expans\u00e3o<\/a><\/p>\n<p>Em nota, o Minist\u00e9rio das Rela\u00e7\u00f5es Exteriores destaca que o embaixador \u00e9 um \u201cexperiente negociador do regime de clima\u201d e que sua nomea\u00e7\u00e3o para presidir a COP30 \u201creflete o compromisso do Brasil com a agenda global de desenvolvimento sustent\u00e1vel e refor\u00e7a a lideran\u00e7a do pa\u00eds nas negocia\u00e7\u00f5es clim\u00e1ticas internacionais\u201d.<\/p>\n<p>Com forma\u00e7\u00e3o em economia pela Universidade Federal do Rio de Janeiro (1981), Andr\u00e9 Corr\u00eaa do Lago entrou na carreira diplom\u00e1tica em 1982, onde assumiu cargos no Brasil e no exterior (Madri, Praga, Washington e Buenos Aires e na Miss\u00e3o junto \u00e0 Uni\u00e3o Europeia, em Bruxelas), sendo embaixador no Jap\u00e3o (2013-2018) e na \u00cdndia (2018-2023). Foi negociador do Brasil em diversas confer\u00eancias ambientais, incluindo a Rio+20, em 2012. Em 2023, assumiu o cargo de Secret\u00e1rio de Clima do Itamaraty, ocupando a miss\u00e3o de ser o negociador-chefe da delega\u00e7\u00e3o brasileira na COP28 (Dubai, EAU) e na COP29 (Baku, Azerbaij\u00e3o) da Conven\u00e7\u00e3o-Quadro das Na\u00e7\u00f5es Unidas sobre Mudan\u00e7as Clim\u00e1ticas.<\/p>\n<p>Por sua vez, Ana Toni \u00e9 economista e doutora em Ci\u00eancia Pol\u00edtica e j\u00e1 ocupou os seguintes cargos: diretora Executiva do Instituto Clima e Sociedade \u2013 iCS (2015-2022), Presidente de Conselho do Greenpeace Internacional (2010 a 2017), diretora da Funda\u00e7\u00e3o Ford no Brasil (2003-2011) e da ActionAid Brasil (1998-2002).<\/p>\n<p><strong>COP30\u00a0no Brasil<\/strong><\/p>\n<p>O maior evento mundial para debater as mudan\u00e7as clim\u00e1ticas chega na sua 30\u00aa edi\u00e7\u00e3o, sendo que ser\u00e1 realizado pela primeira vez na Amaz\u00f4nia. No encontro, l\u00edderes mundiais junto a pesquisadores e organiza\u00e7\u00f5es n\u00e3o governamentais debatem as consequ\u00eancias para o planeta do aquecimento global e estipulam compromissos e a\u00e7\u00f5es para reverter o atual cen\u00e1rio.<\/p>\n<p>Para o Brasil, recepcionar o evento \u00e9 uma oportunidade \u00edmpar para estar entre os l\u00edderes da transi\u00e7\u00e3o energ\u00e9tica, com a finalidade de reduzir, ou mesmo zerar, emiss\u00f5es de gases poluentes como o di\u00f3xido de carbono, causadores do efeito estufa, entre outros temas.<\/p>\n<p>Como desafios atuais que o presidente da COP30 ter\u00e1 junto com o governo do Par\u00e1 e o governo federal est\u00e1 a organiza\u00e7\u00e3o para receber tantos visitantes. A estimativa \u00e9 de um p\u00fabico que circule pela cidade de 40 mil pessoas. A preocupa\u00e7\u00e3o \u00e9 como atender essa demanda com hot\u00e9is, transporte e alimenta\u00e7\u00e3o.<\/p>\n<p><strong>Leia mais: <\/strong><a href=\"https:\/\/vermelho.org.br\/2024\/11\/12\/na-cop-29-alckmin-diz-que-nova-meta-do-brasil-e-ambiciosa-mas-factivel\/\">COP 29: Alckmin diz que nova meta do Brasil \u00e9 \u201cambiciosa, mas fact\u00edvel\u201d<\/a><\/p>\n<p>J\u00e1 para os acordos que ser\u00e3o debatidos, como metas clim\u00e1ticas, o embaixador Andr\u00e9 Corr\u00eaa do Lago dever\u00e1 costurar bem a realiza\u00e7\u00e3o do evento para dar conta de representar a expectativa criada. Com ventos contr\u00e1rios ap\u00f3s a elei\u00e7\u00e3o de Donald Trump, o tema ambiental dever\u00e1 sofrer ataques durante o ano, com os Estados Unidos encabe\u00e7ando o negacionismo clim\u00e1tico. <a href=\"https:\/\/vermelho.org.br\/2025\/01\/21\/trump-inicia-mandato-ampliando-ataques-a-direitos-humanos-e-ao-clima\/\">Trump j\u00e1 anunciou a retirada de seus pa\u00eds do Acordo Clim\u00e1tico de Paris<\/a> e quer reunir outros pa\u00edses sob sua lideran\u00e7a. Caber\u00e1, entre as tarefas de Lago, n\u00e3o deixar a COP30 ser esvaziada e, sobretudo, que ofere\u00e7a propostas reais e adequadas aos desafios que j\u00e1 s\u00e3o reais.<\/p>\n<p>Portanto, o que se espera da COP 30 no Brasil \u00e9 uma revis\u00e3o do p\u00edfio valor acordado para o Fundo Clim\u00e1tico destinado aos pa\u00edses pobres que foi decidido na COP 29, em Baku, Azerbaij\u00e3o (2024), al\u00e9m de revis\u00f5es da Contribui\u00e7\u00f5es Nacionalmente Determinadas (NDCs).<\/p>\n<p>No primeiro caso, enquanto os ambientalistas esperavam uma maior contribui\u00e7\u00e3o dos l\u00edderes mundiais, o Fundo Clim\u00e1tico ficou definido em uma ajuda anual de US$ 300 bilh\u00f5es, at\u00e9 2035. Era esperado um valor mais do que tr\u00eas vezes maior: cerca de US$ 1,3 trilh\u00e3o.<\/p>\n<p>Al\u00e9m disso, n\u00e3o ocorreu mudan\u00e7as significativas nas NDCs apresentadas pelos pa\u00edses com a<a href=\"https:\/\/vermelho.org.br\/2025\/01\/10\/2024-o-ano-mais-quente-da-historia-ultrapassa-limite-critico-de-15c\/\"> finalidade de manter o limite de aquecimento de 1,5\u00b0C previsto no Acordo de Paris<\/a>. Eram esperadas metas mais ousadas e robustas, no entanto, esse debate ficou para ser realizado no Brasil em 2025.<\/p>\n<p>O post <a href=\"https:\/\/vermelho.org.br\/2025\/01\/21\/embaixador-andre-do-lago-e-escolhido-para-presidir-a-cop30-em-belem\/\">Embaixador Andr\u00e9 do Lago \u00e9 escolhido para presidir a COP30, em Bel\u00e9m<\/a> apareceu primeiro em <a href=\"https:\/\/vermelho.org.br\/\">Vermelho<\/a>.<\/p>\n<!-- Begin Yuzo --><div class='yuzo_related_post style-1'  data-version='5.12.89'><!-- without result --><div class='yuzo_clearfixed yuzo__title yuzo__title'><h3>Related Post<\/h3><\/div>\n\t\t\t\t\t\t  <div class=\"relatedthumb \" style=\"width:125px;float:left;overflow:hidden;\">  \n\t\t\t\t\t\t\t  \n\t\t\t\t\t\t\t  <a  href=\"https:\/\/redept.com.br\/blogosfera\/lula-quem-manda-nesse-pais-e-o-povo-brasileiro\/\"  >\n\t\t\t\t\t\t\t\t\t  <div class=\"yuzo-img-wrap \" style=\"width: 125px;height:90px;\">\n\t\t\t\t\t\t\t\t\t\t\n\t\t\t\t\t\t\t\t\t\t<div class=\"yuzo-img\" style=\"background:url('https:\/\/redept.com.br\/blogosfera\/wp-content\/uploads\/2025\/07\/1f91d-1.png') 50% 50% no-repeat;width: 125px;height:90px;margin-bottom: 5px;background-size: cover; \"><\/div>\n\t\t\t\t\t\t\t\t\t  <\/div>\n\t\t\t\t\t\t\t\t\t  \n\t\t\t\t\t\t\t\t   <span class=\"yuzo__text--title\" style=\"font-size:13px;\">Lula: \u201cQuem manda nesse pa\u00eds \u00e9 o povo brasileiro\u201d...<\/span>\n\t\t\t\t\t\t\t  \n\t\t\t\t\t\t\t  \n\t\t\t\t\t\t\t  <\/a>\n\n\t\t\t\t\t\t  <\/div>\n\t\t\t\t\t\t  <div class=\"relatedthumb \" style=\"width:125px;float:left;overflow:hidden;\">  \n\t\t\t\t\t\t\t  \n\t\t\t\t\t\t\t  <a  href=\"https:\/\/redept.com.br\/blogosfera\/stf-retoma-julgamento-sobre-acao-da-pm-que-deixou-cego-fotografo-da-fpa\/\"  >\n\t\t\t\t\t\t\t\t\t  <div class=\"yuzo-img-wrap \" style=\"width: 125px;height:90px;\">\n\t\t\t\t\t\t\t\t\t\t\n\t\t\t\t\t\t\t\t\t\t<div class=\"yuzo-img\" style=\"background:url('https:\/\/redept.org\/blogosfera\/wp-content\/plugins\/yuzo-related-post\/assets\/images\/default.png') 50% 50% no-repeat;width: 125px;height:90px;margin-bottom: 5px;background-size: cover; \"><\/div>\n\t\t\t\t\t\t\t\t\t  <\/div>\n\t\t\t\t\t\t\t\t\t  \n\t\t\t\t\t\t\t\t   <span class=\"yuzo__text--title\" style=\"font-size:13px;\">STF retoma julgamento sobre a\u00e7\u00e3o da PM que deixou ...<\/span>\n\t\t\t\t\t\t\t  \n\t\t\t\t\t\t\t  \n\t\t\t\t\t\t\t  <\/a>\n\n\t\t\t\t\t\t  <\/div>\n\t\t\t\t\t\t  <div class=\"relatedthumb \" style=\"width:125px;float:left;overflow:hidden;\">  \n\t\t\t\t\t\t\t  \n\t\t\t\t\t\t\t  <a  href=\"https:\/\/redept.com.br\/blogosfera\/pp-quer-diminuir-taxacao-de-dividendos-e-aumentar-cobranca-de-bancos-para-compensar-isencao-de-ir\/\"  >\n\t\t\t\t\t\t\t\t\t  <div class=\"yuzo-img-wrap \" style=\"width: 125px;height:90px;\">\n\t\t\t\t\t\t\t\t\t\t\n\t\t\t\t\t\t\t\t\t\t<div class=\"yuzo-img\" style=\"background:url('https:\/\/redept.org\/blogosfera\/wp-content\/plugins\/yuzo-related-post\/assets\/images\/default.png') 50% 50% no-repeat;width: 125px;height:90px;margin-bottom: 5px;background-size: cover; \"><\/div>\n\t\t\t\t\t\t\t\t\t  <\/div>\n\t\t\t\t\t\t\t\t\t  \n\t\t\t\t\t\t\t\t   <span class=\"yuzo__text--title\" style=\"font-size:13px;\">PP quer diminuir taxa\u00e7\u00e3o de dividendos e aumentar ...<\/span>\n\t\t\t\t\t\t\t  \n\t\t\t\t\t\t\t  \n\t\t\t\t\t\t\t  <\/a>\n\n\t\t\t\t\t\t  <\/div>\n\t\t\t\t\t\t  <div class=\"relatedthumb \" style=\"width:125px;float:left;overflow:hidden;\">  \n\t\t\t\t\t\t\t  \n\t\t\t\t\t\t\t  <a  href=\"https:\/\/redept.com.br\/blogosfera\/trabalho-de-vander-garante-forte-presenca-do-governo-lula-em-ms\/\"  >\n\t\t\t\t\t\t\t\t\t  <div class=\"yuzo-img-wrap \" style=\"width: 125px;height:90px;\">\n\t\t\t\t\t\t\t\t\t\t\n\t\t\t\t\t\t\t\t\t\t<div class=\"yuzo-img\" style=\"background:url('https:\/\/redept.org\/blogosfera\/wp-content\/plugins\/yuzo-related-post\/assets\/images\/default.png') 50% 50% no-repeat;width: 125px;height:90px;margin-bottom: 5px;background-size: cover; \"><\/div>\n\t\t\t\t\t\t\t\t\t  <\/div>\n\t\t\t\t\t\t\t\t\t  \n\t\t\t\t\t\t\t\t   <span class=\"yuzo__text--title\" style=\"font-size:13px;\">Trabalho de Vander garante forte presen\u00e7a do Gover...<\/span>\n\t\t\t\t\t\t\t  \n\t\t\t\t\t\t\t  \n\t\t\t\t\t\t\t  <\/a>\n\n\t\t\t\t\t\t  <\/div>\n<\/div> <script>\n\t\t\t\t\t\t  jQuery(document).ready(function( $ ){\n\t\t\t\t\t\t\t\/\/jQuery('.yuzo_related_post').equalizer({ overflow : 'relatedthumb' });\n\t\t\t\t\t\t\tjQuery('.yuzo_related_post .yuzo_wraps').equalizer({ columns : '> div' });\n\t\t\t\t\t\t   })\n\t\t\t\t\t\t  <\/script> <!-- End Yuzo :) -->","protected":false},"excerpt":{"rendered":"<p>Nesta ter\u00e7a-feira (21), o embaixador Andr\u00e9 Aranha Corr\u00eaa do Lago teve seu nome confirmado como presidente da 30\u00aa Confer\u00eancia das Na\u00e7\u00f5es Unidas sobre Mudan\u00e7a do Clima (COP30), que ocorre em novembro desse ano em Bel\u00e9m, capital do Par\u00e1. Atualmente no posto de secret\u00e1rio de Clima, Energia e Meio Ambiente do Minist\u00e9rio das Rela\u00e7\u00f5es Exteriores, Lago [&hellip;]<\/p>\n","protected":false},"author":2,"featured_media":11126,"comment_status":"closed","ping_status":"closed","sticky":false,"template":"","format":"standard","meta":{"fifu_image_url":"","fifu_image_alt":"","footnotes":""},"categories":[3293,3294,568,112,18],"tags":[],"class_list":["post-11125","post","type-post","status-publish","format-standard","has-post-thumbnail","hentry","category-andre-correa-do-lago","category-cop-30-em-belem","category-cop-30","category-lula","category-meio-ambiente"],"_links":{"self":[{"href":"https:\/\/redept.com.br\/blogosfera\/wp-json\/wp\/v2\/posts\/11125","targetHints":{"allow":["GET"]}}],"collection":[{"href":"https:\/\/redept.com.br\/blogosfera\/wp-json\/wp\/v2\/posts"}],"about":[{"href":"https:\/\/redept.com.br\/blogosfera\/wp-json\/wp\/v2\/types\/post"}],"author":[{"embeddable":true,"href":"https:\/\/redept.com.br\/blogosfera\/wp-json\/wp\/v2\/users\/2"}],"replies":[{"embeddable":true,"href":"https:\/\/redept.com.br\/blogosfera\/wp-json\/wp\/v2\/comments?post=11125"}],"version-history":[{"count":0,"href":"https:\/\/redept.com.br\/blogosfera\/wp-json\/wp\/v2\/posts\/11125\/revisions"}],"wp:featuredmedia":[{"embeddable":true,"href":"https:\/\/redept.com.br\/blogosfera\/wp-json\/wp\/v2\/media\/11126"}],"wp:attachment":[{"href":"https:\/\/redept.com.br\/blogosfera\/wp-json\/wp\/v2\/media?parent=11125"}],"wp:term":[{"taxonomy":"category","embeddable":true,"href":"https:\/\/redept.com.br\/blogosfera\/wp-json\/wp\/v2\/categories?post=11125"},{"taxonomy":"post_tag","embeddable":true,"href":"https:\/\/redept.com.br\/blogosfera\/wp-json\/wp\/v2\/tags?post=11125"}],"curies":[{"name":"wp","href":"https:\/\/api.w.org\/{rel}","templated":true}]}}