{"id":11384,"date":"2025-01-24T14:44:37","date_gmt":"2025-01-24T17:44:37","guid":{"rendered":"https:\/\/redept.org\/blogosfera\/inflacao-em-desaceleracao-mas-ainda-com-impacto-da-alta-dos-alimentos\/"},"modified":"2025-01-24T14:44:37","modified_gmt":"2025-01-24T17:44:37","slug":"inflacao-em-desaceleracao-mas-ainda-com-impacto-da-alta-dos-alimentos","status":"publish","type":"post","link":"https:\/\/redept.com.br\/blogosfera\/inflacao-em-desaceleracao-mas-ainda-com-impacto-da-alta-dos-alimentos\/","title":{"rendered":"Infla\u00e7\u00e3o em desacelera\u00e7\u00e3o, mas ainda com impacto da alta dos alimentos"},"content":{"rendered":"<p><img loading=\"lazy\" width=\"691\" height=\"459\"src=\"https:\/\/redept.org\/blogosfera\/wp-content\/uploads\/2025\/01\/Captura-de-Tela-2025-01-24-as-14.40.32.png\" alt=\"\" decoding=\"async\" loading=\"lazy\" srcset=\"https:\/\/redept.org\/blogosfera\/wp-content\/uploads\/2025\/01\/Captura-de-Tela-2025-01-24-as-14.40.32.png 691w, https:\/\/vermelho.org.br\/wp-content\/uploads\/2025\/01\/Captura-de-Tela-2025-01-24-as-14.40.32-300x199.png 300w, https:\/\/vermelho.org.br\/wp-content\/uploads\/2025\/01\/Captura-de-Tela-2025-01-24-as-14.40.32-272x182.png 272w\" sizes=\"auto, (max-width: 691px) 100vw, 691px\"><\/p>\n<p>A pr\u00e9via da infla\u00e7\u00e3o oficial no Brasil, medida pelo \u00cdndice Nacional de Pre\u00e7os ao Consumidor Amplo 15 (<strong>IPCA-15<\/strong>), trouxe um al\u00edvio parcial ao retornar ao teto da margem de toler\u00e2ncia estabelecida pelo Conselho Monet\u00e1rio Nacional (<strong>CMN<\/strong>) em janeiro de 2025. No acumulado de 12 meses, o indicador desacelerou de 4,71% em dezembro para <strong>4,50%<\/strong>, conforme dados divulgados pelo Instituto Brasileiro de Geografia e Estat\u00edstica (<strong>IBGE<\/strong>) nesta sexta-feira (24). Apesar disso, o resultado mensal de <strong>0,11%<\/strong> superou as expectativas do mercado, que projetava leve defla\u00e7\u00e3o devido ao al\u00edvio pontual nas contas de luz com o desconto do b\u00f4nus de Itaipu.<\/p>\n<p>Embora o retorno ao teto da meta seja positivo, analistas apontam que os n\u00fameros do IPCA-15 em janeiro trazem sinais preocupantes. O \u201c<strong>n\u00facleo da infla\u00e7\u00e3o<\/strong>\u201d \u2014 indicador que exclui itens vol\u00e1teis como alimentos e combust\u00edveis \u2014 teve alta de <strong>0,67%<\/strong>, a maior desde fevereiro de 2023. No acumulado em 12 meses, o n\u00facleo chegou a <strong>4,43%<\/strong>, refor\u00e7ando a preocupa\u00e7\u00e3o com uma infla\u00e7\u00e3o de demanda, corroborada pelo comportamento da infla\u00e7\u00e3o de servi\u00e7os.<\/p>\n<p><strong>Alimentos pressionam a infla\u00e7\u00e3o<\/strong><\/p>\n<p>Dos nove grupos de produtos e servi\u00e7os pesquisados pelo IBGE, oito apresentaram alta em janeiro. O grupo <strong>alimenta\u00e7\u00e3o e bebidas<\/strong> liderou as varia\u00e7\u00f5es, com aumento de <strong>1,06%<\/strong>, contribuindo com 0,23 ponto percentual para o IPCA-15. Entre os produtos, o <strong>tomate<\/strong> registrou eleva\u00e7\u00e3o de <strong>17,12%<\/strong>, enquanto o <strong>caf\u00e9 mo\u00eddo<\/strong> subiu <strong>7,07%<\/strong>. Esses itens, essenciais no or\u00e7amento das fam\u00edlias, seguem como os principais vil\u00f5es da infla\u00e7\u00e3o.<\/p>\n<p>A press\u00e3o inflacion\u00e1ria sobre alimentos levou o presidente <strong>Luiz In\u00e1cio Lula da Silva<\/strong> a convocar uma reuni\u00e3o com ministros para discutir medidas que possam conter os pre\u00e7os dos g\u00eaneros aliment\u00edcios. Entre as estrat\u00e9gias cogitadas est\u00e3o o fortalecimento da produ\u00e7\u00e3o local e poss\u00edveis subs\u00eddios para cadeias espec\u00edficas de alimentos.<\/p>\n<p><strong>Proje\u00e7\u00f5es de mercado e desafios para o BC<\/strong><\/p>\n<p>Apesar da tr\u00e9gua moment\u00e2nea, o mercado financeiro manteve um tom pessimista em rela\u00e7\u00e3o ao cumprimento da meta de infla\u00e7\u00e3o em 2025. De acordo com o <strong>Boletim Focus<\/strong> divulgado pelo Banco Central (<strong>BC<\/strong>) na \u00faltima segunda-feira (20), a estimativa para o \u00edndice oficial de pre\u00e7os ao fim de 2025 subiu para <strong>5,08%<\/strong>, marcando a 14\u00aa semana consecutiva de revis\u00f5es para cima.<\/p>\n<p>Entre os fatores que pressionam a infla\u00e7\u00e3o est\u00e3o a <strong>valoriza\u00e7\u00e3o do d\u00f3lar<\/strong> e o aquecimento da <strong>atividade econ\u00f4mica<\/strong>, impulsionado por medidas fiscais de est\u00edmulo. Para analistas, o aumento das proje\u00e7\u00f5es indica um cen\u00e1rio mais desafiador para o BC, que passa a operar sob o novo regime de metas cont\u00ednuas.<\/p>\n<p><strong>Novo regime de metas cont\u00ednuas<\/strong><\/p>\n<p>Em 2025, o Banco Central come\u00e7a a perseguir a meta de infla\u00e7\u00e3o de maneira cont\u00ednua, abandonando o modelo de ano-calend\u00e1rio (janeiro a dezembro). Pelo novo sistema, a meta \u00e9 considerada descumprida caso o \u00edndice acumulado em 12 meses permane\u00e7a fora do intervalo de toler\u00e2ncia (1,5% a 4,5%) por seis meses consecutivos.<\/p>\n<p>Esse modelo traz maior flexibilidade ao monitoramento da infla\u00e7\u00e3o, mas tamb\u00e9m pode elevar a press\u00e3o sobre o BC para comunicar de forma clara suas a\u00e7\u00f5es. Em dezembro de 2024, o \u00edndice oficial fechou em <strong>4,83%<\/strong>, acima do teto da meta, e a continuidade de fatores inflacion\u00e1rios pode dificultar o cumprimento do novo regime.<\/p>\n<p><strong>Perspectivas para a pol\u00edtica monet\u00e1ria<\/strong><\/p>\n<p>A pr\u00f3xima reuni\u00e3o do Comit\u00ea de Pol\u00edtica Monet\u00e1ria (<strong>Copom<\/strong>), marcada para a pr\u00f3xima quarta-feira, ser\u00e1 essencial para definir os rumos da taxa Selic. Em dezembro, o Copom j\u00e1 havia sinalizado novas eleva\u00e7\u00f5es, com a possibilidade de ajustes de 1 ponto percentual em janeiro e mar\u00e7o.<\/p>\n<p>Embora o resultado do IPCA-15 n\u00e3o altere significativamente as expectativas do mercado, a alta do n\u00facleo da infla\u00e7\u00e3o e a persist\u00eancia de press\u00f5es de demanda podem servir de argumento a uma atua\u00e7\u00e3o mais contundente do BC, que ignora as press\u00f5es do governo para ceder ao mercado financeiro altas taxas de juros.<\/p>\n<p>O retorno do IPCA-15 ao teto da meta de infla\u00e7\u00e3o \u00e9 um sinal positivo, mas n\u00e3o suficiente para dissipar as preocupa\u00e7\u00f5es com a din\u00e2mica de pre\u00e7os no Brasil. A combina\u00e7\u00e3o de press\u00f5es sobre alimentos, alta do n\u00facleo da infla\u00e7\u00e3o e proje\u00e7\u00f5es de mercado mais elevadas aponta para um ano de desafios para o Banco Central e para a gest\u00e3o econ\u00f4mica do governo. A capacidade de articula\u00e7\u00e3o entre pol\u00edtica monet\u00e1ria e fiscal ser\u00e1 fundamental para garantir o controle da infla\u00e7\u00e3o e o retorno \u00e0 estabilidade econ\u00f4mica.<\/p>\n<p>O post <a href=\"https:\/\/vermelho.org.br\/2025\/01\/24\/inflacao-em-desaceleracao-desafios-para-2025-e-o-impacto-da-alta-dos-alimentos\/\">Infla\u00e7\u00e3o em desacelera\u00e7\u00e3o, mas ainda com impacto da alta dos alimentos<\/a> apareceu primeiro em <a href=\"https:\/\/vermelho.org.br\/\">Vermelho<\/a>.<\/p>\n<!-- Begin Yuzo --><div class='yuzo_related_post style-1'  data-version='5.12.89'><!-- without result --><div class='yuzo_clearfixed yuzo__title yuzo__title'><h3>Related Post<\/h3><\/div>\n\t\t\t\t\t\t  <div class=\"relatedthumb \" style=\"width:125px;float:left;overflow:hidden;\">  \n\t\t\t\t\t\t\t  \n\t\t\t\t\t\t\t  <a  href=\"https:\/\/redept.com.br\/blogosfera\/da-hipocrisia-ao-ataque-traicoeiro\/\"  >\n\t\t\t\t\t\t\t\t\t  <div class=\"yuzo-img-wrap \" style=\"width: 125px;height:90px;\">\n\t\t\t\t\t\t\t\t\t\t\n\t\t\t\t\t\t\t\t\t\t<div class=\"yuzo-img\" style=\"background:url('https:\/\/redept.org\/blogosfera\/wp-content\/plugins\/yuzo-related-post\/assets\/images\/default.png') 50% 50% no-repeat;width: 125px;height:90px;margin-bottom: 5px;background-size: cover; \"><\/div>\n\t\t\t\t\t\t\t\t\t  <\/div>\n\t\t\t\t\t\t\t\t\t  \n\t\t\t\t\t\t\t\t   <span class=\"yuzo__text--title\" style=\"font-size:13px;\">Da hipocrisia ao ataque trai\u00e7oeiro<\/span>\n\t\t\t\t\t\t\t  \n\t\t\t\t\t\t\t  \n\t\t\t\t\t\t\t  <\/a>\n\n\t\t\t\t\t\t  <\/div>\n\t\t\t\t\t\t  <div class=\"relatedthumb \" style=\"width:125px;float:left;overflow:hidden;\">  \n\t\t\t\t\t\t\t  \n\t\t\t\t\t\t\t  <a  href=\"https:\/\/redept.com.br\/blogosfera\/na-vespera-do-dia-das-maes-mulheres-protestam-contra-a-fome-e-o-fim-da-escala-6x1-em-supermercado-de-sp\/\"  >\n\t\t\t\t\t\t\t\t\t  <div class=\"yuzo-img-wrap \" style=\"width: 125px;height:90px;\">\n\t\t\t\t\t\t\t\t\t\t\n\t\t\t\t\t\t\t\t\t\t<div class=\"yuzo-img\" style=\"background:url('https:\/\/redept.com.br\/blogosfera\/wp-content\/uploads\/2025\/05\/bdf-20250510-163209-98bbc6-2048x1366-1-150x150.jpg') 50% 50% no-repeat;width: 125px;height:90px;margin-bottom: 5px;background-size: cover; \"><\/div>\n\t\t\t\t\t\t\t\t\t  <\/div>\n\t\t\t\t\t\t\t\t\t  \n\t\t\t\t\t\t\t\t   <span class=\"yuzo__text--title\" style=\"font-size:13px;\">Na v\u00e9spera do Dia das M\u00e3es, mulheres protestam con...<\/span>\n\t\t\t\t\t\t\t  \n\t\t\t\t\t\t\t  \n\t\t\t\t\t\t\t  <\/a>\n\n\t\t\t\t\t\t  <\/div>\n\t\t\t\t\t\t  <div class=\"relatedthumb \" style=\"width:125px;float:left;overflow:hidden;\">  \n\t\t\t\t\t\t\t  \n\t\t\t\t\t\t\t  <a  href=\"https:\/\/sul21.com.br\/opiniao\/2025\/10\/portos-do-litoral-norte-a-criacao-destrutiva-por-antonio-l-philomena\/\"  >\n\t\t\t\t\t\t\t\t\t  <div class=\"yuzo-img-wrap \" style=\"width: 125px;height:90px;\">\n\t\t\t\t\t\t\t\t\t\t\n\t\t\t\t\t\t\t\t\t\t<div class=\"yuzo-img\" style=\"background:url('https:\/\/redept.org\/blogosfera\/wp-content\/plugins\/yuzo-related-post\/assets\/images\/default.png') 50% 50% no-repeat;width: 125px;height:90px;margin-bottom: 5px;background-size: cover; \"><\/div>\n\t\t\t\t\t\t\t\t\t  <\/div>\n\t\t\t\t\t\t\t\t\t  \n\t\t\t\t\t\t\t\t   <span class=\"yuzo__text--title\" style=\"font-size:13px;\">Portos do Litoral Norte: A cria\u00e7\u00e3o destrutiva (por...<\/span>\n\t\t\t\t\t\t\t  \n\t\t\t\t\t\t\t  \n\t\t\t\t\t\t\t  <\/a>\n\n\t\t\t\t\t\t  <\/div>\n\t\t\t\t\t\t  <div class=\"relatedthumb \" style=\"width:125px;float:left;overflow:hidden;\">  \n\t\t\t\t\t\t\t  \n\t\t\t\t\t\t\t  <a  href=\"https:\/\/redept.com.br\/blogosfera\/por-que-construir-uma-poetica-de-esquerda\/\"  >\n\t\t\t\t\t\t\t\t\t  <div class=\"yuzo-img-wrap \" style=\"width: 125px;height:90px;\">\n\t\t\t\t\t\t\t\t\t\t\n\t\t\t\t\t\t\t\t\t\t<div class=\"yuzo-img\" style=\"background:url('https:\/\/redept.com.br\/blogosfera\/wp-content\/uploads\/2025\/07\/Sem-titulo-9-150x150.jpeg') 50% 50% no-repeat;width: 125px;height:90px;margin-bottom: 5px;background-size: cover; \"><\/div>\n\t\t\t\t\t\t\t\t\t  <\/div>\n\t\t\t\t\t\t\t\t\t  \n\t\t\t\t\t\t\t\t   <span class=\"yuzo__text--title\" style=\"font-size:13px;\">Por que construir uma po\u00e9tica de esquerda?<\/span>\n\t\t\t\t\t\t\t  \n\t\t\t\t\t\t\t  \n\t\t\t\t\t\t\t  <\/a>\n\n\t\t\t\t\t\t  <\/div>\n<\/div> <script>\n\t\t\t\t\t\t  jQuery(document).ready(function( $ ){\n\t\t\t\t\t\t\t\/\/jQuery('.yuzo_related_post').equalizer({ overflow : 'relatedthumb' });\n\t\t\t\t\t\t\tjQuery('.yuzo_related_post .yuzo_wraps').equalizer({ columns : '> div' });\n\t\t\t\t\t\t   })\n\t\t\t\t\t\t  <\/script> <!-- End Yuzo :) -->","protected":false},"excerpt":{"rendered":"<p>A pr\u00e9via da infla\u00e7\u00e3o oficial no Brasil, medida pelo \u00cdndice Nacional de Pre\u00e7os ao Consumidor Amplo 15 (IPCA-15), trouxe um al\u00edvio parcial ao retornar ao teto da margem de toler\u00e2ncia estabelecida pelo Conselho Monet\u00e1rio Nacional (CMN) em janeiro de 2025. No acumulado de 12 meses, o indicador desacelerou de 4,71% em dezembro para 4,50%, conforme [&hellip;]<\/p>\n","protected":false},"author":2,"featured_media":11385,"comment_status":"closed","ping_status":"closed","sticky":false,"template":"","format":"standard","meta":{"fifu_image_url":"","fifu_image_alt":"","footnotes":""},"categories":[3339,119,221,1259,122,529,1927,3340,3341],"tags":[],"class_list":["post-11384","post","type-post","status-publish","format-standard","has-post-thumbnail","hentry","category-alimentacao","category-banco-central","category-economia","category-habitacao","category-inflacao","category-ipca-15","category-mercado","category-nucleo-da-inflacao","category-regime-de-metas"],"_links":{"self":[{"href":"https:\/\/redept.com.br\/blogosfera\/wp-json\/wp\/v2\/posts\/11384","targetHints":{"allow":["GET"]}}],"collection":[{"href":"https:\/\/redept.com.br\/blogosfera\/wp-json\/wp\/v2\/posts"}],"about":[{"href":"https:\/\/redept.com.br\/blogosfera\/wp-json\/wp\/v2\/types\/post"}],"author":[{"embeddable":true,"href":"https:\/\/redept.com.br\/blogosfera\/wp-json\/wp\/v2\/users\/2"}],"replies":[{"embeddable":true,"href":"https:\/\/redept.com.br\/blogosfera\/wp-json\/wp\/v2\/comments?post=11384"}],"version-history":[{"count":0,"href":"https:\/\/redept.com.br\/blogosfera\/wp-json\/wp\/v2\/posts\/11384\/revisions"}],"wp:featuredmedia":[{"embeddable":true,"href":"https:\/\/redept.com.br\/blogosfera\/wp-json\/wp\/v2\/media\/11385"}],"wp:attachment":[{"href":"https:\/\/redept.com.br\/blogosfera\/wp-json\/wp\/v2\/media?parent=11384"}],"wp:term":[{"taxonomy":"category","embeddable":true,"href":"https:\/\/redept.com.br\/blogosfera\/wp-json\/wp\/v2\/categories?post=11384"},{"taxonomy":"post_tag","embeddable":true,"href":"https:\/\/redept.com.br\/blogosfera\/wp-json\/wp\/v2\/tags?post=11384"}],"curies":[{"name":"wp","href":"https:\/\/api.w.org\/{rel}","templated":true}]}}