{"id":11497,"date":"2025-01-27T10:00:37","date_gmt":"2025-01-27T13:00:37","guid":{"rendered":"https:\/\/redept.org\/blogosfera\/manifesto-de-solidariedade-ao-presidente-do-ibge-marcio-pochmann\/"},"modified":"2025-01-27T10:00:37","modified_gmt":"2025-01-27T13:00:37","slug":"manifesto-de-solidariedade-ao-presidente-do-ibge-marcio-pochmann","status":"publish","type":"post","link":"https:\/\/redept.com.br\/blogosfera\/manifesto-de-solidariedade-ao-presidente-do-ibge-marcio-pochmann\/","title":{"rendered":"Manifesto de solidariedade ao presidente do IBGE M\u00e1rcio Pochmann"},"content":{"rendered":"<figure><img fetchpriority=\"high\" fetchpriority=\"high\" decoding=\"async\" width=\"1024\" height=\"683\" src=\"https:\/\/redept.org\/blogosfera\/wp-content\/uploads\/2025\/01\/manifesto-1024x683-1.jpg\" alt=\"\" srcset=\"https:\/\/redept.org\/blogosfera\/wp-content\/uploads\/2025\/01\/manifesto-1024x683-1.jpg 1024w, https:\/\/mst.org.br\/wp-content\/uploads\/2025\/01\/manifesto-300x200.jpg 300w, https:\/\/mst.org.br\/wp-content\/uploads\/2025\/01\/manifesto-768x512.jpg 768w, https:\/\/mst.org.br\/wp-content\/uploads\/2025\/01\/manifesto.jpg 1280w\" sizes=\"(max-width: 1024px) 100vw, 1024px\"><figcaption><em>Foto: La\u00eds Alanna<\/em><\/figcaption><\/figure>\n<p><em>Da P\u00e1gina do MST<\/em><\/p>\n<p>As Frentes Brasil Popular e Povo Sem Medo manifestam sua solidariedade ao presidente do IBGE M\u00e1rcio Pochmann, diante dos ataques sofridos por funcion\u00e1rios oportunistas e pela imprensa irrespons\u00e1vel.<\/p>\n<p>Reconhecemos seu compromisso com a constru\u00e7\u00e3o das institui\u00e7\u00f5es comprometidas com o projeto popular para o Brasil.<\/p>\n<p>M\u00e1rcio Pochmann \u00e9 a express\u00e3o do compromisso coletivo com os valores e objetivos representados pelos nossos movimentos populares.<\/p>\n<p>Sua atua\u00e7\u00e3o tem sido essencial para fortalecer projetos que apontem a realidade e possibilitem pol\u00edticas de inclus\u00e3o, justi\u00e7a social e a constru\u00e7\u00e3o de uma sociedade mais igualit\u00e1ria.<\/p>\n<p>M\u00e1rcio n\u00e3o \u00e9 apenas uma figura t\u00e9cnico-pol\u00edtica, mas um s\u00edmbolo do pensamento social e da ci\u00eancia e do conhecimento.<\/p>\n<p>\u00c9 fundamental que ele possa garantir a continuidade dessa miss\u00e3o que abra\u00e7ou com coragem e determina\u00e7\u00e3o na recupera\u00e7\u00e3o e moderniza\u00e7\u00e3o do IBGE.<\/p>\n<p>A experi\u00eancia acumulada e a vis\u00e3o t\u00e9cnica de M\u00e1rcio s\u00e3o indispens\u00e1veis para superar os desafios enfrentados por institui\u00e7\u00f5es de Estado e, sobretudo, pelo povo brasileiro.<\/p>\n<p>Querem interromper esse trabalho por motiva\u00e7\u00f5es oportunistas e corporativas.<\/p>\n<p>Por isso, registramos nosso apoio irrestrito a M\u00e1rcio Pochmann.<\/p>\n<p><em>S\u00e3o Paulo, 21 de janeiro de 2025.<\/em><\/p>\n<p><strong>Frentes Brasil Popular e Povo Sem Medo<\/strong><\/p>\n<p><em>*Editado por Fernanda Alc\u00e2ntara<\/em><\/p>\n<p>O post <a href=\"https:\/\/mst.org.br\/2025\/01\/27\/manifesto-de-solidariedade-ao-presidente-do-ibge-marcio-pochmann\/\">Manifesto de solidariedade ao presidente do IBGE M\u00e1rcio Pochmann<\/a> apareceu primeiro em <a href=\"https:\/\/mst.org.br\/\">MST<\/a>.<\/p>\n<!-- Begin Yuzo --><div class='yuzo_related_post style-1'  data-version='5.12.89'><!-- without result --><div class='yuzo_clearfixed yuzo__title yuzo__title'><h3>Related Post<\/h3><\/div>\n\t\t\t\t\t\t  <div class=\"relatedthumb \" style=\"width:125px;float:left;overflow:hidden;\">  \n\t\t\t\t\t\t\t  \n\t\t\t\t\t\t\t  <a  href=\"https:\/\/redept.com.br\/blogosfera\/moraes-retira-sigilo-de-videos-de-testemunhas-da-trama-golpista\/\"  >\n\t\t\t\t\t\t\t\t\t  <div class=\"yuzo-img-wrap \" style=\"width: 125px;height:90px;\">\n\t\t\t\t\t\t\t\t\t\t\n\t\t\t\t\t\t\t\t\t\t<div class=\"yuzo-img\" style=\"background:url('https:\/\/redept.org\/blogosfera\/wp-content\/plugins\/yuzo-related-post\/assets\/images\/default.png') 50% 50% no-repeat;width: 125px;height:90px;margin-bottom: 5px;background-size: cover; \"><\/div>\n\t\t\t\t\t\t\t\t\t  <\/div>\n\t\t\t\t\t\t\t\t\t  \n\t\t\t\t\t\t\t\t   <span class=\"yuzo__text--title\" style=\"font-size:13px;\">Moraes retira sigilo de v\u00eddeos de testemunhas da t...<\/span>\n\t\t\t\t\t\t\t  \n\t\t\t\t\t\t\t  \n\t\t\t\t\t\t\t  <\/a>\n\n\t\t\t\t\t\t  <\/div>\n\t\t\t\t\t\t  <div class=\"relatedthumb \" style=\"width:125px;float:left;overflow:hidden;\">  \n\t\t\t\t\t\t\t  \n\t\t\t\t\t\t\t  <a  href=\"https:\/\/redept.com.br\/blogosfera\/indigenas-escalam-balsa-da-cargill-no-tapajos-em-protesto-contra-privatizacao-de-rios-amazonicos-video\/\"  >\n\t\t\t\t\t\t\t\t\t  <div class=\"yuzo-img-wrap \" style=\"width: 125px;height:90px;\">\n\t\t\t\t\t\t\t\t\t\t\n\t\t\t\t\t\t\t\t\t\t<div class=\"yuzo-img\" style=\"background:url('https:\/\/redept.org\/blogosfera\/wp-content\/plugins\/yuzo-related-post\/assets\/images\/default.png') 50% 50% no-repeat;width: 125px;height:90px;margin-bottom: 5px;background-size: cover; \"><\/div>\n\t\t\t\t\t\t\t\t\t  <\/div>\n\t\t\t\t\t\t\t\t\t  \n\t\t\t\t\t\t\t\t   <span class=\"yuzo__text--title\" style=\"font-size:13px;\">Ind\u00edgenas escalam balsa da Cargill no Tapaj\u00f3s em p...<\/span>\n\t\t\t\t\t\t\t  \n\t\t\t\t\t\t\t  \n\t\t\t\t\t\t\t  <\/a>\n\n\t\t\t\t\t\t  <\/div>\n\t\t\t\t\t\t  <div class=\"relatedthumb \" style=\"width:125px;float:left;overflow:hidden;\">  \n\t\t\t\t\t\t\t  \n\t\t\t\t\t\t\t  <a  href=\"https:\/\/redept.com.br\/blogosfera\/stf-torna-reus-deputados-do-pl-por-suspeita-de-propina-em-emendas\/\"  >\n\t\t\t\t\t\t\t\t\t  <div class=\"yuzo-img-wrap \" style=\"width: 125px;height:90px;\">\n\t\t\t\t\t\t\t\t\t\t\n\t\t\t\t\t\t\t\t\t\t<div class=\"yuzo-img\" style=\"background:url('https:\/\/redept.org\/blogosfera\/wp-content\/plugins\/yuzo-related-post\/assets\/images\/default.png') 50% 50% no-repeat;width: 125px;height:90px;margin-bottom: 5px;background-size: cover; \"><\/div>\n\t\t\t\t\t\t\t\t\t  <\/div>\n\t\t\t\t\t\t\t\t\t  \n\t\t\t\t\t\t\t\t   <span class=\"yuzo__text--title\" style=\"font-size:13px;\">STF torna r\u00e9us deputados do PL por suspeita de pro...<\/span>\n\t\t\t\t\t\t\t  \n\t\t\t\t\t\t\t  \n\t\t\t\t\t\t\t  <\/a>\n\n\t\t\t\t\t\t  <\/div>\n\t\t\t\t\t\t  <div class=\"relatedthumb \" style=\"width:125px;float:left;overflow:hidden;\">  \n\t\t\t\t\t\t\t  \n\t\t\t\t\t\t\t  <a  href=\"https:\/\/redept.com.br\/blogosfera\/a-coaftril-convoca-seus-cooperados-para-assembleia-geral-extraordinaria-em-sao-joao-do-triunfo-pr\/\"  >\n\t\t\t\t\t\t\t\t\t  <div class=\"yuzo-img-wrap \" style=\"width: 125px;height:90px;\">\n\t\t\t\t\t\t\t\t\t\t\n\t\t\t\t\t\t\t\t\t\t<div class=\"yuzo-img\" style=\"background:url('https:\/\/redept.org\/blogosfera\/wp-content\/plugins\/yuzo-related-post\/assets\/images\/default.png') 50% 50% no-repeat;width: 125px;height:90px;margin-bottom: 5px;background-size: cover; \"><\/div>\n\t\t\t\t\t\t\t\t\t  <\/div>\n\t\t\t\t\t\t\t\t\t  \n\t\t\t\t\t\t\t\t   <span class=\"yuzo__text--title\" style=\"font-size:13px;\">A Coaftril convoca seus cooperados para assembleia...<\/span>\n\t\t\t\t\t\t\t  \n\t\t\t\t\t\t\t  \n\t\t\t\t\t\t\t  <\/a>\n\n\t\t\t\t\t\t  <\/div>\n<\/div> <script>\n\t\t\t\t\t\t  jQuery(document).ready(function( $ ){\n\t\t\t\t\t\t\t\/\/jQuery('.yuzo_related_post').equalizer({ overflow : 'relatedthumb' });\n\t\t\t\t\t\t\tjQuery('.yuzo_related_post .yuzo_wraps').equalizer({ columns : '> div' });\n\t\t\t\t\t\t   })\n\t\t\t\t\t\t  <\/script> <!-- End Yuzo :) -->","protected":false},"excerpt":{"rendered":"<p>Foto: La\u00eds Alanna Da P\u00e1gina do MST As Frentes Brasil Popular e Povo Sem Medo manifestam sua solidariedade ao presidente do IBGE M\u00e1rcio Pochmann, diante dos ataques sofridos por funcion\u00e1rios oportunistas e pela imprensa irrespons\u00e1vel. Reconhecemos seu compromisso com a constru\u00e7\u00e3o das institui\u00e7\u00f5es comprometidas com o projeto popular para o Brasil. M\u00e1rcio Pochmann \u00e9 a [&hellip;]<\/p>\n","protected":false},"author":2,"featured_media":11498,"comment_status":"open","ping_status":"closed","sticky":false,"template":"","format":"standard","meta":{"fifu_image_url":"","fifu_image_alt":"","footnotes":""},"categories":[481,799,1155,191,132],"tags":[],"class_list":["post-11497","post","type-post","status-publish","format-standard","has-post-thumbnail","hentry","category-ibge","category-manifesto","category-marcio-pochmann","category-noticias","category-politica"],"_links":{"self":[{"href":"https:\/\/redept.com.br\/blogosfera\/wp-json\/wp\/v2\/posts\/11497","targetHints":{"allow":["GET"]}}],"collection":[{"href":"https:\/\/redept.com.br\/blogosfera\/wp-json\/wp\/v2\/posts"}],"about":[{"href":"https:\/\/redept.com.br\/blogosfera\/wp-json\/wp\/v2\/types\/post"}],"author":[{"embeddable":true,"href":"https:\/\/redept.com.br\/blogosfera\/wp-json\/wp\/v2\/users\/2"}],"replies":[{"embeddable":true,"href":"https:\/\/redept.com.br\/blogosfera\/wp-json\/wp\/v2\/comments?post=11497"}],"version-history":[{"count":0,"href":"https:\/\/redept.com.br\/blogosfera\/wp-json\/wp\/v2\/posts\/11497\/revisions"}],"wp:featuredmedia":[{"embeddable":true,"href":"https:\/\/redept.com.br\/blogosfera\/wp-json\/wp\/v2\/media\/11498"}],"wp:attachment":[{"href":"https:\/\/redept.com.br\/blogosfera\/wp-json\/wp\/v2\/media?parent=11497"}],"wp:term":[{"taxonomy":"category","embeddable":true,"href":"https:\/\/redept.com.br\/blogosfera\/wp-json\/wp\/v2\/categories?post=11497"},{"taxonomy":"post_tag","embeddable":true,"href":"https:\/\/redept.com.br\/blogosfera\/wp-json\/wp\/v2\/tags?post=11497"}],"curies":[{"name":"wp","href":"https:\/\/api.w.org\/{rel}","templated":true}]}}