{"id":11970,"date":"2025-01-30T14:28:48","date_gmt":"2025-01-30T17:28:48","guid":{"rendered":"https:\/\/redept.org\/blogosfera\/lula-reforca-defesa-da-democracia-e-rebate-ameacas-de-trump\/"},"modified":"2025-01-30T14:28:48","modified_gmt":"2025-01-30T17:28:48","slug":"lula-reforca-defesa-da-democracia-e-rebate-ameacas-de-trump","status":"publish","type":"post","link":"https:\/\/redept.com.br\/blogosfera\/lula-reforca-defesa-da-democracia-e-rebate-ameacas-de-trump\/","title":{"rendered":"Lula refor\u00e7a defesa da democracia e rebate amea\u00e7as de Trump"},"content":{"rendered":"<p><img loading=\"lazy\" width=\"1024\" height=\"562\"src=\"https:\/\/redept.org\/blogosfera\/wp-content\/uploads\/2025\/01\/54296785706_b195ff854e_o-2048x1124-1.jpg\" alt=\"\" decoding=\"async\" loading=\"lazy\" srcset=\"https:\/\/vermelho.org.br\/wp-content\/uploads\/2025\/01\/54296785706_b195ff854e_o-1024x562.jpg 1024w, https:\/\/vermelho.org.br\/wp-content\/uploads\/2025\/01\/54296785706_b195ff854e_o-300x166.jpg 300w, https:\/\/vermelho.org.br\/wp-content\/uploads\/2025\/01\/54296785706_b195ff854e_o-768x421.jpg 768w, https:\/\/vermelho.org.br\/wp-content\/uploads\/2025\/01\/54296785706_b195ff854e_o-1536x843.jpg 1536w, https:\/\/redept.org\/blogosfera\/wp-content\/uploads\/2025\/01\/54296785706_b195ff854e_o-2048x1124-1.jpg 2048w, https:\/\/vermelho.org.br\/wp-content\/uploads\/2025\/01\/54296785706_b195ff854e_o-219x121.jpg 219w\" sizes=\"auto, (max-width: 1024px) 100vw, 1024px\"><\/p>\n<p>O presidente Luiz In\u00e1cio Lula da Silva concedeu, nesta quinta-feira (30), sua primeira entrevista coletiva do ano no Pal\u00e1cio do Planalto. A iniciativa marca uma nova fase da comunica\u00e7\u00e3o do governo, agora sob a coordena\u00e7\u00e3o de Sid\u00f4nio Palmeira. Durante a conversa, Lula cobrou compromisso dos pa\u00edses ricos com o financiamento clim\u00e1tico, reafirmou a defesa da democracia e destacou conquistas econ\u00f4micas do governo.<\/p>\n<p>Lula voltou a criticar o descaso das na\u00e7\u00f5es desenvolvidas com os acordos ambientais e afirmou que a COP 30, que ser\u00e1 realizada em Bel\u00e9m (PA), ser\u00e1 um marco na cobran\u00e7a por mais seriedade nas pol\u00edticas clim\u00e1ticas.\u00a0<\/p>\n<p>\u201cSe n\u00f3s queremos discutir a quest\u00e3o do clima com seriedade, temos que garantir que as promessas se traduzam em a\u00e7\u00f5es concretas\u201d, disse o presidente.<\/p>\n<p>Lula destacou que, desde a COP de Copenhague, em 2009, pa\u00edses ricos prometeram destinar US$100 bilh\u00f5es anuais para a\u00e7\u00f5es clim\u00e1ticas em na\u00e7\u00f5es em desenvolvimento, compromisso que nunca foi cumprido.\u00a0<\/p>\n<p>Segundo ele, mesmo diante da eleva\u00e7\u00e3o da meta para US$1,3 trilh\u00e3o, h\u00e1 pouca expectativa de que os recursos sejam repassados. \u201cSe o mundo quer proteger a Amaz\u00f4nia, precisa garantir que quem vive nela tenha condi\u00e7\u00f5es dignas de vida\u201d, afirmou.<\/p>\n<figure>\n<div>\n<\/div>\n<\/figure>\n<p><strong>Democracia e combate \u00e0s fake news<\/strong><\/p>\n<p>Outro tema central da entrevista foi a defesa da democracia diante do avan\u00e7o da extrema direita e da desinforma\u00e7\u00e3o. Lula alertou para os riscos que as fake news representam para a estabilidade pol\u00edtica e para a soberania popular. \u201cA democracia ser\u00e1 a grande derrotada se permitirmos que a mentira ven\u00e7a\u201d, afirmou.<\/p>\n<p>O presidente defendeu a amplia\u00e7\u00e3o do di\u00e1logo com a imprensa e maior transpar\u00eancia do governo para enfrentar a desinforma\u00e7\u00e3o. \u201cA gente precisa contar a verdade diretamente ao povo. Por isso, pretendo fazer mais entrevistas coletivas e viajar pelo pa\u00eds, para olhar nos olhos das pessoas e debater os avan\u00e7os do nosso governo\u201d, disse.<\/p>\n<p><strong>Economia e estabilidade fiscal<\/strong><\/p>\n<p>Lula tamb\u00e9m comentou a decis\u00e3o do Banco Central de manter a pol\u00edtica de juros elevados, refor\u00e7ando que confia na gest\u00e3o do novo presidente da institui\u00e7\u00e3o, Gabriel Gal\u00edpolo. \u201cNingu\u00e9m d\u00e1 um cavalo de pau na economia de um dia para o outro. Tenho certeza de que ele vai criar as condi\u00e7\u00f5es para que o pa\u00eds tenha uma taxa de juros menor no tempo certo\u201d, afirmou.<\/p>\n<p>Sobre as cr\u00edticas \u00e0 condu\u00e7\u00e3o da economia, o presidente destacou que o Brasil cresceu 3,2% em 2023, acima das previs\u00f5es iniciais, e que a expectativa para 2024 \u00e9 um crescimento entre 3,5% e 3,7%. Ele tamb\u00e9m defendeu o ministro da Fazenda, Fernando Haddad, e mencionou conquistas como o novo arcabou\u00e7o fiscal e a reforma tribut\u00e1ria.<\/p>\n<p>\u201cFizemos a primeira grande reforma tribut\u00e1ria da hist\u00f3ria do pa\u00eds em um regime democr\u00e1tico. Isso \u00e9 um feito que deve ser reconhecido\u201d, disse.<\/p>\n<p><strong>Rela\u00e7\u00e3o com os Estados Unidos e Trump<\/strong><\/p>\n<p>Ao ser questionado sobre o retorno de Donald Trump \u00e0 presid\u00eancia dos Estados Unidos, Lula afirmou que deseja manter boas rela\u00e7\u00f5es diplom\u00e1ticas, mas avisou que medidas protecionistas contra o Brasil n\u00e3o ficar\u00e3o sem resposta.\u00a0<\/p>\n<p>\u201cSe ele taxar os produtos brasileiros, haver\u00e1 reciprocidade do Brasil em taxar os produtos que s\u00e3o importados dos Estados Unidos. \u00c9 simples\u201d, declarou.<\/p>\n<p>O presidente ressaltou que o Brasil busca ampliar suas exporta\u00e7\u00f5es e atrair investimentos, mas sem abrir m\u00e3o de sua soberania.\u00a0<\/p>\n<p>\u201cEu quero respeitar os Estados Unidos e quero que os Estados Unidos respeitem o Brasil\u201d, afirmou.<\/p>\n<p><strong>Futuro da comunica\u00e7\u00e3o do governo<\/strong><\/p>\n<p>A entrevista coletiva foi a primeira sob a nova estrat\u00e9gia de comunica\u00e7\u00e3o do governo, que busca maior proximidade com jornalistas e ve\u00edculos de m\u00eddia. Lula garantiu que pretende manter esse modelo de di\u00e1logo aberto e mais frequente. \u201cN\u00e3o quero mais ver not\u00edcia atribu\u00edda a \u2018algu\u00e9m pr\u00f3ximo do presidente\u2019. Quero que falem diretamente comigo e perguntem o que quiserem\u201d, disse.<\/p>\n<p>A mudan\u00e7a na comunica\u00e7\u00e3o foi bem recebida pela imprensa, que elogiou a transpar\u00eancia do governo e a disposi\u00e7\u00e3o do presidente para responder a questionamentos. \u201cVamos repetir isso mais vezes\u201d, concluiu Lula.<\/p>\n<p>O post <a href=\"https:\/\/vermelho.org.br\/2025\/01\/30\/lula-reforca-defesa-da-democracia-e-rebate-ameacas-de-trump\/\">Lula refor\u00e7a defesa da democracia e rebate amea\u00e7as de Trump<\/a> apareceu primeiro em <a href=\"https:\/\/vermelho.org.br\/\">Vermelho<\/a>.<\/p>\n<!-- Begin Yuzo --><div class='yuzo_related_post style-1'  data-version='5.12.89'><!-- without result --><div class='yuzo_clearfixed yuzo__title yuzo__title'><h3>Related Post<\/h3><\/div>\n\t\t\t\t\t\t  <div class=\"relatedthumb \" style=\"width:125px;float:left;overflow:hidden;\">  \n\t\t\t\t\t\t\t  \n\t\t\t\t\t\t\t  <a  href=\"https:\/\/redept.com.br\/blogosfera\/senador-rogerio-convoca-populacao-sergipana-para-ato-em-defesa-da-democracia-neste-domingo-21\/\"  >\n\t\t\t\t\t\t\t\t\t  <div class=\"yuzo-img-wrap \" style=\"width: 125px;height:90px;\">\n\t\t\t\t\t\t\t\t\t\t\n\t\t\t\t\t\t\t\t\t\t<div class=\"yuzo-img\" style=\"background:url('https:\/\/redept.org\/blogosfera\/wp-content\/plugins\/yuzo-related-post\/assets\/images\/default.png') 50% 50% no-repeat;width: 125px;height:90px;margin-bottom: 5px;background-size: cover; \"><\/div>\n\t\t\t\t\t\t\t\t\t  <\/div>\n\t\t\t\t\t\t\t\t\t  \n\t\t\t\t\t\t\t\t   <span class=\"yuzo__text--title\" style=\"font-size:13px;\">Senador Rog\u00e9rio convoca popula\u00e7\u00e3o sergipana para a...<\/span>\n\t\t\t\t\t\t\t  \n\t\t\t\t\t\t\t  \n\t\t\t\t\t\t\t  <\/a>\n\n\t\t\t\t\t\t  <\/div>\n\t\t\t\t\t\t  <div class=\"relatedthumb \" style=\"width:125px;float:left;overflow:hidden;\">  \n\t\t\t\t\t\t\t  \n\t\t\t\t\t\t\t  <a  href=\"https:\/\/redept.com.br\/blogosfera\/sistema-de-reconhecimento-facial-monitora-alunos-no-brasil\/\"  >\n\t\t\t\t\t\t\t\t\t  <div class=\"yuzo-img-wrap \" style=\"width: 125px;height:90px;\">\n\t\t\t\t\t\t\t\t\t\t\n\t\t\t\t\t\t\t\t\t\t<div class=\"yuzo-img\" style=\"background:url('https:\/\/redept.org\/blogosfera\/wp-content\/plugins\/yuzo-related-post\/assets\/images\/default.png') 50% 50% no-repeat;width: 125px;height:90px;margin-bottom: 5px;background-size: cover; \"><\/div>\n\t\t\t\t\t\t\t\t\t  <\/div>\n\t\t\t\t\t\t\t\t\t  \n\t\t\t\t\t\t\t\t   <span class=\"yuzo__text--title\" style=\"font-size:13px;\">Sistema de reconhecimento facial monitora alunos n...<\/span>\n\t\t\t\t\t\t\t  \n\t\t\t\t\t\t\t  \n\t\t\t\t\t\t\t  <\/a>\n\n\t\t\t\t\t\t  <\/div>\n\t\t\t\t\t\t  <div class=\"relatedthumb \" style=\"width:125px;float:left;overflow:hidden;\">  \n\t\t\t\t\t\t\t  \n\t\t\t\t\t\t\t  <a  href=\"https:\/\/redept.com.br\/blogosfera\/simpa-aprova-estado-de-greve-em-assembleia-geral-apos-dia-de-paralisacao\/\"  >\n\t\t\t\t\t\t\t\t\t  <div class=\"yuzo-img-wrap \" style=\"width: 125px;height:90px;\">\n\t\t\t\t\t\t\t\t\t\t\n\t\t\t\t\t\t\t\t\t\t<div class=\"yuzo-img\" style=\"background:url('https:\/\/redept.org\/blogosfera\/wp-content\/plugins\/yuzo-related-post\/assets\/images\/default.png') 50% 50% no-repeat;width: 125px;height:90px;margin-bottom: 5px;background-size: cover; \"><\/div>\n\t\t\t\t\t\t\t\t\t  <\/div>\n\t\t\t\t\t\t\t\t\t  \n\t\t\t\t\t\t\t\t   <span class=\"yuzo__text--title\" style=\"font-size:13px;\">Simpa aprova estado de greve em assembleia geral a...<\/span>\n\t\t\t\t\t\t\t  \n\t\t\t\t\t\t\t  \n\t\t\t\t\t\t\t  <\/a>\n\n\t\t\t\t\t\t  <\/div>\n\t\t\t\t\t\t  <div class=\"relatedthumb \" style=\"width:125px;float:left;overflow:hidden;\">  \n\t\t\t\t\t\t\t  \n\t\t\t\t\t\t\t  <a  href=\"https:\/\/redept.com.br\/blogosfera\/sostenes-e-jordy-podem-ter-carreiras-enterradas-dino-autoriza-quebra-de-sigilos-bancario-telefonico-e-telematico-dos-deputados\/\"  >\n\t\t\t\t\t\t\t\t\t  <div class=\"yuzo-img-wrap \" style=\"width: 125px;height:90px;\">\n\t\t\t\t\t\t\t\t\t\t\n\t\t\t\t\t\t\t\t\t\t<div class=\"yuzo-img\" style=\"background:url('https:\/\/redept.org\/blogosfera\/wp-content\/plugins\/yuzo-related-post\/assets\/images\/default.png') 50% 50% no-repeat;width: 125px;height:90px;margin-bottom: 5px;background-size: cover; \"><\/div>\n\t\t\t\t\t\t\t\t\t  <\/div>\n\t\t\t\t\t\t\t\t\t  \n\t\t\t\t\t\t\t\t   <span class=\"yuzo__text--title\" style=\"font-size:13px;\">S\u00f3stenes e Jordy podem ter carreiras enterradas: D...<\/span>\n\t\t\t\t\t\t\t  \n\t\t\t\t\t\t\t  \n\t\t\t\t\t\t\t  <\/a>\n\n\t\t\t\t\t\t  <\/div>\n<\/div> <script>\n\t\t\t\t\t\t  jQuery(document).ready(function( $ ){\n\t\t\t\t\t\t\t\/\/jQuery('.yuzo_related_post').equalizer({ overflow : 'relatedthumb' });\n\t\t\t\t\t\t\tjQuery('.yuzo_related_post .yuzo_wraps').equalizer({ columns : '> div' });\n\t\t\t\t\t\t   })\n\t\t\t\t\t\t  <\/script> <!-- End Yuzo :) -->","protected":false},"excerpt":{"rendered":"<p>O presidente Luiz In\u00e1cio Lula da Silva concedeu, nesta quinta-feira (30), sua primeira entrevista coletiva do ano no Pal\u00e1cio do Planalto. A iniciativa marca uma nova fase da comunica\u00e7\u00e3o do governo, agora sob a coordena\u00e7\u00e3o de Sid\u00f4nio Palmeira. Durante a conversa, Lula cobrou compromisso dos pa\u00edses ricos com o financiamento clim\u00e1tico, reafirmou a defesa da [&hellip;]<\/p>\n","protected":false},"author":2,"featured_media":11971,"comment_status":"closed","ping_status":"closed","sticky":false,"template":"","format":"standard","meta":{"fifu_image_url":"","fifu_image_alt":"","footnotes":""},"categories":[3449,112,132,3081],"tags":[],"class_list":["post-11970","post","type-post","status-publish","format-standard","has-post-thumbnail","hentry","category-entrevista-no-planalto","category-lula","category-politica","category-secom"],"_links":{"self":[{"href":"https:\/\/redept.com.br\/blogosfera\/wp-json\/wp\/v2\/posts\/11970","targetHints":{"allow":["GET"]}}],"collection":[{"href":"https:\/\/redept.com.br\/blogosfera\/wp-json\/wp\/v2\/posts"}],"about":[{"href":"https:\/\/redept.com.br\/blogosfera\/wp-json\/wp\/v2\/types\/post"}],"author":[{"embeddable":true,"href":"https:\/\/redept.com.br\/blogosfera\/wp-json\/wp\/v2\/users\/2"}],"replies":[{"embeddable":true,"href":"https:\/\/redept.com.br\/blogosfera\/wp-json\/wp\/v2\/comments?post=11970"}],"version-history":[{"count":0,"href":"https:\/\/redept.com.br\/blogosfera\/wp-json\/wp\/v2\/posts\/11970\/revisions"}],"wp:featuredmedia":[{"embeddable":true,"href":"https:\/\/redept.com.br\/blogosfera\/wp-json\/wp\/v2\/media\/11971"}],"wp:attachment":[{"href":"https:\/\/redept.com.br\/blogosfera\/wp-json\/wp\/v2\/media?parent=11970"}],"wp:term":[{"taxonomy":"category","embeddable":true,"href":"https:\/\/redept.com.br\/blogosfera\/wp-json\/wp\/v2\/categories?post=11970"},{"taxonomy":"post_tag","embeddable":true,"href":"https:\/\/redept.com.br\/blogosfera\/wp-json\/wp\/v2\/tags?post=11970"}],"curies":[{"name":"wp","href":"https:\/\/api.w.org\/{rel}","templated":true}]}}