{"id":12075,"date":"2025-01-31T15:21:53","date_gmt":"2025-01-31T18:21:53","guid":{"rendered":"https:\/\/redept.org\/blogosfera\/lista-de-aprovados-da-unesp-para-2025-ja-esta-disponivel\/"},"modified":"2025-01-31T15:21:53","modified_gmt":"2025-01-31T18:21:53","slug":"lista-de-aprovados-da-unesp-para-2025-ja-esta-disponivel","status":"publish","type":"post","link":"https:\/\/redept.com.br\/blogosfera\/lista-de-aprovados-da-unesp-para-2025-ja-esta-disponivel\/","title":{"rendered":"Lista de aprovados da Unesp para 2025 j\u00e1 est\u00e1 dispon\u00edvel"},"content":{"rendered":"<p>Nesta sexta-feira (31), a <strong>Universidade Estadual Paulista (Unesp)<\/strong> publicou o resultado final do vestibular pr\u00f3prio. Para saber o resultado, os alunos podem acessar o <a href=\"http:\/\/vestibular.unesp.br\/\" data-type=\"link\" data-id=\"http:\/\/vestibular.unesp.br\" target=\"_blank\" rel=\"noopener noreferrer nofollow\">site da universidade<\/a> ou da <a href=\"http:\/\/www.vunesp.com.br\/\" data-type=\"link\" data-id=\"http:\/\/www.vunesp.com.br\" target=\"_blank\" rel=\"noopener noreferrer nofollow\">Funda\u00e7\u00e3o Vunesp<\/a>. Ao todo, s\u00e3o 6.596 vagas em 24 cidades.<\/p>\n<p>Leia tamb\u00e9m: <a href=\"https:\/\/tvtnews.com.br\/etec-2025-e-enem-2024-quem-foram-os-aprovados\/\" data-type=\"link\" data-id=\"https:\/\/tvtnews.com.br\/etec-2025-e-enem-2024-quem-foram-os-aprovados\/\">Etec 2025 e Enem 2024: quem foram os aprovados<\/a><\/p>\n<p>Os aprovados t\u00eam que fazer as inscri\u00e7\u00f5es online entre a pr\u00f3xima segunda-feira (3) at\u00e9 quarta-feira (5).Para isso \u00e9 necess\u00e1rio acessar o <a href=\"http:\/\/sistemas.unesp.br\/calouros\" target=\"_blank\" rel=\"noreferrer noopener nofollow\">Sistema de Gradua\u00e7\u00e3o da Unesp (Sisgrad)<\/a>.<\/p>\n<p>Durante a fase inicial vestibular, os alunos realizaram provas de de ci\u00eancias humanas, ci\u00eancias da natureza, matem\u00e1tica e linguagens. Tamb\u00e9m tiveram de redigir uma reda\u00e7\u00e3o cujo tema era \u201cMedicaliza\u00e7\u00e3o da vida: a quem interessa?\u201d.<\/p>\n<p>Os aprovados pelo processo seletivo Olimp\u00edadas Cient\u00edficas 2025 tamb\u00e9m devem fazer a matr\u00edcula nesse mesmo prazo e endere\u00e7o virtual.<\/p>\n<p>A segunda chamada do vestibular deve ser divulgada no dia 10 de fevereiro. J\u00e1 a terceira chamada no dia 13 de fevereiro.<\/p>\n<p>Os cursos da universidade s\u00e3o oferecidos nas seguintes cidades: Ara\u00e7atuba, Araraquara, Assis, Bauru, Botucatu, Dracena, Franca, Guaratinguet\u00e1, Ilha Solteira, Itapeva, Jaboticabal, Mar\u00edlia, Ourinhos, Presidente Prudente, Registro, Rio Claro, Rosana, S\u00e3o Jo\u00e3o da Boa Vista, S\u00e3o Jos\u00e9 do Rio Preto, S\u00e3o Jos\u00e9 dos Campos, S\u00e3o Paulo, S\u00e3o Vicente, Sorocaba e Tup\u00e3.<\/p>\n<h3>Calend\u00e1rio Unesp 2025:<\/h3>\n<p><strong>Primeira chamada:<\/strong> 31 de janeiro<\/p>\n<p><strong>Matr\u00edcula virtual:<\/strong> das 10h de 3 de fevereiro \u00e0s 23h59 de 5 de fevereiro<\/p>\n<p><strong>Segunda chamada:<\/strong> 10 de fevereiro;<\/p>\n<p><strong>Matr\u00edcula virtual: <\/strong>das 10h de 10 de fevereiro \u00e0s 23h59 de 11 de fevereiro<\/p>\n<p><strong>Terceira chamada:<\/strong> 13 de fevereiro;<\/p>\n<p><strong>Matr\u00edcula virtual:<\/strong> das 10h de 13 de fevereiro \u00e0s 23h59 de 14 de fevereiro.<\/p>\n<h3>Confira a lista de aprovados na Unesp:<\/h3>\n<div data-wp-interactive=\"core\/file\"><a href=\"https:\/\/tvtnews.com.br\/wp-content\/uploads\/2025\/01\/lista-de-aprovados-Unesp.pdf\">lista de aprovados Unesp<\/a><a href=\"https:\/\/tvtnews.com.br\/wp-content\/uploads\/2025\/01\/lista-de-aprovados-Unesp.pdf\" aria-describedby=\"wp-block-file--media-44b85bca-11c5-4645-8200-82c96e299958\" download>Baixar<\/a><\/div>\n<figure>\n<div>\n<blockquote data-secret=\"7W2DjMWxz8\"><p><a href=\"https:\/\/tvtnews.com.br\/enem-2024-saiba-como-acessar-o-sisu-prouni-e-fies\/\">Enem 2024: Saiba como acessar o SiSu, ProUni e Fies<\/a><\/p><\/blockquote>\n<\/div>\n<\/figure>\n<p>The post <a rel=\"nofollow\" href=\"https:\/\/tvtnews.com.br\/lista-de-aprovados-da-unesp-para-2025-ja-disponivel\/\">Lista de aprovados da Unesp para 2025 j\u00e1 est\u00e1 dispon\u00edvel<\/a> appeared first on <a rel=\"nofollow\" href=\"https:\/\/tvtnews.com.br\/\">TVT News<\/a>.<\/p>\n<!-- Begin Yuzo --><div class='yuzo_related_post style-1'  data-version='5.12.89'><!-- without result --><div class='yuzo_clearfixed yuzo__title yuzo__title'><h3>Related Post<\/h3><\/div>\n\t\t\t\t\t\t  <div class=\"relatedthumb \" style=\"width:125px;float:left;overflow:hidden;\">  \n\t\t\t\t\t\t\t  \n\t\t\t\t\t\t\t  <a  href=\"https:\/\/redept.com.br\/blogosfera\/global-sumud-flotilha-que-leva-ajuda-para-gaza-e-interceptada-por-israel\/\"  >\n\t\t\t\t\t\t\t\t\t  <div class=\"yuzo-img-wrap \" style=\"width: 125px;height:90px;\">\n\t\t\t\t\t\t\t\t\t\t\n\t\t\t\t\t\t\t\t\t\t<div class=\"yuzo-img\" style=\"background:url('https:\/\/redept.org\/blogosfera\/wp-content\/plugins\/yuzo-related-post\/assets\/images\/default.png') 50% 50% no-repeat;width: 125px;height:90px;margin-bottom: 5px;background-size: cover; \"><\/div>\n\t\t\t\t\t\t\t\t\t  <\/div>\n\t\t\t\t\t\t\t\t\t  \n\t\t\t\t\t\t\t\t   <span class=\"yuzo__text--title\" style=\"font-size:13px;\">Global Sumud Flotilha, que leva ajuda para Gaza, \u00e9...<\/span>\n\t\t\t\t\t\t\t  \n\t\t\t\t\t\t\t  \n\t\t\t\t\t\t\t  <\/a>\n\n\t\t\t\t\t\t  <\/div>\n\t\t\t\t\t\t  <div class=\"relatedthumb \" style=\"width:125px;float:left;overflow:hidden;\">  \n\t\t\t\t\t\t\t  \n\t\t\t\t\t\t\t  <a  href=\"https:\/\/redept.com.br\/blogosfera\/thiago-avila-esta-voltando-para-o-brasil-apos-ficar-preso-em-israel\/\"  >\n\t\t\t\t\t\t\t\t\t  <div class=\"yuzo-img-wrap \" style=\"width: 125px;height:90px;\">\n\t\t\t\t\t\t\t\t\t\t\n\t\t\t\t\t\t\t\t\t\t<div class=\"yuzo-img\" style=\"background:url('https:\/\/redept.org\/blogosfera\/wp-content\/plugins\/yuzo-related-post\/assets\/images\/default.png') 50% 50% no-repeat;width: 125px;height:90px;margin-bottom: 5px;background-size: cover; \"><\/div>\n\t\t\t\t\t\t\t\t\t  <\/div>\n\t\t\t\t\t\t\t\t\t  \n\t\t\t\t\t\t\t\t   <span class=\"yuzo__text--title\" style=\"font-size:13px;\">Thiago \u00c1vila est\u00e1 voltando para o Brasil ap\u00f3s fica...<\/span>\n\t\t\t\t\t\t\t  \n\t\t\t\t\t\t\t  \n\t\t\t\t\t\t\t  <\/a>\n\n\t\t\t\t\t\t  <\/div>\n\t\t\t\t\t\t  <div class=\"relatedthumb \" style=\"width:125px;float:left;overflow:hidden;\">  \n\t\t\t\t\t\t\t  \n\t\t\t\t\t\t\t  <a  href=\"https:\/\/redept.com.br\/blogosfera\/quase-600-palestinos-morreram-em-centros-de-distribuicao-de-ajuda-humanitaria-dizem-autoridades\/\"  >\n\t\t\t\t\t\t\t\t\t  <div class=\"yuzo-img-wrap \" style=\"width: 125px;height:90px;\">\n\t\t\t\t\t\t\t\t\t\t\n\t\t\t\t\t\t\t\t\t\t<div class=\"yuzo-img\" style=\"background:url('https:\/\/redept.org\/blogosfera\/wp-content\/plugins\/yuzo-related-post\/assets\/images\/default.png') 50% 50% no-repeat;width: 125px;height:90px;margin-bottom: 5px;background-size: cover; \"><\/div>\n\t\t\t\t\t\t\t\t\t  <\/div>\n\t\t\t\t\t\t\t\t\t  \n\t\t\t\t\t\t\t\t   <span class=\"yuzo__text--title\" style=\"font-size:13px;\">Quase 600 palestinos morreram em centros de distri...<\/span>\n\t\t\t\t\t\t\t  \n\t\t\t\t\t\t\t  \n\t\t\t\t\t\t\t  <\/a>\n\n\t\t\t\t\t\t  <\/div>\n\t\t\t\t\t\t  <div class=\"relatedthumb \" style=\"width:125px;float:left;overflow:hidden;\">  \n\t\t\t\t\t\t\t  \n\t\t\t\t\t\t\t  <a  href=\"https:\/\/sul21.com.br\/noticias\/geral\/2025\/10\/anvisa-proibe-venda-de-produtos-de-cannabis-e-cogumelos\/\"  >\n\t\t\t\t\t\t\t\t\t  <div class=\"yuzo-img-wrap \" style=\"width: 125px;height:90px;\">\n\t\t\t\t\t\t\t\t\t\t\n\t\t\t\t\t\t\t\t\t\t<div class=\"yuzo-img\" style=\"background:url('https:\/\/agenciabrasil.ebc.com.br\/ebc.png?id=1662406&amp;o=node') 50% 50% no-repeat;width: 125px;height:90px;margin-bottom: 5px;background-size: cover; \"><\/div>\n\t\t\t\t\t\t\t\t\t  <\/div>\n\t\t\t\t\t\t\t\t\t  \n\t\t\t\t\t\t\t\t   <span class=\"yuzo__text--title\" style=\"font-size:13px;\">Anvisa pro\u00edbe venda de produtos de cannabis e cogu...<\/span>\n\t\t\t\t\t\t\t  \n\t\t\t\t\t\t\t  \n\t\t\t\t\t\t\t  <\/a>\n\n\t\t\t\t\t\t  <\/div>\n<\/div> <script>\n\t\t\t\t\t\t  jQuery(document).ready(function( $ ){\n\t\t\t\t\t\t\t\/\/jQuery('.yuzo_related_post').equalizer({ overflow : 'relatedthumb' });\n\t\t\t\t\t\t\tjQuery('.yuzo_related_post .yuzo_wraps').equalizer({ columns : '> div' });\n\t\t\t\t\t\t   })\n\t\t\t\t\t\t  <\/script> <!-- End Yuzo :) -->","protected":false},"excerpt":{"rendered":"<p>Nesta sexta-feira (31), a Universidade Estadual Paulista (Unesp) publicou o resultado final do vestibular pr\u00f3prio. Para saber o resultado, os alunos podem acessar o site da universidade ou da Funda\u00e7\u00e3o Vunesp. Ao todo, s\u00e3o 6.596 vagas em 24 cidades. Leia tamb\u00e9m: Etec 2025 e Enem 2024: quem foram os aprovados Os aprovados t\u00eam que fazer [&hellip;]<\/p>\n","protected":false},"author":2,"featured_media":0,"comment_status":"closed","ping_status":"closed","sticky":false,"template":"","format":"standard","meta":{"fifu_image_url":"","fifu_image_alt":"","footnotes":""},"categories":[473,95,429,1416],"tags":[],"class_list":["post-12075","post","type-post","status-publish","format-standard","hentry","category-destaque-medio","category-educacao","category-enem","category-vestibular"],"_links":{"self":[{"href":"https:\/\/redept.com.br\/blogosfera\/wp-json\/wp\/v2\/posts\/12075","targetHints":{"allow":["GET"]}}],"collection":[{"href":"https:\/\/redept.com.br\/blogosfera\/wp-json\/wp\/v2\/posts"}],"about":[{"href":"https:\/\/redept.com.br\/blogosfera\/wp-json\/wp\/v2\/types\/post"}],"author":[{"embeddable":true,"href":"https:\/\/redept.com.br\/blogosfera\/wp-json\/wp\/v2\/users\/2"}],"replies":[{"embeddable":true,"href":"https:\/\/redept.com.br\/blogosfera\/wp-json\/wp\/v2\/comments?post=12075"}],"version-history":[{"count":0,"href":"https:\/\/redept.com.br\/blogosfera\/wp-json\/wp\/v2\/posts\/12075\/revisions"}],"wp:attachment":[{"href":"https:\/\/redept.com.br\/blogosfera\/wp-json\/wp\/v2\/media?parent=12075"}],"wp:term":[{"taxonomy":"category","embeddable":true,"href":"https:\/\/redept.com.br\/blogosfera\/wp-json\/wp\/v2\/categories?post=12075"},{"taxonomy":"post_tag","embeddable":true,"href":"https:\/\/redept.com.br\/blogosfera\/wp-json\/wp\/v2\/tags?post=12075"}],"curies":[{"name":"wp","href":"https:\/\/api.w.org\/{rel}","templated":true}]}}