{"id":12221,"date":"2025-02-03T14:27:17","date_gmt":"2025-02-03T17:27:17","guid":{"rendered":"https:\/\/redept.org\/blogosfera\/coreia-do-norte-critica-marco-rubio-e-reafirma-intransigencia-sobre-programa-nuclear\/"},"modified":"2025-02-03T14:27:17","modified_gmt":"2025-02-03T17:27:17","slug":"coreia-do-norte-critica-marco-rubio-e-reafirma-intransigencia-sobre-programa-nuclear","status":"publish","type":"post","link":"https:\/\/redept.com.br\/blogosfera\/coreia-do-norte-critica-marco-rubio-e-reafirma-intransigencia-sobre-programa-nuclear\/","title":{"rendered":"Coreia do Norte critica Marco Rubio e reafirma intransig\u00eancia sobre programa nuclear"},"content":{"rendered":"<p><img fetchpriority=\"high\" width=\"1001\" height=\"667\"src=\"https:\/\/redept.org\/blogosfera\/wp-content\/uploads\/2025\/02\/Captura-de-Tela-2025-02-03-as-14.24.42.png\" alt=\"\" decoding=\"async\" srcset=\"https:\/\/redept.org\/blogosfera\/wp-content\/uploads\/2025\/02\/Captura-de-Tela-2025-02-03-as-14.24.42.png 1001w, https:\/\/vermelho.org.br\/wp-content\/uploads\/2025\/02\/Captura-de-Tela-2025-02-03-as-14.24.42-300x200.png 300w, https:\/\/vermelho.org.br\/wp-content\/uploads\/2025\/02\/Captura-de-Tela-2025-02-03-as-14.24.42-768x512.png 768w, https:\/\/vermelho.org.br\/wp-content\/uploads\/2025\/02\/Captura-de-Tela-2025-02-03-as-14.24.42-272x182.png 272w\" sizes=\"(max-width: 1001px) 100vw, 1001px\"><\/p>\n<p>A Coreia do Norte criticou duramente o Secret\u00e1rio de Estado dos EUA, Marco Rubio, ap\u00f3s ele classificar o pa\u00eds como um \u201cestado desonesto\u201d em uma entrevista. Em uma declara\u00e7\u00e3o divulgada pela m\u00eddia estatal na segunda-feira, um porta-voz do Minist\u00e9rio das Rela\u00e7\u00f5es Exteriores norte-coreano afirmou que os \u201ccoment\u00e1rios grosseiros e sem sentido\u201d de Rubio apenas confirmam a hostilidade inalterada dos EUA em rela\u00e7\u00e3o \u00e0 Rep\u00fablica Popular Democr\u00e1tica da Coreia (RPDC).<\/p>\n<p>\u201cOs coment\u00e1rios de Rubio apenas mostram diretamente a vis\u00e3o incorreta da nova administra\u00e7\u00e3o dos EUA sobre a RPDC [Rep\u00fablica Popular Democr\u00e1tica da Coreia]\u201d, disse o porta-voz, refor\u00e7ando que\u00a0os coment\u00e1rios de Rubio n\u00e3o contribuem para os interesses dos Estados Unidos.<\/p>\n<p>A rea\u00e7\u00e3o de Pyongyang \u00e9 a primeira cr\u00edtica direta ao governo Trump, demonstrando que o regime de Kim Jong Un n\u00e3o est\u00e1 disposto a reconsiderar negocia\u00e7\u00f5es sobre seus programas nucleares, apesar dos recentes acenos do presidente americano.<\/p>\n<p><strong>Diverg\u00eancias na diplomacia<\/strong><\/p>\n<p>Marco Rubio, senador republicano e membro influente do Comit\u00ea de Rela\u00e7\u00f5es Exteriores do Senado dos EUA, fez a declara\u00e7\u00e3o sobre a Coreia do Norte em uma entrevista concedida na quinta-feira (29) \u00e0 apresentadora Megyn Kelly, na SiriusXM, onde tamb\u00e9m incluiu o Ir\u00e3 na lista de \u201cestados desonestos\u201d. Embora essa classifica\u00e7\u00e3o seja comum no discurso de autoridades americanas, a pol\u00eamica se intensificou ap\u00f3s Trump ter se referido \u00e0 Coreia do Norte como uma \u201cpot\u00eancia nuclear\u201d no m\u00eas passado. Tal express\u00e3o contraria a pol\u00edtica hist\u00f3rica dos EUA de evitar qualquer reconhecimento impl\u00edcito do status nuclear de Pyongyang.<\/p>\n<p>O ex-presidente republicano, que j\u00e1 se encontrou tr\u00eas vezes com Kim durante seu primeiro mandato, tornando-se o primeiro presidente dos EUA em exerc\u00edcio a realizar\u00a0uma c\u00fapula\u00a0com um l\u00edder norte-coreano. Trump sempre manteve um discurso amb\u00edguo sobre o regime norte-coreano. Ele j\u00e1 descreveu Kim como um \u201ccara inteligente\u201d e recentemente reiterou seu interesse em retomar o di\u00e1logo com o l\u00edder asi\u00e1tico.<\/p>\n<p><strong>Avan\u00e7os militares norte-coreanos<\/strong><\/p>\n<p>Apesar dos gestos de Trump, a Coreia do Norte continua refor\u00e7ando suas capacidades militares. Na semana passada, Kim Jong Un inspecionou uma instala\u00e7\u00e3o de produ\u00e7\u00e3o de material nuclear e pediu a amplia\u00e7\u00e3o das capacidades de combate nuclear do pa\u00eds. Segundo a m\u00eddia estatal norte-coreana, j\u00e1 houve tr\u00eas exibi\u00e7\u00f5es de armamentos em 2025, incluindo m\u00edsseis bal\u00edsticos de curto alcance, um novo m\u00edssil hipers\u00f4nico de alcance intermedi\u00e1rio e m\u00edsseis de cruzeiro estrat\u00e9gicos.<\/p>\n<p>A prioridade de Kim parece ser um n\u00famero estimado de 10.000-12.000 soldados norte-coreanos enviados para dar suporte aos esfor\u00e7os de guerra de tr\u00eas anos da R\u00fassia contra a Ucr\u00e2nia, a primeira grande\u00a0participa\u00e7\u00e3o do Norte em uma guerra estrangeira.\u00a0A Coreia do Norte tamb\u00e9m\u00a0forneceu uma vasta quantidade de artilharia e outras\u00a0armas convencionais para a R\u00fassia.<\/p>\n<p>Em troca, a Coreia do Norte parece estar recebendo assist\u00eancia econ\u00f4mica e militar da R\u00fassia. Em junho passado, Kim e o presidente russo Vladimir Putin assinaram um pacto hist\u00f3rico prometendo\u00a0assist\u00eancia militar m\u00fatua\u00a0se qualquer um dos pa\u00edses for atacado. Seul, Washington e seus parceiros temem que Putin possa dar a Kim tecnologias sofisticadas que podem aumentar drasticamente seus programas de m\u00edsseis nucleares.<\/p>\n<p><strong>In\u00e9rcia diplom\u00e1tica<\/strong><\/p>\n<p>A crescente militariza\u00e7\u00e3o da Coreia do Norte e sua ret\u00f3rica agressiva indicam que o pa\u00eds n\u00e3o pretende abrir m\u00e3o de seu arsenal nuclear, tornando improv\u00e1vel qualquer retomada de negocia\u00e7\u00f5es no curto prazo. Enquanto isso, os EUA seguem enfrentando desafios para definir uma estrat\u00e9gia eficaz em rela\u00e7\u00e3o ao regime de Kim Jong Un, equilibrando interesses diplom\u00e1ticos e press\u00f5es internas para conter a escalada militar norte-coreana.<\/p>\n<p>A falta de di\u00e1logo e a escalada militar aumentam os riscos de instabilidade no nordeste asi\u00e1tico, com implica\u00e7\u00f5es para a seguran\u00e7a global. A comunidade internacional, incluindo aliados dos EUA como Coreia do Sul e Jap\u00e3o, observa com preocupa\u00e7\u00e3o o desenrolar desse cen\u00e1rio, que pode levar a novos testes nucleares ou a uma crise diplom\u00e1tica mais profunda.<\/p>\n<p>O post <a href=\"https:\/\/vermelho.org.br\/2025\/02\/03\/coreia-do-norte-critica-marco-rubio-e-reafirma-intransigencia-sobre-programa-nuclear\/\">Coreia do Norte critica Marco Rubio e reafirma intransig\u00eancia sobre programa nuclear<\/a> apareceu primeiro em <a href=\"https:\/\/vermelho.org.br\/\">Vermelho<\/a>.<\/p>\n<!-- Begin Yuzo --><div class='yuzo_related_post style-1'  data-version='5.12.89'><!-- without result --><div class='yuzo_clearfixed yuzo__title yuzo__title'><h3>Related Post<\/h3><\/div>\n\t\t\t\t\t\t  <div class=\"relatedthumb \" style=\"width:125px;float:left;overflow:hidden;\">  \n\t\t\t\t\t\t\t  \n\t\t\t\t\t\t\t  <a  href=\"https:\/\/redept.com.br\/blogosfera\/cut-convoca-povo-a-ir-as-ruas-no-7-de-setembro-defender-a-soberania\/\"  >\n\t\t\t\t\t\t\t\t\t  <div class=\"yuzo-img-wrap \" style=\"width: 125px;height:90px;\">\n\t\t\t\t\t\t\t\t\t\t\n\t\t\t\t\t\t\t\t\t\t<div class=\"yuzo-img\" style=\"background:url('https:\/\/redept.org\/blogosfera\/wp-content\/plugins\/yuzo-related-post\/assets\/images\/default.png') 50% 50% no-repeat;width: 125px;height:90px;margin-bottom: 5px;background-size: cover; \"><\/div>\n\t\t\t\t\t\t\t\t\t  <\/div>\n\t\t\t\t\t\t\t\t\t  \n\t\t\t\t\t\t\t\t   <span class=\"yuzo__text--title\" style=\"font-size:13px;\">CUT convoca povo a ir \u00e0s ruas no 7 de setembro def...<\/span>\n\t\t\t\t\t\t\t  \n\t\t\t\t\t\t\t  \n\t\t\t\t\t\t\t  <\/a>\n\n\t\t\t\t\t\t  <\/div>\n\t\t\t\t\t\t  <div class=\"relatedthumb \" style=\"width:125px;float:left;overflow:hidden;\">  \n\t\t\t\t\t\t\t  \n\t\t\t\t\t\t\t  <a  href=\"https:\/\/redept.com.br\/blogosfera\/em-ny-lula-cobra-reforma-da-onu-e-propoe-cop-30-como-marco-climatico\/\"  >\n\t\t\t\t\t\t\t\t\t  <div class=\"yuzo-img-wrap \" style=\"width: 125px;height:90px;\">\n\t\t\t\t\t\t\t\t\t\t\n\t\t\t\t\t\t\t\t\t\t<div class=\"yuzo-img\" style=\"background:url('https:\/\/redept.org\/blogosfera\/wp-content\/plugins\/yuzo-related-post\/assets\/images\/default.png') 50% 50% no-repeat;width: 125px;height:90px;margin-bottom: 5px;background-size: cover; \"><\/div>\n\t\t\t\t\t\t\t\t\t  <\/div>\n\t\t\t\t\t\t\t\t\t  \n\t\t\t\t\t\t\t\t   <span class=\"yuzo__text--title\" style=\"font-size:13px;\">Em NY, Lula cobra reforma da ONU e prop\u00f5e COP 30 c...<\/span>\n\t\t\t\t\t\t\t  \n\t\t\t\t\t\t\t  \n\t\t\t\t\t\t\t  <\/a>\n\n\t\t\t\t\t\t  <\/div>\n\t\t\t\t\t\t  <div class=\"relatedthumb \" style=\"width:125px;float:left;overflow:hidden;\">  \n\t\t\t\t\t\t\t  \n\t\t\t\t\t\t\t  <a  href=\"https:\/\/redept.com.br\/blogosfera\/ira-ataca-fortemente-israel-e-civis-correm-para-abrigos\/\"  >\n\t\t\t\t\t\t\t\t\t  <div class=\"yuzo-img-wrap \" style=\"width: 125px;height:90px;\">\n\t\t\t\t\t\t\t\t\t\t\n\t\t\t\t\t\t\t\t\t\t<div class=\"yuzo-img\" style=\"background:url('https:\/\/redept.org\/blogosfera\/wp-content\/plugins\/yuzo-related-post\/assets\/images\/default.png') 50% 50% no-repeat;width: 125px;height:90px;margin-bottom: 5px;background-size: cover; \"><\/div>\n\t\t\t\t\t\t\t\t\t  <\/div>\n\t\t\t\t\t\t\t\t\t  \n\t\t\t\t\t\t\t\t   <span class=\"yuzo__text--title\" style=\"font-size:13px;\">Ir\u00e3 ataca fortemente Israel e civis correm para ab...<\/span>\n\t\t\t\t\t\t\t  \n\t\t\t\t\t\t\t  \n\t\t\t\t\t\t\t  <\/a>\n\n\t\t\t\t\t\t  <\/div>\n\t\t\t\t\t\t  <div class=\"relatedthumb \" style=\"width:125px;float:left;overflow:hidden;\">  \n\t\t\t\t\t\t\t  \n\t\t\t\t\t\t\t  <a  href=\"https:\/\/redept.com.br\/blogosfera\/chuvas-fortes-podem-continuar-ate-o-carnaval-folioes-devem-estar-alertas-principalmente-no-sudeste-diz-meteorologista\/\"  >\n\t\t\t\t\t\t\t\t\t  <div class=\"yuzo-img-wrap \" style=\"width: 125px;height:90px;\">\n\t\t\t\t\t\t\t\t\t\t\n\t\t\t\t\t\t\t\t\t\t<div class=\"yuzo-img\" style=\"background:url('https:\/\/redept.org\/blogosfera\/wp-content\/plugins\/yuzo-related-post\/assets\/images\/default.png') 50% 50% no-repeat;width: 125px;height:90px;margin-bottom: 5px;background-size: cover; \"><\/div>\n\t\t\t\t\t\t\t\t\t  <\/div>\n\t\t\t\t\t\t\t\t\t  \n\t\t\t\t\t\t\t\t   <span class=\"yuzo__text--title\" style=\"font-size:13px;\">Chuvas fortes podem continuar at\u00e9 o carnaval: &#82...<\/span>\n\t\t\t\t\t\t\t  \n\t\t\t\t\t\t\t  \n\t\t\t\t\t\t\t  <\/a>\n\n\t\t\t\t\t\t  <\/div>\n<\/div> <script>\n\t\t\t\t\t\t  jQuery(document).ready(function( $ ){\n\t\t\t\t\t\t\t\/\/jQuery('.yuzo_related_post').equalizer({ overflow : 'relatedthumb' });\n\t\t\t\t\t\t\tjQuery('.yuzo_related_post .yuzo_wraps').equalizer({ columns : '> div' });\n\t\t\t\t\t\t   })\n\t\t\t\t\t\t  <\/script> <!-- End Yuzo :) -->","protected":false},"excerpt":{"rendered":"<p>A Coreia do Norte criticou duramente o Secret\u00e1rio de Estado dos EUA, Marco Rubio, ap\u00f3s ele classificar o pa\u00eds como um \u201cestado desonesto\u201d em uma entrevista. Em uma declara\u00e7\u00e3o divulgada pela m\u00eddia estatal na segunda-feira, um porta-voz do Minist\u00e9rio das Rela\u00e7\u00f5es Exteriores norte-coreano afirmou que os \u201ccoment\u00e1rios grosseiros e sem sentido\u201d de Rubio apenas confirmam [&hellip;]<\/p>\n","protected":false},"author":2,"featured_media":12222,"comment_status":"closed","ping_status":"closed","sticky":false,"template":"","format":"standard","meta":{"fifu_image_url":"","fifu_image_alt":"","footnotes":""},"categories":[3506,1236,1026,1023,50,3507,3508,3509],"tags":[],"class_list":["post-12221","post","type-post","status-publish","format-standard","has-post-thumbnail","hentry","category-armas-nucleares","category-coreia-do-norte","category-diplomacia","category-donald-trump","category-internacional","category-kim-jong-un","category-marco-rubio","category-pyongyang"],"_links":{"self":[{"href":"https:\/\/redept.com.br\/blogosfera\/wp-json\/wp\/v2\/posts\/12221","targetHints":{"allow":["GET"]}}],"collection":[{"href":"https:\/\/redept.com.br\/blogosfera\/wp-json\/wp\/v2\/posts"}],"about":[{"href":"https:\/\/redept.com.br\/blogosfera\/wp-json\/wp\/v2\/types\/post"}],"author":[{"embeddable":true,"href":"https:\/\/redept.com.br\/blogosfera\/wp-json\/wp\/v2\/users\/2"}],"replies":[{"embeddable":true,"href":"https:\/\/redept.com.br\/blogosfera\/wp-json\/wp\/v2\/comments?post=12221"}],"version-history":[{"count":0,"href":"https:\/\/redept.com.br\/blogosfera\/wp-json\/wp\/v2\/posts\/12221\/revisions"}],"wp:featuredmedia":[{"embeddable":true,"href":"https:\/\/redept.com.br\/blogosfera\/wp-json\/wp\/v2\/media\/12222"}],"wp:attachment":[{"href":"https:\/\/redept.com.br\/blogosfera\/wp-json\/wp\/v2\/media?parent=12221"}],"wp:term":[{"taxonomy":"category","embeddable":true,"href":"https:\/\/redept.com.br\/blogosfera\/wp-json\/wp\/v2\/categories?post=12221"},{"taxonomy":"post_tag","embeddable":true,"href":"https:\/\/redept.com.br\/blogosfera\/wp-json\/wp\/v2\/tags?post=12221"}],"curies":[{"name":"wp","href":"https:\/\/api.w.org\/{rel}","templated":true}]}}