{"id":12387,"date":"2025-02-05T10:27:38","date_gmt":"2025-02-05T13:27:38","guid":{"rendered":"https:\/\/redept.org\/blogosfera\/grammy-2025-ministerio-da-cultura-repudia-tratamento-dado-a-milton-nascimento\/"},"modified":"2025-02-05T10:27:38","modified_gmt":"2025-02-05T13:27:38","slug":"grammy-2025-ministerio-da-cultura-repudia-tratamento-dado-a-milton-nascimento","status":"publish","type":"post","link":"https:\/\/redept.com.br\/blogosfera\/grammy-2025-ministerio-da-cultura-repudia-tratamento-dado-a-milton-nascimento\/","title":{"rendered":"Grammy 2025: Minist\u00e9rio da Cultura repudia tratamento dado a Milton Nascimento"},"content":{"rendered":"<p>O Minist\u00e9rio da Cultura, administrado por Margareth Menezes, publicou uma nota de rep\u00fadio ao Grammy 2025 nesta ter\u00e7a-feira (4). O texto direciona a cr\u00edtica ao tratamento que a premia\u00e7\u00e3o estadunidense deu ao cantor brasileiro Milton Nascimento na noite de domingo (2). Entenda a situa\u00e7\u00e3o na <a href=\"https:\/\/tvtnews.com.br\/\" data-type=\"link\" data-id=\"https:\/\/tvtnews.com.br\/\">TVT News<\/a>.<\/p>\n<\/p>\n<h3>O que rolou no Grammy 2025?<\/h3>\n<\/p>\n<p>A premia\u00e7\u00e3o estadunidense aconteceu no domingo (2). O cantor brasileiro Milton Nascimento estava concorrendo ao lado de Esperanza Spalding, pelo \u00e1lbum Milton + esperanza (2024), na categoria Melhor \u00c1lbum Vocal de Jazz.<\/p>\n<p>Ambos os cantores foram convidados para a cerim\u00f4nia principal. O convite de Esperanza era para uma cadeira nas mesas do sagu\u00e3o principal, considerada a \u00e1rea VIP do Grammy por ser onde acontece as filmagens. J\u00e1 Milton estava designado para uma cadeira na arquibancada. <\/p>\n<p>Leia tamb\u00e9m: <a href=\"https:\/\/tvtnews.com.br\/fernanda-torres-e-ainda-estou-aqui-esta-no-oscar\/\" data-type=\"link\" data-id=\"https:\/\/tvtnews.com.br\/fernanda-torres-e-ainda-estou-aqui-esta-no-oscar\/\">Fernanda Torres e Ainda Estou Aqui est\u00e3o indicados ao Oscar 2025<\/a><\/p>\n<p>Al\u00e9m do tratamento diferente entre os cantores que produziram juntos um dos \u00e1lbuns nomeados, desconsideram as limita\u00e7\u00f5es f\u00edsicas de Milton Nascimento que j\u00e1 est\u00e1 com 82 anos. A equipe decidiu ent\u00e3o que Milton n\u00e3o ficaria para assistir o Grammy, apenas entrou no tapete vermelho para promover o \u00e1lbum.<\/p>\n<p>A cantora Esperanza por sua vez ficou na cerim\u00f4nia com uma foto de Milton ao seu lado. Nas redes sociais ela tamb\u00e9m publicou uma cr\u00edtica ao Grammy 2025 e ressaltou seu descontentamento com a produ\u00e7\u00e3o da cerim\u00f4nia que se recusou a ceder um lugar para o brasileiro. <\/p>\n<blockquote data-instgrm-captioned data-instgrm-permalink=\"https:\/\/www.instagram.com\/reel\/DFl8G6wPAKH\/?utm_source=ig_embed&amp;utm_campaign=loading\" data-instgrm-version=\"14\">\n<div> <a href=\"https:\/\/www.instagram.com\/reel\/DFl8G6wPAKH\/?utm_source=ig_embed&amp;utm_campaign=loading\" target=\"_blank\" rel=\"noopener noreferrer nofollow\"> <\/p>\n<div>\n<div><\/div>\n<div>\n<div><\/div>\n<div><\/div>\n<\/div>\n<\/div>\n<div><\/div>\n<div><svg width=\"50px\" height=\"50px\" viewbox=\"0 0 60 60\" version=\"1.1\" xmlns=\"https:\/\/www.w3.org\/2000\/svg\" xmlns:xlink=\"https:\/\/www.w3.org\/1999\/xlink\"><g stroke=\"none\" stroke-width=\"1\" fill=\"none\" fill-rule=\"evenodd\"><g transform=\"translate(-511.000000, -20.000000)\" fill=\"#000000\"><g><path d=\"M556.869,30.41 C554.814,30.41 553.148,32.076 553.148,34.131 C553.148,36.186 554.814,37.852 556.869,37.852 C558.924,37.852 560.59,36.186 560.59,34.131 C560.59,32.076 558.924,30.41 556.869,30.41 M541,60.657 C535.114,60.657 530.342,55.887 530.342,50 C530.342,44.114 535.114,39.342 541,39.342 C546.887,39.342 551.658,44.114 551.658,50 C551.658,55.887 546.887,60.657 541,60.657 M541,33.886 C532.1,33.886 524.886,41.1 524.886,50 C524.886,58.899 532.1,66.113 541,66.113 C549.9,66.113 557.115,58.899 557.115,50 C557.115,41.1 549.9,33.886 541,33.886 M565.378,62.101 C565.244,65.022 564.756,66.606 564.346,67.663 C563.803,69.06 563.154,70.057 562.106,71.106 C561.058,72.155 560.06,72.803 558.662,73.347 C557.607,73.757 556.021,74.244 553.102,74.378 C549.944,74.521 548.997,74.552 541,74.552 C533.003,74.552 532.056,74.521 528.898,74.378 C525.979,74.244 524.393,73.757 523.338,73.347 C521.94,72.803 520.942,72.155 519.894,71.106 C518.846,70.057 518.197,69.06 517.654,67.663 C517.244,66.606 516.755,65.022 516.623,62.101 C516.479,58.943 516.448,57.996 516.448,50 C516.448,42.003 516.479,41.056 516.623,37.899 C516.755,34.978 517.244,33.391 517.654,32.338 C518.197,30.938 518.846,29.942 519.894,28.894 C520.942,27.846 521.94,27.196 523.338,26.654 C524.393,26.244 525.979,25.756 528.898,25.623 C532.057,25.479 533.004,25.448 541,25.448 C548.997,25.448 549.943,25.479 553.102,25.623 C556.021,25.756 557.607,26.244 558.662,26.654 C560.06,27.196 561.058,27.846 562.106,28.894 C563.154,29.942 563.803,30.938 564.346,32.338 C564.756,33.391 565.244,34.978 565.378,37.899 C565.522,41.056 565.552,42.003 565.552,50 C565.552,57.996 565.522,58.943 565.378,62.101 M570.82,37.631 C570.674,34.438 570.167,32.258 569.425,30.349 C568.659,28.377 567.633,26.702 565.965,25.035 C564.297,23.368 562.623,22.342 560.652,21.575 C558.743,20.834 556.562,20.326 553.369,20.18 C550.169,20.033 549.148,20 541,20 C532.853,20 531.831,20.033 528.631,20.18 C525.438,20.326 523.257,20.834 521.349,21.575 C519.376,22.342 517.703,23.368 516.035,25.035 C514.368,26.702 513.342,28.377 512.574,30.349 C511.834,32.258 511.326,34.438 511.181,37.631 C511.035,40.831 511,41.851 511,50 C511,58.147 511.035,59.17 511.181,62.369 C511.326,65.562 511.834,67.743 512.574,69.651 C513.342,71.625 514.368,73.296 516.035,74.965 C517.703,76.634 519.376,77.658 521.349,78.425 C523.257,79.167 525.438,79.673 528.631,79.82 C531.831,79.965 532.853,80.001 541,80.001 C549.148,80.001 550.169,79.965 553.369,79.82 C556.562,79.673 558.743,79.167 560.652,78.425 C562.623,77.658 564.297,76.634 565.965,74.965 C567.633,73.296 568.659,71.625 569.425,69.651 C570.167,67.743 570.674,65.562 570.82,62.369 C570.966,59.17 571,58.147 571,50 C571,41.851 570.966,40.831 570.82,37.631\"><\/path><\/g><\/g><\/g><\/svg><\/div>\n<div>\n<div>Ver essa foto no Instagram<\/div>\n<\/div>\n<div><\/div>\n<div>\n<div>\n<div><\/div>\n<div><\/div>\n<div><\/div>\n<\/div>\n<div>\n<div><\/div>\n<div><\/div>\n<\/div>\n<div>\n<div><\/div>\n<div><\/div>\n<div><\/div>\n<\/div>\n<\/div>\n<div>\n<div><\/div>\n<div><\/div>\n<\/div>\n<p><\/a><\/p>\n<p><a href=\"https:\/\/www.instagram.com\/reel\/DFl8G6wPAKH\/?utm_source=ig_embed&amp;utm_campaign=loading\" target=\"_blank\" rel=\"noopener noreferrer nofollow\">Uma publica\u00e7\u00e3o compartilhada por Esperanza Spalding (i.n.) (@esperanzaspalding)<\/a><\/p>\n<\/div>\n<\/blockquote>\n<p>Em seguida, a equipe de Milton Nascimento publicou uma nota de esclarecimento sobre o assunto. O Grammy desconsiderou a mobilidade e conforto de uma pessoa idosa. Al\u00e9m disso, ignorou a relev\u00e2ncia hist\u00f3rica do cantor n\u00e3o apenas para o Brasil, como tamb\u00e9m para o mundo.<\/p>\n<blockquote data-instgrm-captioned data-instgrm-permalink=\"https:\/\/www.instagram.com\/p\/DFoLJOFh0yG\/?utm_source=ig_embed&amp;utm_campaign=loading\" data-instgrm-version=\"14\">\n<div> <a href=\"https:\/\/www.instagram.com\/p\/DFoLJOFh0yG\/?utm_source=ig_embed&amp;utm_campaign=loading\" target=\"_blank\" rel=\"noopener noreferrer nofollow\"> <\/p>\n<div>\n<div><\/div>\n<div>\n<div><\/div>\n<div><\/div>\n<\/div>\n<\/div>\n<div><\/div>\n<div><svg width=\"50px\" height=\"50px\" viewbox=\"0 0 60 60\" version=\"1.1\" xmlns=\"https:\/\/www.w3.org\/2000\/svg\" xmlns:xlink=\"https:\/\/www.w3.org\/1999\/xlink\"><g stroke=\"none\" stroke-width=\"1\" fill=\"none\" fill-rule=\"evenodd\"><g transform=\"translate(-511.000000, -20.000000)\" fill=\"#000000\"><g><path d=\"M556.869,30.41 C554.814,30.41 553.148,32.076 553.148,34.131 C553.148,36.186 554.814,37.852 556.869,37.852 C558.924,37.852 560.59,36.186 560.59,34.131 C560.59,32.076 558.924,30.41 556.869,30.41 M541,60.657 C535.114,60.657 530.342,55.887 530.342,50 C530.342,44.114 535.114,39.342 541,39.342 C546.887,39.342 551.658,44.114 551.658,50 C551.658,55.887 546.887,60.657 541,60.657 M541,33.886 C532.1,33.886 524.886,41.1 524.886,50 C524.886,58.899 532.1,66.113 541,66.113 C549.9,66.113 557.115,58.899 557.115,50 C557.115,41.1 549.9,33.886 541,33.886 M565.378,62.101 C565.244,65.022 564.756,66.606 564.346,67.663 C563.803,69.06 563.154,70.057 562.106,71.106 C561.058,72.155 560.06,72.803 558.662,73.347 C557.607,73.757 556.021,74.244 553.102,74.378 C549.944,74.521 548.997,74.552 541,74.552 C533.003,74.552 532.056,74.521 528.898,74.378 C525.979,74.244 524.393,73.757 523.338,73.347 C521.94,72.803 520.942,72.155 519.894,71.106 C518.846,70.057 518.197,69.06 517.654,67.663 C517.244,66.606 516.755,65.022 516.623,62.101 C516.479,58.943 516.448,57.996 516.448,50 C516.448,42.003 516.479,41.056 516.623,37.899 C516.755,34.978 517.244,33.391 517.654,32.338 C518.197,30.938 518.846,29.942 519.894,28.894 C520.942,27.846 521.94,27.196 523.338,26.654 C524.393,26.244 525.979,25.756 528.898,25.623 C532.057,25.479 533.004,25.448 541,25.448 C548.997,25.448 549.943,25.479 553.102,25.623 C556.021,25.756 557.607,26.244 558.662,26.654 C560.06,27.196 561.058,27.846 562.106,28.894 C563.154,29.942 563.803,30.938 564.346,32.338 C564.756,33.391 565.244,34.978 565.378,37.899 C565.522,41.056 565.552,42.003 565.552,50 C565.552,57.996 565.522,58.943 565.378,62.101 M570.82,37.631 C570.674,34.438 570.167,32.258 569.425,30.349 C568.659,28.377 567.633,26.702 565.965,25.035 C564.297,23.368 562.623,22.342 560.652,21.575 C558.743,20.834 556.562,20.326 553.369,20.18 C550.169,20.033 549.148,20 541,20 C532.853,20 531.831,20.033 528.631,20.18 C525.438,20.326 523.257,20.834 521.349,21.575 C519.376,22.342 517.703,23.368 516.035,25.035 C514.368,26.702 513.342,28.377 512.574,30.349 C511.834,32.258 511.326,34.438 511.181,37.631 C511.035,40.831 511,41.851 511,50 C511,58.147 511.035,59.17 511.181,62.369 C511.326,65.562 511.834,67.743 512.574,69.651 C513.342,71.625 514.368,73.296 516.035,74.965 C517.703,76.634 519.376,77.658 521.349,78.425 C523.257,79.167 525.438,79.673 528.631,79.82 C531.831,79.965 532.853,80.001 541,80.001 C549.148,80.001 550.169,79.965 553.369,79.82 C556.562,79.673 558.743,79.167 560.652,78.425 C562.623,77.658 564.297,76.634 565.965,74.965 C567.633,73.296 568.659,71.625 569.425,69.651 C570.167,67.743 570.674,65.562 570.82,62.369 C570.966,59.17 571,58.147 571,50 C571,41.851 570.966,40.831 570.82,37.631\"><\/path><\/g><\/g><\/g><\/svg><\/div>\n<div>\n<div>Ver essa foto no Instagram<\/div>\n<\/div>\n<div><\/div>\n<div>\n<div>\n<div><\/div>\n<div><\/div>\n<div><\/div>\n<\/div>\n<div>\n<div><\/div>\n<div><\/div>\n<\/div>\n<div>\n<div><\/div>\n<div><\/div>\n<div><\/div>\n<\/div>\n<\/div>\n<div>\n<div><\/div>\n<div><\/div>\n<\/div>\n<p><\/a><\/p>\n<p><a href=\"https:\/\/www.instagram.com\/p\/DFoLJOFh0yG\/?utm_source=ig_embed&amp;utm_campaign=loading\" target=\"_blank\" rel=\"noopener noreferrer nofollow\">Uma publica\u00e7\u00e3o compartilhada por Milton Nascimento (@miltonbitucanascimento)<\/a><\/p>\n<\/div>\n<\/blockquote>\n<h3>A nota de rep\u00fadio do Minist\u00e9rio da Cultura para o Grammy<\/h3>\n<\/p>\n<p>Nesta ter\u00e7a-feira (3), o Minist\u00e9rio da Cultura <a href=\"https:\/\/www.gov.br\/cultura\/pt-br\/centrais-de-conteudo\/sala-de-imprensa\/notas-do-ministerio-da-cultura\/repudio-pelo-tratamento-dispensado-ao-cantor-e-compositor-milton-nascimento-no-grammy-2025\" target=\"_blank\" data-type=\"link\" data-id=\"https:\/\/www.gov.br\/cultura\/pt-br\/centrais-de-conteudo\/sala-de-imprensa\/notas-do-ministerio-da-cultura\/repudio-pelo-tratamento-dispensado-ao-cantor-e-compositor-milton-nascimento-no-grammy-2025\" rel=\"noreferrer noopener nofollow\">manifestou total rep\u00fadio<\/a> ao tratamento dado ao Milton Nascimento no Grammy. \u201cA decis\u00e3o da Academia de posicion\u00e1-lo em um local incompat\u00edvel com sua trajet\u00f3ria, prest\u00edgio internacional e necessidades f\u00edsicas demonstra falta de sensibilidade e respeito a um dos maiores nomes da m\u00fasica brasileira\u201d, escreveu.<\/p>\n<p>O minist\u00e9rio tamb\u00e9m ressaltou a grandeza do cantor brasileiro, \u201csua obra influenciou artistas em todo o mundo, elevando a m\u00fasica brasileira a patamares de excel\u00eancia\u201d.<\/p>\n<p>Tamb\u00e9m alfinetou o Grammy ao dizer que \u201cMilton seguir\u00e1 sendo celebrado por aqueles que compreendem e respeitam sua imensa contribui\u00e7\u00e3o \u00e0 m\u00fasica\u201d.<\/p>\n<p>Por fim, \u201co Brasil \u00e9 gigante, tal qual \u00e9 Milton Nascimento\u201d, afirma. Enaltecendo a cultura brasileira. N\u00e3o \u00e9 o Milton Nascimento ou o Brasil que precisa do Grammy, ou de premia\u00e7\u00f5es estadunidenses, s\u00e3o eles que precisam do Brasil. <\/p>\n<figure>\n<div>\n<blockquote data-secret=\"2Mr6YFgpOJ\"><p><a href=\"https:\/\/tvtnews.com.br\/semana-do-cinema-ingressos-10-reais-todo-o-brasil\/\">Semana do Cinema: ingressos custar\u00e3o R$ 10 em todo o Brasil<\/a><\/p><\/blockquote>\n<\/div>\n<\/figure>\n<p>The post <a rel=\"nofollow\" href=\"https:\/\/tvtnews.com.br\/ministerio-da-cultura-grammy-2025-milton-nascimento\/\">Grammy 2025: Minist\u00e9rio da Cultura repudia tratamento dado a Milton Nascimento<\/a> appeared first on <a rel=\"nofollow\" href=\"https:\/\/tvtnews.com.br\/\">TVT News<\/a>.<\/p>\n<!-- Begin Yuzo --><div class='yuzo_related_post style-1'  data-version='5.12.89'><!-- without result --><div class='yuzo_clearfixed yuzo__title yuzo__title'><h3>Related Post<\/h3><\/div>\n\t\t\t\t\t\t  <div class=\"relatedthumb \" style=\"width:125px;float:left;overflow:hidden;\">  \n\t\t\t\t\t\t\t  \n\t\t\t\t\t\t\t  <a  href=\"https:\/\/redept.com.br\/blogosfera\/em-sergipe-mais-de-90-dos-trabalhadores-serao-beneficiados-pela-isencao-do-imposto-de-renda-de-quem-recebe-ate-r-5-mil\/\"  >\n\t\t\t\t\t\t\t\t\t  <div class=\"yuzo-img-wrap \" style=\"width: 125px;height:90px;\">\n\t\t\t\t\t\t\t\t\t\t\n\t\t\t\t\t\t\t\t\t\t<div class=\"yuzo-img\" style=\"background:url('https:\/\/redept.org\/blogosfera\/wp-content\/plugins\/yuzo-related-post\/assets\/images\/default.png') 50% 50% no-repeat;width: 125px;height:90px;margin-bottom: 5px;background-size: cover; \"><\/div>\n\t\t\t\t\t\t\t\t\t  <\/div>\n\t\t\t\t\t\t\t\t\t  \n\t\t\t\t\t\t\t\t   <span class=\"yuzo__text--title\" style=\"font-size:13px;\">Em Sergipe, mais de 90% dos trabalhadores ser\u00e3o be...<\/span>\n\t\t\t\t\t\t\t  \n\t\t\t\t\t\t\t  \n\t\t\t\t\t\t\t  <\/a>\n\n\t\t\t\t\t\t  <\/div>\n\t\t\t\t\t\t  <div class=\"relatedthumb \" style=\"width:125px;float:left;overflow:hidden;\">  \n\t\t\t\t\t\t\t  \n\t\t\t\t\t\t\t  <a  href=\"https:\/\/redept.com.br\/blogosfera\/o-militar-no-melhor-dos-dois-mundos\/\"  >\n\t\t\t\t\t\t\t\t\t  <div class=\"yuzo-img-wrap \" style=\"width: 125px;height:90px;\">\n\t\t\t\t\t\t\t\t\t\t\n\t\t\t\t\t\t\t\t\t\t<div class=\"yuzo-img\" style=\"background:url('https:\/\/redept.org\/blogosfera\/wp-content\/plugins\/yuzo-related-post\/assets\/images\/default.png') 50% 50% no-repeat;width: 125px;height:90px;margin-bottom: 5px;background-size: cover; \"><\/div>\n\t\t\t\t\t\t\t\t\t  <\/div>\n\t\t\t\t\t\t\t\t\t  \n\t\t\t\t\t\t\t\t   <span class=\"yuzo__text--title\" style=\"font-size:13px;\">O militar no melhor dos dois mundos<\/span>\n\t\t\t\t\t\t\t  \n\t\t\t\t\t\t\t  \n\t\t\t\t\t\t\t  <\/a>\n\n\t\t\t\t\t\t  <\/div>\n\t\t\t\t\t\t  <div class=\"relatedthumb \" style=\"width:125px;float:left;overflow:hidden;\">  \n\t\t\t\t\t\t\t  \n\t\t\t\t\t\t\t  <a  href=\"https:\/\/redept.com.br\/blogosfera\/industria-volta-a-crescer-com-lula-mas-selic-pode-inviabilizar-retomada\/\"  >\n\t\t\t\t\t\t\t\t\t  <div class=\"yuzo-img-wrap \" style=\"width: 125px;height:90px;\">\n\t\t\t\t\t\t\t\t\t\t\n\t\t\t\t\t\t\t\t\t\t<div class=\"yuzo-img\" style=\"background:url('https:\/\/redept.org\/blogosfera\/wp-content\/plugins\/yuzo-related-post\/assets\/images\/default.png') 50% 50% no-repeat;width: 125px;height:90px;margin-bottom: 5px;background-size: cover; \"><\/div>\n\t\t\t\t\t\t\t\t\t  <\/div>\n\t\t\t\t\t\t\t\t\t  \n\t\t\t\t\t\t\t\t   <span class=\"yuzo__text--title\" style=\"font-size:13px;\">Ind\u00fastria volta a crescer com Lula, mas Selic pode...<\/span>\n\t\t\t\t\t\t\t  \n\t\t\t\t\t\t\t  \n\t\t\t\t\t\t\t  <\/a>\n\n\t\t\t\t\t\t  <\/div>\n\t\t\t\t\t\t  <div class=\"relatedthumb \" style=\"width:125px;float:left;overflow:hidden;\">  \n\t\t\t\t\t\t\t  \n\t\t\t\t\t\t\t  <a  href=\"https:\/\/redept.com.br\/blogosfera\/moraes-rechaca-bravatas-irresponsaveis-e-diz-que-big-techs-devem-respeitar-lei\/\"  >\n\t\t\t\t\t\t\t\t\t  <div class=\"yuzo-img-wrap \" style=\"width: 125px;height:90px;\">\n\t\t\t\t\t\t\t\t\t\t\n\t\t\t\t\t\t\t\t\t\t<div class=\"yuzo-img\" style=\"background:url('https:\/\/redept.com.br\/blogosfera\/wp-content\/uploads\/2025\/01\/ok-moraes_Foto-Fellipe-Sampaio-STF-150x150.jpg') 50% 50% no-repeat;width: 125px;height:90px;margin-bottom: 5px;background-size: cover; \"><\/div>\n\t\t\t\t\t\t\t\t\t  <\/div>\n\t\t\t\t\t\t\t\t\t  \n\t\t\t\t\t\t\t\t   <span class=\"yuzo__text--title\" style=\"font-size:13px;\">Moraes recha\u00e7a bravatas irrespons\u00e1veis e diz que b...<\/span>\n\t\t\t\t\t\t\t  \n\t\t\t\t\t\t\t  \n\t\t\t\t\t\t\t  <\/a>\n\n\t\t\t\t\t\t  <\/div>\n<\/div> <script>\n\t\t\t\t\t\t  jQuery(document).ready(function( $ ){\n\t\t\t\t\t\t\t\/\/jQuery('.yuzo_related_post').equalizer({ overflow : 'relatedthumb' });\n\t\t\t\t\t\t\tjQuery('.yuzo_related_post .yuzo_wraps').equalizer({ columns : '> div' });\n\t\t\t\t\t\t   })\n\t\t\t\t\t\t  <\/script> <!-- End Yuzo :) -->","protected":false},"excerpt":{"rendered":"<p>O Minist\u00e9rio da Cultura, administrado por Margareth Menezes, publicou uma nota de rep\u00fadio ao Grammy 2025 nesta ter\u00e7a-feira (4). O texto direciona a cr\u00edtica ao tratamento que a premia\u00e7\u00e3o estadunidense deu ao cantor brasileiro Milton Nascimento na noite de domingo (2). Entenda a situa\u00e7\u00e3o na TVT News. O que rolou no Grammy 2025? A premia\u00e7\u00e3o [&hellip;]<\/p>\n","protected":false},"author":2,"featured_media":0,"comment_status":"closed","ping_status":"closed","sticky":false,"template":"","format":"standard","meta":{"fifu_image_url":"","fifu_image_alt":"","footnotes":""},"categories":[309,472],"tags":[],"class_list":["post-12387","post","type-post","status-publish","format-standard","hentry","category-cultura","category-destaque-ahome"],"_links":{"self":[{"href":"https:\/\/redept.com.br\/blogosfera\/wp-json\/wp\/v2\/posts\/12387","targetHints":{"allow":["GET"]}}],"collection":[{"href":"https:\/\/redept.com.br\/blogosfera\/wp-json\/wp\/v2\/posts"}],"about":[{"href":"https:\/\/redept.com.br\/blogosfera\/wp-json\/wp\/v2\/types\/post"}],"author":[{"embeddable":true,"href":"https:\/\/redept.com.br\/blogosfera\/wp-json\/wp\/v2\/users\/2"}],"replies":[{"embeddable":true,"href":"https:\/\/redept.com.br\/blogosfera\/wp-json\/wp\/v2\/comments?post=12387"}],"version-history":[{"count":0,"href":"https:\/\/redept.com.br\/blogosfera\/wp-json\/wp\/v2\/posts\/12387\/revisions"}],"wp:attachment":[{"href":"https:\/\/redept.com.br\/blogosfera\/wp-json\/wp\/v2\/media?parent=12387"}],"wp:term":[{"taxonomy":"category","embeddable":true,"href":"https:\/\/redept.com.br\/blogosfera\/wp-json\/wp\/v2\/categories?post=12387"},{"taxonomy":"post_tag","embeddable":true,"href":"https:\/\/redept.com.br\/blogosfera\/wp-json\/wp\/v2\/tags?post=12387"}],"curies":[{"name":"wp","href":"https:\/\/api.w.org\/{rel}","templated":true}]}}