{"id":12881,"date":"2025-02-11T04:00:00","date_gmt":"2025-02-11T07:00:00","guid":{"rendered":"https:\/\/redept.org\/blogosfera\/anjo-da-morte-como-medico-nazista-josef-mengele-viveu-com-regalia-por-18-anos-no-brasil\/"},"modified":"2025-02-11T04:00:00","modified_gmt":"2025-02-11T07:00:00","slug":"anjo-da-morte-como-medico-nazista-josef-mengele-viveu-com-regalia-por-18-anos-no-brasil","status":"publish","type":"post","link":"https:\/\/redept.com.br\/blogosfera\/anjo-da-morte-como-medico-nazista-josef-mengele-viveu-com-regalia-por-18-anos-no-brasil\/","title":{"rendered":"\u201cAnjo da morte\u201d: Como m\u00e9dico nazista Josef Mengele viveu com regalia por 18 anos no Brasil"},"content":{"rendered":"<p>O m\u00e9dico nazista mais procurado do mundo, Josef Mengele, viveu por quase duas d\u00e9cadas no Brasil e, nos anos de 1960, chegou a estar na mesma vizinhan\u00e7a que ao menos uma das sobreviventes do maior campo de exterm\u00ednio nazista, Auschwitz-Birkenau, em Serra Negra (SP), a 150 km da capital paulista. A hist\u00f3ria contada no livro <em><a href=\"https:\/\/todavialivros.com.br\/livros\/baviera-tropical\" target=\"_blank\" rel=\"noreferrer noopener\">Baviera tropical<\/a><\/em>, de Betina Anton, que conversou com v\u00edtimas de Mengele, volta a ganhar relevo no anivers\u00e1rio de 80 anos do fim do campo de concentra\u00e7\u00e3o ap\u00f3s a\u00e7\u00e3o de tropas sovi\u00e9ticas.<\/p>\n<figure data-wp-context='{\"imageId\":\"67aaf5a3867ae\"}' data-wp-interactive=\"core\/image\"><button type=\"button\" aria-haspopup=\"dialog\" aria-label=\"Aumentar imagem: Reserva do pavilh\u00e3o de experimenta\u00e7\u00e3o de Josef Menggele em Auschwitz\" data-wp-init=\"callbacks.initTriggerButton\" data-wp-on-async--click=\"actions.showLightbox\" data-wp-style--right=\"state.imageButtonRight\" data-wp-style--top=\"state.imageButtonTop\"><br \/>\n\t\t\t<svg xmlns=\"http:\/\/www.w3.org\/2000\/svg\" width=\"12\" height=\"12\" fill=\"none\" viewbox=\"0 0 12 12\">\n\t\t\t\t<path fill=\"#fff\" d=\"M2 0a2 2 0 0 0-2 2v2h1.5V2a.5.5 0 0 1 .5-.5h2V0H2Zm2 10.5H2a.5.5 0 0 1-.5-.5V8H0v2a2 2 0 0 0 2 2h2v-1.5ZM8 12v-1.5h2a.5.5 0 0 0 .5-.5V8H12v2a2 2 0 0 1-2 2H8Zm2-12a2 2 0 0 1 2 2v2h-1.5V2a.5.5 0 0 0-.5-.5H8V0h2Z\"><\/path>\n\t\t\t<\/svg><br \/>\n\t\t<\/button><figcaption>Reserva do pavilh\u00e3o de experimenta\u00e7\u00e3o do m\u00e9dico nazista Josef Menggele em Auschwitz<\/figcaption><\/figure>\n<p>Mengele condenou centenas de milhares de pessoas \u00e0 morte e realizou experimentos macabros que marcaram quem sobreviveu. <span>Higienista e crente na superioridade da \u201cra\u00e7a ariana\u201d, ele tinha predile\u00e7\u00e3o por usar g\u00eameos, an\u00f5es e pessoas com defici\u00eancia em seu laborat\u00f3rio.<\/span> Anos depois da derrota da Alemanha, o m\u00e9dico nazista morou no Brasil, na d\u00e9cada de 1960, onde encontrou apoio e prote\u00e7\u00e3o.<\/p>\n<div>\n<div>\n<h2>Por que isso importa?<\/h2>\n<\/p><\/div>\n<div>\n<ul>\n<li>Jogar luz em hist\u00f3rias de impunidade de integrantes de regimes que promovem viola\u00e7\u00f5es de direitos humanos ajuda a respeitar a mem\u00f3ria e a experi\u00eancia de sobreviventes e a pressionar autoridades para que n\u00e3o permitam que abusos se repitam.<\/li>\n<\/ul><\/div>\n<\/p><\/div>\n<p>Mengele fugiu, ap\u00f3s o fim da guerra, para a Argentina e depois se mudou para o Paraguai. Mais tarde, <span>procurou ref\u00fagio no Brasil, temendo ter o mesmo destino de Adolf Eichmann, o \u201carquiteto do Holocausto\u201d, capturado em 1960 na Argentina pelo Mossad<\/span>, o servi\u00e7o secreto israelense. Eichmann foi julgado e executado por enforcamento dois anos depois.<\/p>\n<figure data-wp-context='{\"imageId\":\"67aaf5a386b59\"}' data-wp-interactive=\"core\/image\"><button type=\"button\" aria-haspopup=\"dialog\" aria-label='Aumentar imagem: Sele\u00e7\u00e3o\" de judeus h\u00fangaros na rampa de Auschwitz-II-Birkenau , na Pol\u00f4nia ocupada pelos alem\u00e3es, maio\/junho de 1944, durante a fase final do Holocausto' data-wp-init=\"callbacks.initTriggerButton\" data-wp-on-async--click=\"actions.showLightbox\" data-wp-style--right=\"state.imageButtonRight\" data-wp-style--top=\"state.imageButtonTop\"><br \/>\n\t\t\t<svg xmlns=\"http:\/\/www.w3.org\/2000\/svg\" width=\"12\" height=\"12\" fill=\"none\" viewbox=\"0 0 12 12\">\n\t\t\t\t<path fill=\"#fff\" d=\"M2 0a2 2 0 0 0-2 2v2h1.5V2a.5.5 0 0 1 .5-.5h2V0H2Zm2 10.5H2a.5.5 0 0 1-.5-.5V8H0v2a2 2 0 0 0 2 2h2v-1.5ZM8 12v-1.5h2a.5.5 0 0 0 .5-.5V8H12v2a2 2 0 0 1-2 2H8Zm2-12a2 2 0 0 1 2 2v2h-1.5V2a.5.5 0 0 0-.5-.5H8V0h2Z\"><\/path>\n\t\t\t<\/svg><br \/>\n\t\t<\/button><figcaption><em>Mengele condenou milhares \u00e0 morte e fez experimentos cru\u00e9is<\/em><\/figcaption><\/figure>\n<p>O fato j\u00e1 era conhecido, mas o livro apresenta detalhes in\u00e9ditos desse per\u00edodo, a partir de conversas com membros da comunidade alem\u00e3 em S\u00e3o Paulo, sobre como Mengele conseguiu abrigo no Brasil por tanto tempo e com testemunhas do momento em que o m\u00e9dico morreu afogado \u2013 em fevereiro de 1979, aos 67 anos.<\/p>\n<div>\n<figure data-wp-context='{\"imageId\":\"67aaf5a386db2\"}' data-wp-interactive=\"core\/image\"><button type=\"button\" aria-haspopup=\"dialog\" aria-label=\"Aumentar imagem: O m\u00e9dico nazista mais procurado do mundo, Josef Mengele\" data-wp-init=\"callbacks.initTriggerButton\" data-wp-on-async--click=\"actions.showLightbox\" data-wp-style--right=\"state.imageButtonRight\" data-wp-style--top=\"state.imageButtonTop\"><br \/>\n\t\t\t<svg xmlns=\"http:\/\/www.w3.org\/2000\/svg\" width=\"12\" height=\"12\" fill=\"none\" viewbox=\"0 0 12 12\">\n\t\t\t\t<path fill=\"#fff\" d=\"M2 0a2 2 0 0 0-2 2v2h1.5V2a.5.5 0 0 1 .5-.5h2V0H2Zm2 10.5H2a.5.5 0 0 1-.5-.5V8H0v2a2 2 0 0 0 2 2h2v-1.5ZM8 12v-1.5h2a.5.5 0 0 0 .5-.5V8H12v2a2 2 0 0 1-2 2H8Zm2-12a2 2 0 0 1 2 2v2h-1.5V2a.5.5 0 0 0-.5-.5H8V0h2Z\"><\/path>\n\t\t\t<\/svg><br \/>\n\t\t<\/button><figcaption>Josef Mengele viveu com regalias no Brasil ap\u00f3s fugir da Europa<\/figcaption><\/figure>\n<\/div>\n<p>Uma dessas testemunhas era m\u00e3e de um aluno da escola alem\u00e3 onde a autora estudou na inf\u00e2ncia. Nessa mesma escola, a professora h\u00fangara Liselotte Bossert foi presa ap\u00f3s a pol\u00edcia ter descoberto que ela e o marido, Wolfram Bossert, deram abrigo a Mengele por um per\u00edodo.<\/p>\n<p><span>Para Anton, \u201cseria ing\u00eanuo imaginar que a comunidade alem\u00e3 em S\u00e3o Paulo estava totalmente alheia aos nazistas\u201d.<\/span> Ind\u00edcio disso seria o fato de Franz Stangl, comandante dos campos de exterm\u00ednio de Treblinka e Sobibor, ter trabalhado abertamente, usando o pr\u00f3prio nome, na Volkswagen \u2013 cujo passado tamb\u00e9m vem <a href=\"https:\/\/apublica.org\/2025\/01\/volkswagen-manteve-por-12-anos-fazenda-com-trabalho-escravo-no-pa-financiada-pela-ditadura\/\" target=\"_blank\" rel=\"noreferrer noopener\">sendo questionado<\/a>.<\/p>\n<p>Ainda assim, hist\u00f3rias de nazistas eram \u201ccasos isolados\u201d na comunidade alem\u00e3 em S\u00e3o Paulo, e muitos alem\u00e3es nem sabiam quem Mengele era at\u00e9 sua hist\u00f3ria ser noticiada na imprensa, na d\u00e9cada de 1980.<\/p>\n<h3><strong>Mengele por ele mesmo: as cartas \u201cesquecidas\u201d do m\u00e9dico nazista<\/strong><\/h3>\n<p>Certa vez, o \u00fanico filho de Josef Mengele, Rolf, concedeu uma entrevista \u00e0 revista alem\u00e3 <em>Bunte<\/em>, na qual disse que o pai teve uma vida miser\u00e1vel no Brasil.<\/p>\n<p><span>O livro <em>Baviera tropical<\/em> exp\u00f5e a vida \u00edntima e privada de Mengele a partir de 80 cartas apreendidas pela Pol\u00edcia Federal em 1985<\/span>, que d\u00e3o um panorama da vida do m\u00e9dico nazista no Brasil, o que, segundo a autora, faz cair por terra o discurso da fam\u00edlia.<\/p>\n<p>As cartas indicam que Mengele teve uma vida cheia de regalias durante o tempo em que viveu no pa\u00eds e que nunca se mostrou arrependido dos crimes que cometeu.<\/p>\n<p>\u201cSim, ele reclamava muito da vida. Por outro lado, h\u00e1 tamb\u00e9m relatos de que ia \u00e0 cachoeira, \u00e0 praia, ao s\u00edtio. Quando estava em casa, sa\u00eda para passear com os cachorros, colhia amoras, passeava pela cidade. Ia \u00e0 livraria alem\u00e3, comia doces alem\u00e3es. Tinha acesso \u00e0 literatura alem\u00e3, escrevia cartas o tempo todo\u201d, afirma Anton. \u201cEnt\u00e3o, definitivamente n\u00e3o acho que ele teve uma vida miser\u00e1vel no Brasil.\u201d<\/p>\n<figure data-wp-context='{\"imageId\":\"67aaf5a3870b6\"}' data-wp-interactive=\"core\/image\"><button type=\"button\" aria-haspopup=\"dialog\" aria-label=\"Aumentar imagem: Marcelo Gewertz, 29, e a av\u00f3, a polonesa Cec\u00edlia Gewertz\" data-wp-init=\"callbacks.initTriggerButton\" data-wp-on-async--click=\"actions.showLightbox\" data-wp-style--right=\"state.imageButtonRight\" data-wp-style--top=\"state.imageButtonTop\"><br \/>\n\t\t\t<svg xmlns=\"http:\/\/www.w3.org\/2000\/svg\" width=\"12\" height=\"12\" fill=\"none\" viewbox=\"0 0 12 12\">\n\t\t\t\t<path fill=\"#fff\" d=\"M2 0a2 2 0 0 0-2 2v2h1.5V2a.5.5 0 0 1 .5-.5h2V0H2Zm2 10.5H2a.5.5 0 0 1-.5-.5V8H0v2a2 2 0 0 0 2 2h2v-1.5ZM8 12v-1.5h2a.5.5 0 0 0 .5-.5V8H12v2a2 2 0 0 1-2 2H8Zm2-12a2 2 0 0 1 2 2v2h-1.5V2a.5.5 0 0 0-.5-.5H8V0h2Z\"><\/path>\n\t\t\t<\/svg><br \/>\n\t\t<\/button><figcaption>Cec\u00edlia Gewertz sobreviveu aos horrores de Mengele e compartilhou sua hist\u00f3ria com o neto<\/figcaption><\/figure>\n<h3><strong>Longe dos olhos, n\u00e3o do cora\u00e7\u00e3o: sobrevivente fugiu de Mengele em S\u00e3o Paulo<\/strong><\/h3>\n<p><span>\u201cEla dizia que nunca se esqueceu dos olhos dele\u201d<\/span>, afirmou o paulistano Marcelo Gewertz, 29, quando indagado sobre as lembran\u00e7as que a av\u00f3, a polonesa Cec\u00edlia Gewertz, tinha do alem\u00e3o Josef Mengele, conhecido como \u201canjo da morte\u201d. No dia 27 de janeiro, Dia Internacional em Mem\u00f3ria das V\u00edtimas do Holocausto, completaram-se 80 anos desde que Cec\u00edlia foi libertada de Auschwitz-Birkenau, no sul da Pol\u00f4nia, por onde passou cerca de 1,3 milh\u00e3o de pessoas, em sua maioria judeus.\u00a0<\/p>\n<p>Durante a Segunda Guerra Mundial (1939-1945), Cec\u00edlia passou por cinco campos de concentra\u00e7\u00e3o e foi v\u00edtima dos experimentos de Mengele. A experi\u00eancia era compartilhada abertamente com os netos. Em 2014, eles gravaram um depoimento de 45 minutos da av\u00f3 sobre os horrores sofridos. A partir do material, criaram o projeto \u201cSobre viver o Holocausto\u201d, que busca perpetuar a mem\u00f3ria das v\u00edtimas.<\/p>\n<p>Entre os v\u00e1rios experimentos a que foi submetida, ela e mais tr\u00eas judias \u2013 uma grega, uma francesa e uma h\u00fangara \u2013 foram encaminhadas a um barrac\u00e3o e, <span>nuas, tiveram que revezar entre ficar por v\u00e1rios minutos em banheiras com \u00e1gua fervente e, depois, congelante.<\/span> \u201cEnquanto minha av\u00f3 gritava, Mengele apontava uma arma para ela e dizia: \u2018Coloca essa cabe\u00e7a para dentro, sen\u00e3o eu te mato!\u2019\u201d, afirma Marcelo Gewertz, que diz que ela nunca esqueceria seus gritos nem seus olhos.<\/p>\n<div>\n<figure data-wp-context='{\"imageId\":\"67aaf5a38733f\"}' data-wp-interactive=\"core\/image\"><button type=\"button\" aria-haspopup=\"dialog\" aria-label=\"Aumentar imagem: A escritora Betina Anton\" data-wp-init=\"callbacks.initTriggerButton\" data-wp-on-async--click=\"actions.showLightbox\" data-wp-style--right=\"state.imageButtonRight\" data-wp-style--top=\"state.imageButtonTop\"><br \/>\n\t\t\t<svg xmlns=\"http:\/\/www.w3.org\/2000\/svg\" width=\"12\" height=\"12\" fill=\"none\" viewbox=\"0 0 12 12\">\n\t\t\t\t<path fill=\"#fff\" d=\"M2 0a2 2 0 0 0-2 2v2h1.5V2a.5.5 0 0 1 .5-.5h2V0H2Zm2 10.5H2a.5.5 0 0 1-.5-.5V8H0v2a2 2 0 0 0 2 2h2v-1.5ZM8 12v-1.5h2a.5.5 0 0 0 .5-.5V8H12v2a2 2 0 0 1-2 2H8Zm2-12a2 2 0 0 1 2 2v2h-1.5V2a.5.5 0 0 0-.5-.5H8V0h2Z\"><\/path>\n\t\t\t<\/svg><br \/>\n\t\t<\/button><figcaption>Betina Anton revela detalhes in\u00e9ditos da vida de Mengele no Brasil em Baviera Tropical<\/figcaption><\/figure>\n<\/div>\n<p>O neto conta que, mesmo depois do t\u00e9rmino da guerra e da fuga para o Brasil, Cec\u00edlia ainda tinha medo de Mengele e o temor a acompanhou at\u00e9 o fim da vida. Prova disso est\u00e1 em um dos trechos do livro, concebido ap\u00f3s uma conversa entre a sobrevivente e a autora, em julho de 2017, sobre o dia em que a mulher se viu diante da possibilidade de cruzar com o m\u00e9dico nazista em S\u00e3o Paulo.<\/p>\n<p>Cec\u00edlia morava na capital paulista e passava temporadas no s\u00edtio de uma amiga em Serra Negra. Certo dia, um menino que morava na regi\u00e3o correu at\u00e9 ela e disse que Mengele estava no munic\u00edpio. N\u00e3o se sabe a origem da informa\u00e7\u00e3o, visto que apenas a fam\u00edlia Stammer, que dava abrigo ao nazista, conhecia a verdadeira identidade dele. A sobrevivente passou mal e foi embora, nunca mais voltando \u00e0 cidade.<\/p>\n<p>\u201cCec\u00edlia teve uma rea\u00e7\u00e3o irracional, t\u00edpica de quem carrega algum trauma\u201d, diz Anton. \u201cEm vez de denunciar Mengele \u00e0s autoridades, ficou apavorada e fugiu. Pensou: \u2018Ele est\u00e1 aqui para matar os judeus\u2019. Perdeu uma oportunidade incr\u00edvel. N\u00e3o sei se as autoridades a levariam a s\u00e9rio, porque havia muitas pistas falsas na \u00e9poca, mas ela poderia t\u00ea-lo denunciado.\u201d<\/p>\n<p>Cec\u00edlia morreu em junho de 2018, aos 96 anos, em S\u00e3o Paulo, v\u00edtima de fal\u00eancia m\u00faltipla de \u00f3rg\u00e3os. Ela nunca reencontrou Mengele.<\/p>\n<figure data-wp-context='{\"imageId\":\"67aaf5a3875ad\"}' data-wp-interactive=\"core\/image\"><button type=\"button\" aria-haspopup=\"dialog\" aria-label=\"Aumentar imagem\" data-wp-init=\"callbacks.initTriggerButton\" data-wp-on-async--click=\"actions.showLightbox\" data-wp-style--right=\"state.imageButtonRight\" data-wp-style--top=\"state.imageButtonTop\"><br \/>\n\t\t\t<svg xmlns=\"http:\/\/www.w3.org\/2000\/svg\" width=\"12\" height=\"12\" fill=\"none\" viewbox=\"0 0 12 12\">\n\t\t\t\t<path fill=\"#fff\" d=\"M2 0a2 2 0 0 0-2 2v2h1.5V2a.5.5 0 0 1 .5-.5h2V0H2Zm2 10.5H2a.5.5 0 0 1-.5-.5V8H0v2a2 2 0 0 0 2 2h2v-1.5ZM8 12v-1.5h2a.5.5 0 0 0 .5-.5V8H12v2a2 2 0 0 1-2 2H8Zm2-12a2 2 0 0 1 2 2v2h-1.5V2a.5.5 0 0 0-.5-.5H8V0h2Z\"><\/path>\n\t\t\t<\/svg><br \/>\n\t\t<\/button><figcaption>Casos de antissemitismo cresceram 961% no Brasil ap\u00f3s in\u00edcio da guerra em 2023<\/figcaption><\/figure>\n<h3><strong>Antissemitismo: persegui\u00e7\u00e3o vai al\u00e9m do s\u00e9culo passado<\/strong><\/h3>\n<p>Ainda que tenha experimentado alguns golpes de sorte pelo caminho, alguns fatores ajudam a explicar o fato de Josef Mengele ter vivido tantos anos no Brasil sem ser descoberto. Um deles \u00e9 a s\u00f3lida rede de apoio que encontrou, que vai al\u00e9m dos imigrantes vindos da Alemanha e outros pa\u00edses europeus. <span>Ainda hoje, ali\u00e1s, h\u00e1 centenas de grupos neonazistas espalhados pelo Brasil, mas a autora diz ser dif\u00edcil estabelecer uma conex\u00e3o entre os simpatizantes do nazismo da d\u00e9cada de 1960 e os atuais.<\/span><\/p>\n<p>Segundo pesquisa da antrop\u00f3loga especializada em neonazismo no Brasil Adriana Dias, havia, no in\u00edcio de 2022, mais de 530 grupos neonazistas no pa\u00eds.<\/p>\n<figure data-wp-context='{\"imageId\":\"67aaf5a387817\"}' data-wp-interactive=\"core\/image\"><button type=\"button\" aria-haspopup=\"dialog\" aria-label=\"Aumentar imagem\" data-wp-init=\"callbacks.initTriggerButton\" data-wp-on-async--click=\"actions.showLightbox\" data-wp-style--right=\"state.imageButtonRight\" data-wp-style--top=\"state.imageButtonTop\"><br \/>\n\t\t\t<svg xmlns=\"http:\/\/www.w3.org\/2000\/svg\" width=\"12\" height=\"12\" fill=\"none\" viewbox=\"0 0 12 12\">\n\t\t\t\t<path fill=\"#fff\" d=\"M2 0a2 2 0 0 0-2 2v2h1.5V2a.5.5 0 0 1 .5-.5h2V0H2Zm2 10.5H2a.5.5 0 0 1-.5-.5V8H0v2a2 2 0 0 0 2 2h2v-1.5ZM8 12v-1.5h2a.5.5 0 0 0 .5-.5V8H12v2a2 2 0 0 1-2 2H8Zm2-12a2 2 0 0 1 2 2v2h-1.5V2a.5.5 0 0 0-.5-.5H8V0h2Z\"><\/path>\n\t\t\t<\/svg><br \/>\n\t\t<\/button><figcaption>Para Marika Gidali, sobrevivente do Holocausto, negar o Holocausto \u00e9 apagar a hist\u00f3ria<\/figcaption><\/figure>\n<p>Para a sobrevivente do Holocausto Marika Gidali, de 88 anos, a comunidade judaica sempre esteve amea\u00e7ada, mas agora parece que a situa\u00e7\u00e3o est\u00e1 pior. A h\u00fangara, que reconstruiu a vida em S\u00e3o Paulo a partir da dan\u00e7a e fundou o est\u00fadio Ballet Stagium, chama aten\u00e7\u00e3o para a import\u00e2ncia de perpetuar a mem\u00f3ria dos sobreviventes.<\/p>\n<p>\u201cComo \u00e9 poss\u00edvel algu\u00e9m negar ou relativizar um momento hist\u00f3rico? Ser\u00e1 que acham que estamos todos mentindo?\u201d, questiona. \u201c\u00c9 a mesma coisa que dizer que a Inquisi\u00e7\u00e3o ou que a escravid\u00e3o n\u00e3o existiram. N\u00e3o se pode apagar a hist\u00f3ria.\u201d<\/p>\n<figure data-wp-context='{\"imageId\":\"67aaf5a387a77\"}' data-wp-interactive=\"core\/image\"><button type=\"button\" aria-haspopup=\"dialog\" aria-label=\"Aumentar imagem: Marcelo Gewertz, 29, e a av\u00f3, a polonesa Cec\u00edlia Gewertz\" data-wp-init=\"callbacks.initTriggerButton\" data-wp-on-async--click=\"actions.showLightbox\" data-wp-style--right=\"state.imageButtonRight\" data-wp-style--top=\"state.imageButtonTop\"><br \/>\n\t\t\t<svg xmlns=\"http:\/\/www.w3.org\/2000\/svg\" width=\"12\" height=\"12\" fill=\"none\" viewbox=\"0 0 12 12\">\n\t\t\t\t<path fill=\"#fff\" d=\"M2 0a2 2 0 0 0-2 2v2h1.5V2a.5.5 0 0 1 .5-.5h2V0H2Zm2 10.5H2a.5.5 0 0 1-.5-.5V8H0v2a2 2 0 0 0 2 2h2v-1.5ZM8 12v-1.5h2a.5.5 0 0 0 .5-.5V8H12v2a2 2 0 0 1-2 2H8Zm2-12a2 2 0 0 1 2 2v2h-1.5V2a.5.5 0 0 0-.5-.5H8V0h2Z\"><\/path>\n\t\t\t<\/svg><br \/>\n\t\t<\/button><figcaption>Para Marcelo Gewertz, manter viva a mem\u00f3ria do Holocausto \u00e9 essencial para combater o antissemitismo<\/figcaption><\/figure>\n<p>Para Marcelo Gewertz, perpetuar a mem\u00f3ria das v\u00edtimas do Holocausto \u00e9 o melhor jeito de combater o antissemitismo. Ele ressalta que a terceira gera\u00e7\u00e3o, netos de sobreviventes, tem um papel decisivo nesse sentido: \u201cDaqui a pouco, os sobreviventes n\u00e3o estar\u00e3o mais aqui para contar as hist\u00f3rias deles. Ent\u00e3o, penso que cada um tem a responsabilidade de perpetuar essa mem\u00f3ria e n\u00e3o deixar que ela caia no esquecimento\u201d.<\/p>\n<!-- Begin Yuzo --><div class='yuzo_related_post style-1'  data-version='5.12.89'><!-- without result --><div class='yuzo_clearfixed yuzo__title yuzo__title'><h3>Related Post<\/h3><\/div>\n\t\t\t\t\t\t  <div class=\"relatedthumb \" style=\"width:125px;float:left;overflow:hidden;\">  \n\t\t\t\t\t\t\t  \n\t\t\t\t\t\t\t  <a  href=\"https:\/\/redept.com.br\/blogosfera\/governo-lula-entregara-certidoes-de-obito-retificadas-de-102-mortos-da-ditadura\/\"  >\n\t\t\t\t\t\t\t\t\t  <div class=\"yuzo-img-wrap \" style=\"width: 125px;height:90px;\">\n\t\t\t\t\t\t\t\t\t\t\n\t\t\t\t\t\t\t\t\t\t<div class=\"yuzo-img\" style=\"background:url('https:\/\/redept.com.br\/blogosfera\/wp-content\/uploads\/2025\/10\/mortos-ditadura-150x150.jpg') 50% 50% no-repeat;width: 125px;height:90px;margin-bottom: 5px;background-size: cover; \"><\/div>\n\t\t\t\t\t\t\t\t\t  <\/div>\n\t\t\t\t\t\t\t\t\t  \n\t\t\t\t\t\t\t\t   <span class=\"yuzo__text--title\" style=\"font-size:13px;\">Governo Lula entregar\u00e1 certid\u00f5es de \u00f3bito retifica...<\/span>\n\t\t\t\t\t\t\t  \n\t\t\t\t\t\t\t  \n\t\t\t\t\t\t\t  <\/a>\n\n\t\t\t\t\t\t  <\/div>\n\t\t\t\t\t\t  <div class=\"relatedthumb \" style=\"width:125px;float:left;overflow:hidden;\">  \n\t\t\t\t\t\t\t  \n\t\t\t\t\t\t\t  <a  href=\"https:\/\/redept.com.br\/blogosfera\/sudeste-e-sul-do-brasil-enfrentam-frio-intenso-veja-ranking-das-cidades-mais-geladas-desta-sexta\/\"  >\n\t\t\t\t\t\t\t\t\t  <div class=\"yuzo-img-wrap \" style=\"width: 125px;height:90px;\">\n\t\t\t\t\t\t\t\t\t\t\n\t\t\t\t\t\t\t\t\t\t<div class=\"yuzo-img\" style=\"background:url('https:\/\/redept.com.br\/blogosfera\/wp-content\/uploads\/2025\/05\/GsHjmZ6XQAABpTS-1-150x150.jpeg') 50% 50% no-repeat;width: 125px;height:90px;margin-bottom: 5px;background-size: cover; \"><\/div>\n\t\t\t\t\t\t\t\t\t  <\/div>\n\t\t\t\t\t\t\t\t\t  \n\t\t\t\t\t\t\t\t   <span class=\"yuzo__text--title\" style=\"font-size:13px;\">Sudeste e Sul do Brasil enfrentam frio intenso; ve...<\/span>\n\t\t\t\t\t\t\t  \n\t\t\t\t\t\t\t  \n\t\t\t\t\t\t\t  <\/a>\n\n\t\t\t\t\t\t  <\/div>\n\t\t\t\t\t\t  <div class=\"relatedthumb \" style=\"width:125px;float:left;overflow:hidden;\">  \n\t\t\t\t\t\t\t  \n\t\t\t\t\t\t\t  <a  href=\"https:\/\/redept.com.br\/blogosfera\/zeca-dirceu-reune-mais-de-300-liderancas-em-defesa-da-soberania-nacional\/\"  >\n\t\t\t\t\t\t\t\t\t  <div class=\"yuzo-img-wrap \" style=\"width: 125px;height:90px;\">\n\t\t\t\t\t\t\t\t\t\t\n\t\t\t\t\t\t\t\t\t\t<div class=\"yuzo-img\" style=\"background:url('https:\/\/redept.org\/blogosfera\/wp-content\/plugins\/yuzo-related-post\/assets\/images\/default.png') 50% 50% no-repeat;width: 125px;height:90px;margin-bottom: 5px;background-size: cover; \"><\/div>\n\t\t\t\t\t\t\t\t\t  <\/div>\n\t\t\t\t\t\t\t\t\t  \n\t\t\t\t\t\t\t\t   <span class=\"yuzo__text--title\" style=\"font-size:13px;\">Zeca Dirceu re\u00fane mais de 300 lideran\u00e7as em defesa...<\/span>\n\t\t\t\t\t\t\t  \n\t\t\t\t\t\t\t  \n\t\t\t\t\t\t\t  <\/a>\n\n\t\t\t\t\t\t  <\/div>\n\t\t\t\t\t\t  <div class=\"relatedthumb \" style=\"width:125px;float:left;overflow:hidden;\">  \n\t\t\t\t\t\t\t  \n\t\t\t\t\t\t\t  <a  href=\"https:\/\/redept.com.br\/blogosfera\/apos-protesto-e-recuo-de-prefeitura-mst-sela-acordo-por-escola-infantil-no-para\/\"  >\n\t\t\t\t\t\t\t\t\t  <div class=\"yuzo-img-wrap \" style=\"width: 125px;height:90px;\">\n\t\t\t\t\t\t\t\t\t\t\n\t\t\t\t\t\t\t\t\t\t<div class=\"yuzo-img\" style=\"background:url('https:\/\/redept.org\/blogosfera\/wp-content\/plugins\/yuzo-related-post\/assets\/images\/default.png') 50% 50% no-repeat;width: 125px;height:90px;margin-bottom: 5px;background-size: cover; \"><\/div>\n\t\t\t\t\t\t\t\t\t  <\/div>\n\t\t\t\t\t\t\t\t\t  \n\t\t\t\t\t\t\t\t   <span class=\"yuzo__text--title\" style=\"font-size:13px;\">Ap\u00f3s protesto e recuo de prefeitura, MST sela acor...<\/span>\n\t\t\t\t\t\t\t  \n\t\t\t\t\t\t\t  \n\t\t\t\t\t\t\t  <\/a>\n\n\t\t\t\t\t\t  <\/div>\n<\/div> <script>\n\t\t\t\t\t\t  jQuery(document).ready(function( $ ){\n\t\t\t\t\t\t\t\/\/jQuery('.yuzo_related_post').equalizer({ overflow : 'relatedthumb' });\n\t\t\t\t\t\t\tjQuery('.yuzo_related_post .yuzo_wraps').equalizer({ columns : '> div' });\n\t\t\t\t\t\t   })\n\t\t\t\t\t\t  <\/script> <!-- End Yuzo :) -->","protected":false},"excerpt":{"rendered":"<p>O m\u00e9dico nazista mais procurado do mundo, Josef Mengele, viveu por quase duas d\u00e9cadas no Brasil e, nos anos de 1960, chegou a estar na mesma vizinhan\u00e7a que ao menos uma das sobreviventes do maior campo de exterm\u00ednio nazista, Auschwitz-Birkenau, em Serra Negra (SP), a 150 km da capital paulista. A hist\u00f3ria contada no livro [&hellip;]<\/p>\n","protected":false},"author":1,"featured_media":0,"comment_status":"closed","ping_status":"closed","sticky":false,"template":"","format":"standard","meta":{"fifu_image_url":"","fifu_image_alt":"","footnotes":""},"categories":[1],"tags":[],"class_list":["post-12881","post","type-post","status-publish","format-standard","hentry","category-uncategorized"],"_links":{"self":[{"href":"https:\/\/redept.com.br\/blogosfera\/wp-json\/wp\/v2\/posts\/12881","targetHints":{"allow":["GET"]}}],"collection":[{"href":"https:\/\/redept.com.br\/blogosfera\/wp-json\/wp\/v2\/posts"}],"about":[{"href":"https:\/\/redept.com.br\/blogosfera\/wp-json\/wp\/v2\/types\/post"}],"author":[{"embeddable":true,"href":"https:\/\/redept.com.br\/blogosfera\/wp-json\/wp\/v2\/users\/1"}],"replies":[{"embeddable":true,"href":"https:\/\/redept.com.br\/blogosfera\/wp-json\/wp\/v2\/comments?post=12881"}],"version-history":[{"count":0,"href":"https:\/\/redept.com.br\/blogosfera\/wp-json\/wp\/v2\/posts\/12881\/revisions"}],"wp:attachment":[{"href":"https:\/\/redept.com.br\/blogosfera\/wp-json\/wp\/v2\/media?parent=12881"}],"wp:term":[{"taxonomy":"category","embeddable":true,"href":"https:\/\/redept.com.br\/blogosfera\/wp-json\/wp\/v2\/categories?post=12881"},{"taxonomy":"post_tag","embeddable":true,"href":"https:\/\/redept.com.br\/blogosfera\/wp-json\/wp\/v2\/tags?post=12881"}],"curies":[{"name":"wp","href":"https:\/\/api.w.org\/{rel}","templated":true}]}}