{"id":13118,"date":"2025-02-13T08:30:00","date_gmt":"2025-02-13T11:30:00","guid":{"rendered":"https:\/\/redept.org\/blogosfera\/elizabeth-teixeira-celebra-100-anos-de-uma-vida-dedicada-a-luta-pelo-direito-a-terra\/"},"modified":"2025-02-13T08:30:00","modified_gmt":"2025-02-13T11:30:00","slug":"elizabeth-teixeira-celebra-100-anos-de-uma-vida-dedicada-a-luta-pelo-direito-a-terra","status":"publish","type":"post","link":"https:\/\/redept.com.br\/blogosfera\/elizabeth-teixeira-celebra-100-anos-de-uma-vida-dedicada-a-luta-pelo-direito-a-terra\/","title":{"rendered":"Elizabeth Teixeira celebra 100 anos de uma vida dedicada \u00e0 luta pelo direito \u00e0 terra"},"content":{"rendered":"<p><img loading=\"lazy\" width=\"1024\" height=\"576\"src=\"https:\/\/redept.org\/blogosfera\/wp-content\/uploads\/2025\/02\/elizabeth-teixeira-festival.jpg\" alt=\"\" decoding=\"async\" loading=\"lazy\" srcset=\"https:\/\/vermelho.org.br\/wp-content\/uploads\/2025\/02\/elizabeth-teixeira-festival-1024x576.jpg 1024w, https:\/\/vermelho.org.br\/wp-content\/uploads\/2025\/02\/elizabeth-teixeira-festival-300x169.jpg 300w, https:\/\/vermelho.org.br\/wp-content\/uploads\/2025\/02\/elizabeth-teixeira-festival-768x432.jpg 768w, https:\/\/vermelho.org.br\/wp-content\/uploads\/2025\/02\/elizabeth-teixeira-festival-1536x864.jpg 1536w, https:\/\/redept.org\/blogosfera\/wp-content\/uploads\/2025\/02\/elizabeth-teixeira-festival.jpg 1890w\" sizes=\"auto, (max-width: 1024px) 100vw, 1024px\"><\/p>\n<p>\u201cA persegui\u00e7\u00e3o era grande. Os caras tiveram muita vontade de me exterminar\u201d, relatou, aos 56 anos, a l\u00edder camponesa Elizabeth Teixeira, no document\u00e1rio Cabra Marcado para Morrer, de Eduardo Coutinho. A for\u00e7a daquela mulher pequena e magra, vi\u00fava e m\u00e3e de 11 filhos, no entanto, foi maior do que a raiva dos poderosos que detinham a posse das terras e dos ditadores do regime iniciado com o golpe de 1964. Foi assim que ela chegou aos 100 anos, comemorados neste 13 de fevereiro de 2025. <\/p>\n<p>Chegar a essa idade \u00e9 um desafio para qualquer pessoa. Para ela, equivale, ainda, ao coroamento de uma trajet\u00f3ria de lutas e resist\u00eancia pela reforma agr\u00e1ria e pela sobreviv\u00eancia.<\/p>\n<p>Nascida em Sap\u00e9, na Para\u00edba, Elizabeth era filha de donos de terra e comerciantes. Aos 15 anos, acabou se apaixonando por um rapaz sete anos mais velho, Jo\u00e3o Pedro \u2014 o \u201ccabra marcado para morrer\u201d que d\u00e1 nome ao document\u00e1rio. Ele vivia em condi\u00e7\u00e3o oposta \u00e0 dela, era um homem simples do campo e negro, o que fez com que sua fam\u00edlia proibisse o casamento. Dois anos depois, ela optou por fugir com ele e apoi\u00e1-lo em sua luta pelo acesso \u00e0 terra. <\/p>\n<p>As filmagens do document\u00e1rio \u2014 considerado um dos mais importantes da filmografia brasileira \u2014 tiveram in\u00edcio em 1962, quando Coutinho viajava pelo Nordeste com o Centro Popular de Cultura (CPC), da Uni\u00e3o Nacional dos Estudantes (UNE), e tomou conhecimento do assassinato de Teixeira, um dos fundadores da Liga Camponesa, ocorrido no dia 2 de abril, em Sap\u00e9.<\/p>\n<p>O diretor chegou a captar imagens de um protesto contra a morte que ocorreu na cidade e, nesse processo, pensou em fazer um longa de fic\u00e7\u00e3o sobre a vida do l\u00edder campon\u00eas. Mas, as filmagens acabaram sendo interrompidas pelo golpe militar, pouco mais de um m\u00eas ap\u00f3s terem sido iniciadas. <\/p>\n<p>Pouco restou do material colhido naqueles dias. Ainda assim, Coutinho decidiu que em algum momento o filme seria retomado. Isso, no entanto, s\u00f3 p\u00f4de acontecer em 1981, quando o processo de abertura ganhava for\u00e7a. Em 1984, a produ\u00e7\u00e3o foi lan\u00e7ada. <\/p>\n<p>Foi assim que reencontrou Elizabeth que, ap\u00f3s o assassinato do marido, teve de viver clandestinamente e mudar de nome para resguardar sua vida e a de seus filhos. <\/p>\n<p>Naqueles anos, ela foi presa diversas vezes, perdeu dois filhos assassinados e uma filha cometeu suic\u00eddio. Marluce Teixeira, ent\u00e3o com 16 anos, resolveu tirar a vida ap\u00f3s ver Elizabeth ser presa, com medo de que a m\u00e3e tivesse o mesmo destino que o pai. <\/p>\n<p>Os traumas daqueles anos n\u00e3o reduziram sua for\u00e7a e convic\u00e7\u00e3o sobre a necessidade de seguir na luta pela reforma agr\u00e1ria no Brasil. E foi assim que, al\u00e9m de companheira de um l\u00edder, a pr\u00f3pria Elizabeth escreveu sua hist\u00f3ria, tornando-se a primeira mulher \u00e0 frente das Ligas Camponesas da Para\u00edba.<\/p>\n<figure><img loading=\"lazy\" loading=\"lazy\" decoding=\"async\" width=\"742\" height=\"414\"src=\"https:\/\/redept.org\/blogosfera\/wp-content\/uploads\/2025\/02\/Captura-de-Tela-2025-02-12-as-22.08.18.png\" alt=\"\" srcset=\"https:\/\/redept.org\/blogosfera\/wp-content\/uploads\/2025\/02\/Captura-de-Tela-2025-02-12-as-22.08.18.png 742w, https:\/\/vermelho.org.br\/wp-content\/uploads\/2025\/02\/Captura-de-Tela-2025-02-12-as-22.08.18-300x166.png 300w, https:\/\/vermelho.org.br\/wp-content\/uploads\/2025\/02\/Captura-de-Tela-2025-02-12-as-22.08.18-219x121.png 219w\" sizes=\"auto, (max-width: 742px) 100vw, 742px\"><figcaption>Elizabeth e seus filhos. Foto: Reprodu\u00e7\u00e3o\/Cabra Marcado Para Morrer<\/figcaption><\/figure>\n<p>\u201cNo tempo de Jo\u00e3o Pedro s\u00f3 companheiros frequentavam as reuni\u00f5es. Mas a partir da minha pessoa as mulheres come\u00e7aram a estar presentes l\u00e1. Era movimento, meu filho. As mulheres tamb\u00e9m, companheiras do campo, se colocando a disposi\u00e7\u00e3o da nossa luta. Nunca sofri preconceito nenhum por ser mulher. Pelo contr\u00e1rio, surgiram outras mulheres para ajudar e lutar tamb\u00e9m\u201d, declarou Elizabeth em entrevista \u00e0 Revista do Nordeste, em 2015. <\/p>\n<p>Em 2017, aos 92 anos, encontrou-se com o ent\u00e3o ex-presidente Lula durante passagem da Caravana Lula pelo Brasil, em Jo\u00e3o Pessoa. Mesmo com  a idade avan\u00e7ada, ainda cheia de vivacidade, reafirmou seu compromisso, aquilo que a fez deixar uma vida tranquila ainda jovem para lutar ao lado do povo oprimido: \u201cEnquanto houver a fome e a mis\u00e9ria atingindo a classe trabalhadora, tem que haver luta dos camponeses, dos oper\u00e1rios, das mulheres, dos estudantes e de todos aqueles que s\u00e3o oprimidos e explorados\u201d, disse. <\/p>\n<p>Apesar das dificuldades que enfrenta para ouvir e falar, em entrevista recente \u00e0 <em>Folha de S.Paulo<\/em>, reafirmou: \u201cEu quero terra para plantar e a reforma agr\u00e1ria no Brasil\u201d. <\/p>\n<p><strong>Homenagens<\/strong><\/p>\n<p>Para comemorar o centen\u00e1rio da guerreira Elizabeth Teixeira, diversas homenagens est\u00e3o programadas. Dentre elas est\u00e1 o Festival da Mem\u00f3ria Camponesa: Uma celebra\u00e7\u00e3o ao Centen\u00e1rio de Elizabeth Teixeira, que acontece em sua cidade natal, Sap\u00e9 (PB) entre 13 e 15 de fevereiro. <\/p>\n<p>Comp\u00f5e a programa\u00e7\u00e3o a exposi\u00e7\u00e3o \u201c100 Faces de uma Mulher Marcada para Viver\u201d, cujo lan\u00e7amento acontece nesta quinta-feira (13), com abertura ao p\u00fablico a partir do dia 14, no Museu do Memorial das Ligas e Lutas Camponesas.<\/p>\n<p>\u201cEssa exposi\u00e7\u00e3o simboliza muito para a gente, por apresentar essa mulher marcada para viver. Desejamos que essa exposi\u00e7\u00e3o, para al\u00e9m de trazer a mem\u00f3ria para os filhos, possa apresentar tamb\u00e9m a firmeza e ao mesmo tempo a delicadeza de Elizabeth, que se dedicou a continuar a luta que ela j\u00e1 vinha fazendo, mas que reafirmou com o assassinato de seu companheiro\u201d, explica Alane Lima, presidenta do Museu do Memorial das Ligas e Lutas Camponesas (MLLC).<\/p>\n<p>Na sexta-feira (14), ser\u00e1 realizada a Marcha da Mem\u00f3ria Camponesa, com sa\u00edda da Capelinha Jo\u00e3o Pedro Teixeira at\u00e9 o Memorial, e apresenta\u00e7\u00f5es culturais. J\u00e1 no s\u00e1bado (15) acontece a Feira Cultural da Agricultura Familiar Camponesa, seguida de um ato pol\u00edtico com autoridades e atividades culturais na Pra\u00e7a de Sap\u00e9.<\/p>\n<p>Durante o evento, haver\u00e1 ainda o lan\u00e7amento da reedi\u00e7\u00e3o dos livros \u201cEu marcharei na sua luta \u2013 A vida de Elizabeth Teixeira\u201d (de Lourdes Maria Bandeira, Neide Miele e Rosa Maria Godoy Silveira) e \u201cMem\u00f3ria Camponesa\u201d (produ\u00e7\u00e3o coletiva dos professores e pesquisadores Ivan Targino, Marilda Menezes, Em\u00edlia Moreira, Genaro Ieno, Waldir Porf\u00edrio e Belarmino Mariano). Tamb\u00e9m ser\u00e3o lan\u00e7ados um cordel sobre Elizabeth Teixeira e a plataforma do Memorial na internet. <\/p>\n<p>Tamb\u00e9m haver\u00e1 apresenta\u00e7\u00f5es culturais com artistas paraibanos, incluindo cantores e o grupo de coco de roda da comunidade quilombola Caiana dos Crioulos (veja aqui a programa\u00e7\u00e3o completa). <\/p>\n<p>A celebra\u00e7\u00e3o conta com o apoio dos governos Federal e da Para\u00edba, al\u00e9m da Prefeitura de Sap\u00e9, da Comiss\u00e3o Pastoral da Terra (CPT) e do Movimento dos Trabalhadores e Trabalhadoras Rurais Sem Terra (MST).<\/p>\n<p>Al\u00e9m desses eventos, est\u00e1 programada para o s\u00e1bado (15) a entrega da Medalha Epit\u00e1cio Pessoa, concedida pela Assembleia Legislativa da Para\u00edba a Elizabeth por iniciativa da deputada Cida Ramos (PT).<\/p>\n<p>O post <a href=\"https:\/\/vermelho.org.br\/2025\/02\/13\/elizabeth-teixeira-celebra-100-anos-de-uma-vida-dedicada-a-luta-pelo-direito-a-terra\/\">Elizabeth Teixeira celebra 100 anos de uma vida dedicada \u00e0 luta pelo direito \u00e0 terra<\/a> apareceu primeiro em <a href=\"https:\/\/vermelho.org.br\/\">Vermelho<\/a>.<\/p>\n<!-- Begin Yuzo --><div class='yuzo_related_post style-1'  data-version='5.12.89'><!-- without result --><div class='yuzo_clearfixed yuzo__title yuzo__title'><h3>Related Post<\/h3><\/div>\n\t\t\t\t\t\t  <div class=\"relatedthumb \" style=\"width:125px;float:left;overflow:hidden;\">  \n\t\t\t\t\t\t\t  \n\t\t\t\t\t\t\t  <a  href=\"https:\/\/redept.com.br\/blogosfera\/gripe-aviaria-consumo-de-frango-segue-seguro-e-preco-pode-cair-com-surto\/\"  >\n\t\t\t\t\t\t\t\t\t  <div class=\"yuzo-img-wrap \" style=\"width: 125px;height:90px;\">\n\t\t\t\t\t\t\t\t\t\t\n\t\t\t\t\t\t\t\t\t\t<div class=\"yuzo-img\" style=\"background:url('https:\/\/redept.com.br\/blogosfera\/wp-content\/uploads\/2025\/05\/cbab01ed-e0e3-4e04-b26a-e00908faef70-150x150.jpeg') 50% 50% no-repeat;width: 125px;height:90px;margin-bottom: 5px;background-size: cover; \"><\/div>\n\t\t\t\t\t\t\t\t\t  <\/div>\n\t\t\t\t\t\t\t\t\t  \n\t\t\t\t\t\t\t\t   <span class=\"yuzo__text--title\" style=\"font-size:13px;\">Gripe avi\u00e1ria: consumo de frango segue seguro e pr...<\/span>\n\t\t\t\t\t\t\t  \n\t\t\t\t\t\t\t  \n\t\t\t\t\t\t\t  <\/a>\n\n\t\t\t\t\t\t  <\/div>\n\t\t\t\t\t\t  <div class=\"relatedthumb \" style=\"width:125px;float:left;overflow:hidden;\">  \n\t\t\t\t\t\t\t  \n\t\t\t\t\t\t\t  <a  href=\"https:\/\/redept.com.br\/blogosfera\/decreto-de-ordenamento-urbano-da-orla-do-rio-e-alvo-de-criticas-de-trabalhadores-e-parlamentares\/\"  >\n\t\t\t\t\t\t\t\t\t  <div class=\"yuzo-img-wrap \" style=\"width: 125px;height:90px;\">\n\t\t\t\t\t\t\t\t\t\t\n\t\t\t\t\t\t\t\t\t\t<div class=\"yuzo-img\" style=\"background:url('https:\/\/redept.org\/blogosfera\/wp-content\/plugins\/yuzo-related-post\/assets\/images\/default.png') 50% 50% no-repeat;width: 125px;height:90px;margin-bottom: 5px;background-size: cover; \"><\/div>\n\t\t\t\t\t\t\t\t\t  <\/div>\n\t\t\t\t\t\t\t\t\t  \n\t\t\t\t\t\t\t\t   <span class=\"yuzo__text--title\" style=\"font-size:13px;\">Decreto de ordenamento urbano da orla do Rio \u00e9 alv...<\/span>\n\t\t\t\t\t\t\t  \n\t\t\t\t\t\t\t  \n\t\t\t\t\t\t\t  <\/a>\n\n\t\t\t\t\t\t  <\/div>\n\t\t\t\t\t\t  <div class=\"relatedthumb \" style=\"width:125px;float:left;overflow:hidden;\">  \n\t\t\t\t\t\t\t  \n\t\t\t\t\t\t\t  <a  href=\"https:\/\/redept.com.br\/blogosfera\/russia-condena-o-endurecimento-do-bloqueio-desumano-imposto-pelos-eua-a-cuba\/\"  >\n\t\t\t\t\t\t\t\t\t  <div class=\"yuzo-img-wrap \" style=\"width: 125px;height:90px;\">\n\t\t\t\t\t\t\t\t\t\t\n\t\t\t\t\t\t\t\t\t\t<div class=\"yuzo-img\" style=\"background:url('https:\/\/redept.org\/blogosfera\/wp-content\/plugins\/yuzo-related-post\/assets\/images\/default.png') 50% 50% no-repeat;width: 125px;height:90px;margin-bottom: 5px;background-size: cover; \"><\/div>\n\t\t\t\t\t\t\t\t\t  <\/div>\n\t\t\t\t\t\t\t\t\t  \n\t\t\t\t\t\t\t\t   <span class=\"yuzo__text--title\" style=\"font-size:13px;\">R\u00fassia condena o endurecimento do bloqueio \u201cdesuma...<\/span>\n\t\t\t\t\t\t\t  \n\t\t\t\t\t\t\t  \n\t\t\t\t\t\t\t  <\/a>\n\n\t\t\t\t\t\t  <\/div>\n\t\t\t\t\t\t  <div class=\"relatedthumb \" style=\"width:125px;float:left;overflow:hidden;\">  \n\t\t\t\t\t\t\t  \n\t\t\t\t\t\t\t  <a  href=\"https:\/\/redept.com.br\/blogosfera\/friedrich-engels-um-dos-maiores-dirigentes-da-classe-operaria-internacional\/\"  >\n\t\t\t\t\t\t\t\t\t  <div class=\"yuzo-img-wrap \" style=\"width: 125px;height:90px;\">\n\t\t\t\t\t\t\t\t\t\t\n\t\t\t\t\t\t\t\t\t\t<div class=\"yuzo-img\" style=\"background:url('https:\/\/redept.com.br\/blogosfera\/wp-content\/uploads\/2024\/11\/engels-150x150.jpg') 50% 50% no-repeat;width: 125px;height:90px;margin-bottom: 5px;background-size: cover; \"><\/div>\n\t\t\t\t\t\t\t\t\t  <\/div>\n\t\t\t\t\t\t\t\t\t  \n\t\t\t\t\t\t\t\t   <span class=\"yuzo__text--title\" style=\"font-size:13px;\">Friedrich Engels: um dos maiores dirigentes da cla...<\/span>\n\t\t\t\t\t\t\t  \n\t\t\t\t\t\t\t  \n\t\t\t\t\t\t\t  <\/a>\n\n\t\t\t\t\t\t  <\/div>\n<\/div> <script>\n\t\t\t\t\t\t  jQuery(document).ready(function( $ ){\n\t\t\t\t\t\t\t\/\/jQuery('.yuzo_related_post').equalizer({ overflow : 'relatedthumb' });\n\t\t\t\t\t\t\tjQuery('.yuzo_related_post .yuzo_wraps').equalizer({ columns : '> div' });\n\t\t\t\t\t\t   })\n\t\t\t\t\t\t  <\/script> <!-- End Yuzo :) -->","protected":false},"excerpt":{"rendered":"<p>\u201cA persegui\u00e7\u00e3o era grande. Os caras tiveram muita vontade de me exterminar\u201d, relatou, aos 56 anos, a l\u00edder camponesa Elizabeth Teixeira, no document\u00e1rio Cabra Marcado para Morrer, de Eduardo Coutinho. A for\u00e7a daquela mulher pequena e magra, vi\u00fava e m\u00e3e de 11 filhos, no entanto, foi maior do que a raiva dos poderosos que detinham [&hellip;]<\/p>\n","protected":false},"author":2,"featured_media":13119,"comment_status":"closed","ping_status":"closed","sticky":false,"template":"","format":"standard","meta":{"fifu_image_url":"","fifu_image_alt":"","footnotes":""},"categories":[3728,3729,3244,720,278,1689,195],"tags":[],"class_list":["post-13118","post","type-post","status-publish","format-standard","has-post-thumbnail","hentry","category-cabra-marcado-para-morrer","category-conflitos-de-terra","category-elizabeth-teixeira","category-ligas-camponesas","category-movimentos","category-movimentos-sociais","category-reforma-agraria"],"_links":{"self":[{"href":"https:\/\/redept.com.br\/blogosfera\/wp-json\/wp\/v2\/posts\/13118","targetHints":{"allow":["GET"]}}],"collection":[{"href":"https:\/\/redept.com.br\/blogosfera\/wp-json\/wp\/v2\/posts"}],"about":[{"href":"https:\/\/redept.com.br\/blogosfera\/wp-json\/wp\/v2\/types\/post"}],"author":[{"embeddable":true,"href":"https:\/\/redept.com.br\/blogosfera\/wp-json\/wp\/v2\/users\/2"}],"replies":[{"embeddable":true,"href":"https:\/\/redept.com.br\/blogosfera\/wp-json\/wp\/v2\/comments?post=13118"}],"version-history":[{"count":0,"href":"https:\/\/redept.com.br\/blogosfera\/wp-json\/wp\/v2\/posts\/13118\/revisions"}],"wp:featuredmedia":[{"embeddable":true,"href":"https:\/\/redept.com.br\/blogosfera\/wp-json\/wp\/v2\/media\/13119"}],"wp:attachment":[{"href":"https:\/\/redept.com.br\/blogosfera\/wp-json\/wp\/v2\/media?parent=13118"}],"wp:term":[{"taxonomy":"category","embeddable":true,"href":"https:\/\/redept.com.br\/blogosfera\/wp-json\/wp\/v2\/categories?post=13118"},{"taxonomy":"post_tag","embeddable":true,"href":"https:\/\/redept.com.br\/blogosfera\/wp-json\/wp\/v2\/tags?post=13118"}],"curies":[{"name":"wp","href":"https:\/\/api.w.org\/{rel}","templated":true}]}}