{"id":13161,"date":"2025-02-13T13:58:30","date_gmt":"2025-02-13T16:58:30","guid":{"rendered":"https:\/\/redept.org\/blogosfera\/comercio-varejista-cresce-47-em-2024-maior-alta-desde-2012\/"},"modified":"2025-02-13T13:58:30","modified_gmt":"2025-02-13T16:58:30","slug":"comercio-varejista-cresce-47-em-2024-maior-alta-desde-2012","status":"publish","type":"post","link":"https:\/\/redept.com.br\/blogosfera\/comercio-varejista-cresce-47-em-2024-maior-alta-desde-2012\/","title":{"rendered":"Com\u00e9rcio varejista cresce 4,7% em 2024, maior alta desde 2012"},"content":{"rendered":"<p><img fetchpriority=\"high\" width=\"1024\" height=\"613\"src=\"https:\/\/redept.org\/blogosfera\/wp-content\/uploads\/2025\/02\/vendas-varejo-foto-rovena-rosa-agbr.webp\" alt=\"\" decoding=\"async\" srcset=\"https:\/\/vermelho.org.br\/wp-content\/uploads\/2025\/02\/vendas-varejo-foto-rovena-rosa-agbr-1024x613.webp 1024w, https:\/\/vermelho.org.br\/wp-content\/uploads\/2025\/02\/vendas-varejo-foto-rovena-rosa-agbr-300x179.webp 300w, https:\/\/vermelho.org.br\/wp-content\/uploads\/2025\/02\/vendas-varejo-foto-rovena-rosa-agbr-768x459.webp 768w, https:\/\/redept.org\/blogosfera\/wp-content\/uploads\/2025\/02\/vendas-varejo-foto-rovena-rosa-agbr.webp 1170w\" sizes=\"(max-width: 1024px) 100vw, 1024px\"><\/p>\n<p>O com\u00e9rcio varejista brasileiro fechou 2024 com crescimento de 4,7%, a maior alta desde 2012, quando o avan\u00e7o foi de 8,4%. Os dados s\u00e3o da Pesquisa Mensal do Com\u00e9rcio (PMC), divulgada pelo IBGE nesta quinta-feira (13). Apesar do crescimento expressivo no acumulado do ano, dezembro apresentou varia\u00e7\u00e3o negativa de 0,1% em rela\u00e7\u00e3o a novembro, um resultado considerado est\u00e1vel.<\/p>\n<p>Segundo Cristiano Santos, gerente da pesquisa, esse desempenho mostra uma estabiliza\u00e7\u00e3o ap\u00f3s o recorde atingido em outubro. \u201cUm aspecto importante sobre o varejo restrito na perspectiva anual \u00e9 de que, na margem, viemos de dois meses de estabilidade (novembro e dezembro). No entanto, vale lembrar que essa estabilidade sustenta um patamar recorde que foi atingido em outubro de 2024, ou seja, \u00e9 uma estabilidade na alta\u201d, explicou.<\/p>\n<p><strong>Setores em alta e em queda<\/strong><\/p>\n<p>O crescimento de 4,7% foi impulsionado por setores de artigos farmac\u00eauticos, m\u00e9dicos, ortop\u00e9dicos e de perfumaria (14,2%), ve\u00edculos e motos, partes e pe\u00e7as (11,7%) e outros artigos de uso pessoal e dom\u00e9stico (7,1%). J\u00e1 materiais de constru\u00e7\u00e3o cresceram 4,7%, enquanto hipermercados, supermercados e produtos aliment\u00edcios avan\u00e7aram 4,6%.<\/p>\n<p>O setor farmac\u00eautico foi o grande destaque. \u201c\u00c9 a \u00fanica atividade a sustentar oito anos de crescimento cont\u00ednuo. Nesse caso, ambos os subsetores cresceram ao longo de 2024: tanto o de produtos farmac\u00eauticos em si quanto o de perfumaria e cosm\u00e9ticos\u201d, disse Santos.<\/p>\n<p>Por outro lado, tr\u00eas atividades tiveram queda em 2024: livros, jornais, revistas e papelaria (-7,7%), atacado especializado em produtos aliment\u00edcios, bebidas e fumo (-7,1%) e combust\u00edveis e lubrificantes (-1,5%). O segmento de papelaria, por exemplo, segue acumulando quedas nos \u00faltimos anos devido \u00e0 digitaliza\u00e7\u00e3o do setor. \u201cO segmento de Livros, jornais, revistas e papelaria j\u00e1 vem acumulando quedas h\u00e1 alguns anos, a \u00faltima alta foi em 2022. Isso est\u00e1 relacionado ao crescente processo de digitaliza\u00e7\u00e3o de parte de seus produtos. O que vem sustentando essa atividade \u00e9 o livro did\u00e1tico\u201d, observa o gerente.<\/p>\n<p><strong>Desempenho regional e perspectivas<\/strong><\/p>\n<p>A an\u00e1lise por estados mostrou que, de novembro para dezembro, 20 das 27 unidades da federa\u00e7\u00e3o registradoras ca\u00edram nas vendas. O Amap\u00e1 teve o pior desempenho (-9,3%), seguido pelo Esp\u00edrito Santo (-6,2%) e Roraima (-5,5%). J\u00e1 entre os estados com crescimento, os destaques foram Distrito Federal (4,5%), Rio de Janeiro (2,9%) e Pernambuco (1,4%).<\/p>\n<p>No com\u00e9rcio varejista ampliado, que inclui ve\u00edculos, motos e materiais de constru\u00e7\u00e3o, o crescimento foi de 4,1% no ano. No entanto, dezembro teve queda de 1,1% em rela\u00e7\u00e3o a novembro.<\/p>\n<p>A pr\u00f3xima divulga\u00e7\u00e3o da PMC, com os dados de janeiro de 2025, est\u00e1 programada para 14 de mar\u00e7o. O setor segue observando os desdobramentos do cen\u00e1rio econ\u00f4mico para avaliar o comportamento das vendas nos pr\u00f3ximos meses.<\/p>\n<p>__<\/p>\n<p><em>com informa\u00e7\u00f5es do IBGE<\/em><\/p>\n<\/p>\n<p>O post <a href=\"https:\/\/vermelho.org.br\/2025\/02\/13\/comercio-varejista-cresce-47-em-2024-maior-alta-desde-2012\/\">Com\u00e9rcio varejista cresce 4,7% em 2024, maior alta desde 2012<\/a> apareceu primeiro em <a href=\"https:\/\/vermelho.org.br\/\">Vermelho<\/a>.<\/p>\n<!-- Begin Yuzo --><div class='yuzo_related_post style-1'  data-version='5.12.89'><!-- without result --><div class='yuzo_clearfixed yuzo__title yuzo__title'><h3>Related Post<\/h3><\/div>\n\t\t\t\t\t\t  <div class=\"relatedthumb \" style=\"width:125px;float:left;overflow:hidden;\">  \n\t\t\t\t\t\t\t  \n\t\t\t\t\t\t\t  <a  href=\"https:\/\/redept.com.br\/blogosfera\/revolucao-farroupilha-ou-guerra-civil-farroupilha-parte-1\/\"  >\n\t\t\t\t\t\t\t\t\t  <div class=\"yuzo-img-wrap \" style=\"width: 125px;height:90px;\">\n\t\t\t\t\t\t\t\t\t\t\n\t\t\t\t\t\t\t\t\t\t<div class=\"yuzo-img\" style=\"background:url('https:\/\/redept.org\/blogosfera\/wp-content\/plugins\/yuzo-related-post\/assets\/images\/default.png') 50% 50% no-repeat;width: 125px;height:90px;margin-bottom: 5px;background-size: cover; \"><\/div>\n\t\t\t\t\t\t\t\t\t  <\/div>\n\t\t\t\t\t\t\t\t\t  \n\t\t\t\t\t\t\t\t   <span class=\"yuzo__text--title\" style=\"font-size:13px;\">Revolu\u00e7\u00e3o farroupilha ou Guerra Civil Farroupilha?...<\/span>\n\t\t\t\t\t\t\t  \n\t\t\t\t\t\t\t  \n\t\t\t\t\t\t\t  <\/a>\n\n\t\t\t\t\t\t  <\/div>\n\t\t\t\t\t\t  <div class=\"relatedthumb \" style=\"width:125px;float:left;overflow:hidden;\">  \n\t\t\t\t\t\t\t  \n\t\t\t\t\t\t\t  <a  href=\"https:\/\/redept.com.br\/blogosfera\/mujica-palestina-e-cabo-verde-sao-temas-do-janela-internacional\/\"  >\n\t\t\t\t\t\t\t\t\t  <div class=\"yuzo-img-wrap \" style=\"width: 125px;height:90px;\">\n\t\t\t\t\t\t\t\t\t\t\n\t\t\t\t\t\t\t\t\t\t<div class=\"yuzo-img\" style=\"background:url('https:\/\/redept.org\/blogosfera\/wp-content\/plugins\/yuzo-related-post\/assets\/images\/default.png') 50% 50% no-repeat;width: 125px;height:90px;margin-bottom: 5px;background-size: cover; \"><\/div>\n\t\t\t\t\t\t\t\t\t  <\/div>\n\t\t\t\t\t\t\t\t\t  \n\t\t\t\t\t\t\t\t   <span class=\"yuzo__text--title\" style=\"font-size:13px;\">Mujica, Palestina e Cabo Verde s\u00e3o temas do Janela...<\/span>\n\t\t\t\t\t\t\t  \n\t\t\t\t\t\t\t  \n\t\t\t\t\t\t\t  <\/a>\n\n\t\t\t\t\t\t  <\/div>\n\t\t\t\t\t\t  <div class=\"relatedthumb \" style=\"width:125px;float:left;overflow:hidden;\">  \n\t\t\t\t\t\t\t  \n\t\t\t\t\t\t\t  <a  href=\"https:\/\/redept.com.br\/blogosfera\/revisao-do-iof-pode-destravar-combate-a-privilegios-mas-levar-a-cortes-sociais\/\"  >\n\t\t\t\t\t\t\t\t\t  <div class=\"yuzo-img-wrap \" style=\"width: 125px;height:90px;\">\n\t\t\t\t\t\t\t\t\t\t\n\t\t\t\t\t\t\t\t\t\t<div class=\"yuzo-img\" style=\"background:url('https:\/\/redept.org\/blogosfera\/wp-content\/plugins\/yuzo-related-post\/assets\/images\/default.png') 50% 50% no-repeat;width: 125px;height:90px;margin-bottom: 5px;background-size: cover; \"><\/div>\n\t\t\t\t\t\t\t\t\t  <\/div>\n\t\t\t\t\t\t\t\t\t  \n\t\t\t\t\t\t\t\t   <span class=\"yuzo__text--title\" style=\"font-size:13px;\">Revis\u00e3o do IOF pode destravar combate a privil\u00e9gio...<\/span>\n\t\t\t\t\t\t\t  \n\t\t\t\t\t\t\t  \n\t\t\t\t\t\t\t  <\/a>\n\n\t\t\t\t\t\t  <\/div>\n\t\t\t\t\t\t  <div class=\"relatedthumb \" style=\"width:125px;float:left;overflow:hidden;\">  \n\t\t\t\t\t\t\t  \n\t\t\t\t\t\t\t  <a  href=\"https:\/\/redept.com.br\/blogosfera\/vitimas-de-exploracao-sexual-no-pos-guerra-sul-coreanas-processam-militares-dos-eua-verdadeiros-culpados\/\"  >\n\t\t\t\t\t\t\t\t\t  <div class=\"yuzo-img-wrap \" style=\"width: 125px;height:90px;\">\n\t\t\t\t\t\t\t\t\t\t\n\t\t\t\t\t\t\t\t\t\t<div class=\"yuzo-img\" style=\"background:url('https:\/\/redept.com.br\/blogosfera\/wp-content\/uploads\/2025\/12\/whatsapp-image-2025-12-19-at-071212-150x150.jpeg') 50% 50% no-repeat;width: 125px;height:90px;margin-bottom: 5px;background-size: cover; \"><\/div>\n\t\t\t\t\t\t\t\t\t  <\/div>\n\t\t\t\t\t\t\t\t\t  \n\t\t\t\t\t\t\t\t   <span class=\"yuzo__text--title\" style=\"font-size:13px;\">V\u00edtimas de explora\u00e7\u00e3o sexual no p\u00f3s-guerra, sul-co...<\/span>\n\t\t\t\t\t\t\t  \n\t\t\t\t\t\t\t  \n\t\t\t\t\t\t\t  <\/a>\n\n\t\t\t\t\t\t  <\/div>\n<\/div> <script>\n\t\t\t\t\t\t  jQuery(document).ready(function( $ ){\n\t\t\t\t\t\t\t\/\/jQuery('.yuzo_related_post').equalizer({ overflow : 'relatedthumb' });\n\t\t\t\t\t\t\tjQuery('.yuzo_related_post .yuzo_wraps').equalizer({ columns : '> div' });\n\t\t\t\t\t\t   })\n\t\t\t\t\t\t  <\/script> <!-- End Yuzo :) -->","protected":false},"excerpt":{"rendered":"<p>O com\u00e9rcio varejista brasileiro fechou 2024 com crescimento de 4,7%, a maior alta desde 2012, quando o avan\u00e7o foi de 8,4%. Os dados s\u00e3o da Pesquisa Mensal do Com\u00e9rcio (PMC), divulgada pelo IBGE nesta quinta-feira (13). Apesar do crescimento expressivo no acumulado do ano, dezembro apresentou varia\u00e7\u00e3o negativa de 0,1% em rela\u00e7\u00e3o a novembro, um [&hellip;]<\/p>\n","protected":false},"author":2,"featured_media":13162,"comment_status":"closed","ping_status":"closed","sticky":false,"template":"","format":"standard","meta":{"fifu_image_url":"","fifu_image_alt":"","footnotes":""},"categories":[3740,221,481,3741],"tags":[],"class_list":["post-13161","post","type-post","status-publish","format-standard","has-post-thumbnail","hentry","category-comercio-varejista","category-economia","category-ibge","category-pesquisa-mensal-do-comercio-pmc"],"_links":{"self":[{"href":"https:\/\/redept.com.br\/blogosfera\/wp-json\/wp\/v2\/posts\/13161","targetHints":{"allow":["GET"]}}],"collection":[{"href":"https:\/\/redept.com.br\/blogosfera\/wp-json\/wp\/v2\/posts"}],"about":[{"href":"https:\/\/redept.com.br\/blogosfera\/wp-json\/wp\/v2\/types\/post"}],"author":[{"embeddable":true,"href":"https:\/\/redept.com.br\/blogosfera\/wp-json\/wp\/v2\/users\/2"}],"replies":[{"embeddable":true,"href":"https:\/\/redept.com.br\/blogosfera\/wp-json\/wp\/v2\/comments?post=13161"}],"version-history":[{"count":0,"href":"https:\/\/redept.com.br\/blogosfera\/wp-json\/wp\/v2\/posts\/13161\/revisions"}],"wp:featuredmedia":[{"embeddable":true,"href":"https:\/\/redept.com.br\/blogosfera\/wp-json\/wp\/v2\/media\/13162"}],"wp:attachment":[{"href":"https:\/\/redept.com.br\/blogosfera\/wp-json\/wp\/v2\/media?parent=13161"}],"wp:term":[{"taxonomy":"category","embeddable":true,"href":"https:\/\/redept.com.br\/blogosfera\/wp-json\/wp\/v2\/categories?post=13161"},{"taxonomy":"post_tag","embeddable":true,"href":"https:\/\/redept.com.br\/blogosfera\/wp-json\/wp\/v2\/tags?post=13161"}],"curies":[{"name":"wp","href":"https:\/\/api.w.org\/{rel}","templated":true}]}}