{"id":13382,"date":"2025-02-14T15:42:56","date_gmt":"2025-02-14T18:42:56","guid":{"rendered":"https:\/\/redept.org\/blogosfera\/lula-fiscaliza-obras-e-anuncia-investimentos-bilionarios-em-belem-para-a-cop30\/"},"modified":"2025-02-14T15:42:56","modified_gmt":"2025-02-14T18:42:56","slug":"lula-fiscaliza-obras-e-anuncia-investimentos-bilionarios-em-belem-para-a-cop30","status":"publish","type":"post","link":"https:\/\/redept.com.br\/blogosfera\/lula-fiscaliza-obras-e-anuncia-investimentos-bilionarios-em-belem-para-a-cop30\/","title":{"rendered":"Lula fiscaliza obras e anuncia investimentos bilion\u00e1rios em Bel\u00e9m para a COP30"},"content":{"rendered":"<p><img loading=\"lazy\" width=\"1024\" height=\"524\"src=\"https:\/\/redept.org\/blogosfera\/wp-content\/uploads\/2025\/02\/54327048886_38d0ce737d_k.jpg\" alt=\"\" decoding=\"async\" loading=\"lazy\" srcset=\"https:\/\/vermelho.org.br\/wp-content\/uploads\/2025\/02\/54327048886_38d0ce737d_k-1024x524.jpg 1024w, https:\/\/vermelho.org.br\/wp-content\/uploads\/2025\/02\/54327048886_38d0ce737d_k-300x154.jpg 300w, https:\/\/vermelho.org.br\/wp-content\/uploads\/2025\/02\/54327048886_38d0ce737d_k-768x393.jpg 768w, https:\/\/vermelho.org.br\/wp-content\/uploads\/2025\/02\/54327048886_38d0ce737d_k-1536x786.jpg 1536w, https:\/\/redept.org\/blogosfera\/wp-content\/uploads\/2025\/02\/54327048886_38d0ce737d_k.jpg 2048w\" sizes=\"auto, (max-width: 1024px) 100vw, 1024px\"><\/p>\n<p>Em um dia marcado por grandes an\u00fancios e vistoria em obras, o presidente Luiz In\u00e1cio Lula da Silva participou, nesta sexta-feira (14), da divulga\u00e7\u00e3o dos investimentos do governo federal em Bel\u00e9m, cidade-sede da 30\u00aa Confer\u00eancia das Na\u00e7\u00f5es Unidas sobre Mudan\u00e7as Clim\u00e1ticas (COP30). O evento de apresenta\u00e7\u00e3o aconteceu no hist\u00f3rico Mercado S\u00e3o Br\u00e1s, recentemente revitalizado, que agora funcionar\u00e1 como um centro gastron\u00f4mico e cultural, simbolizando a valoriza\u00e7\u00e3o da tradi\u00e7\u00e3o e da cultura paraense.<\/p>\n<p>Antes da cerim\u00f4nia, Lula visitou as obras do Parque da Cidade, espa\u00e7o que sediar\u00e1 a programa\u00e7\u00e3o da confer\u00eancia em novembro. \u201cMuita gente achava que era uma loucura fazer a COP no Par\u00e1. Eu vim aqui para fazer uma fiscaliza\u00e7\u00e3o. E eu estou satisfeito com as coisas que vi aqui, por uma raz\u00e3o muito simples: n\u00e3o \u00e9 f\u00e1cil tomar uma decis\u00e3o de fazer um evento da magnitude de uma COP em um estado que n\u00e3o seja S\u00e3o Paulo ou Rio de Janeiro\u201d, afirmou o presidente.<\/p>\n<p>Segundo Lula, \u201co Par\u00e1 \u00e9 um estado importante nesse pa\u00eds\u201d e os investimentos realizados precisam se traduzir em melhorias concretas para a popula\u00e7\u00e3o. \u201cPor teimosia, eu resolvi que o estado do Par\u00e1 iria fazer a COP da vida. Se a gente n\u00e3o faz isso, s\u00f3 os mesmos estados se desenvolvem. E por que n\u00e3o come\u00e7ar a desenvolver os outros?\u201d, completou.<\/p>\n<p><strong>Investimentos em infraestrutura e desenvolvimento urbano<\/strong><\/p>\n<p>O Parque da Cidade, que receber\u00e1 60 mil pessoas de delega\u00e7\u00f5es de 193 pa\u00edses, abrange 500 mil metros quadrados e conta com 50 hectares de \u00e1rea paisag\u00edstica. Com R$ 980 milh\u00f5es j\u00e1 investidos no equipamento, 74% das obras est\u00e3o conclu\u00eddas. Os recursos para preparar Bel\u00e9m como cidade-sede da COP30, estimados em R$ 5 bilh\u00f5es, v\u00eam do Or\u00e7amento, do BNDES e de Itaipu Binacional. Atualmente, mais de 30 projetos de desenvolvimento urbano, mobilidade e saneamento est\u00e3o em andamento.<\/p>\n<p>Em paralelo, o Minist\u00e9rio da Gest\u00e3o e da Inova\u00e7\u00e3o em Servi\u00e7os P\u00fablicos anunciou portaria para aliena\u00e7\u00e3o de terrenos em bairros como Terra Firme, Guam\u00e1, Marco e Universit\u00e1rio \u2013 em \u00e1rea pertencente \u00e0 UFPA \u2013 beneficiando mais de 340 mil fam\u00edlias com a regulariza\u00e7\u00e3o fundi\u00e1ria.<\/p>\n<p><strong>A\u00e7\u00f5es para a Amaz\u00f4nia e fortalecimento das estruturas de seguran\u00e7a<\/strong><\/p>\n<div>\n<figure><img loading=\"lazy\" loading=\"lazy\" decoding=\"async\" width=\"1024\" height=\"932\"src=\"https:\/\/redept.org\/blogosfera\/wp-content\/uploads\/2025\/02\/54327242361_688fc7a7eb_k.jpg\" alt=\"\" srcset=\"https:\/\/vermelho.org.br\/wp-content\/uploads\/2025\/02\/54327242361_688fc7a7eb_k-1024x932.jpg 1024w, https:\/\/vermelho.org.br\/wp-content\/uploads\/2025\/02\/54327242361_688fc7a7eb_k-300x273.jpg 300w, https:\/\/vermelho.org.br\/wp-content\/uploads\/2025\/02\/54327242361_688fc7a7eb_k-768x699.jpg 768w, https:\/\/vermelho.org.br\/wp-content\/uploads\/2025\/02\/54327242361_688fc7a7eb_k-1536x1398.jpg 1536w, https:\/\/redept.org\/blogosfera\/wp-content\/uploads\/2025\/02\/54327242361_688fc7a7eb_k.jpg 2048w\" sizes=\"auto, (max-width: 1024px) 100vw, 1024px\"><figcaption><em><sup>14.02.2025 \u2013 Presidente Lula e ministra da Ci\u00eancia, Tecnologia e Inova\u00e7\u00e3o, Luciana Santos, durante Cerim\u00f4nia de divulga\u00e7\u00e3o dos investimentos do Governo Federal para a COP30 e seu legado. Mercado S\u00e3o Br\u00e1s, Bel\u00e9m-PA. Foto: Ricardo Stuckert \/ PR<\/sup><\/em><\/figcaption><\/figure>\n<\/div>\n<p>O governo tamb\u00e9m divulgou investimentos de R$ 300 milh\u00f5es para o Programa Pr\u00f3-Amaz\u00f4nia, conduzido pelo Minist\u00e9rio da Ci\u00eancia, Tecnologia e Inova\u00e7\u00e3o, que visam criar ou apoiar centros avan\u00e7ados de pesquisa colaborativa na Amaz\u00f4nia Legal. Al\u00e9m disso, foi autorizada uma chamada p\u00fablica para projetos de coopera\u00e7\u00e3o internacional em pesquisas entre o Brasil e pa\u00edses pan-amaz\u00f4nicos, com aporte de R$ 33,5 milh\u00f5es.<\/p>\n<p>Durante a cerim\u00f4nia, o BNDES e o Minist\u00e9rio do Meio Ambiente e Mudan\u00e7a do Clima assinaram contrato de apoio financeiro n\u00e3o reembols\u00e1vel de R$ 45 milh\u00f5es do Fundo Amaz\u00f4nia para o governo do Par\u00e1. O investimento tem a finalidade de fortalecer a estrutura do Corpo de Bombeiros Militar, al\u00e9m de custear a\u00e7\u00f5es de preven\u00e7\u00e3o e combate a inc\u00eandios florestais e queimadas ilegais. Outro contrato firmado pelo BNDES visa apoiar o Ideflor-Bio na estrutura\u00e7\u00e3o de projetos para concess\u00f5es florestais, promovendo o manejo sustent\u00e1vel.<\/p>\n<p><strong>Avia\u00e7\u00e3o, mobilidade urbana e microcr\u00e9dito<\/strong><\/p>\n<p>Na \u00e1rea de mobilidade e infraestrutura, a cerim\u00f4nia marcou o in\u00edcio das obras de amplia\u00e7\u00e3o dos aeroportos de Santar\u00e9m, Marab\u00e1, Caraj\u00e1s e Altamira, com mais de R$ 1 bilh\u00e3o investidos no setor de avia\u00e7\u00e3o do Par\u00e1. Na manh\u00e3 do mesmo dia, Lula e o prefeito de Bel\u00e9m, Igor Normando, visitaram o Mercado S\u00e3o Br\u00e1s para avaliar as melhorias implementadas. \u201cEste mercado \u00e9 um s\u00edmbolo da nossa cultura e tradi\u00e7\u00e3o. A revitaliza\u00e7\u00e3o representa um investimento no futuro de Bel\u00e9m, promovendo o turismo e valorizando a gastronomia local\u201d, destacou o presidente.<\/p>\n<p>Adicionalmente, foram anunciados R$ 250 milh\u00f5es do BNDES para a urbaniza\u00e7\u00e3o da capital paraense, R$ 45 milh\u00f5es do Fundo Amaz\u00f4nia para combate a inc\u00eandios e R$ 470 milh\u00f5es para a amplia\u00e7\u00e3o do Aeroporto Internacional de Bel\u00e9m. Outra novidade foi a amplia\u00e7\u00e3o do programa Microcr\u00e9dito Produtivo Orientado, do Banco da Amaz\u00f4nia, que oferecer\u00e1 linhas de cr\u00e9dito com taxas reduzidas, prazos de at\u00e9 dois anos e limite de at\u00e9 R$ 21 mil para pequenos empreendedores. \u201cCom a amplia\u00e7\u00e3o deste programa, estamos garantindo mais possibilidades para quem mais precisa e investindo no futuro de nosso pa\u00eds\u201d, ressaltou Lula, enquanto o prefeito Igor Normando destacou a import\u00e2ncia da medida para fortalecer a economia local e gerar empregos.<\/p>\n<p><strong>Projetos de macrodrenagem e urbaniza\u00e7\u00e3o integrados<\/strong><\/p>\n<p>Em seu segundo dia de viagem ao Par\u00e1, o presidente dever\u00e1 anunciar mais R$ 250 milh\u00f5es do BNDES para projetos de macrodrenagem e urbaniza\u00e7\u00e3o na capital. O novo aporte integra o maior investimento em urbaniza\u00e7\u00e3o integrada de favelas e periferias j\u00e1 apoiado pelo Banco, somando R$ 505 milh\u00f5es dos R$ 847 milh\u00f5es propostos para os projetos \u2013 al\u00e9m dos R$ 255 milh\u00f5es j\u00e1 liberados em 2024.<\/p>\n<p>Entre os destaques est\u00e3o as obras de macrodrenagem das bacias do Tucunduba e Murutucu, que abrangem nove canais com quase 10 km de extens\u00e3o e um investimento total de R$ 739 milh\u00f5es. A iniciativa visa melhorar a infraestrutura urbana e reduzir as enchentes que afetam cerca de 300 mil pessoas. Outros projetos em andamento na cidade incluem o Parque Linear da Almirante Tamandar\u00e9, o Terminal Fluvial do Tamandar\u00e9 \u2013 com mais de R$ 220 milh\u00f5es investidos \u2013, a instala\u00e7\u00e3o do Terminal Hidrovi\u00e1rio Internacional para opera\u00e7\u00e3o de navios de cruzeiro, o Museu das Amaz\u00f4nias (em parceria com o BNDES) e o Conjunto dos Merced\u00e1rios e Casa BNDES COP30, com investimento de R$ 36 milh\u00f5es.<\/p>\n<p><strong>Um novo cap\u00edtulo para Bel\u00e9m<\/strong><\/p>\n<p>A visita do presidente Lula e dos gestores locais reafirma o compromisso do governo federal com o desenvolvimento regional e a descentraliza\u00e7\u00e3o dos grandes investimentos. Ao escolher Bel\u00e9m como sede da COP30 e promover a\u00e7\u00f5es que abrangem infraestrutura, ci\u00eancia, seguran\u00e7a e incentivo ao empreendedorismo, o governo aponta para uma transforma\u00e7\u00e3o profunda na capital paraense \u2013 que, segundo autoridades, se traduzir\u00e1 em melhorias para toda a popula\u00e7\u00e3o.<\/p>\n<p>Com a COP30 marcada para novembro de 2025, Bel\u00e9m se prepara para receber o mundo, n\u00e3o apenas como palco de debates clim\u00e1ticos, mas como exemplo de desenvolvimento sustent\u00e1vel e integra\u00e7\u00e3o de pol\u00edticas p\u00fablicas que visam reduzir desigualdades e promover o progresso regional.<\/p>\n<p>Neste s\u00e1bado (15), Lula deve anunciar mais R$ 250 milh\u00f5es do BNDES para macrodrenagem e sobrevoar obras na capital. Com a COP30 a 16 meses de dist\u00e2ncia, o desafio \u00e9 acelerar projetos enquanto o mundo observa se o Brasil transformar\u00e1 discursos clim\u00e1ticos em a\u00e7\u00f5es concretas na Amaz\u00f4nia.<\/p>\n<figure><img loading=\"lazy\" loading=\"lazy\" decoding=\"async\" width=\"1024\" height=\"769\"src=\"https:\/\/redept.org\/blogosfera\/wp-content\/uploads\/2025\/02\/54327001856_d061347eab_k.jpg\" alt=\"\" srcset=\"https:\/\/vermelho.org.br\/wp-content\/uploads\/2025\/02\/54327001856_d061347eab_k-1024x769.jpg 1024w, https:\/\/vermelho.org.br\/wp-content\/uploads\/2025\/02\/54327001856_d061347eab_k-300x225.jpg 300w, https:\/\/vermelho.org.br\/wp-content\/uploads\/2025\/02\/54327001856_d061347eab_k-768x576.jpg 768w, https:\/\/vermelho.org.br\/wp-content\/uploads\/2025\/02\/54327001856_d061347eab_k-1536x1153.jpg 1536w, https:\/\/redept.org\/blogosfera\/wp-content\/uploads\/2025\/02\/54327001856_d061347eab_k.jpg 2048w\" sizes=\"auto, (max-width: 1024px) 100vw, 1024px\"><figcaption><em><sup>14.02.2025 \u2013 Presidente Lula, durante visita \u00e0s obras do Parque da Cidade, espa\u00e7o que sediar\u00e1 a programa\u00e7\u00e3o da COP30. Parque da Cidade, Bel\u00e9m-PA. Foto: Ricardo Stuckert \/ PR<\/sup><\/em><\/figcaption><\/figure>\n<p>O post <a href=\"https:\/\/vermelho.org.br\/2025\/02\/14\/lula-fiscaliza-obras-e-anuncia-investimentos-bilionarios-em-belem-para-a-cop30\/\">Lula fiscaliza obras e anuncia investimentos bilion\u00e1rios em Bel\u00e9m para a COP30<\/a> apareceu primeiro em <a href=\"https:\/\/vermelho.org.br\/\">Vermelho<\/a>.<\/p>\n<!-- Begin Yuzo --><div class='yuzo_related_post style-1'  data-version='5.12.89'><!-- without result --><div class='yuzo_clearfixed yuzo__title yuzo__title'><h3>Related Post<\/h3><\/div>\n\t\t\t\t\t\t  <div class=\"relatedthumb \" style=\"width:125px;float:left;overflow:hidden;\">  \n\t\t\t\t\t\t\t  \n\t\t\t\t\t\t\t  <a  href=\"https:\/\/redept.com.br\/blogosfera\/familias-da-ocupacao-reserva-pinus-passam-por-audiencias-na-justica-para-garantir-permanencia\/\"  >\n\t\t\t\t\t\t\t\t\t  <div class=\"yuzo-img-wrap \" style=\"width: 125px;height:90px;\">\n\t\t\t\t\t\t\t\t\t\t\n\t\t\t\t\t\t\t\t\t\t<div class=\"yuzo-img\" style=\"background:url('https:\/\/redept.org\/blogosfera\/wp-content\/plugins\/yuzo-related-post\/assets\/images\/default.png') 50% 50% no-repeat;width: 125px;height:90px;margin-bottom: 5px;background-size: cover; \"><\/div>\n\t\t\t\t\t\t\t\t\t  <\/div>\n\t\t\t\t\t\t\t\t\t  \n\t\t\t\t\t\t\t\t   <span class=\"yuzo__text--title\" style=\"font-size:13px;\">Fam\u00edlias da Ocupa\u00e7\u00e3o Reserva Pinus passam por audi...<\/span>\n\t\t\t\t\t\t\t  \n\t\t\t\t\t\t\t  \n\t\t\t\t\t\t\t  <\/a>\n\n\t\t\t\t\t\t  <\/div>\n\t\t\t\t\t\t  <div class=\"relatedthumb \" style=\"width:125px;float:left;overflow:hidden;\">  \n\t\t\t\t\t\t\t  \n\t\t\t\t\t\t\t  <a  href=\"https:\/\/redept.com.br\/blogosfera\/como-brasil-e-argentina-atacam-os-direitos-do-trabalho\/\"  >\n\t\t\t\t\t\t\t\t\t  <div class=\"yuzo-img-wrap \" style=\"width: 125px;height:90px;\">\n\t\t\t\t\t\t\t\t\t\t\n\t\t\t\t\t\t\t\t\t\t<div class=\"yuzo-img\" style=\"background:url('https:\/\/redept.com.br\/blogosfera\/wp-content\/uploads\/2026\/03\/photo_2026-02-19_19-19-15-150x150.jpg') 50% 50% no-repeat;width: 125px;height:90px;margin-bottom: 5px;background-size: cover; \"><\/div>\n\t\t\t\t\t\t\t\t\t  <\/div>\n\t\t\t\t\t\t\t\t\t  \n\t\t\t\t\t\t\t\t   <span class=\"yuzo__text--title\" style=\"font-size:13px;\">Como Brasil e Argentina atacam os direitos do Trab...<\/span>\n\t\t\t\t\t\t\t  \n\t\t\t\t\t\t\t  \n\t\t\t\t\t\t\t  <\/a>\n\n\t\t\t\t\t\t  <\/div>\n\t\t\t\t\t\t  <div class=\"relatedthumb \" style=\"width:125px;float:left;overflow:hidden;\">  \n\t\t\t\t\t\t\t  \n\t\t\t\t\t\t\t  <a  href=\"https:\/\/redept.com.br\/blogosfera\/o-povo-sem-terra-tambem-ocupa-o-carnaval-em-todo-pais\/\"  >\n\t\t\t\t\t\t\t\t\t  <div class=\"yuzo-img-wrap \" style=\"width: 125px;height:90px;\">\n\t\t\t\t\t\t\t\t\t\t\n\t\t\t\t\t\t\t\t\t\t<div class=\"yuzo-img\" style=\"background:url('https:\/\/redept.com.br\/blogosfera\/wp-content\/uploads\/2025\/03\/unnamed-11-1024x682-1-150x150.jpg') 50% 50% no-repeat;width: 125px;height:90px;margin-bottom: 5px;background-size: cover; \"><\/div>\n\t\t\t\t\t\t\t\t\t  <\/div>\n\t\t\t\t\t\t\t\t\t  \n\t\t\t\t\t\t\t\t   <span class=\"yuzo__text--title\" style=\"font-size:13px;\">O povo Sem Terra tamb\u00e9m ocupa o carnaval em todo p...<\/span>\n\t\t\t\t\t\t\t  \n\t\t\t\t\t\t\t  \n\t\t\t\t\t\t\t  <\/a>\n\n\t\t\t\t\t\t  <\/div>\n\t\t\t\t\t\t  <div class=\"relatedthumb \" style=\"width:125px;float:left;overflow:hidden;\">  \n\t\t\t\t\t\t\t  \n\t\t\t\t\t\t\t  <a  href=\"https:\/\/redept.com.br\/blogosfera\/em-monaco-lula-apoia-macron-na-mobilizacao-de-compromissos-para-a-protecao-dos-oceanos\/\"  >\n\t\t\t\t\t\t\t\t\t  <div class=\"yuzo-img-wrap \" style=\"width: 125px;height:90px;\">\n\t\t\t\t\t\t\t\t\t\t\n\t\t\t\t\t\t\t\t\t\t<div class=\"yuzo-img\" style=\"background:url('https:\/\/redept.com.br\/blogosfera\/wp-content\/uploads\/2025\/06\/gs7h1zax0aeqlqe-150x150.jpg') 50% 50% no-repeat;width: 125px;height:90px;margin-bottom: 5px;background-size: cover; \"><\/div>\n\t\t\t\t\t\t\t\t\t  <\/div>\n\t\t\t\t\t\t\t\t\t  \n\t\t\t\t\t\t\t\t   <span class=\"yuzo__text--title\" style=\"font-size:13px;\">Em M\u00f4naco, Lula apoia Macron na mobiliza\u00e7\u00e3o de com...<\/span>\n\t\t\t\t\t\t\t  \n\t\t\t\t\t\t\t  \n\t\t\t\t\t\t\t  <\/a>\n\n\t\t\t\t\t\t  <\/div>\n<\/div> <script>\n\t\t\t\t\t\t  jQuery(document).ready(function( $ ){\n\t\t\t\t\t\t\t\/\/jQuery('.yuzo_related_post').equalizer({ overflow : 'relatedthumb' });\n\t\t\t\t\t\t\tjQuery('.yuzo_related_post .yuzo_wraps').equalizer({ columns : '> div' });\n\t\t\t\t\t\t   })\n\t\t\t\t\t\t  <\/script> <!-- End Yuzo :) -->","protected":false},"excerpt":{"rendered":"<p>Em um dia marcado por grandes an\u00fancios e vistoria em obras, o presidente Luiz In\u00e1cio Lula da Silva participou, nesta sexta-feira (14), da divulga\u00e7\u00e3o dos investimentos do governo federal em Bel\u00e9m, cidade-sede da 30\u00aa Confer\u00eancia das Na\u00e7\u00f5es Unidas sobre Mudan\u00e7as Clim\u00e1ticas (COP30). O evento de apresenta\u00e7\u00e3o aconteceu no hist\u00f3rico Mercado S\u00e3o Br\u00e1s, recentemente revitalizado, que [&hellip;]<\/p>\n","protected":false},"author":2,"featured_media":13383,"comment_status":"closed","ping_status":"closed","sticky":false,"template":"","format":"standard","meta":{"fifu_image_url":"","fifu_image_alt":"","footnotes":""},"categories":[3770,1279,2519,2056,18,3771,142,3772],"tags":[],"class_list":["post-13382","post","type-post","status-publish","format-standard","has-post-thumbnail","hentry","category-belem-do-para","category-ciencia-tecnologia-e-inovacao","category-cop30","category-infraestrutura","category-meio-ambiente","category-microcredito","category-mobilidade","category-urbanismo"],"_links":{"self":[{"href":"https:\/\/redept.com.br\/blogosfera\/wp-json\/wp\/v2\/posts\/13382","targetHints":{"allow":["GET"]}}],"collection":[{"href":"https:\/\/redept.com.br\/blogosfera\/wp-json\/wp\/v2\/posts"}],"about":[{"href":"https:\/\/redept.com.br\/blogosfera\/wp-json\/wp\/v2\/types\/post"}],"author":[{"embeddable":true,"href":"https:\/\/redept.com.br\/blogosfera\/wp-json\/wp\/v2\/users\/2"}],"replies":[{"embeddable":true,"href":"https:\/\/redept.com.br\/blogosfera\/wp-json\/wp\/v2\/comments?post=13382"}],"version-history":[{"count":0,"href":"https:\/\/redept.com.br\/blogosfera\/wp-json\/wp\/v2\/posts\/13382\/revisions"}],"wp:featuredmedia":[{"embeddable":true,"href":"https:\/\/redept.com.br\/blogosfera\/wp-json\/wp\/v2\/media\/13383"}],"wp:attachment":[{"href":"https:\/\/redept.com.br\/blogosfera\/wp-json\/wp\/v2\/media?parent=13382"}],"wp:term":[{"taxonomy":"category","embeddable":true,"href":"https:\/\/redept.com.br\/blogosfera\/wp-json\/wp\/v2\/categories?post=13382"},{"taxonomy":"post_tag","embeddable":true,"href":"https:\/\/redept.com.br\/blogosfera\/wp-json\/wp\/v2\/tags?post=13382"}],"curies":[{"name":"wp","href":"https:\/\/api.w.org\/{rel}","templated":true}]}}