{"id":13386,"date":"2025-02-14T15:49:48","date_gmt":"2025-02-14T18:49:48","guid":{"rendered":"https:\/\/redept.org\/blogosfera\/desenrola-pequenos-negocios-renegociou-r-75-bi-de-120-mil-microempreendedores\/"},"modified":"2025-02-14T15:49:48","modified_gmt":"2025-02-14T18:49:48","slug":"desenrola-pequenos-negocios-renegociou-r-75-bi-de-120-mil-microempreendedores","status":"publish","type":"post","link":"https:\/\/redept.com.br\/blogosfera\/desenrola-pequenos-negocios-renegociou-r-75-bi-de-120-mil-microempreendedores\/","title":{"rendered":"Desenrola Pequenos Neg\u00f3cios renegociou R$ 7,5 bi de 120 mil microempreendedores"},"content":{"rendered":"<p><img fetchpriority=\"high\" width=\"1024\" height=\"576\"src=\"https:\/\/redept.org\/blogosfera\/wp-content\/uploads\/2025\/02\/mei-Jose-CruzAgencia-Brasil.jpg\" alt=\"\" decoding=\"async\" srcset=\"https:\/\/vermelho.org.br\/wp-content\/uploads\/2025\/02\/mei-Jose-CruzAgencia-Brasil-1024x576.jpg 1024w, https:\/\/vermelho.org.br\/wp-content\/uploads\/2025\/02\/mei-Jose-CruzAgencia-Brasil-300x169.jpg 300w, https:\/\/vermelho.org.br\/wp-content\/uploads\/2025\/02\/mei-Jose-CruzAgencia-Brasil-768x432.jpg 768w, https:\/\/vermelho.org.br\/wp-content\/uploads\/2025\/02\/mei-Jose-CruzAgencia-Brasil-1536x864.jpg 1536w, https:\/\/redept.org\/blogosfera\/wp-content\/uploads\/2025\/02\/mei-Jose-CruzAgencia-Brasil.jpg 1890w\" sizes=\"(max-width: 1024px) 100vw, 1024px\"><\/p>\n<p>Mais de 120 mil microempreendedores individuais (MEIs) se livraram de suas d\u00edvidas, num total de R$ 7,5 bilh\u00f5es renegociados entre maio e dezembro do ano passado por meio do Desenrola Pequenos Neg\u00f3cios, do governo federal. A iniciativa ofereceu descontos de 20% a 95% e possibilitou o al\u00edvio financeiro e a reinser\u00e7\u00e3o desses neg\u00f3cios no mercado de cr\u00e9dito.<\/p>\n<p>De acordo com o ministro do Empreendedorismo, M\u00e1rcio Fran\u00e7a, \u201cao quitar ou renegociar d\u00edvidas, essas empresas n\u00e3o s\u00f3 recuperaram o acesso ao cr\u00e9dito, mas tamb\u00e9m ganharam f\u00f4lego para crescer. S\u00f3 em 2024, programas de cr\u00e9dito para pequenos neg\u00f3cios injetaram R$ 39 bilh\u00f5es em 600 mil empresas, fortalecendo toda a cadeia produtiva\u201d.<\/p>\n<p>A renegocia\u00e7\u00e3o foi conduzida diretamente pelo sistema financeiro, com incentivos tribut\u00e1rios do governo para que bancos oferecessem condi\u00e7\u00f5es vantajosas a empresas inadimplentes. Para tanto, o governo destinou R$ 1,5 bilh\u00e3o, utilizando recursos remanescentes do Fundo Garantidor de Opera\u00e7\u00f5es (FGO) do programa Desenrola, que renegociou d\u00edvidas de mais de 15 milh\u00f5es de pessoas f\u00edsicas.<\/p>\n<p>Com essa garantia inicial, ser\u00e3o disponibilizados R$ 5 bilh\u00f5es em cr\u00e9dito, dos quais R$ 1,4 bilh\u00e3o j\u00e1 foram emprestados para 47 mil empresas. A expectativa \u00e9 que novos recursos sejam alocados para ampliar ainda mais a oferta de cr\u00e9dito.<\/p>\n<p>O Desenrola Pequenos Neg\u00f3cios faz parte do Acredita, programa do governo Lula cujo objetivo \u00e9 facilitar a renegocia\u00e7\u00e3o de d\u00edvidas e oferecer cr\u00e9dito a taxas de juros diferenciadas para os pequenos neg\u00f3cios.<\/p>\n<p>Ainda comp\u00f5em o programa o ProCred 360, destinado a MEIs e microempresas com faturamento de at\u00e9 R$ 360 mil; o microcr\u00e9dito orientado a inscritos no Cad\u00danico; a possibilidade de renegocia\u00e7\u00e3o de d\u00edvidas do Pronampe, al\u00e9m de iniciativas de apoio a empresas com foco sustent\u00e1vel e imobili\u00e1rio.<\/p>\n<p>Com ag\u00eancias<br \/>(PL)<\/p>\n<p>O post <a href=\"https:\/\/vermelho.org.br\/2025\/02\/14\/desenrola-pequenos-negocios-renegociou-r-75-bi-de-120-mil-microempreendedores\/\">Desenrola Pequenos Neg\u00f3cios renegociou R$ 7,5 bi de 120 mil microempreendedores<\/a> apareceu primeiro em <a href=\"https:\/\/vermelho.org.br\/\">Vermelho<\/a>.<\/p>\n<!-- Begin Yuzo --><div class='yuzo_related_post style-1'  data-version='5.12.89'><!-- without result --><div class='yuzo_clearfixed yuzo__title yuzo__title'><h3>Related Post<\/h3><\/div>\n\t\t\t\t\t\t  <div class=\"relatedthumb \" style=\"width:125px;float:left;overflow:hidden;\">  \n\t\t\t\t\t\t\t  \n\t\t\t\t\t\t\t  <a  href=\"https:\/\/redept.com.br\/blogosfera\/na-cop30-agronegocio-disputa-rumos-da-transicao-justa-da-producao-de-alimentos\/\"  >\n\t\t\t\t\t\t\t\t\t  <div class=\"yuzo-img-wrap \" style=\"width: 125px;height:90px;\">\n\t\t\t\t\t\t\t\t\t\t\n\t\t\t\t\t\t\t\t\t\t<div class=\"yuzo-img\" style=\"background:url('https:\/\/redept.com.br\/blogosfera\/wp-content\/uploads\/2025\/11\/agrizone_1-e1762876279357-150x150.jpg') 50% 50% no-repeat;width: 125px;height:90px;margin-bottom: 5px;background-size: cover; \"><\/div>\n\t\t\t\t\t\t\t\t\t  <\/div>\n\t\t\t\t\t\t\t\t\t  \n\t\t\t\t\t\t\t\t   <span class=\"yuzo__text--title\" style=\"font-size:13px;\">Na COP30, agroneg\u00f3cio disputa rumos da transi\u00e7\u00e3o j...<\/span>\n\t\t\t\t\t\t\t  \n\t\t\t\t\t\t\t  \n\t\t\t\t\t\t\t  <\/a>\n\n\t\t\t\t\t\t  <\/div>\n\t\t\t\t\t\t  <div class=\"relatedthumb \" style=\"width:125px;float:left;overflow:hidden;\">  \n\t\t\t\t\t\t\t  \n\t\t\t\t\t\t\t  <a  href=\"https:\/\/redept.com.br\/blogosfera\/o-vulcao-as-avessas-de-trump-faz-estragos-de-monta-nos-eua\/\"  >\n\t\t\t\t\t\t\t\t\t  <div class=\"yuzo-img-wrap \" style=\"width: 125px;height:90px;\">\n\t\t\t\t\t\t\t\t\t\t\n\t\t\t\t\t\t\t\t\t\t<div class=\"yuzo-img\" style=\"background:url('https:\/\/redept.org\/blogosfera\/wp-content\/plugins\/yuzo-related-post\/assets\/images\/default.png') 50% 50% no-repeat;width: 125px;height:90px;margin-bottom: 5px;background-size: cover; \"><\/div>\n\t\t\t\t\t\t\t\t\t  <\/div>\n\t\t\t\t\t\t\t\t\t  \n\t\t\t\t\t\t\t\t   <span class=\"yuzo__text--title\" style=\"font-size:13px;\">O vulc\u00e3o \u00e0s avessas de Trump faz estragos de monta...<\/span>\n\t\t\t\t\t\t\t  \n\t\t\t\t\t\t\t  \n\t\t\t\t\t\t\t  <\/a>\n\n\t\t\t\t\t\t  <\/div>\n\t\t\t\t\t\t  <div class=\"relatedthumb \" style=\"width:125px;float:left;overflow:hidden;\">  \n\t\t\t\t\t\t\t  \n\t\t\t\t\t\t\t  <a  href=\"https:\/\/redept.com.br\/blogosfera\/resistencia-democratica-o-8-de-marco-e-a-luta-por-um-brasil-mais-justo\/\"  >\n\t\t\t\t\t\t\t\t\t  <div class=\"yuzo-img-wrap \" style=\"width: 125px;height:90px;\">\n\t\t\t\t\t\t\t\t\t\t\n\t\t\t\t\t\t\t\t\t\t<div class=\"yuzo-img\" style=\"background:url('https:\/\/redept.com.br\/blogosfera\/wp-content\/uploads\/2025\/03\/WhatsApp-Image-2025-03-07-at-16.22.18-300x185-1-150x150.jpeg') 50% 50% no-repeat;width: 125px;height:90px;margin-bottom: 5px;background-size: cover; \"><\/div>\n\t\t\t\t\t\t\t\t\t  <\/div>\n\t\t\t\t\t\t\t\t\t  \n\t\t\t\t\t\t\t\t   <span class=\"yuzo__text--title\" style=\"font-size:13px;\">Resist\u00eancia democr\u00e1tica: o 8 de mar\u00e7o e a luta por...<\/span>\n\t\t\t\t\t\t\t  \n\t\t\t\t\t\t\t  \n\t\t\t\t\t\t\t  <\/a>\n\n\t\t\t\t\t\t  <\/div>\n\t\t\t\t\t\t  <div class=\"relatedthumb \" style=\"width:125px;float:left;overflow:hidden;\">  \n\t\t\t\t\t\t\t  \n\t\t\t\t\t\t\t  <a  href=\"https:\/\/redept.com.br\/blogosfera\/bolsa-familia-2-milhoes-melhoram-de-vida-e-deixam-o-programa-em-2025\/\"  >\n\t\t\t\t\t\t\t\t\t  <div class=\"yuzo-img-wrap \" style=\"width: 125px;height:90px;\">\n\t\t\t\t\t\t\t\t\t\t\n\t\t\t\t\t\t\t\t\t\t<div class=\"yuzo-img\" style=\"background:url('https:\/\/redept.org\/blogosfera\/wp-content\/plugins\/yuzo-related-post\/assets\/images\/default.png') 50% 50% no-repeat;width: 125px;height:90px;margin-bottom: 5px;background-size: cover; \"><\/div>\n\t\t\t\t\t\t\t\t\t  <\/div>\n\t\t\t\t\t\t\t\t\t  \n\t\t\t\t\t\t\t\t   <span class=\"yuzo__text--title\" style=\"font-size:13px;\">Bolsa Fam\u00edlia: 2 milh\u00f5es melhoram de vida e deixam...<\/span>\n\t\t\t\t\t\t\t  \n\t\t\t\t\t\t\t  \n\t\t\t\t\t\t\t  <\/a>\n\n\t\t\t\t\t\t  <\/div>\n<\/div> <script>\n\t\t\t\t\t\t  jQuery(document).ready(function( $ ){\n\t\t\t\t\t\t\t\/\/jQuery('.yuzo_related_post').equalizer({ overflow : 'relatedthumb' });\n\t\t\t\t\t\t\tjQuery('.yuzo_related_post .yuzo_wraps').equalizer({ columns : '> div' });\n\t\t\t\t\t\t   })\n\t\t\t\t\t\t  <\/script> <!-- End Yuzo :) -->","protected":false},"excerpt":{"rendered":"<p>Mais de 120 mil microempreendedores individuais (MEIs) se livraram de suas d\u00edvidas, num total de R$ 7,5 bilh\u00f5es renegociados entre maio e dezembro do ano passado por meio do Desenrola Pequenos Neg\u00f3cios, do governo federal. A iniciativa ofereceu descontos de 20% a 95% e possibilitou o al\u00edvio financeiro e a reinser\u00e7\u00e3o desses neg\u00f3cios no mercado [&hellip;]<\/p>\n","protected":false},"author":2,"featured_media":13387,"comment_status":"closed","ping_status":"closed","sticky":false,"template":"","format":"standard","meta":{"fifu_image_url":"","fifu_image_alt":"","footnotes":""},"categories":[3773,221,17,3774,3775],"tags":[],"class_list":["post-13386","post","type-post","status-publish","format-standard","has-post-thumbnail","hentry","category-desenrola-pequenos-negocios","category-economia","category-governo-lula","category-mei","category-microempreendedor-individual"],"_links":{"self":[{"href":"https:\/\/redept.com.br\/blogosfera\/wp-json\/wp\/v2\/posts\/13386","targetHints":{"allow":["GET"]}}],"collection":[{"href":"https:\/\/redept.com.br\/blogosfera\/wp-json\/wp\/v2\/posts"}],"about":[{"href":"https:\/\/redept.com.br\/blogosfera\/wp-json\/wp\/v2\/types\/post"}],"author":[{"embeddable":true,"href":"https:\/\/redept.com.br\/blogosfera\/wp-json\/wp\/v2\/users\/2"}],"replies":[{"embeddable":true,"href":"https:\/\/redept.com.br\/blogosfera\/wp-json\/wp\/v2\/comments?post=13386"}],"version-history":[{"count":0,"href":"https:\/\/redept.com.br\/blogosfera\/wp-json\/wp\/v2\/posts\/13386\/revisions"}],"wp:featuredmedia":[{"embeddable":true,"href":"https:\/\/redept.com.br\/blogosfera\/wp-json\/wp\/v2\/media\/13387"}],"wp:attachment":[{"href":"https:\/\/redept.com.br\/blogosfera\/wp-json\/wp\/v2\/media?parent=13386"}],"wp:term":[{"taxonomy":"category","embeddable":true,"href":"https:\/\/redept.com.br\/blogosfera\/wp-json\/wp\/v2\/categories?post=13386"},{"taxonomy":"post_tag","embeddable":true,"href":"https:\/\/redept.com.br\/blogosfera\/wp-json\/wp\/v2\/tags?post=13386"}],"curies":[{"name":"wp","href":"https:\/\/api.w.org\/{rel}","templated":true}]}}