{"id":13627,"date":"2025-02-17T08:46:23","date_gmt":"2025-02-17T11:46:23","guid":{"rendered":"https:\/\/redept.org\/blogosfera\/pacto-de-guerra-trump-reforca-arsenal-de-israel-e-netanyahu-ameaca-o-ira\/"},"modified":"2025-02-17T08:46:23","modified_gmt":"2025-02-17T11:46:23","slug":"pacto-de-guerra-trump-reforca-arsenal-de-israel-e-netanyahu-ameaca-o-ira","status":"publish","type":"post","link":"https:\/\/redept.com.br\/blogosfera\/pacto-de-guerra-trump-reforca-arsenal-de-israel-e-netanyahu-ameaca-o-ira\/","title":{"rendered":"Pacto de guerra: Trump refor\u00e7a arsenal de Israel e Netanyahu amea\u00e7a o Ir\u00e3"},"content":{"rendered":"<p><img fetchpriority=\"high\" width=\"768\" height=\"512\"src=\"https:\/\/redept.org\/blogosfera\/wp-content\/uploads\/2025\/02\/c717af02-d1a2-4813-8104-f125e5e5e1e0.jpg\" alt=\"\" decoding=\"async\" srcset=\"https:\/\/redept.org\/blogosfera\/wp-content\/uploads\/2025\/02\/c717af02-d1a2-4813-8104-f125e5e5e1e0.jpg 768w, https:\/\/vermelho.org.br\/wp-content\/uploads\/2025\/02\/c717af02-d1a2-4813-8104-f125e5e5e1e0-300x200.jpg 300w, https:\/\/vermelho.org.br\/wp-content\/uploads\/2025\/02\/c717af02-d1a2-4813-8104-f125e5e5e1e0-272x182.jpg 272w\" sizes=\"(max-width: 768px) 100vw, 768px\"><\/p>\n<p>Israel recebeu na madrugada deste domingo (16) um carregamento de 1.800 bombas pesadas dos Estados Unidos, cada uma pesando cerca de 900 quilos, em uma movimenta\u00e7\u00e3o que refor\u00e7a a continuidade do apoio militar norte-americano ao pa\u00eds, apesar da vig\u00eancia de um cessar-fogo na Faixa de Gaza.\u00a0<\/p>\n<p>O armamento, que havia sido retido pela administra\u00e7\u00e3o anterior de Joe Biden, chegou ao porto de Ashdod e foi transportado em caminh\u00f5es para bases a\u00e9reas israelenses, poucas semanas depois de Donald Trump autorizar a libera\u00e7\u00e3o do envio.<\/p>\n<p>A remessa coincide com a visita oficial do secret\u00e1rio de Estado dos EUA, Marco Rubio, que esteve em Israel para encontros com o primeiro-ministro Benjamin Netanyahu, o presidente Isaac Herzog e o ministro das Rela\u00e7\u00f5es Exteriores, Gideon Sa\u2019ar.\u00a0<\/p>\n<p>Durante as reuni\u00f5es, Rubio reiterou a posi\u00e7\u00e3o da administra\u00e7\u00e3o Trump em rela\u00e7\u00e3o ao Oriente M\u00e9dio, afirmando que o Hamas \u201cdeve ser erradicado\u201d e que o grupo palestino \u201cn\u00e3o pode continuar existindo como for\u00e7a militar ou governamental\u201d. Netanyahu, por sua vez, refor\u00e7ou que Israel est\u00e1 determinado a \u201cterminar o trabalho\u201d em rela\u00e7\u00e3o ao Ir\u00e3, a quem acusa de ser o maior patrocinador do terrorismo na regi\u00e3o.<\/p>\n<p>\u201cIsrael e os Estados Unidos est\u00e3o ombro a ombro para combater a amea\u00e7a do Ir\u00e3\u201d, declarou Netanyahu. O primeiro-ministro tamb\u00e9m afirmou que Trump \u00e9 \u201co melhor amigo que Israel j\u00e1 teve na Casa Branca\u201d.<\/p>\n<p>A chegada do armamento levanta preocupa\u00e7\u00f5es sobre a continuidade do cessar-fogo, mediado pelos Estados Unidos e pelo Egito, e que entrou em vigor em janeiro. A tr\u00e9gua permitiu a troca de prisioneiros israelenses por prisioneiros palestinos, mas a escalada de tens\u00f5es nos \u00faltimos dias indica que o acordo pode estar por um fio.\u00a0<\/p>\n<p>Na manh\u00e3 de domingo, um ataque israelense com drones atingiu homens armados em Gaza, resultando na morte de tr\u00eas policiais do Hamas. O bombardeio foi visto como uma retalia\u00e7\u00e3o \u00e0 amea\u00e7a do Hamas de n\u00e3o efetuar as trocas de prisioneiros deste s\u00e1bado (15) ap\u00f3s Israel deixar de cumprir partes do acordo.<\/p>\n<p>O grupo palestino denunciou a ofensiva como uma \u201cgrave viola\u00e7\u00e3o\u201d do cessar-fogo. \u201cO bombardeio trai\u00e7oeiro realizado por um drone sionista nesta manh\u00e3 (\u2026) constitui uma grave viola\u00e7\u00e3o do acordo de cessar-fogo\u201d, declarou o Hamas em um comunicado.<\/p>\n<p>O ministro da Defesa de Israel, Israel Katz, celebrou o recebimento das bombas americanas, destacando que o envio representa \u201cum ativo significativo para a For\u00e7a A\u00e9rea e para as FDI (For\u00e7as de Defesa de Israel)\u201d. Katz tamb\u00e9m agradeceu a Donald Trump pelo \u201capoio inabal\u00e1vel\u201d ao pa\u00eds.<\/p>\n<p>A entrega do carregamento marca mais um passo no alinhamento estrat\u00e9gico entre Israel e os EUA sob a atual administra\u00e7\u00e3o. Desde o in\u00edcio da guerra, em outubro de 2023, Washington enviou mais de 76 mil toneladas de equipamento militar a Israel, incluindo muni\u00e7\u00f5es, blindados e sistemas avan\u00e7ados de defesa.\u00a0<\/p>\n<p>Embora Biden tenha restringido a exporta\u00e7\u00e3o das bombas MK-84 no ano passado, citando preocupa\u00e7\u00f5es com o impacto sobre a popula\u00e7\u00e3o civil de Gaza, Trump revogou a medida logo ap\u00f3s assumir a presid\u00eancia, argumentando que \u201cpaz se alcan\u00e7a com for\u00e7a\u201d.As implica\u00e7\u00f5es da chegada dessas bombas pesadas s\u00e3o profundas. <\/p>\n<p>A administra\u00e7\u00e3o Trump reafirma seu compromisso em fornecer armamentos a Israel, mesmo diante de uma tr\u00e9gua fr\u00e1gil. Enquanto isso, as tens\u00f5es seguem elevadas, com Netanyahu declarando que \u201cos port\u00f5es do inferno ser\u00e3o abertos se todos os ref\u00e9ns n\u00e3o forem libertados\u201d. <\/p>\n<p>Em um Oriente M\u00e9dio j\u00e1 inflamado, a chegada dessas muni\u00e7\u00f5es pode ser o pren\u00fancio de um novo cap\u00edtulo de escalada militar na regi\u00e3o, agora envolvendo o Ir\u00e3 e os Estados Unidos.<\/p>\n<p>O post <a href=\"https:\/\/vermelho.org.br\/2025\/02\/17\/pacto-de-guerra-trump-reforca-arsenal-de-israel-e-netanyahu-ameaca-o-ira\/\">Pacto de guerra: Trump refor\u00e7a arsenal de Israel e Netanyahu amea\u00e7a o Ir\u00e3<\/a> apareceu primeiro em <a href=\"https:\/\/vermelho.org.br\/\">Vermelho<\/a>.<\/p>\n<!-- Begin Yuzo --><div class='yuzo_related_post style-1'  data-version='5.12.89'><!-- without result --><div class='yuzo_clearfixed yuzo__title yuzo__title'><h3>Related Post<\/h3><\/div>\n\t\t\t\t\t\t  <div class=\"relatedthumb \" style=\"width:125px;float:left;overflow:hidden;\">  \n\t\t\t\t\t\t\t  \n\t\t\t\t\t\t\t  <a  href=\"https:\/\/redept.com.br\/blogosfera\/climate-change-summit-debate-transicao-energetica-o-lixo-de-hoje-e-a-materia-prima-do-amanha\/\"  >\n\t\t\t\t\t\t\t\t\t  <div class=\"yuzo-img-wrap \" style=\"width: 125px;height:90px;\">\n\t\t\t\t\t\t\t\t\t\t\n\t\t\t\t\t\t\t\t\t\t<div class=\"yuzo-img\" style=\"background:url('https:\/\/redept.org\/blogosfera\/wp-content\/plugins\/yuzo-related-post\/assets\/images\/default.png') 50% 50% no-repeat;width: 125px;height:90px;margin-bottom: 5px;background-size: cover; \"><\/div>\n\t\t\t\t\t\t\t\t\t  <\/div>\n\t\t\t\t\t\t\t\t\t  \n\t\t\t\t\t\t\t\t   <span class=\"yuzo__text--title\" style=\"font-size:13px;\">Climate Change Summit debate transi\u00e7\u00e3o energ\u00e9tica:...<\/span>\n\t\t\t\t\t\t\t  \n\t\t\t\t\t\t\t  \n\t\t\t\t\t\t\t  <\/a>\n\n\t\t\t\t\t\t  <\/div>\n\t\t\t\t\t\t  <div class=\"relatedthumb \" style=\"width:125px;float:left;overflow:hidden;\">  \n\t\t\t\t\t\t\t  \n\t\t\t\t\t\t\t  <a  href=\"https:\/\/redept.com.br\/blogosfera\/grande-amigo-do-brasil-governo-lula-lamenta-morte-de-pepe-mujica\/\"  >\n\t\t\t\t\t\t\t\t\t  <div class=\"yuzo-img-wrap \" style=\"width: 125px;height:90px;\">\n\t\t\t\t\t\t\t\t\t\t\n\t\t\t\t\t\t\t\t\t\t<div class=\"yuzo-img\" style=\"background:url('https:\/\/redept.org\/blogosfera\/wp-content\/plugins\/yuzo-related-post\/assets\/images\/default.png') 50% 50% no-repeat;width: 125px;height:90px;margin-bottom: 5px;background-size: cover; \"><\/div>\n\t\t\t\t\t\t\t\t\t  <\/div>\n\t\t\t\t\t\t\t\t\t  \n\t\t\t\t\t\t\t\t   <span class=\"yuzo__text--title\" style=\"font-size:13px;\">\u2018Grande amigo do Brasil\u2019: governo Lula lamenta mor...<\/span>\n\t\t\t\t\t\t\t  \n\t\t\t\t\t\t\t  \n\t\t\t\t\t\t\t  <\/a>\n\n\t\t\t\t\t\t  <\/div>\n\t\t\t\t\t\t  <div class=\"relatedthumb \" style=\"width:125px;float:left;overflow:hidden;\">  \n\t\t\t\t\t\t\t  \n\t\t\t\t\t\t\t  <a  href=\"https:\/\/redept.com.br\/blogosfera\/embaixada-dos-eua-amplia-crise-diplomatica-ao-atacar-alexandre-de-moraes\/\"  >\n\t\t\t\t\t\t\t\t\t  <div class=\"yuzo-img-wrap \" style=\"width: 125px;height:90px;\">\n\t\t\t\t\t\t\t\t\t\t\n\t\t\t\t\t\t\t\t\t\t<div class=\"yuzo-img\" style=\"background:url('https:\/\/redept.com.br\/blogosfera\/wp-content\/uploads\/2025\/07\/EUA-150x150.jpg') 50% 50% no-repeat;width: 125px;height:90px;margin-bottom: 5px;background-size: cover; \"><\/div>\n\t\t\t\t\t\t\t\t\t  <\/div>\n\t\t\t\t\t\t\t\t\t  \n\t\t\t\t\t\t\t\t   <span class=\"yuzo__text--title\" style=\"font-size:13px;\">Embaixada dos EUA amplia crise diplom\u00e1tica ao atac...<\/span>\n\t\t\t\t\t\t\t  \n\t\t\t\t\t\t\t  \n\t\t\t\t\t\t\t  <\/a>\n\n\t\t\t\t\t\t  <\/div>\n\t\t\t\t\t\t  <div class=\"relatedthumb \" style=\"width:125px;float:left;overflow:hidden;\">  \n\t\t\t\t\t\t\t  \n\t\t\t\t\t\t\t  <a  href=\"https:\/\/redept.com.br\/blogosfera\/seminario-gratuito-debate-direitos-humanos-dias-19-e-20\/\"  >\n\t\t\t\t\t\t\t\t\t  <div class=\"yuzo-img-wrap \" style=\"width: 125px;height:90px;\">\n\t\t\t\t\t\t\t\t\t\t\n\t\t\t\t\t\t\t\t\t\t<div class=\"yuzo-img\" style=\"background:url('https:\/\/redept.com.br\/blogosfera\/wp-content\/uploads\/2025\/02\/foto-juliana-caminhando-150x150.jpg') 50% 50% no-repeat;width: 125px;height:90px;margin-bottom: 5px;background-size: cover; \"><\/div>\n\t\t\t\t\t\t\t\t\t  <\/div>\n\t\t\t\t\t\t\t\t\t  \n\t\t\t\t\t\t\t\t   <span class=\"yuzo__text--title\" style=\"font-size:13px;\">Semin\u00e1rio gratuito debate Direitos Humanos dias 19...<\/span>\n\t\t\t\t\t\t\t  \n\t\t\t\t\t\t\t  \n\t\t\t\t\t\t\t  <\/a>\n\n\t\t\t\t\t\t  <\/div>\n<\/div> <script>\n\t\t\t\t\t\t  jQuery(document).ready(function( $ ){\n\t\t\t\t\t\t\t\/\/jQuery('.yuzo_related_post').equalizer({ overflow : 'relatedthumb' });\n\t\t\t\t\t\t\tjQuery('.yuzo_related_post .yuzo_wraps').equalizer({ columns : '> div' });\n\t\t\t\t\t\t   })\n\t\t\t\t\t\t  <\/script> <!-- End Yuzo :) -->","protected":false},"excerpt":{"rendered":"<p>Israel recebeu na madrugada deste domingo (16) um carregamento de 1.800 bombas pesadas dos Estados Unidos, cada uma pesando cerca de 900 quilos, em uma movimenta\u00e7\u00e3o que refor\u00e7a a continuidade do apoio militar norte-americano ao pa\u00eds, apesar da vig\u00eancia de um cessar-fogo na Faixa de Gaza.\u00a0 O armamento, que havia sido retido pela administra\u00e7\u00e3o anterior [&hellip;]<\/p>\n","protected":false},"author":2,"featured_media":13628,"comment_status":"closed","ping_status":"closed","sticky":false,"template":"","format":"standard","meta":{"fifu_image_url":"","fifu_image_alt":"","footnotes":""},"categories":[3803,3804,2000,9,1562,52,23,997,50,41,25,3508,3805,53,238,1453],"tags":[],"class_list":["post-13627","post","type-post","status-publish","format-standard","has-post-thumbnail","hentry","category-armamento","category-ashdod","category-cessar-fogo","category-eua","category-forcas-de-defesa-de-israel","category-gaza","category-guerra","category-hamas","category-internacional","category-ira","category-israel","category-marco-rubio","category-mk-84","category-netanyahu","category-oriente-medio","category-trump"],"_links":{"self":[{"href":"https:\/\/redept.com.br\/blogosfera\/wp-json\/wp\/v2\/posts\/13627","targetHints":{"allow":["GET"]}}],"collection":[{"href":"https:\/\/redept.com.br\/blogosfera\/wp-json\/wp\/v2\/posts"}],"about":[{"href":"https:\/\/redept.com.br\/blogosfera\/wp-json\/wp\/v2\/types\/post"}],"author":[{"embeddable":true,"href":"https:\/\/redept.com.br\/blogosfera\/wp-json\/wp\/v2\/users\/2"}],"replies":[{"embeddable":true,"href":"https:\/\/redept.com.br\/blogosfera\/wp-json\/wp\/v2\/comments?post=13627"}],"version-history":[{"count":0,"href":"https:\/\/redept.com.br\/blogosfera\/wp-json\/wp\/v2\/posts\/13627\/revisions"}],"wp:featuredmedia":[{"embeddable":true,"href":"https:\/\/redept.com.br\/blogosfera\/wp-json\/wp\/v2\/media\/13628"}],"wp:attachment":[{"href":"https:\/\/redept.com.br\/blogosfera\/wp-json\/wp\/v2\/media?parent=13627"}],"wp:term":[{"taxonomy":"category","embeddable":true,"href":"https:\/\/redept.com.br\/blogosfera\/wp-json\/wp\/v2\/categories?post=13627"},{"taxonomy":"post_tag","embeddable":true,"href":"https:\/\/redept.com.br\/blogosfera\/wp-json\/wp\/v2\/tags?post=13627"}],"curies":[{"name":"wp","href":"https:\/\/api.w.org\/{rel}","templated":true}]}}