{"id":13759,"date":"2025-02-18T08:23:10","date_gmt":"2025-02-18T11:23:10","guid":{"rendered":"https:\/\/redept.org\/blogosfera\/oposicao-argentina-propoe-impeachment-de-milei-apos-escandalo-de-criptomoedas\/"},"modified":"2025-02-18T08:23:10","modified_gmt":"2025-02-18T11:23:10","slug":"oposicao-argentina-propoe-impeachment-de-milei-apos-escandalo-de-criptomoedas","status":"publish","type":"post","link":"https:\/\/redept.com.br\/blogosfera\/oposicao-argentina-propoe-impeachment-de-milei-apos-escandalo-de-criptomoedas\/","title":{"rendered":"Oposi\u00e7\u00e3o argentina prop\u00f5e impeachment de Milei ap\u00f3s esc\u00e2ndalo de criptomoedas"},"content":{"rendered":"<p><img fetchpriority=\"high\" width=\"1024\" height=\"576\"src=\"https:\/\/redept.org\/blogosfera\/wp-content\/uploads\/2025\/02\/Javier-Milei-foto-MARTIN-DIVISEK-Agencia-EFE.webp\" alt=\"\" decoding=\"async\" srcset=\"https:\/\/vermelho.org.br\/wp-content\/uploads\/2024\/11\/Javier-Milei-foto-MARTIN-DIVISEK-Agencia-EFE-1024x576.webp 1024w, https:\/\/vermelho.org.br\/wp-content\/uploads\/2024\/11\/Javier-Milei-foto-MARTIN-DIVISEK-Agencia-EFE-300x169.webp 300w, https:\/\/vermelho.org.br\/wp-content\/uploads\/2024\/11\/Javier-Milei-foto-MARTIN-DIVISEK-Agencia-EFE-768x432.webp 768w, https:\/\/redept.org\/blogosfera\/wp-content\/uploads\/2025\/02\/Javier-Milei-foto-MARTIN-DIVISEK-Agencia-EFE.webp 1200w\" sizes=\"(max-width: 1024px) 100vw, 1024px\"><\/p>\n<p>O presidente da Argentina, Javier Milei, enfrenta um pedido de impeachment ap\u00f3s promover, em suas redes sociais, a criptomoeda $LIBRA, que colapsou em poucas horas e causou preju\u00edzos estimados em mais de US$ 286 milh\u00f5es. O epis\u00f3dio gerou forte repercuss\u00e3o pol\u00edtica e levou a oposi\u00e7\u00e3o a formalizar um pedido de cassa\u00e7\u00e3o do mandato, argumentando que o chefe de Estado utilizou sua posi\u00e7\u00e3o para estimular um esquema de fraude financeira.<\/p>\n<p>O caso j\u00e1 \u00e9 investigado tanto na Argentina quanto pelos Estados Unidos, onde o Departamento de Justi\u00e7a e o FBI receberam den\u00fancias contra Milei e empres\u00e1rios envolvidos no lan\u00e7amento da moeda digital.<\/p>\n<p>Na sexta-feira (14), Milei publicou em seu perfil na rede social X (antigo Twitter) um post incentivando investimentos na $LIBRA, descrevendo-a como um projeto voltado para \u201cfortalecer a economia argentina\u201d. O endosso presidencial gerou euforia entre investidores e fez com que o ativo subisse de centavos para quase US$ 5,00 em poucas horas.<\/p>\n<p>No entanto, a valoriza\u00e7\u00e3o rel\u00e2mpago foi seguida por um colapso abrupto. Conforme dados de consultorias especializadas, 80% dos ativos estavam concentrados nas m\u00e3os de um pequeno grupo de investidores, que se desfizeram das criptomoedas no auge da cota\u00e7\u00e3o, embolsando lucros milion\u00e1rios.<\/p>\n<p>Com isso, o valor da moeda despencou, deixando dezenas de milhares de investidores no preju\u00edzo. O movimento levantou suspeitas de que se tratava de um esquema do tipo \u201cpuxada de tapete\u201d (rug pull), no qual os criadores inflacionam artificialmente o pre\u00e7o de um ativo para, em seguida, vend\u00ea-lo e provocar sua desvaloriza\u00e7\u00e3o.<\/p>\n<p><strong>Ind\u00edcios de crime e liga\u00e7\u00e3o com empres\u00e1rios estrangeiros<br \/><\/strong>A criptomoeda $LIBRA foi lan\u00e7ada pela empresa Kip Protocol, sediada nos Estados Unidos, e tem como CEO o empres\u00e1rio Julian Peh, de Singapura. Os registros indicam que Milei se reuniu pessoalmente com Peh e outros envolvidos no projeto pelo menos duas vezes, em outubro de 2024 e janeiro de 2025.<\/p>\n<p>A den\u00fancia levada ao FBI e ao Departamento de Justi\u00e7a dos EUA aponta que a fraude financeira pode ter movimentado cerca de US$ 4,5 bilh\u00f5es e cita Javier Milei, Julian Peh, o norte-americano Hayden Mark Davis e os empres\u00e1rios argentinos Mauricio Novelli e Manuel Terrones Godoy como suspeitos de integrar o esquema.<\/p>\n<p>O escrit\u00f3rio de advocacia Moyano &amp; Associados, respons\u00e1vel pela den\u00fancia internacional, afirma que h\u00e1 ind\u00edcios de crimes financeiros e lavagem de dinheiro, uma vez que a Kip Protocol e a Kelsier Ventures\u2014empresa que intermediou a convers\u00e3o dos lucros obtidos\u2014n\u00e3o est\u00e3o devidamente registradas na Comiss\u00e3o de Valores Mobili\u00e1rios dos EUA (SEC), levantando suspeitas sobre a legalidade da opera\u00e7\u00e3o.<\/p>\n<p><strong>Press\u00e3o pol\u00edtica e pedido de impeachment<\/strong><\/p>\n<p>Diante da repercuss\u00e3o, a oposi\u00e7\u00e3o peronista e socialista protocolou um pedido formal de impeachment contra Milei na C\u00e2mara dos Deputados nesta segunda-feira (17). O bloco Uni\u00e3o pela P\u00e1tria (UxP) argumenta que o presidente abusou de seu cargo para promover um golpe financeiro e deve ser responsabilizado por isso.<\/p>\n<p>A CGT (Confedera\u00e7\u00e3o Geral do Trabalho) e as centrais sindicais tamb\u00e9m condenaram a atitude do governo e pediram investiga\u00e7\u00f5es imediatas sobre o caso. Em nota, a CGT classificou a promo\u00e7\u00e3o de $LIBRA como uma \u201cmanobra financeira irrespons\u00e1vel\u201d e alertou para os impactos negativos sobre a economia do pa\u00eds.<\/p>\n<p>Al\u00e9m do pedido de impeachment, parlamentares da oposi\u00e7\u00e3o exigem que o Chefe de Gabinete, Guillermo Francos, compare\u00e7a ao Congresso para prestar esclarecimentos sobre a rela\u00e7\u00e3o do governo com os criadores da criptomoeda.<\/p>\n<p><strong>Milei se defende e minimiza o caso<\/strong><\/p>\n<p>Diante da crise, Milei adotou uma postura defensiva e provocativa. Em entrevista \u00e0 TV argentina, o presidente afirmou que n\u00e3o tem responsabilidade sobre as perdas dos investidores e comparou o caso a uma casa de apostas. \u201cSe voc\u00ea vai ao cassino e perde dinheiro, qual a reclama\u00e7\u00e3o?\u201d, declarou.<\/p>\n<p>Al\u00e9m disso, Milei alegou que n\u00e3o estava ciente dos detalhes do projeto e que sua postagem nas redes sociais foi um apoio desinteressado a um suposto \u201cempreendimento privado\u201d. No entanto, a declara\u00e7\u00e3o contradiz o fato de que ele j\u00e1 havia se reunido com os criadores da criptomoeda e promovido investimentos similares no passado.<\/p>\n<p>Em meio \u00e0 crescente press\u00e3o, o governo anunciou a cria\u00e7\u00e3o de uma \u201cFor\u00e7a-Tarefa de Investiga\u00e7\u00e3o\u201d, sob comando da Oficina Anticorrup\u00e7\u00e3o, para apurar poss\u00edveis irregularidades na cria\u00e7\u00e3o e no colapso de $LIBRA. A medida, por\u00e9m, \u00e9 vista por analistas como uma tentativa de controle de danos, j\u00e1 que o pr\u00f3prio Milei ser\u00e1 um dos alvos da investiga\u00e7\u00e3o.<\/p>\n<p><strong>Impactos e desdobramentos<\/strong><\/p>\n<p>A crise envolvendo a $LIBRA se tornou o maior esc\u00e2ndalo pol\u00edtico do governo Milei at\u00e9 agora. Al\u00e9m do desgaste interno, o caso repercutiu negativamente no mercado financeiro, com a Bolsa de Buenos Aires caindo 6% e investidores estrangeiros demonstrando desconfian\u00e7a sobre a estabilidade econ\u00f4mica do pa\u00eds.<\/p>\n<p>O epis\u00f3dio tamb\u00e9m afeta o capital pol\u00edtico do presidente. Com elei\u00e7\u00f5es legislativas marcadas para outubro, a oposi\u00e7\u00e3o aposta que o desgaste provocado pelo caso pode enfraquecer a base governista no Congresso, dificultando ainda mais a governabilidade de Milei.<\/p>\n<p>Se o pedido de impeachment avan\u00e7ar\u00e1 ou n\u00e3o ainda \u00e9 incerto, mas o esc\u00e2ndalo j\u00e1 deixou marcas profundas no governo e intensificou a crise pol\u00edtica na Argentina.<\/p>\n<p>O post <a href=\"https:\/\/vermelho.org.br\/2025\/02\/18\/oposicao-argentina-propoe-impeachment-de-milei-apos-escandalo-de-criptomoedas\/\">Oposi\u00e7\u00e3o argentina prop\u00f5e impeachment de Milei ap\u00f3s esc\u00e2ndalo de criptomoedas<\/a> apareceu primeiro em <a href=\"https:\/\/vermelho.org.br\/\">Vermelho<\/a>.<\/p>\n<!-- Begin Yuzo --><div class='yuzo_related_post style-1'  data-version='5.12.89'><!-- without result --><div class='yuzo_clearfixed yuzo__title yuzo__title'><h3>Related Post<\/h3><\/div>\n\t\t\t\t\t\t  <div class=\"relatedthumb \" style=\"width:125px;float:left;overflow:hidden;\">  \n\t\t\t\t\t\t\t  \n\t\t\t\t\t\t\t  <a  href=\"https:\/\/redept.com.br\/blogosfera\/the-secret-agent-makes-history-at-golden-globes-with-two-awards\/\"  >\n\t\t\t\t\t\t\t\t\t  <div class=\"yuzo-img-wrap \" style=\"width: 125px;height:90px;\">\n\t\t\t\t\t\t\t\t\t\t\n\t\t\t\t\t\t\t\t\t\t<div class=\"yuzo-img\" style=\"background:url('https:\/\/redept.org\/blogosfera\/wp-content\/plugins\/yuzo-related-post\/assets\/images\/default.png') 50% 50% no-repeat;width: 125px;height:90px;margin-bottom: 5px;background-size: cover; \"><\/div>\n\t\t\t\t\t\t\t\t\t  <\/div>\n\t\t\t\t\t\t\t\t\t  \n\t\t\t\t\t\t\t\t   <span class=\"yuzo__text--title\" style=\"font-size:13px;\">\u2018The Secret Agent\u2019 makes history at Golden Globes ...<\/span>\n\t\t\t\t\t\t\t  \n\t\t\t\t\t\t\t  \n\t\t\t\t\t\t\t  <\/a>\n\n\t\t\t\t\t\t  <\/div>\n\t\t\t\t\t\t  <div class=\"relatedthumb \" style=\"width:125px;float:left;overflow:hidden;\">  \n\t\t\t\t\t\t\t  \n\t\t\t\t\t\t\t  <a  href=\"https:\/\/redept.com.br\/blogosfera\/bad-bunny-e-o-acordar-do-monstro-por-uma-nova-atitude-masculina\/\"  >\n\t\t\t\t\t\t\t\t\t  <div class=\"yuzo-img-wrap \" style=\"width: 125px;height:90px;\">\n\t\t\t\t\t\t\t\t\t\t\n\t\t\t\t\t\t\t\t\t\t<div class=\"yuzo-img\" style=\"background:url('https:\/\/redept.org\/blogosfera\/wp-content\/plugins\/yuzo-related-post\/assets\/images\/default.png') 50% 50% no-repeat;width: 125px;height:90px;margin-bottom: 5px;background-size: cover; \"><\/div>\n\t\t\t\t\t\t\t\t\t  <\/div>\n\t\t\t\t\t\t\t\t\t  \n\t\t\t\t\t\t\t\t   <span class=\"yuzo__text--title\" style=\"font-size:13px;\">Bad Bunny e o acordar do monstro: por uma nova ati...<\/span>\n\t\t\t\t\t\t\t  \n\t\t\t\t\t\t\t  \n\t\t\t\t\t\t\t  <\/a>\n\n\t\t\t\t\t\t  <\/div>\n\t\t\t\t\t\t  <div class=\"relatedthumb \" style=\"width:125px;float:left;overflow:hidden;\">  \n\t\t\t\t\t\t\t  \n\t\t\t\t\t\t\t  <a  href=\"https:\/\/redept.com.br\/blogosfera\/pacto-federativo-lula-recebe-prefeitos-e-prefeitas-em-encontro-nesta-terca-11\/\"  >\n\t\t\t\t\t\t\t\t\t  <div class=\"yuzo-img-wrap \" style=\"width: 125px;height:90px;\">\n\t\t\t\t\t\t\t\t\t\t\n\t\t\t\t\t\t\t\t\t\t<div class=\"yuzo-img\" style=\"background:url('https:\/\/redept.org\/blogosfera\/wp-content\/plugins\/yuzo-related-post\/assets\/images\/default.png') 50% 50% no-repeat;width: 125px;height:90px;margin-bottom: 5px;background-size: cover; \"><\/div>\n\t\t\t\t\t\t\t\t\t  <\/div>\n\t\t\t\t\t\t\t\t\t  \n\t\t\t\t\t\t\t\t   <span class=\"yuzo__text--title\" style=\"font-size:13px;\">Pacto federativo: Lula recebe prefeitos e prefeita...<\/span>\n\t\t\t\t\t\t\t  \n\t\t\t\t\t\t\t  \n\t\t\t\t\t\t\t  <\/a>\n\n\t\t\t\t\t\t  <\/div>\n\t\t\t\t\t\t  <div class=\"relatedthumb \" style=\"width:125px;float:left;overflow:hidden;\">  \n\t\t\t\t\t\t\t  \n\t\t\t\t\t\t\t  <a  href=\"https:\/\/redept.com.br\/blogosfera\/odair-cunha-aprovamos-todas-as-materias-que-interessam-ao-governo\/\"  >\n\t\t\t\t\t\t\t\t\t  <div class=\"yuzo-img-wrap \" style=\"width: 125px;height:90px;\">\n\t\t\t\t\t\t\t\t\t\t\n\t\t\t\t\t\t\t\t\t\t<div class=\"yuzo-img\" style=\"background:url('https:\/\/redept.org\/blogosfera\/wp-content\/plugins\/yuzo-related-post\/assets\/images\/default.png') 50% 50% no-repeat;width: 125px;height:90px;margin-bottom: 5px;background-size: cover; \"><\/div>\n\t\t\t\t\t\t\t\t\t  <\/div>\n\t\t\t\t\t\t\t\t\t  \n\t\t\t\t\t\t\t\t   <span class=\"yuzo__text--title\" style=\"font-size:13px;\">Odair Cunha: \u201cAprovamos todas as mat\u00e9rias que inte...<\/span>\n\t\t\t\t\t\t\t  \n\t\t\t\t\t\t\t  \n\t\t\t\t\t\t\t  <\/a>\n\n\t\t\t\t\t\t  <\/div>\n<\/div> <script>\n\t\t\t\t\t\t  jQuery(document).ready(function( $ ){\n\t\t\t\t\t\t\t\/\/jQuery('.yuzo_related_post').equalizer({ overflow : 'relatedthumb' });\n\t\t\t\t\t\t\tjQuery('.yuzo_related_post .yuzo_wraps').equalizer({ columns : '> div' });\n\t\t\t\t\t\t   })\n\t\t\t\t\t\t  <\/script> <!-- End Yuzo :) -->","protected":false},"excerpt":{"rendered":"<p>O presidente da Argentina, Javier Milei, enfrenta um pedido de impeachment ap\u00f3s promover, em suas redes sociais, a criptomoeda $LIBRA, que colapsou em poucas horas e causou preju\u00edzos estimados em mais de US$ 286 milh\u00f5es. O epis\u00f3dio gerou forte repercuss\u00e3o pol\u00edtica e levou a oposi\u00e7\u00e3o a formalizar um pedido de cassa\u00e7\u00e3o do mandato, argumentando que [&hellip;]<\/p>\n","protected":false},"author":2,"featured_media":13760,"comment_status":"closed","ping_status":"closed","sticky":false,"template":"","format":"standard","meta":{"fifu_image_url":"","fifu_image_alt":"","footnotes":""},"categories":[272,3442,2966,50,274,3834,3835,3836,2737,3837,3838],"tags":[],"class_list":["post-13759","post","type-post","status-publish","format-standard","has-post-thumbnail","hentry","category-argentina","category-cgt","category-impeachment","category-internacional","category-javier-milei","category-julian-peh","category-kip-protocol","category-oposicao-argentina","category-peronismo","category-piramide-financeira","category-uniao-pela-patria"],"_links":{"self":[{"href":"https:\/\/redept.com.br\/blogosfera\/wp-json\/wp\/v2\/posts\/13759","targetHints":{"allow":["GET"]}}],"collection":[{"href":"https:\/\/redept.com.br\/blogosfera\/wp-json\/wp\/v2\/posts"}],"about":[{"href":"https:\/\/redept.com.br\/blogosfera\/wp-json\/wp\/v2\/types\/post"}],"author":[{"embeddable":true,"href":"https:\/\/redept.com.br\/blogosfera\/wp-json\/wp\/v2\/users\/2"}],"replies":[{"embeddable":true,"href":"https:\/\/redept.com.br\/blogosfera\/wp-json\/wp\/v2\/comments?post=13759"}],"version-history":[{"count":0,"href":"https:\/\/redept.com.br\/blogosfera\/wp-json\/wp\/v2\/posts\/13759\/revisions"}],"wp:featuredmedia":[{"embeddable":true,"href":"https:\/\/redept.com.br\/blogosfera\/wp-json\/wp\/v2\/media\/13760"}],"wp:attachment":[{"href":"https:\/\/redept.com.br\/blogosfera\/wp-json\/wp\/v2\/media?parent=13759"}],"wp:term":[{"taxonomy":"category","embeddable":true,"href":"https:\/\/redept.com.br\/blogosfera\/wp-json\/wp\/v2\/categories?post=13759"},{"taxonomy":"post_tag","embeddable":true,"href":"https:\/\/redept.com.br\/blogosfera\/wp-json\/wp\/v2\/tags?post=13759"}],"curies":[{"name":"wp","href":"https:\/\/api.w.org\/{rel}","templated":true}]}}