{"id":13779,"date":"2025-02-18T12:06:09","date_gmt":"2025-02-18T15:06:09","guid":{"rendered":"https:\/\/redept.org\/blogosfera\/rj-tem-17-cidades-com-alerta-de-calor-extremo\/"},"modified":"2025-02-18T12:06:09","modified_gmt":"2025-02-18T15:06:09","slug":"rj-tem-17-cidades-com-alerta-de-calor-extremo","status":"publish","type":"post","link":"https:\/\/redept.com.br\/blogosfera\/rj-tem-17-cidades-com-alerta-de-calor-extremo\/","title":{"rendered":"RJ tem 17 cidades com alerta de calor extremo"},"content":{"rendered":"<p>Alerta de calor extremo em 17 cidades do Rio de Janeiro (RJ) foi emitido neste domingo (16) v\u00e1lido at\u00e9 quinta-feira (20) pela <a href=\"https:\/\/cisshiny.saude.rj.gov.br\/excesso_calor\/\" data-type=\"link\" data-id=\"https:\/\/cisshiny.saude.rj.gov.br\/excesso_calor\/\" target=\"_blank\" rel=\"noopener noreferrer nofollow\">Secretaria de Estado de Sa\u00fade<\/a>. Para a capital foi acionado alerta para n\u00edvel quatro de calor, o segundo mais alto da escala municipal. Entenda o calor do RJ na <strong><a href=\"https:\/\/tvtnews.com.br\/\">TVT News<\/a><\/strong>.<\/p>\n<p>As cidades em alerta de calor extremo s\u00e3o: Aperib\u00e9, Barra Mansa, Belford Roxo, Cachoeiras de Macacu, Casimiro de Abreu, Duque de Caxias, Guapimirim, Iguaba Grande, Mag\u00e9, Mangaratiba, Nil\u00f3polis, Nova Igua\u00e7u, S\u00e3o Pedro da Aldeia, S\u00e3o Sebasti\u00e3o do Alto, Sumidouro, Tr\u00eas Rios e Volta Redonda.<\/p>\n<p>A cidade do Rio de Janeiro e outras localidades que est\u00e3o registrando altas temperaturas n\u00e3o constam na lista porque o governo usou um sistema chamado \u201cFator de Excesso de Calor\u201d que considera apenas anomalias na temperatura em tr\u00eas dias seguidos nessa \u00e9poca do ano nos \u00faltimos 10 anos. Ou seja, a capital fluminense ainda est\u00e1 dentro do seu padr\u00e3o para fevereiro na \u00faltima d\u00e9cada.<\/p>\n<ul>\n<li>Leia tamb\u00e9m: <a href=\"https:\/\/tvtnews.com.br\/desidratacao-pressao-e-alimentacao-cuidados-com-a-saude-no-verao\/\" data-type=\"link\" data-id=\"https:\/\/tvtnews.com.br\/desidratacao-pressao-e-alimentacao-cuidados-com-a-saude-no-verao\/\">Desidrata\u00e7\u00e3o, press\u00e3o e alimenta\u00e7\u00e3o. Cuidados com a sa\u00fade no ver\u00e3o<\/a><\/li>\n<\/ul>\n<p>O comunicado foi enviado para todos os 92 munic\u00edpios do RJ, para que as cidades pr\u00f3ximas as regi\u00f5es em alerta possam preparar os servi\u00e7os de sa\u00fade para lidar com insola\u00e7\u00e3o e desidrata\u00e7\u00e3o, al\u00e9m de capacitar para o atendimento de casos graves.<\/p>\n<p>A capital fluminense possui um protocolo pr\u00f3prio de monitorar o calor, aplicado medidas separadas em cinco n\u00edveis conforme a intensidade da temperatura. A Prefeitura emitiu n\u00edvel 4 de calor para o munic\u00edpio, em que exige aten\u00e7\u00e3o para ocorr\u00eancia de casos graves, aumentar para a capacidade m\u00e1xima a opera\u00e7\u00e3o de protocolos da rede de sa\u00fade e avalia\u00e7\u00e3o de suspens\u00e3o de atividades externas.<\/p>\n<ul>\n<li>Leia tamb\u00e9m: <a href=\"https:\/\/tvtnews.com.br\/janeiro-2025-mais-quente-na-historia-da-humanidade\/\" data-type=\"link\" data-id=\"https:\/\/tvtnews.com.br\/janeiro-2025-mais-quente-na-historia-da-humanidade\/\">Janeiro de 2025 foi o m\u00eas mais quente na hist\u00f3ria da humanidade<\/a><\/li>\n<\/ul>\n<p>O protocolo 4 \u00e9 emitido quando h\u00e1 risco de temperaturas chegarem a 44\u00baC. Na previs\u00e3o desta ter\u00e7a-feira (17) do Climatempo, a m\u00e1xima \u00e9 de 42\u00baC e m\u00ednima de 24\u00baC. J\u00e1 no Monitora RJ, a previs\u00e3o de m\u00e1xima \u00e9 de 37,5\u00baC na m\u00e9dia para o estado, enquanto a m\u00ednima \u00e9 de 32,8\u00baC. Confira o monitoramento para os pr\u00f3ximos dias numa m\u00e9dia para o estado: <\/p>\n<figure><img fetchpriority=\"high\" fetchpriority=\"high\" decoding=\"async\" width=\"1024\" height=\"303\"src=\"https:\/\/redept.org\/blogosfera\/wp-content\/uploads\/2025\/02\/previsao-do-tempo-no-rj-calor-intenso.png\" alt=\"\" title=\"RJ tem 17 cidades com alerta de calor extremo 1\" srcset=\"https:\/\/tvtnews.com.br\/wp-content\/uploads\/2025\/02\/previsao-do-tempo-no-rj-calor-intenso-1024x303.png 1024w, https:\/\/tvtnews.com.br\/wp-content\/uploads\/2025\/02\/previsao-do-tempo-no-rj-calor-intenso-300x89.png 300w, https:\/\/tvtnews.com.br\/wp-content\/uploads\/2025\/02\/previsao-do-tempo-no-rj-calor-intenso-768x227.png 768w, https:\/\/redept.org\/blogosfera\/wp-content\/uploads\/2025\/02\/previsao-do-tempo-no-rj-calor-intenso.png 1519w\" sizes=\"(max-width: 1024px) 100vw, 1024px\"><figcaption><em>Verde significa \u201csem excesso de calor\u201d, <\/em><br \/><em>enquanto amarela sinaliza \u201cexcesso de calor leve\u201d. Imagem: Monitora RJ<\/em><\/figcaption><\/figure>\n<p>Para a popula\u00e7\u00e3o, a Secret\u00e1ria de Sa\u00fade do RJ aponta que idosos, crian\u00e7as, gr\u00e1vidas, portadores de doen\u00e7as preexistentes, atletas, trabalhadores em ambientes externos, pessoas em praias e parques, e pessoas em situa\u00e7\u00e3o de rua comp\u00f5em o grupo de risco.<\/p>\n<\/p>\n<figure><img decoding=\"async\" width=\"1024\" height=\"583\"src=\"https:\/\/redept.org\/blogosfera\/wp-content\/uploads\/2025\/02\/Captura-de-Tela-2025-02-18-as-11.22.21.png\" alt=\"\" title=\"RJ tem 17 cidades com alerta de calor extremo 2\" srcset=\"https:\/\/tvtnews.com.br\/wp-content\/uploads\/2025\/02\/Captura-de-Tela-2025-02-18-as-11.22.21-1024x583.png 1024w, https:\/\/tvtnews.com.br\/wp-content\/uploads\/2025\/02\/Captura-de-Tela-2025-02-18-as-11.22.21-300x171.png 300w, https:\/\/tvtnews.com.br\/wp-content\/uploads\/2025\/02\/Captura-de-Tela-2025-02-18-as-11.22.21-768x437.png 768w, https:\/\/redept.org\/blogosfera\/wp-content\/uploads\/2025\/02\/Captura-de-Tela-2025-02-18-as-11.22.21.png 1096w\" sizes=\"(max-width: 1024px) 100vw, 1024px\"><figcaption><em>Imagem: Secretaria de Estado de Sa\u00fade<\/em><\/figcaption><\/figure>\n<p>A prefeitura da capital fluminense tamb\u00e9m preparou um informativo sobre como o calor intenso pode afetar o corpo humano, confira:<\/p>\n<figure><img decoding=\"async\" width=\"768\" height=\"768\"src=\"https:\/\/redept.org\/blogosfera\/wp-content\/uploads\/2025\/02\/calor-prefeitura-danos-a-saude.png\" alt=\"\" title=\"RJ tem 17 cidades com alerta de calor extremo 3\" srcset=\"https:\/\/redept.org\/blogosfera\/wp-content\/uploads\/2025\/02\/calor-prefeitura-danos-a-saude.png 768w, https:\/\/tvtnews.com.br\/wp-content\/uploads\/2025\/02\/calor-prefeitura-danos-a-saude-300x300.png 300w, https:\/\/tvtnews.com.br\/wp-content\/uploads\/2025\/02\/calor-prefeitura-danos-a-saude-150x150.png 150w\" sizes=\"(max-width: 768px) 100vw, 768px\"><figcaption>Imagem: Prefeitura do Rio de Janeiro<\/figcaption><\/figure>\n<p>Caso tenha sintomas como tontura, fraqueza, sede intensa mesmo ap\u00f3s ingest\u00e3o de l\u00edquidos ou dor de cabe\u00e7a forte e persistente, procure uma unidade de sa\u00fade imediatamente.<\/p>\n<\/p>\n<h3>Cuidados com os pets diante do calor<\/h3>\n<ul>\n<li>Evite passeios entre 9h e 16h para evitar queimaduras nas patas do seu amigo e sempre confira a temperatura do solo \u2013 as patas dos animais s\u00e3o sens\u00edveis e eles podem se queimar com facilidade. O ch\u00e3o n\u00e3o estar\u00e1 pr\u00f3prio se voc\u00ea encostar a m\u00e3o e n\u00e3o aguentar o calor por 5 segundos.<\/li>\n<li>Prefira passeios na grama ou na terra.\u00a0<\/li>\n<li>Troque regularmente a \u00e1gua do seu pet \u2013 ela precisa estar sempre fresca. N\u00e3o d\u00ea \u00e1gua quente aos bichinhos.\u00a0<\/li>\n<li>Vai levar o bichinho na caixinha ou gaiola? Mantenha o objeto em espa\u00e7os ventilados e com sombra.\u00a0<\/li>\n<li>N\u00e3o deixe as casinhas dos animais no sol.<\/li>\n<li>Cuidado com correntes de metal \u2013 elas podem causar queimaduras.<\/li>\n<\/ul>\n<h3>Confira o que Daniel Soranz, secret\u00e1rio de Sa\u00fade do Rio de Janeiro, disse sobre o ver\u00e3o:<\/h3>\n<figure>\n<div>\n<\/div>\n<\/figure>\n<figure>\n<div>\n<blockquote data-secret=\"h2A9lYhMjt\"><p><a href=\"https:\/\/tvtnews.com.br\/onda-de-calor-no-sul-e-sudeste-rio-chegou-aos-60c\/\">Onda de calor no Sul e Sudeste; Rio chegou aos 60\u00baC em sensa\u00e7\u00e3o t\u00e9rmica<\/a><\/p><\/blockquote>\n<\/div>\n<\/figure>\n<p>The post <a rel=\"nofollow\" href=\"https:\/\/tvtnews.com.br\/rj-tem-17-cidades-com-alerta-de-calor-extremo\/\">RJ tem 17 cidades com alerta de calor extremo<\/a> appeared first on <a rel=\"nofollow\" href=\"https:\/\/tvtnews.com.br\/\">TVT News<\/a>.<\/p>\n<!-- Begin Yuzo --><div class='yuzo_related_post style-1'  data-version='5.12.89'><!-- without result --><div class='yuzo_clearfixed yuzo__title yuzo__title'><h3>Related Post<\/h3><\/div>\n\t\t\t\t\t\t  <div class=\"relatedthumb \" style=\"width:125px;float:left;overflow:hidden;\">  \n\t\t\t\t\t\t\t  \n\t\t\t\t\t\t\t  <a  href=\"https:\/\/redept.com.br\/blogosfera\/moraes-ordena-preservacao-de-provas-da-chacina-no-rio-e-convoca-entidades-de-direitos-humanos-ao-stf\/\"  >\n\t\t\t\t\t\t\t\t\t  <div class=\"yuzo-img-wrap \" style=\"width: 125px;height:90px;\">\n\t\t\t\t\t\t\t\t\t\t\n\t\t\t\t\t\t\t\t\t\t<div class=\"yuzo-img\" style=\"background:url('https:\/\/redept.org\/blogosfera\/wp-content\/plugins\/yuzo-related-post\/assets\/images\/default.png') 50% 50% no-repeat;width: 125px;height:90px;margin-bottom: 5px;background-size: cover; \"><\/div>\n\t\t\t\t\t\t\t\t\t  <\/div>\n\t\t\t\t\t\t\t\t\t  \n\t\t\t\t\t\t\t\t   <span class=\"yuzo__text--title\" style=\"font-size:13px;\">Moraes ordena preserva\u00e7\u00e3o de provas da chacina no ...<\/span>\n\t\t\t\t\t\t\t  \n\t\t\t\t\t\t\t  \n\t\t\t\t\t\t\t  <\/a>\n\n\t\t\t\t\t\t  <\/div>\n\t\t\t\t\t\t  <div class=\"relatedthumb \" style=\"width:125px;float:left;overflow:hidden;\">  \n\t\t\t\t\t\t\t  \n\t\t\t\t\t\t\t  <a  href=\"https:\/\/redept.com.br\/blogosfera\/teresa-leitao-defende-debate-amplo-sobre-exame-nacional-para-medicos\/\"  >\n\t\t\t\t\t\t\t\t\t  <div class=\"yuzo-img-wrap \" style=\"width: 125px;height:90px;\">\n\t\t\t\t\t\t\t\t\t\t\n\t\t\t\t\t\t\t\t\t\t<div class=\"yuzo-img\" style=\"background:url('https:\/\/redept.org\/blogosfera\/wp-content\/plugins\/yuzo-related-post\/assets\/images\/default.png') 50% 50% no-repeat;width: 125px;height:90px;margin-bottom: 5px;background-size: cover; \"><\/div>\n\t\t\t\t\t\t\t\t\t  <\/div>\n\t\t\t\t\t\t\t\t\t  \n\t\t\t\t\t\t\t\t   <span class=\"yuzo__text--title\" style=\"font-size:13px;\">Teresa Leit\u00e3o defende debate amplo sobre exame nac...<\/span>\n\t\t\t\t\t\t\t  \n\t\t\t\t\t\t\t  \n\t\t\t\t\t\t\t  <\/a>\n\n\t\t\t\t\t\t  <\/div>\n\t\t\t\t\t\t  <div class=\"relatedthumb \" style=\"width:125px;float:left;overflow:hidden;\">  \n\t\t\t\t\t\t\t  \n\t\t\t\t\t\t\t  <a  href=\"https:\/\/redept.com.br\/blogosfera\/tailandia-intensifica-ataques-contra-camboja-em-meio-as-negociacoes-para-tregua\/\"  >\n\t\t\t\t\t\t\t\t\t  <div class=\"yuzo-img-wrap \" style=\"width: 125px;height:90px;\">\n\t\t\t\t\t\t\t\t\t\t\n\t\t\t\t\t\t\t\t\t\t<div class=\"yuzo-img\" style=\"background:url('https:\/\/redept.com.br\/blogosfera\/wp-content\/uploads\/2025\/12\/03_prasat_preah_vihear-nx-06491-150x150.jpg') 50% 50% no-repeat;width: 125px;height:90px;margin-bottom: 5px;background-size: cover; \"><\/div>\n\t\t\t\t\t\t\t\t\t  <\/div>\n\t\t\t\t\t\t\t\t\t  \n\t\t\t\t\t\t\t\t   <span class=\"yuzo__text--title\" style=\"font-size:13px;\">Tail\u00e2ndia intensifica ataques contra Camboja em me...<\/span>\n\t\t\t\t\t\t\t  \n\t\t\t\t\t\t\t  \n\t\t\t\t\t\t\t  <\/a>\n\n\t\t\t\t\t\t  <\/div>\n\t\t\t\t\t\t  <div class=\"relatedthumb \" style=\"width:125px;float:left;overflow:hidden;\">  \n\t\t\t\t\t\t\t  \n\t\t\t\t\t\t\t  <a  href=\"https:\/\/redept.com.br\/blogosfera\/alerta-climatico-2024-marca-o-ano-mais-quente-na-historia-do-brasil\/\"  >\n\t\t\t\t\t\t\t\t\t  <div class=\"yuzo-img-wrap \" style=\"width: 125px;height:90px;\">\n\t\t\t\t\t\t\t\t\t\t\n\t\t\t\t\t\t\t\t\t\t<div class=\"yuzo-img\" style=\"background:url('https:\/\/redept.com.br\/blogosfera\/wp-content\/uploads\/2025\/01\/Captura-de-Tela-2025-01-04-as-13.42.43-150x150.png') 50% 50% no-repeat;width: 125px;height:90px;margin-bottom: 5px;background-size: cover; \"><\/div>\n\t\t\t\t\t\t\t\t\t  <\/div>\n\t\t\t\t\t\t\t\t\t  \n\t\t\t\t\t\t\t\t   <span class=\"yuzo__text--title\" style=\"font-size:13px;\">Alerta clim\u00e1tico: 2024 marca o ano mais quente na ...<\/span>\n\t\t\t\t\t\t\t  \n\t\t\t\t\t\t\t  \n\t\t\t\t\t\t\t  <\/a>\n\n\t\t\t\t\t\t  <\/div>\n<\/div> <script>\n\t\t\t\t\t\t  jQuery(document).ready(function( $ ){\n\t\t\t\t\t\t\t\/\/jQuery('.yuzo_related_post').equalizer({ overflow : 'relatedthumb' });\n\t\t\t\t\t\t\tjQuery('.yuzo_related_post .yuzo_wraps').equalizer({ columns : '> div' });\n\t\t\t\t\t\t   })\n\t\t\t\t\t\t  <\/script> <!-- End Yuzo :) -->","protected":false},"excerpt":{"rendered":"<p>Alerta de calor extremo em 17 cidades do Rio de Janeiro (RJ) foi emitido neste domingo (16) v\u00e1lido at\u00e9 quinta-feira (20) pela Secretaria de Estado de Sa\u00fade. Para a capital foi acionado alerta para n\u00edvel quatro de calor, o segundo mais alto da escala municipal. Entenda o calor do RJ na TVT News. As cidades [&hellip;]<\/p>\n","protected":false},"author":2,"featured_media":13780,"comment_status":"closed","ping_status":"closed","sticky":false,"template":"","format":"standard","meta":{"fifu_image_url":"","fifu_image_alt":"","footnotes":""},"categories":[593,3495,473,94,570,126],"tags":[],"class_list":["post-13779","post","type-post","status-publish","format-standard","has-post-thumbnail","hentry","category-aquecimento-global","category-calor","category-destaque-medio","category-geral","category-mudancas-climaticas","category-saude"],"_links":{"self":[{"href":"https:\/\/redept.com.br\/blogosfera\/wp-json\/wp\/v2\/posts\/13779","targetHints":{"allow":["GET"]}}],"collection":[{"href":"https:\/\/redept.com.br\/blogosfera\/wp-json\/wp\/v2\/posts"}],"about":[{"href":"https:\/\/redept.com.br\/blogosfera\/wp-json\/wp\/v2\/types\/post"}],"author":[{"embeddable":true,"href":"https:\/\/redept.com.br\/blogosfera\/wp-json\/wp\/v2\/users\/2"}],"replies":[{"embeddable":true,"href":"https:\/\/redept.com.br\/blogosfera\/wp-json\/wp\/v2\/comments?post=13779"}],"version-history":[{"count":0,"href":"https:\/\/redept.com.br\/blogosfera\/wp-json\/wp\/v2\/posts\/13779\/revisions"}],"wp:featuredmedia":[{"embeddable":true,"href":"https:\/\/redept.com.br\/blogosfera\/wp-json\/wp\/v2\/media\/13780"}],"wp:attachment":[{"href":"https:\/\/redept.com.br\/blogosfera\/wp-json\/wp\/v2\/media?parent=13779"}],"wp:term":[{"taxonomy":"category","embeddable":true,"href":"https:\/\/redept.com.br\/blogosfera\/wp-json\/wp\/v2\/categories?post=13779"},{"taxonomy":"post_tag","embeddable":true,"href":"https:\/\/redept.com.br\/blogosfera\/wp-json\/wp\/v2\/tags?post=13779"}],"curies":[{"name":"wp","href":"https:\/\/api.w.org\/{rel}","templated":true}]}}