{"id":14080,"date":"2025-02-20T17:08:53","date_gmt":"2025-02-20T20:08:53","guid":{"rendered":"https:\/\/redept.org\/blogosfera\/senadores-homenageiam-atriz-fernanda-torres-com-voto-de-aplauso\/"},"modified":"2025-02-20T17:08:53","modified_gmt":"2025-02-20T20:08:53","slug":"senadores-homenageiam-atriz-fernanda-torres-com-voto-de-aplauso","status":"publish","type":"post","link":"https:\/\/redept.com.br\/blogosfera\/senadores-homenageiam-atriz-fernanda-torres-com-voto-de-aplauso\/","title":{"rendered":"Senadores homenageiam atriz Fernanda Torres com voto de aplauso"},"content":{"rendered":"<p><img loading=\"lazy\" width=\"750\" height=\"450\"src=\"https:\/\/redept.org\/blogosfera\/wp-content\/uploads\/2025\/02\/fernanda-torres.png\" alt=\"\" decoding=\"async\" loading=\"lazy\" srcset=\"https:\/\/redept.org\/blogosfera\/wp-content\/uploads\/2025\/02\/fernanda-torres.png 750w, https:\/\/vermelho.org.br\/wp-content\/uploads\/2025\/01\/fernanda-torres-300x180.png 300w\" sizes=\"auto, (max-width: 750px) 100vw, 750px\"><\/p>\n<p>Na primeira sess\u00e3o plen\u00e1ria do ano, os senadores aprovaram nesta quarta-feira (19) voto de aplauso a Fernanda Torres por sua atua\u00e7\u00e3o no filme Ainda Estou Aqui, pela qual conquistou o Globo de Ouro de melhor atriz, e pelo conjunto de sua obra.<\/p>\n<p>O requerimento teve como signat\u00e1rios 31 senadores de todos os matizes pol\u00edtico, do PL ao PT.<\/p>\n<p>\u201cQuero agradecer a todas as senadoras e todos os senadores que assinaram o nosso requerimento, que \u00e9 uma homenagem importante, n\u00e3o s\u00f3 para a atriz Fernanda Torres, mas para o cinema brasileiro, que est\u00e1 vivendo um momento \u00fanico, um momento hist\u00f3rico\u201d, disse a senadora Leila Barros (PDT-DF), que encabe\u00e7ou a lista.<\/p>\n<p>Leia mais: <a href=\"https:\/\/vermelho.org.br\/2025\/02\/20\/ainda-estou-aqui-brilha-no-exterior-e-acumula-premios-internacionais\/\">\u201cAinda Estou Aqui\u201d brilha no exterior e acumula pr\u00eamios internacionais<\/a><\/p>\n<p>Al\u00e9m do Globo de Ouro, Torres concorre ao pr\u00eamio de melhor atriz no Oscar 2025. \u201cEnt\u00e3o vamos torcer, mar\u00e7o est\u00e1 chegando. E vamos fazer essa justa homenagem, n\u00e3o s\u00f3 a ela, mas a todo o elenco e, acima de tudo, tamb\u00e9m \u00e0 dire\u00e7\u00e3o, que \u00e9 o do brilhante diretor Walter Salles\u201d, diz Leila.<\/p>\n<p>De acordo com a parlamentar, ela possui uma carreira brilhante que atravessa v\u00e1rias d\u00e9cadas. \u201cA atriz Fernanda Torres \u00e9 um dos maiores \u00edcones da dramaturgia brasileira\u201d, destaca.<\/p>\n<p>\u201cSua trajet\u00f3ria, marcada por personagens profundos e inesquec\u00edveis, que nos fizeram rir e chorar, e a coloca como uma das mais talentosas e respeitadas atrizes de sua gera\u00e7\u00e3o\u201d, considera.<\/p>\n<p>\u201cMinha rever\u00eancia a Ainda Estou Aqui, filme baseado no livro de Marcelo Rubens Paiva, que conta a hist\u00f3ria de sua m\u00e3e Eunice e fam\u00edlia e o desaparecimento e o assassinato do ex-deputado e engenheiro Rubens Paiva, no tempo da ditadura militar\u201d, diz o senador Paulo Paim (PT-RS).<\/p>\n<p>\u201cNossa hist\u00f3ria, nossa arte e nossa brasilidade s\u00e3o nossos orgulhos. Viva o cinema brasileiro, que hoje est\u00e1 sendo visto e discutido em todo o planeta\u201d, completa o senador.<\/p>\n<p><strong>Confira os senadores que assinaram o documento:<\/strong><\/p>\n<p>Senadora Leila Barros (PDT-DF);<br \/>Senadora Ana Paula Lobato (PDT-MA);<br \/>Senadora Augusta Brito (PT-CE);<br \/>Senadora Daniella Ribeiro (PSD-PB);<br \/>Senadora Eliziane Gama (PSD-MA);<br \/>Senadora Ivete da Silveira (MDB-SC);<br \/>Senadora Jussara Lima (PSD-PI);<br \/>Senadora Mara Gabrilli (PSD-SP);<br \/>Senadora Margareth Buzetti (PSD-MT);<br \/>Senadora Professora Dorinha Seabra (Uni\u00e3o-TO);<br \/>Senadora Soraya Thronicke (Podemos-MS);<br \/>Senadora Teresa Leit\u00e3o (PT-PE);<br \/>Senadora Zenaide Maia (PSD-RN);<br \/>Senador Cleitinho (Republicanos-MG);<br \/>Senador Efraim Filho (Uni\u00e3o-PB);<br \/>Senador Fabiano Contarato (PT-ES);<br \/>Senador Fl\u00e1vio Arns (PSB-PR);<br \/>Senador Humberto Costa (PT-PE);<br \/>Senador Izalci Lucas (PL-DF);<br \/>Senador Jader Barbalho (MDB-PA);<br \/>Senador Jorge Kajuru (PSB-GO);<br \/>Senador Marcelo Castro (MDB-PI);<br \/>Senador Mecias de Jesus (Republicanos-RR);<br \/>Senador Paulo Paim (PT-RS);<br \/>Senador Pl\u00ednio Val\u00e9rio (PSDB-AM);<br \/>Senador Rog\u00e9rio Carvalho (PT-SE);<br \/>Senador Sergio Moro (Uni\u00e3o-PR);<br \/>Senador S\u00e9rgio Petec\u00e3o (PSD-AC);<br \/>Senador Styvenson Valentim (Podemos-RN);<br \/>Senador Wellington Fagundes (PL-MT); e<br \/>Senador Weverton (PDT-MA).<\/p>\n<p>O post <a href=\"https:\/\/vermelho.org.br\/2025\/02\/20\/senadores-homenageiam-atriz-fernanda-torres-com-voto-de-aplauso\/\">Senadores homenageiam atriz Fernanda Torres com voto de aplauso<\/a> apareceu primeiro em <a href=\"https:\/\/vermelho.org.br\/\">Vermelho<\/a>.<\/p>\n<!-- Begin Yuzo --><div class='yuzo_related_post style-1'  data-version='5.12.89'><!-- without result --><div class='yuzo_clearfixed yuzo__title yuzo__title'><h3>Related Post<\/h3><\/div>\n\t\t\t\t\t\t  <div class=\"relatedthumb \" style=\"width:125px;float:left;overflow:hidden;\">  \n\t\t\t\t\t\t\t  \n\t\t\t\t\t\t\t  <a  href=\"https:\/\/redept.com.br\/blogosfera\/governo-do-mexico-tem-80-de-aprovacao-e-partido-morena-aposta-em-comites-locais-para-dar-voz-ao-povo\/\"  >\n\t\t\t\t\t\t\t\t\t  <div class=\"yuzo-img-wrap \" style=\"width: 125px;height:90px;\">\n\t\t\t\t\t\t\t\t\t\t\n\t\t\t\t\t\t\t\t\t\t<div class=\"yuzo-img\" style=\"background:url('https:\/\/redept.com.br\/blogosfera\/wp-content\/uploads\/2025\/09\/bdf-20250903-191437-dc22aa-150x150.jpeg') 50% 50% no-repeat;width: 125px;height:90px;margin-bottom: 5px;background-size: cover; \"><\/div>\n\t\t\t\t\t\t\t\t\t  <\/div>\n\t\t\t\t\t\t\t\t\t  \n\t\t\t\t\t\t\t\t   <span class=\"yuzo__text--title\" style=\"font-size:13px;\">Governo do M\u00e9xico tem 80% de aprova\u00e7\u00e3o e partido M...<\/span>\n\t\t\t\t\t\t\t  \n\t\t\t\t\t\t\t  \n\t\t\t\t\t\t\t  <\/a>\n\n\t\t\t\t\t\t  <\/div>\n\t\t\t\t\t\t  <div class=\"relatedthumb \" style=\"width:125px;float:left;overflow:hidden;\">  \n\t\t\t\t\t\t\t  \n\t\t\t\t\t\t\t  <a  href=\"https:\/\/redept.com.br\/blogosfera\/china-inicia-ano-do-cavalo-de-fogo-com-festividades-tradicionais-e-95-bilhoes-de-viagens-previstas-em-40-dias-de-celebracao\/\"  >\n\t\t\t\t\t\t\t\t\t  <div class=\"yuzo-img-wrap \" style=\"width: 125px;height:90px;\">\n\t\t\t\t\t\t\t\t\t\t\n\t\t\t\t\t\t\t\t\t\t<div class=\"yuzo-img\" style=\"background:url('https:\/\/redept.org\/blogosfera\/wp-content\/plugins\/yuzo-related-post\/assets\/images\/default.png') 50% 50% no-repeat;width: 125px;height:90px;margin-bottom: 5px;background-size: cover; \"><\/div>\n\t\t\t\t\t\t\t\t\t  <\/div>\n\t\t\t\t\t\t\t\t\t  \n\t\t\t\t\t\t\t\t   <span class=\"yuzo__text--title\" style=\"font-size:13px;\">China inicia Ano do Cavalo de Fogo com festividade...<\/span>\n\t\t\t\t\t\t\t  \n\t\t\t\t\t\t\t  \n\t\t\t\t\t\t\t  <\/a>\n\n\t\t\t\t\t\t  <\/div>\n\t\t\t\t\t\t  <div class=\"relatedthumb \" style=\"width:125px;float:left;overflow:hidden;\">  \n\t\t\t\t\t\t\t  \n\t\t\t\t\t\t\t  <a  href=\"https:\/\/redept.com.br\/blogosfera\/esquerda-alema-renasce-nas-urnas-e-cresce-65-no-parlamento\/\"  >\n\t\t\t\t\t\t\t\t\t  <div class=\"yuzo-img-wrap \" style=\"width: 125px;height:90px;\">\n\t\t\t\t\t\t\t\t\t\t\n\t\t\t\t\t\t\t\t\t\t<div class=\"yuzo-img\" style=\"background:url('https:\/\/redept.com.br\/blogosfera\/wp-content\/uploads\/2025\/02\/WhatsApp-Image-2025-02-24-at-23.59.25-150x150.jpeg') 50% 50% no-repeat;width: 125px;height:90px;margin-bottom: 5px;background-size: cover; \"><\/div>\n\t\t\t\t\t\t\t\t\t  <\/div>\n\t\t\t\t\t\t\t\t\t  \n\t\t\t\t\t\t\t\t   <span class=\"yuzo__text--title\" style=\"font-size:13px;\">Esquerda alem\u00e3 renasce nas urnas e cresce 65% no P...<\/span>\n\t\t\t\t\t\t\t  \n\t\t\t\t\t\t\t  \n\t\t\t\t\t\t\t  <\/a>\n\n\t\t\t\t\t\t  <\/div>\n\t\t\t\t\t\t  <div class=\"relatedthumb \" style=\"width:125px;float:left;overflow:hidden;\">  \n\t\t\t\t\t\t\t  \n\t\t\t\t\t\t\t  <a  href=\"https:\/\/redept.com.br\/blogosfera\/por-eleicoes-bets-e-fintechs-camara-briga-com-lula-e-com-o-pais\/\"  >\n\t\t\t\t\t\t\t\t\t  <div class=\"yuzo-img-wrap \" style=\"width: 125px;height:90px;\">\n\t\t\t\t\t\t\t\t\t\t\n\t\t\t\t\t\t\t\t\t\t<div class=\"yuzo-img\" style=\"background:url('https:\/\/redept.org\/blogosfera\/wp-content\/plugins\/yuzo-related-post\/assets\/images\/default.png') 50% 50% no-repeat;width: 125px;height:90px;margin-bottom: 5px;background-size: cover; \"><\/div>\n\t\t\t\t\t\t\t\t\t  <\/div>\n\t\t\t\t\t\t\t\t\t  \n\t\t\t\t\t\t\t\t   <span class=\"yuzo__text--title\" style=\"font-size:13px;\">Por elei\u00e7\u00f5es, bets e fintechs, C\u00e2mara briga com Lu...<\/span>\n\t\t\t\t\t\t\t  \n\t\t\t\t\t\t\t  \n\t\t\t\t\t\t\t  <\/a>\n\n\t\t\t\t\t\t  <\/div>\n<\/div> <script>\n\t\t\t\t\t\t  jQuery(document).ready(function( $ ){\n\t\t\t\t\t\t\t\/\/jQuery('.yuzo_related_post').equalizer({ overflow : 'relatedthumb' });\n\t\t\t\t\t\t\tjQuery('.yuzo_related_post .yuzo_wraps').equalizer({ columns : '> div' });\n\t\t\t\t\t\t   })\n\t\t\t\t\t\t  <\/script> <!-- End Yuzo :) -->","protected":false},"excerpt":{"rendered":"<p>Na primeira sess\u00e3o plen\u00e1ria do ano, os senadores aprovaram nesta quarta-feira (19) voto de aplauso a Fernanda Torres por sua atua\u00e7\u00e3o no filme Ainda Estou Aqui, pela qual conquistou o Globo de Ouro de melhor atriz, e pelo conjunto de sua obra. O requerimento teve como signat\u00e1rios 31 senadores de todos os matizes pol\u00edtico, do [&hellip;]<\/p>\n","protected":false},"author":2,"featured_media":14081,"comment_status":"closed","ping_status":"closed","sticky":false,"template":"","format":"standard","meta":{"fifu_image_url":"","fifu_image_alt":"","footnotes":""},"categories":[1846,1850,3893,132,3894,3895],"tags":[],"class_list":["post-14080","post","type-post","status-publish","format-standard","has-post-thumbnail","hentry","category-ainda-estou-aqui","category-fernanda-torres","category-leila-barros","category-politica","category-senadores","category-votos-de-aplauso"],"_links":{"self":[{"href":"https:\/\/redept.com.br\/blogosfera\/wp-json\/wp\/v2\/posts\/14080","targetHints":{"allow":["GET"]}}],"collection":[{"href":"https:\/\/redept.com.br\/blogosfera\/wp-json\/wp\/v2\/posts"}],"about":[{"href":"https:\/\/redept.com.br\/blogosfera\/wp-json\/wp\/v2\/types\/post"}],"author":[{"embeddable":true,"href":"https:\/\/redept.com.br\/blogosfera\/wp-json\/wp\/v2\/users\/2"}],"replies":[{"embeddable":true,"href":"https:\/\/redept.com.br\/blogosfera\/wp-json\/wp\/v2\/comments?post=14080"}],"version-history":[{"count":0,"href":"https:\/\/redept.com.br\/blogosfera\/wp-json\/wp\/v2\/posts\/14080\/revisions"}],"wp:featuredmedia":[{"embeddable":true,"href":"https:\/\/redept.com.br\/blogosfera\/wp-json\/wp\/v2\/media\/14081"}],"wp:attachment":[{"href":"https:\/\/redept.com.br\/blogosfera\/wp-json\/wp\/v2\/media?parent=14080"}],"wp:term":[{"taxonomy":"category","embeddable":true,"href":"https:\/\/redept.com.br\/blogosfera\/wp-json\/wp\/v2\/categories?post=14080"},{"taxonomy":"post_tag","embeddable":true,"href":"https:\/\/redept.com.br\/blogosfera\/wp-json\/wp\/v2\/tags?post=14080"}],"curies":[{"name":"wp","href":"https:\/\/api.w.org\/{rel}","templated":true}]}}