{"id":14190,"date":"2025-02-21T15:13:55","date_gmt":"2025-02-21T18:13:55","guid":{"rendered":"https:\/\/redept.org\/blogosfera\/adjc-apoia-denuncia-contra-bolsonaro-e-militares-por-tentativa-de-golpe\/"},"modified":"2025-02-21T15:13:55","modified_gmt":"2025-02-21T18:13:55","slug":"adjc-apoia-denuncia-contra-bolsonaro-e-militares-por-tentativa-de-golpe","status":"publish","type":"post","link":"https:\/\/redept.com.br\/blogosfera\/adjc-apoia-denuncia-contra-bolsonaro-e-militares-por-tentativa-de-golpe\/","title":{"rendered":"ADJC apoia den\u00fancia contra Bolsonaro e militares por tentativa de golpe"},"content":{"rendered":"<p><img fetchpriority=\"high\" width=\"1024\" height=\"577\"src=\"https:\/\/redept.org\/blogosfera\/wp-content\/uploads\/2025\/02\/Bolsonaro-saulo-cruz-agencia-senado.webp\" alt=\"\" decoding=\"async\" srcset=\"https:\/\/vermelho.org.br\/wp-content\/uploads\/2025\/02\/Bolsonaro-saulo-cruz-agencia-senado-1024x577.webp 1024w, https:\/\/vermelho.org.br\/wp-content\/uploads\/2025\/02\/Bolsonaro-saulo-cruz-agencia-senado-300x169.webp 300w, https:\/\/vermelho.org.br\/wp-content\/uploads\/2025\/02\/Bolsonaro-saulo-cruz-agencia-senado-768x433.webp 768w, https:\/\/redept.org\/blogosfera\/wp-content\/uploads\/2025\/02\/Bolsonaro-saulo-cruz-agencia-senado.webp 1058w\" sizes=\"(max-width: 1024px) 100vw, 1024px\"><\/p>\n<p>A Associa\u00e7\u00e3o Advogados e Advogadas pela Democracia, Justi\u00e7a e Cidadania (ADJC) manifestou nesta sexta-feira (21) seu total apoio \u00e0 den\u00fancia apresentada pelo Procurador-Geral da Rep\u00fablica, Paulo Gonet Branco, contra o ex-presidente Jair Bolsonaro e mais 33 pessoas, incluindo 24 militares, envolvidos em uma suposta tentativa de golpe de Estado. <\/p>\n<p>Segundo a den\u00fancia, Bolsonaro teria liderado uma organiza\u00e7\u00e3o criminosa armada de junho de 2021 at\u00e9 janeiro de 2023, com o objetivo de impedir o funcionamento dos Poderes e derrubar o governo eleito, inclusive planejando assassinatos de autoridades como o presidente Lula.<\/p>\n<p><strong>Leia tamb\u00e9m: <\/strong><a href=\"https:\/\/vermelho.org.br\/2025\/02\/19\/delacao-de-cid-expoe-golpe-passa-por-fraude-na-vacina-e-joias-sauditas\/\">Dela\u00e7\u00e3o de Cid exp\u00f5e golpe e detalha outros crimes de Bolsonaro<\/a><\/p>\n<p>No documento, a ADJC enfatiza a import\u00e2ncia hist\u00f3rica do julgamento e pris\u00e3o dos envolvidos, destacando que esta seria a primeira condena\u00e7\u00e3o de golpistas militares no Brasil e \u201creafirma seu compromisso em defesa da democracia, dos direitos sociais e da soberania do pa\u00eds.<\/p>\n<p><strong>Leia a \u00edntegra abaixo.<\/strong><\/p>\n<p><strong><em>APOIO \u00c0 DEN\u00daNCIA DA PGR CONTRA OS GOLPISTAS<\/em><\/strong><\/p>\n<p><em>A<strong> <\/strong>Associa\u00e7\u00e3o Advogados e Advogadas pela Democracia, Justi\u00e7a e Cidadania (ADJC),<\/em> <em>manifesta seu integral apoio \u00e0 Den\u00fancia proposta pelo Procurador Geral da Rep\u00fablica, Paulo Gonet Branco contra o ex-presidente Jair Bolsonaro e mais 33 pessoas, dos quais 24 militares, por representar importante iniciativa em defesa da democracia e da soberania popular.<\/em><\/p>\n<p><em>Na a\u00e7\u00e3o penal proposta, o Procurador Geral da Rep\u00fablica revela, demonstrando e comprovando, com base em excelente investiga\u00e7\u00e3o empreendida pela Pol\u00edcia Federal, que o ex-presidente Jair Bolsonaro, viabilizou de forma: \u201cconsciente e volunt\u00e1ria, uma organiza\u00e7\u00e3o criminosa constitu\u00edda desde pelo menos o dia 29 de junho de 2021 e operando at\u00e9 o dia 8 de janeiro de 2023, com o emprego de armas (art. 2\u00ba da Lei n. 12.850\/2013)\u201d. Ainda segundo o Procurador Geral da Rep\u00fablica: \u201cEssa organiza\u00e7\u00e3o utilizou viol\u00eancia e grave amea\u00e7a com o objetivo de impedir o regular funcionamento dos Poderes da Rep\u00fablica (art. 359-L do C\u00f3digo Penal) e depor um governo legitimamente eleito (art. 359-M do C\u00f3digo Penal)\u201d.<\/em><\/p>\n<p><em>Bolsonaro \u00e9, portanto, acusado de praticar os crimes de: organiza\u00e7\u00e3o criminosa armada; golpe de Estado; tentativa de aboli\u00e7\u00e3o do Estado Democr\u00e1tico de Direito; dano qualificado pela viol\u00eancia e grave amea\u00e7a contra patrim\u00f4nio da Uni\u00e3o e deteriora\u00e7\u00e3o de patrim\u00f4nio tombado. Com denso material probat\u00f3rio a Den\u00fancia demonstra e comprova, de forma detalhada, as medidas adotadas na prepara\u00e7\u00e3o do golpe, desenvolvidas por Bolsonaro, pelo General Braga Neto e os demais denunciados. Al\u00e9m de in\u00fameros depoimentos, incluindo o de Mauro Cid, celulares de diversas pessoas foram periciados pela Pol\u00edcia Federal e anexados importantes documentos.<\/em><\/p>\n<p><strong>Leia tamb\u00e9m: <\/strong><a href=\"https:\/\/vermelho.org.br\/2025\/02\/21\/stf-nega-ampliacao-de-prazo-para-defesa-de-bolsonaro-por-tentativa-de-golpe\/\">STF imp\u00f5e nova derrota a Bolsonaro e nega recurso da sua defesa<\/a><\/p>\n<p><em>Como parte da tentativa golpista foi elaborado o Planejamento denominado \u201cPunhal Verde<\/em> <em>Amarelo\u201d, que visava assassinar o Presidente da Rep\u00fablica Luiz In\u00e1cio Lula da Silva, o<\/em> <em>Vice-Presidente da Rep\u00fablica Geraldo Alckmin e o Ministro do Supremo Tribunal Federal e ent\u00e3o Presidente do Tribunal Superior Eleitoral, Alexandre de Moraes.<\/em><\/p>\n<p><em>Em seu depoimento, Mauro Cid revelou que Braga Netto repassou recursos para a<\/em> <em>execu\u00e7\u00e3o do plano, que era de conhecimento da alta c\u00fapula golpista inclusive o ex-presidente. Al\u00e9m do Planejamento \u201cPunhal Verde Amarelo\u201d, outros planos que detalhavam o golpe foram encontrados, tais como \u201cOpera\u00e7\u00e3o Luneta\u201d, \u201cOpera\u00e7\u00e3o 142\u201d e \u201cDiscurso P\u00f3s-Golpe\u201d. Em depoimentos prestados \u00e0 Pol\u00edcia Federal o General Freire Gomes e o Tenente-Brigadeiro Baptista Junior declararam que n\u00e3o acataram a proposta golpista de Bolsonaro, se diferenciando da posi\u00e7\u00e3o do ent\u00e3o Comandante da Marinha Almirante de Esquadra Almir Garnier que se colocou em apoio ao atentado \u00e0 Constitui\u00e7\u00e3o.<\/em><\/p>\n<p><em>A den\u00fancia apresenta, tamb\u00e9m elementos que demonstram o claro v\u00ednculo do n\u00facleo<\/em> <em>golpista com os ataques ao STF, ao Congresso e ao Pal\u00e1cio do Planalto. As manifesta\u00e7\u00f5es na porta dos quarteis foram importantes fatores para contribuir com o clima golpista e os ataques aos tr\u00eas Poderes da Rep\u00fablica.<\/em><\/p>\n<p><strong>Leia tamb\u00e9m:<\/strong> <a href=\"https:\/\/vermelho.org.br\/2025\/02\/21\/stf-nega-ampliacao-de-prazo-para-defesa-de-bolsonaro-por-tentativa-de-golpe\/\">STF imp\u00f5e nova derrota a Bolsonaro e nega recurso da sua defesa<\/a><\/p>\n<p><em>O julgamento, condena\u00e7\u00e3o e pris\u00e3o dos golpistas ter\u00e1 importante significado hist\u00f3rico, pois ser\u00e1 a primeira vez no Brasil em que golpistas, sobretudo militares, ser\u00e3o condenados e presos. Por isso, a ADJC reafirma seu compromisso em defesa da democracia, dos direitos sociais e da soberania do pa\u00eds.<\/em><\/p>\n<p><em>Anistia n\u00e3o! Julgamento e pris\u00e3o dos culpados!<\/em><\/p>\n<p><em>Bras\u00edlia, 21 de fevereiro de 2025<\/em><\/p>\n<p><em>Aldo Arantes<\/em><br \/><em>Coordenador Nacional da ADJC<\/em><\/p>\n<p><em>Augusto Madeira <\/em><br \/><em>Secret\u00e1rio Geral da ADJC<\/em><\/p>\n<p>O post <a href=\"https:\/\/vermelho.org.br\/2025\/02\/21\/adjc-apoia-denuncia-contra-bolsonaro-e-militares-por-tentativa-de-golpe\/\">ADJC apoia den\u00fancia contra Bolsonaro e militares por tentativa de golpe<\/a> apareceu primeiro em <a href=\"https:\/\/vermelho.org.br\/\">Vermelho<\/a>.<\/p>\n<!-- Begin Yuzo --><div class='yuzo_related_post style-1'  data-version='5.12.89'><!-- without result --><div class='yuzo_clearfixed yuzo__title yuzo__title'><h3>Related Post<\/h3><\/div>\n\t\t\t\t\t\t  <div class=\"relatedthumb \" style=\"width:125px;float:left;overflow:hidden;\">  \n\t\t\t\t\t\t\t  \n\t\t\t\t\t\t\t  <a  href=\"https:\/\/redept.com.br\/blogosfera\/sem-chao-documentario-que-concorre-ao-oscar-entra-em-cartaz-na-cinemateca-paulo-amorim\/\"  >\n\t\t\t\t\t\t\t\t\t  <div class=\"yuzo-img-wrap \" style=\"width: 125px;height:90px;\">\n\t\t\t\t\t\t\t\t\t\t\n\t\t\t\t\t\t\t\t\t\t<div class=\"yuzo-img\" style=\"background:url('https:\/\/redept.org\/blogosfera\/wp-content\/plugins\/yuzo-related-post\/assets\/images\/default.png') 50% 50% no-repeat;width: 125px;height:90px;margin-bottom: 5px;background-size: cover; \"><\/div>\n\t\t\t\t\t\t\t\t\t  <\/div>\n\t\t\t\t\t\t\t\t\t  \n\t\t\t\t\t\t\t\t   <span class=\"yuzo__text--title\" style=\"font-size:13px;\">\u2018Sem Ch\u00e3o\u2019, document\u00e1rio que concorre ao Oscar, en...<\/span>\n\t\t\t\t\t\t\t  \n\t\t\t\t\t\t\t  \n\t\t\t\t\t\t\t  <\/a>\n\n\t\t\t\t\t\t  <\/div>\n\t\t\t\t\t\t  <div class=\"relatedthumb \" style=\"width:125px;float:left;overflow:hidden;\">  \n\t\t\t\t\t\t\t  \n\t\t\t\t\t\t\t  <a  href=\"https:\/\/redept.com.br\/blogosfera\/pela-primeira-vez-pesquisa-mostra-que-publico-dos-eua-apoia-mais-a-palestina-que-israel\/\"  >\n\t\t\t\t\t\t\t\t\t  <div class=\"yuzo-img-wrap \" style=\"width: 125px;height:90px;\">\n\t\t\t\t\t\t\t\t\t\t\n\t\t\t\t\t\t\t\t\t\t<div class=\"yuzo-img\" style=\"background:url('https:\/\/redept.org\/blogosfera\/wp-content\/plugins\/yuzo-related-post\/assets\/images\/default.png') 50% 50% no-repeat;width: 125px;height:90px;margin-bottom: 5px;background-size: cover; \"><\/div>\n\t\t\t\t\t\t\t\t\t  <\/div>\n\t\t\t\t\t\t\t\t\t  \n\t\t\t\t\t\t\t\t   <span class=\"yuzo__text--title\" style=\"font-size:13px;\">Pela primeira vez, pesquisa mostra que p\u00fablico dos...<\/span>\n\t\t\t\t\t\t\t  \n\t\t\t\t\t\t\t  \n\t\t\t\t\t\t\t  <\/a>\n\n\t\t\t\t\t\t  <\/div>\n\t\t\t\t\t\t  <div class=\"relatedthumb \" style=\"width:125px;float:left;overflow:hidden;\">  \n\t\t\t\t\t\t\t  \n\t\t\t\t\t\t\t  <a  href=\"https:\/\/redept.com.br\/blogosfera\/comunistas-e-jovens-foram-as-maiores-vitimas-da-ditadura-aponta-pesquisa\/\"  >\n\t\t\t\t\t\t\t\t\t  <div class=\"yuzo-img-wrap \" style=\"width: 125px;height:90px;\">\n\t\t\t\t\t\t\t\t\t\t\n\t\t\t\t\t\t\t\t\t\t<div class=\"yuzo-img\" style=\"background:url('https:\/\/redept.com.br\/blogosfera\/wp-content\/uploads\/2025\/04\/chacina-da-lapa-1-150x150.jpeg') 50% 50% no-repeat;width: 125px;height:90px;margin-bottom: 5px;background-size: cover; \"><\/div>\n\t\t\t\t\t\t\t\t\t  <\/div>\n\t\t\t\t\t\t\t\t\t  \n\t\t\t\t\t\t\t\t   <span class=\"yuzo__text--title\" style=\"font-size:13px;\">Comunistas e jovens foram as maiores v\u00edtimas da di...<\/span>\n\t\t\t\t\t\t\t  \n\t\t\t\t\t\t\t  \n\t\t\t\t\t\t\t  <\/a>\n\n\t\t\t\t\t\t  <\/div>\n\t\t\t\t\t\t  <div class=\"relatedthumb \" style=\"width:125px;float:left;overflow:hidden;\">  \n\t\t\t\t\t\t\t  \n\t\t\t\t\t\t\t  <a  href=\"https:\/\/redept.com.br\/blogosfera\/alcolumbre-marca-sabatina-de-jorge-messias-ao-stf-para-29-de-abril\/\"  >\n\t\t\t\t\t\t\t\t\t  <div class=\"yuzo-img-wrap \" style=\"width: 125px;height:90px;\">\n\t\t\t\t\t\t\t\t\t\t\n\t\t\t\t\t\t\t\t\t\t<div class=\"yuzo-img\" style=\"background:url('https:\/\/redept.org\/blogosfera\/wp-content\/plugins\/yuzo-related-post\/assets\/images\/default.png') 50% 50% no-repeat;width: 125px;height:90px;margin-bottom: 5px;background-size: cover; \"><\/div>\n\t\t\t\t\t\t\t\t\t  <\/div>\n\t\t\t\t\t\t\t\t\t  \n\t\t\t\t\t\t\t\t   <span class=\"yuzo__text--title\" style=\"font-size:13px;\">Alcolumbre marca sabatina de Jorge Messias ao STF ...<\/span>\n\t\t\t\t\t\t\t  \n\t\t\t\t\t\t\t  \n\t\t\t\t\t\t\t  <\/a>\n\n\t\t\t\t\t\t  <\/div>\n<\/div> <script>\n\t\t\t\t\t\t  jQuery(document).ready(function( $ ){\n\t\t\t\t\t\t\t\/\/jQuery('.yuzo_related_post').equalizer({ overflow : 'relatedthumb' });\n\t\t\t\t\t\t\tjQuery('.yuzo_related_post .yuzo_wraps').equalizer({ columns : '> div' });\n\t\t\t\t\t\t   })\n\t\t\t\t\t\t  <\/script> <!-- End Yuzo :) -->","protected":false},"excerpt":{"rendered":"<p>A Associa\u00e7\u00e3o Advogados e Advogadas pela Democracia, Justi\u00e7a e Cidadania (ADJC) manifestou nesta sexta-feira (21) seu total apoio \u00e0 den\u00fancia apresentada pelo Procurador-Geral da Rep\u00fablica, Paulo Gonet Branco, contra o ex-presidente Jair Bolsonaro e mais 33 pessoas, incluindo 24 militares, envolvidos em uma suposta tentativa de golpe de Estado. Segundo a den\u00fancia, Bolsonaro teria liderado [&hellip;]<\/p>\n","protected":false},"author":2,"featured_media":14191,"comment_status":"closed","ping_status":"closed","sticky":false,"template":"","format":"standard","meta":{"fifu_image_url":"","fifu_image_alt":"","footnotes":""},"categories":[2085,1261,2129,824,112,1570,2169,132,260],"tags":[],"class_list":["post-14190","post","type-post","status-publish","format-standard","has-post-thumbnail","hentry","category-adjc","category-alexandre-de-moraes","category-golpe-de-estado","category-jair-bolsonaro","category-lula","category-pgr","category-plano-golpista","category-politica","category-stf"],"_links":{"self":[{"href":"https:\/\/redept.com.br\/blogosfera\/wp-json\/wp\/v2\/posts\/14190","targetHints":{"allow":["GET"]}}],"collection":[{"href":"https:\/\/redept.com.br\/blogosfera\/wp-json\/wp\/v2\/posts"}],"about":[{"href":"https:\/\/redept.com.br\/blogosfera\/wp-json\/wp\/v2\/types\/post"}],"author":[{"embeddable":true,"href":"https:\/\/redept.com.br\/blogosfera\/wp-json\/wp\/v2\/users\/2"}],"replies":[{"embeddable":true,"href":"https:\/\/redept.com.br\/blogosfera\/wp-json\/wp\/v2\/comments?post=14190"}],"version-history":[{"count":0,"href":"https:\/\/redept.com.br\/blogosfera\/wp-json\/wp\/v2\/posts\/14190\/revisions"}],"wp:featuredmedia":[{"embeddable":true,"href":"https:\/\/redept.com.br\/blogosfera\/wp-json\/wp\/v2\/media\/14191"}],"wp:attachment":[{"href":"https:\/\/redept.com.br\/blogosfera\/wp-json\/wp\/v2\/media?parent=14190"}],"wp:term":[{"taxonomy":"category","embeddable":true,"href":"https:\/\/redept.com.br\/blogosfera\/wp-json\/wp\/v2\/categories?post=14190"},{"taxonomy":"post_tag","embeddable":true,"href":"https:\/\/redept.com.br\/blogosfera\/wp-json\/wp\/v2\/tags?post=14190"}],"curies":[{"name":"wp","href":"https:\/\/api.w.org\/{rel}","templated":true}]}}