{"id":14215,"date":"2025-02-21T17:59:56","date_gmt":"2025-02-21T20:59:56","guid":{"rendered":"https:\/\/redept.org\/blogosfera\/industria-de-alimentos-gera-72-mil-empregos-diretos-e-cresce-10-em-2024\/"},"modified":"2025-02-21T17:59:56","modified_gmt":"2025-02-21T20:59:56","slug":"industria-de-alimentos-gera-72-mil-empregos-diretos-e-cresce-10-em-2024","status":"publish","type":"post","link":"https:\/\/redept.com.br\/blogosfera\/industria-de-alimentos-gera-72-mil-empregos-diretos-e-cresce-10-em-2024\/","title":{"rendered":"Ind\u00fastria de alimentos gera 72 mil empregos diretos e cresce 10% em 2024"},"content":{"rendered":"<p><img fetchpriority=\"high\" width=\"1024\" height=\"687\"src=\"https:\/\/redept.org\/blogosfera\/wp-content\/uploads\/2025\/02\/Industria-de-alimentos-1-1024x687-1.jpg\" alt=\"\" decoding=\"async\" srcset=\"https:\/\/redept.org\/blogosfera\/wp-content\/uploads\/2025\/02\/Industria-de-alimentos-1-1024x687-1.jpg 1024w, https:\/\/vermelho.org.br\/wp-content\/uploads\/2025\/02\/Industria-de-alimentos-1-1024x687-1-300x201.jpg 300w, https:\/\/vermelho.org.br\/wp-content\/uploads\/2025\/02\/Industria-de-alimentos-1-1024x687-1-768x515.jpg 768w, https:\/\/vermelho.org.br\/wp-content\/uploads\/2025\/02\/Industria-de-alimentos-1-1024x687-1-272x182.jpg 272w\" sizes=\"(max-width: 1024px) 100vw, 1024px\"><\/p>\n<p>O faturamento da ind\u00fastria brasileira de alimentos superou a marca do trilh\u00e3o pelo terceiro ano consecutivo ao atingir, em 2024, R$ 1,277 trilh\u00e3o, aumento de quase 10% (9,98%) em rela\u00e7\u00e3o ao ano anterior. Os dados s\u00e3o da Associa\u00e7\u00e3o Brasileira da Ind\u00fastria de Alimentos (ABIA) e foram divulgados nesta sexta-feira (21). O valor representou 10,8% do PIB do pa\u00eds.<\/p>\n<p>De acordo com a entidade, desse valor 72% (R$ 918 bilh\u00f5es) s\u00e3o provenientes do mercado interno e 28% (US$ 66,3 bilh\u00f5es) do com\u00e9rcio exterior.<\/p>\n<p><strong>Leia mais:<\/strong> <a href=\"https:\/\/vermelho.org.br\/2024\/07\/17\/industria-de-alimentos-anuncia-r-120-bilhoes-de-investimentos-ate-2026\/\">Ind\u00fastria de alimentos anuncia R$ 120 bilh\u00f5es de investimentos no Brasil at\u00e9 2026<\/a><\/p>\n<p>Al\u00e9m disso, a ABIA destaca que a ind\u00fastria de alimentos processou 68% do que foi produzido pela agricultura familiar e pontuou os principais segmentos por estado:<\/p>\n<ul>\n<li>aves (Santa Catarina);<\/li>\n<li>cacau (Bahia);<\/li>\n<li>caf\u00e9 (Esp\u00edrito Santo);<\/li>\n<li>goiaba (S\u00e3o Paulo);<\/li>\n<li>leite (Minas Gerais);<\/li>\n<li>mandioca (Par\u00e1);<\/li>\n<li>su\u00ednos (Rio Grande do Sul.<\/li>\n<\/ul>\n<p><strong>Aumento do emprego e do consumo<\/strong><\/p>\n<p>Conforme aponta Jo\u00e3o Dornellas, presidente executivo da ABIA, a amplia\u00e7\u00e3o do emprego e renda no pa\u00eds contribuiu para o aumento da massa de rendimentos reais, acima de 6% na m\u00e9dia do ano. Isto ajuda a aumentar o consumo de alimentos no mercado interno.<\/p>\n<p>Este aumento no consumo se deu, principalmente, em food service (+10,4%) e o varejo alimentar (+8,8%).<\/p>\n<p><strong>Contribui\u00e7\u00e3o da ind\u00fastria de alimentos nos empregos<\/strong><\/p>\n<p>Nesse sentido, outro destaque fica para a gera\u00e7\u00e3o de empregos. No ano passado, a entidade divulga que um em cada dez trabalhadores (10,1% dos ocupados no pa\u00eds) atuava diretamente na ind\u00fastria de alimentos ou na cadeia de suprimentos ligada ao setor (agricultura, pecu\u00e1ria, embalagens, m\u00e1quinas e equipamentos, servi\u00e7os de transporte) \u2013 o n\u00famero de trabalhadores na cadeia produtiva \u00e9 de 10,4 milh\u00f5es.<\/p>\n<p><strong>\u201c<\/strong>Foram criados 72 mil novos postos de trabalho formais e diretos, o equivalente a 25% do ofertado na ind\u00fastria de transforma\u00e7\u00e3o brasileira. Somando-se aos 288 mil indiretos, foram 360 mil novas vagas\u201d, divulgou a entidade.<\/p>\n<p><strong>Investimentos da ind\u00fastria aliment\u00edcia<\/strong><\/p>\n<p>Estes n\u00fameros divulgados, conforme a associa\u00e7\u00e3o, foram impulsionados pelo aumento dos investimentos em equipamentos, m\u00e1quinas e amplia\u00e7\u00e3o e moderniza\u00e7\u00e3o de f\u00e1bricas: um total de quase R$ 40 bilh\u00f5es (R$ 24,9 bilh\u00f5es em inova\u00e7\u00f5es e R$ 13,80 bilh\u00f5es para fus\u00f5es e aquisi\u00e7\u00f5es) alocados em 2024.<\/p>\n<p>\u201cA ABIA reafirma o <a href=\"https:\/\/vermelho.org.br\/2024\/07\/17\/industria-de-alimentos-anuncia-r-120-bilhoes-de-investimentos-ate-2026\/\">compromisso anunciado pela ind\u00fastria de investir R$ 120 bilh\u00f5es<\/a> no per\u00edodo de 2023 a 2026. S\u00f3 em 2023 e 2024, a ind\u00fastria j\u00e1 investiu R$ 74,7 bilh\u00f5es, mais de 62% do projetado para o per\u00edodo\u201d, lembra Dornellas.<\/p>\n<p><em>*Informa\u00e7\u00f5es Abia<\/em><\/p>\n<p>O post <a href=\"https:\/\/vermelho.org.br\/2025\/02\/21\/industria-de-alimentos-gera-72-mil-empregos-diretos-e-cresce-10-em-2024\/\">Ind\u00fastria de alimentos gera 72 mil empregos diretos e cresce 10% em 2024<\/a> apareceu primeiro em <a href=\"https:\/\/vermelho.org.br\/\">Vermelho<\/a>.<\/p>\n<!-- Begin Yuzo --><div class='yuzo_related_post style-1'  data-version='5.12.89'><!-- without result --><div class='yuzo_clearfixed yuzo__title yuzo__title'><h3>Related Post<\/h3><\/div>\n\t\t\t\t\t\t  <div class=\"relatedthumb \" style=\"width:125px;float:left;overflow:hidden;\">  \n\t\t\t\t\t\t\t  \n\t\t\t\t\t\t\t  <a  href=\"https:\/\/redept.com.br\/blogosfera\/lula-dita-o-tom-da-cop30-com-discurso-forte-que-defende-caminho-para-o-fim-dos-fosseis\/\"  >\n\t\t\t\t\t\t\t\t\t  <div class=\"yuzo-img-wrap \" style=\"width: 125px;height:90px;\">\n\t\t\t\t\t\t\t\t\t\t\n\t\t\t\t\t\t\t\t\t\t<div class=\"yuzo-img\" style=\"background:url('https:\/\/redept.org\/blogosfera\/wp-content\/plugins\/yuzo-related-post\/assets\/images\/default.png') 50% 50% no-repeat;width: 125px;height:90px;margin-bottom: 5px;background-size: cover; \"><\/div>\n\t\t\t\t\t\t\t\t\t  <\/div>\n\t\t\t\t\t\t\t\t\t  \n\t\t\t\t\t\t\t\t   <span class=\"yuzo__text--title\" style=\"font-size:13px;\">Lula dita o tom da COP30 com discurso forte que de...<\/span>\n\t\t\t\t\t\t\t  \n\t\t\t\t\t\t\t  \n\t\t\t\t\t\t\t  <\/a>\n\n\t\t\t\t\t\t  <\/div>\n\t\t\t\t\t\t  <div class=\"relatedthumb \" style=\"width:125px;float:left;overflow:hidden;\">  \n\t\t\t\t\t\t\t  \n\t\t\t\t\t\t\t  <a  href=\"https:\/\/redept.com.br\/blogosfera\/governo-de-sp-anuncia-aumento-nas-passagens-de-metro-e-de-trens-tarifa-do-onibus-tambem-sobe\/\"  >\n\t\t\t\t\t\t\t\t\t  <div class=\"yuzo-img-wrap \" style=\"width: 125px;height:90px;\">\n\t\t\t\t\t\t\t\t\t\t\n\t\t\t\t\t\t\t\t\t\t<div class=\"yuzo-img\" style=\"background:url('https:\/\/redept.org\/blogosfera\/wp-content\/plugins\/yuzo-related-post\/assets\/images\/default.png') 50% 50% no-repeat;width: 125px;height:90px;margin-bottom: 5px;background-size: cover; \"><\/div>\n\t\t\t\t\t\t\t\t\t  <\/div>\n\t\t\t\t\t\t\t\t\t  \n\t\t\t\t\t\t\t\t   <span class=\"yuzo__text--title\" style=\"font-size:13px;\">Governo de SP anuncia aumento nas passagens de met...<\/span>\n\t\t\t\t\t\t\t  \n\t\t\t\t\t\t\t  \n\t\t\t\t\t\t\t  <\/a>\n\n\t\t\t\t\t\t  <\/div>\n\t\t\t\t\t\t  <div class=\"relatedthumb \" style=\"width:125px;float:left;overflow:hidden;\">  \n\t\t\t\t\t\t\t  \n\t\t\t\t\t\t\t  <a  href=\"https:\/\/redept.com.br\/blogosfera\/teera-celebra-derrota-de-washington-e-fere-bolsonarismo-ao-derrubar-mito-do-exercito-invencivel\/\"  >\n\t\t\t\t\t\t\t\t\t  <div class=\"yuzo-img-wrap \" style=\"width: 125px;height:90px;\">\n\t\t\t\t\t\t\t\t\t\t\n\t\t\t\t\t\t\t\t\t\t<div class=\"yuzo-img\" style=\"background:url('https:\/\/redept.org\/blogosfera\/wp-content\/plugins\/yuzo-related-post\/assets\/images\/default.png') 50% 50% no-repeat;width: 125px;height:90px;margin-bottom: 5px;background-size: cover; \"><\/div>\n\t\t\t\t\t\t\t\t\t  <\/div>\n\t\t\t\t\t\t\t\t\t  \n\t\t\t\t\t\t\t\t   <span class=\"yuzo__text--title\" style=\"font-size:13px;\">Teer\u00e3 celebra derrota de Washington e fere bolsona...<\/span>\n\t\t\t\t\t\t\t  \n\t\t\t\t\t\t\t  \n\t\t\t\t\t\t\t  <\/a>\n\n\t\t\t\t\t\t  <\/div>\n\t\t\t\t\t\t  <div class=\"relatedthumb \" style=\"width:125px;float:left;overflow:hidden;\">  \n\t\t\t\t\t\t\t  \n\t\t\t\t\t\t\t  <a  href=\"https:\/\/redept.com.br\/blogosfera\/ainda-sobre-politica-e-futebol-em-2024-diante-da-extrema-direita\/\"  >\n\t\t\t\t\t\t\t\t\t  <div class=\"yuzo-img-wrap \" style=\"width: 125px;height:90px;\">\n\t\t\t\t\t\t\t\t\t\t\n\t\t\t\t\t\t\t\t\t\t<div class=\"yuzo-img\" style=\"background:url('https:\/\/redept.org\/blogosfera\/wp-content\/plugins\/yuzo-related-post\/assets\/images\/default.png') 50% 50% no-repeat;width: 125px;height:90px;margin-bottom: 5px;background-size: cover; \"><\/div>\n\t\t\t\t\t\t\t\t\t  <\/div>\n\t\t\t\t\t\t\t\t\t  \n\t\t\t\t\t\t\t\t   <span class=\"yuzo__text--title\" style=\"font-size:13px;\">Ainda sobre pol\u00edtica e futebol em 2024 diante da e...<\/span>\n\t\t\t\t\t\t\t  \n\t\t\t\t\t\t\t  \n\t\t\t\t\t\t\t  <\/a>\n\n\t\t\t\t\t\t  <\/div>\n<\/div> <script>\n\t\t\t\t\t\t  jQuery(document).ready(function( $ ){\n\t\t\t\t\t\t\t\/\/jQuery('.yuzo_related_post').equalizer({ overflow : 'relatedthumb' });\n\t\t\t\t\t\t\tjQuery('.yuzo_related_post .yuzo_wraps').equalizer({ columns : '> div' });\n\t\t\t\t\t\t   })\n\t\t\t\t\t\t  <\/script> <!-- End Yuzo :) -->","protected":false},"excerpt":{"rendered":"<p>O faturamento da ind\u00fastria brasileira de alimentos superou a marca do trilh\u00e3o pelo terceiro ano consecutivo ao atingir, em 2024, R$ 1,277 trilh\u00e3o, aumento de quase 10% (9,98%) em rela\u00e7\u00e3o ao ano anterior. Os dados s\u00e3o da Associa\u00e7\u00e3o Brasileira da Ind\u00fastria de Alimentos (ABIA) e foram divulgados nesta sexta-feira (21). O valor representou 10,8% do [&hellip;]<\/p>\n","protected":false},"author":2,"featured_media":14216,"comment_status":"closed","ping_status":"closed","sticky":false,"template":"","format":"standard","meta":{"fifu_image_url":"","fifu_image_alt":"","footnotes":""},"categories":[3923,221,3924],"tags":[],"class_list":["post-14215","post","type-post","status-publish","format-standard","has-post-thumbnail","hentry","category-abia","category-economia","category-industria-de-alimentos"],"_links":{"self":[{"href":"https:\/\/redept.com.br\/blogosfera\/wp-json\/wp\/v2\/posts\/14215","targetHints":{"allow":["GET"]}}],"collection":[{"href":"https:\/\/redept.com.br\/blogosfera\/wp-json\/wp\/v2\/posts"}],"about":[{"href":"https:\/\/redept.com.br\/blogosfera\/wp-json\/wp\/v2\/types\/post"}],"author":[{"embeddable":true,"href":"https:\/\/redept.com.br\/blogosfera\/wp-json\/wp\/v2\/users\/2"}],"replies":[{"embeddable":true,"href":"https:\/\/redept.com.br\/blogosfera\/wp-json\/wp\/v2\/comments?post=14215"}],"version-history":[{"count":0,"href":"https:\/\/redept.com.br\/blogosfera\/wp-json\/wp\/v2\/posts\/14215\/revisions"}],"wp:featuredmedia":[{"embeddable":true,"href":"https:\/\/redept.com.br\/blogosfera\/wp-json\/wp\/v2\/media\/14216"}],"wp:attachment":[{"href":"https:\/\/redept.com.br\/blogosfera\/wp-json\/wp\/v2\/media?parent=14215"}],"wp:term":[{"taxonomy":"category","embeddable":true,"href":"https:\/\/redept.com.br\/blogosfera\/wp-json\/wp\/v2\/categories?post=14215"},{"taxonomy":"post_tag","embeddable":true,"href":"https:\/\/redept.com.br\/blogosfera\/wp-json\/wp\/v2\/tags?post=14215"}],"curies":[{"name":"wp","href":"https:\/\/api.w.org\/{rel}","templated":true}]}}