{"id":14753,"date":"2025-02-26T11:47:02","date_gmt":"2025-02-26T14:47:02","guid":{"rendered":"https:\/\/redept.org\/blogosfera\/micro-e-pequenas-empresas-podem-receber-de-volta-impostos-de-exportacao\/"},"modified":"2025-02-26T11:47:02","modified_gmt":"2025-02-26T14:47:02","slug":"micro-e-pequenas-empresas-podem-receber-de-volta-impostos-de-exportacao","status":"publish","type":"post","link":"https:\/\/redept.com.br\/blogosfera\/micro-e-pequenas-empresas-podem-receber-de-volta-impostos-de-exportacao\/","title":{"rendered":"Micro e pequenas empresas podem receber de volta impostos de exporta\u00e7\u00e3o"},"content":{"rendered":"<p>Impostos de exporta\u00e7\u00f5es pagos por micro e pequenas empresas podem retornar para o empreendedor do mercado internacional deste porte. A mudan\u00e7a ser\u00e1 votada no <a href=\"https:\/\/tvtnews.com.br\/?s=senado\" data-type=\"link\" data-id=\"https:\/\/tvtnews.com.br\/?s=senado\"><strong>Senado<\/strong><\/a> ap\u00f3s ser aprovada na C\u00e2mara dos Deputados nesta ter\u00e7a-feira (25). O objetivo \u00e9 fortalecer esses empreendimentos. Entenda a poss\u00edvel mudan\u00e7a na <strong><a href=\"https:\/\/tvtnews.com.br\/\" data-type=\"page\" data-id=\"733503\">TVT News<\/a><\/strong>.<\/p>\n<\/p>\n<h3>Proposta relacionada a micro e pequenas empresas venceu com unanimidade na C\u00e2mara dos Deputados<\/h3>\n<p>A proposta permite a devoluc\u0327a\u0303o de tributos pagos ao longo da cadeia produtiva de exportac\u0327a\u0303o por esses neg\u00f3cios, incluindo as optantes pelo regime tributa\u0301rio que simplifica o pagamento de impostos e contribuic\u0327o\u0303es, o Simples Nacional.<\/p>\n<p>Com 339 votos a favor e nenhum contr\u00e1rio, a <a href=\"https:\/\/tvtnews.com.br\/?s=camara+\" data-type=\"link\" data-id=\"https:\/\/tvtnews.com.br\/?s=camara+\"><strong>Ca\u0302mara dos Deputados<\/strong><\/a> aprovou, nesta terc\u0327a-feira (25), o Projeto de Lei Complementar n\u00ba 167\/2024, relacionado ao programa Acredita Exportac\u0327a\u0303o. A iniciativa do Governo Federal objetiva ampliar e fortalecer a atuac\u0327a\u0303o das micro e pequenas empresas no mercado internacional.<\/p>\n<blockquote>\n<p>\u201cO programa vem em boa hora para incentivar exporta\u00e7\u00f5es dos pequenos neg\u00f3cios, contribuindo para aumentar a competitividade dessas empresas, ampliar a base exportadora do Brasil e gerar novas oportunidades de nego\u0301cio\u201d, afirmou o vice-presidente da Repu\u0301blica e ministro do Desenvolvimento, Indu\u0301stria, Come\u0301rcio e Servic\u0327os (MDIC), Geraldo Alckmin.<\/p>\n<\/blockquote>\n<p>O projeto segue agora para o Senado. Uma vez sancionado, o Governo Federal pretende devolver a\u0300s micro e pequenas empresas o equivalente a 3% de suas receitas de exportac\u0327a\u0303o, tornando as vendas mais competitivas no exterior. A devoluc\u0327a\u0303o pode ocorrer por compensac\u0327a\u0303o para pagamento de outros tributos devidos e mediante ressarcimento dos valores ao beneficia\u0301rio.<\/p>\n<p>Na segunda-feira passada, Alckmin havia solicitado ao presidente da C\u00e2mara, Hugo Motta, celeridade na aprova\u00e7\u00e3o. Na quinta-feira, a casa legislativa aprovou urge\u0302ncia para vota\u00e7\u00e3o da mat\u00e9ria. Na sexta, o deputado Jonas Donizette (PSB\/SP) foi designado relator e, agora, nesta ter\u00e7a, a mat\u00e9ria foi aprovada por unanimidade.<\/p>\n<blockquote>\n<p lang=\"pt\" dir=\"ltr\">Parabenizo a <a href=\"https:\/\/twitter.com\/camaradeputados?ref_src=twsrc%5Etfw\" target=\"_blank\" rel=\"noopener noreferrer nofollow\">@camaradeputados<\/a> pela aprova\u00e7\u00e3o do Projeto de Lei Complementar (PLP) 167\/2024, do presidente <a href=\"https:\/\/twitter.com\/LulaOficial?ref_src=twsrc%5Etfw\" target=\"_blank\" rel=\"noopener noreferrer nofollow\">@LulaOficial<\/a>, que cria o \u201cAcredita Exporta\u00e7\u00e3o\u201d \u2013 vamos devolver 3% do valor exportado gerando mais incentivo para as micro e pequenas empresas exportarem! E a vota\u00e7\u00e3o agora\u2026 <a href=\"https:\/\/t.co\/P9vochdI4o\" target=\"_blank\" rel=\"noopener noreferrer nofollow\">pic.twitter.com\/P9vochdI4o<\/a><\/p>\n<p>\u2014 Geraldo Alckmin <imgsrc=\"\" alt=\"\ud83c\udde7\ud83c\uddf7\"> (@geraldoalckmin) <a href=\"https:\/\/twitter.com\/geraldoalckmin\/status\/1894555071725060523?ref_src=twsrc%5Etfw\" target=\"_blank\" rel=\"noopener noreferrer nofollow\">February 26, 2025<\/a><\/p><\/blockquote>\n<p>Parceria do MDIC com os ministe\u0301rios da Fazenda e do Empreendedorismo, da Microempresa e da Empresa de Pequeno Porte, o Acredita Exportac\u0327a\u0303o restitui 3% das receitas de vendas ao exterior realizadas por micro e pequenas empresas, valor correspondente a\u0300 parcela dos tributos pagos ao longo da cadeia produtiva.<\/p>\n<p>Conforme dados da Secretaria de Come\u0301rcio Exterior, em 2024 o universo de micro e pequenas empresas exportadoras representou 40% (11,5 mil empresas) dos 28,8 mil empreendimentos que realizaram vendas externas no peri\u0301odo. As exportac\u0327o\u0303es desses neg\u00f3cios atingiram, no mesmo ano, US$ 2,6 bilho\u0303es, compondo-se, em sua maior parte, de produtos da indu\u0301stria de transformac\u0327a\u0303o (72,3% do total das exportac\u0327o\u0303es realizadas por micro e pequenas empresas).<\/p>\n<p>O Acredita Exporta\u00e7\u00e3o integra um pacote de medidas do governo federal que buscam fortalecer as micro, pequenas e m\u00e9dias empresas (MPMEs). Entre elas, o Brasil Mais Produtivo, que oferece capacita\u00e7\u00e3o apoio e consultorias especializadas; o Proex (Programa de Financiamento \u00e0 Exporta\u00e7\u00e3o), o Seguro de Cr\u00e9dito \u00e0 Exporta\u00e7\u00e3o, que tem lastro no Fundo de Garantia \u00e0 Exporta\u00e7\u00e3o (SCE\/FGE); e o Desenrola Pequenos Neg\u00f3cios, que incentiva a renegocia\u00e7\u00e3o de d\u00edvidas.<\/p>\n<p>Por <a href=\"https:\/\/www.gov.br\/secom\/pt-br\/assuntos\/noticias\/2025\/02\/acredita-exportacao-aprovado-por-unanimidade-na-camara\" data-type=\"link\" data-id=\"https:\/\/www.gov.br\/secom\/pt-br\/assuntos\/noticias\/2025\/02\/acredita-exportacao-aprovado-por-unanimidade-na-camara\" target=\"_blank\" rel=\"noopener noreferrer nofollow\">Secretaria de Comunica\u00e7\u00e3o Social<\/a><\/p>\n<p>The post <a rel=\"nofollow\" href=\"https:\/\/tvtnews.com.br\/micro-e-pequenas-empresas-volta-imposto-exportacao\/\">Micro e pequenas empresas podem receber de volta impostos de exporta\u00e7\u00e3o<\/a> appeared first on <a rel=\"nofollow\" href=\"https:\/\/tvtnews.com.br\/\">TVT News<\/a>.<\/p>\n<!-- Begin Yuzo --><div class='yuzo_related_post style-1'  data-version='5.12.89'><!-- without result --><div class='yuzo_clearfixed yuzo__title yuzo__title'><h3>Related Post<\/h3><\/div>\n\t\t\t\t\t\t  <div class=\"relatedthumb \" style=\"width:125px;float:left;overflow:hidden;\">  \n\t\t\t\t\t\t\t  \n\t\t\t\t\t\t\t  <a  href=\"https:\/\/sul21.com.br\/noticias\/geral\/2025\/10\/casa-onde-morou-machado-vira-estacionamento-justica-ordena-reforma\/\"  >\n\t\t\t\t\t\t\t\t\t  <div class=\"yuzo-img-wrap \" style=\"width: 125px;height:90px;\">\n\t\t\t\t\t\t\t\t\t\t\n\t\t\t\t\t\t\t\t\t\t<div class=\"yuzo-img\" style=\"background:url('https:\/\/agenciabrasil.ebc.com.br\/ebc.png?id=1662537&amp;o=node') 50% 50% no-repeat;width: 125px;height:90px;margin-bottom: 5px;background-size: cover; \"><\/div>\n\t\t\t\t\t\t\t\t\t  <\/div>\n\t\t\t\t\t\t\t\t\t  \n\t\t\t\t\t\t\t\t   <span class=\"yuzo__text--title\" style=\"font-size:13px;\">Casa onde morou Machado vira estacionamento; Justi...<\/span>\n\t\t\t\t\t\t\t  \n\t\t\t\t\t\t\t  \n\t\t\t\t\t\t\t  <\/a>\n\n\t\t\t\t\t\t  <\/div>\n\t\t\t\t\t\t  <div class=\"relatedthumb \" style=\"width:125px;float:left;overflow:hidden;\">  \n\t\t\t\t\t\t\t  \n\t\t\t\t\t\t\t  <a  href=\"https:\/\/redept.com.br\/blogosfera\/populacao-idosa-deve-chegar-a-2-bilhoes-ate-2050-e-elevar-casos-de-violencia-estima-onu\/\"  >\n\t\t\t\t\t\t\t\t\t  <div class=\"yuzo-img-wrap \" style=\"width: 125px;height:90px;\">\n\t\t\t\t\t\t\t\t\t\t\n\t\t\t\t\t\t\t\t\t\t<div class=\"yuzo-img\" style=\"background:url('https:\/\/redept.org\/blogosfera\/wp-content\/plugins\/yuzo-related-post\/assets\/images\/default.png') 50% 50% no-repeat;width: 125px;height:90px;margin-bottom: 5px;background-size: cover; \"><\/div>\n\t\t\t\t\t\t\t\t\t  <\/div>\n\t\t\t\t\t\t\t\t\t  \n\t\t\t\t\t\t\t\t   <span class=\"yuzo__text--title\" style=\"font-size:13px;\">Popula\u00e7\u00e3o idosa  deve chegar a 2 bilh\u00f5es at\u00e9 2050 ...<\/span>\n\t\t\t\t\t\t\t  \n\t\t\t\t\t\t\t  \n\t\t\t\t\t\t\t  <\/a>\n\n\t\t\t\t\t\t  <\/div>\n\t\t\t\t\t\t  <div class=\"relatedthumb \" style=\"width:125px;float:left;overflow:hidden;\">  \n\t\t\t\t\t\t\t  \n\t\t\t\t\t\t\t  <a  href=\"https:\/\/redept.com.br\/blogosfera\/las-madres-que-abrazaron-a-todos-los-pueblos\/\"  >\n\t\t\t\t\t\t\t\t\t  <div class=\"yuzo-img-wrap \" style=\"width: 125px;height:90px;\">\n\t\t\t\t\t\t\t\t\t\t\n\t\t\t\t\t\t\t\t\t\t<div class=\"yuzo-img\" style=\"background:url('https:\/\/redept.com.br\/blogosfera\/wp-content\/uploads\/2026\/04\/Maes-de-Maio-5-1-150x150.jpeg') 50% 50% no-repeat;width: 125px;height:90px;margin-bottom: 5px;background-size: cover; \"><\/div>\n\t\t\t\t\t\t\t\t\t  <\/div>\n\t\t\t\t\t\t\t\t\t  \n\t\t\t\t\t\t\t\t   <span class=\"yuzo__text--title\" style=\"font-size:13px;\">Las Madres que abrazaron a todos los pueblos<\/span>\n\t\t\t\t\t\t\t  \n\t\t\t\t\t\t\t  \n\t\t\t\t\t\t\t  <\/a>\n\n\t\t\t\t\t\t  <\/div>\n\t\t\t\t\t\t  <div class=\"relatedthumb \" style=\"width:125px;float:left;overflow:hidden;\">  \n\t\t\t\t\t\t\t  \n\t\t\t\t\t\t\t  <a  href=\"https:\/\/redept.com.br\/blogosfera\/com-crise-de-labirintite-lula-faz-exames-em-hospital-e-repousa-no-palacio-do-planalto\/\"  >\n\t\t\t\t\t\t\t\t\t  <div class=\"yuzo-img-wrap \" style=\"width: 125px;height:90px;\">\n\t\t\t\t\t\t\t\t\t\t\n\t\t\t\t\t\t\t\t\t\t<div class=\"yuzo-img\" style=\"background:url('https:\/\/redept.org\/blogosfera\/wp-content\/plugins\/yuzo-related-post\/assets\/images\/default.png') 50% 50% no-repeat;width: 125px;height:90px;margin-bottom: 5px;background-size: cover; \"><\/div>\n\t\t\t\t\t\t\t\t\t  <\/div>\n\t\t\t\t\t\t\t\t\t  \n\t\t\t\t\t\t\t\t   <span class=\"yuzo__text--title\" style=\"font-size:13px;\">Com crise de labirintite, Lula faz exames em hospi...<\/span>\n\t\t\t\t\t\t\t  \n\t\t\t\t\t\t\t  \n\t\t\t\t\t\t\t  <\/a>\n\n\t\t\t\t\t\t  <\/div>\n<\/div> <script>\n\t\t\t\t\t\t  jQuery(document).ready(function( $ ){\n\t\t\t\t\t\t\t\/\/jQuery('.yuzo_related_post').equalizer({ overflow : 'relatedthumb' });\n\t\t\t\t\t\t\tjQuery('.yuzo_related_post .yuzo_wraps').equalizer({ columns : '> div' });\n\t\t\t\t\t\t   })\n\t\t\t\t\t\t  <\/script> <!-- End Yuzo :) -->","protected":false},"excerpt":{"rendered":"<p>Impostos de exporta\u00e7\u00f5es pagos por micro e pequenas empresas podem retornar para o empreendedor do mercado internacional deste porte. A mudan\u00e7a ser\u00e1 votada no Senado ap\u00f3s ser aprovada na C\u00e2mara dos Deputados nesta ter\u00e7a-feira (25). O objetivo \u00e9 fortalecer esses empreendimentos. Entenda a poss\u00edvel mudan\u00e7a na TVT News. Proposta relacionada a micro e pequenas empresas [&hellip;]<\/p>\n","protected":false},"author":2,"featured_media":0,"comment_status":"closed","ping_status":"closed","sticky":false,"template":"","format":"standard","meta":{"fifu_image_url":"","fifu_image_alt":"","footnotes":""},"categories":[489,221,1258,531],"tags":[],"class_list":["post-14753","post","type-post","status-publish","format-standard","hentry","category-destaque-pequeno","category-economia","category-empreendedorismo","category-senado"],"_links":{"self":[{"href":"https:\/\/redept.com.br\/blogosfera\/wp-json\/wp\/v2\/posts\/14753","targetHints":{"allow":["GET"]}}],"collection":[{"href":"https:\/\/redept.com.br\/blogosfera\/wp-json\/wp\/v2\/posts"}],"about":[{"href":"https:\/\/redept.com.br\/blogosfera\/wp-json\/wp\/v2\/types\/post"}],"author":[{"embeddable":true,"href":"https:\/\/redept.com.br\/blogosfera\/wp-json\/wp\/v2\/users\/2"}],"replies":[{"embeddable":true,"href":"https:\/\/redept.com.br\/blogosfera\/wp-json\/wp\/v2\/comments?post=14753"}],"version-history":[{"count":0,"href":"https:\/\/redept.com.br\/blogosfera\/wp-json\/wp\/v2\/posts\/14753\/revisions"}],"wp:attachment":[{"href":"https:\/\/redept.com.br\/blogosfera\/wp-json\/wp\/v2\/media?parent=14753"}],"wp:term":[{"taxonomy":"category","embeddable":true,"href":"https:\/\/redept.com.br\/blogosfera\/wp-json\/wp\/v2\/categories?post=14753"},{"taxonomy":"post_tag","embeddable":true,"href":"https:\/\/redept.com.br\/blogosfera\/wp-json\/wp\/v2\/tags?post=14753"}],"curies":[{"name":"wp","href":"https:\/\/api.w.org\/{rel}","templated":true}]}}