{"id":14805,"date":"2025-02-26T18:09:00","date_gmt":"2025-02-26T21:09:00","guid":{"rendered":"https:\/\/redept.org\/blogosfera\/pesquisa-mostra-otimismo-de-microempreendedores-individuais-com-2025\/"},"modified":"2025-02-26T18:09:00","modified_gmt":"2025-02-26T21:09:00","slug":"pesquisa-mostra-otimismo-de-microempreendedores-individuais-com-2025","status":"publish","type":"post","link":"https:\/\/redept.com.br\/blogosfera\/pesquisa-mostra-otimismo-de-microempreendedores-individuais-com-2025\/","title":{"rendered":"Pesquisa mostra otimismo de microempreendedores individuais com 2025"},"content":{"rendered":"<p>Metade dos <strong>microempreendedores individuais<\/strong> brasileiros espera que o cen\u00e1rio da economia brasileiro seja favor\u00e1vel a seus neg\u00f3cios neste ano de 2025, revela a Sondagem Econ\u00f4mica do MEI, realizada pelo Servi\u00e7o Brasileiro de Apoio \u00e0s Micro e Pequenas Empresas (<strong>Sebrae<\/strong>) e pela Funda\u00e7\u00e3o Getulio Vargas (FGV).<\/p>\n<p>Em meio a boatos, j\u00e1 desmentidos pelo Minist\u00e9rio da Fazenda, de aumento na al\u00edquota de contribui\u00e7\u00e3o previdenci\u00e1ria, a\u00a0pesquisa indica que <strong>50% est\u00e3o otimistas<\/strong> com o desempenho de seus neg\u00f3cios neste ano, que dever\u00e1 ser melhor que o de 2024.<\/p>\n<p>No que se refere ao contexto geral do quadro econ\u00f4mico do pa\u00eds, o otimismo dos microempres\u00e1rios caiu um pouco na compara\u00e7\u00e3o com o ano passado: 40%.<\/p>\n<p>As regi\u00f5es que concentram o maior n\u00famero de microempres\u00e1rios otimistas s\u00e3o o Norte e o Centro-Oeste do pa\u00eds, com 47,8% dos consultados. Em seguida, v\u00eam os nordestinos, com 44,9%. J\u00e1 o Sudeste, com 37,6%, e o Sul, com 35,4%, s\u00e3o as regi\u00f5es menos otimistas.<\/p>\n<p>Por campo de atividade, os microempres\u00e1rios da \u00e1rea de com\u00e9rcio est\u00e3o na ponta da pesquisa, com uma perspectiva positiva de 53,4% para este ano. A ind\u00fastria registrou \u00edndice de 49,6%, e o setor de servi\u00e7os ficou um pouco abaixo, com 48,7%.<\/p>\n<p>Est\u00e3o tamb\u00e9m no Norte e Centro-Oeste os MEIs mais esperan\u00e7osos de bons resultados para seus pr\u00f3prios neg\u00f3cios: 56,9%. Depois v\u00eam os microempres\u00e1rios do Nordeste (53,3%), do Sudeste (48,5) e do Sul (47,9%).<\/p>\n<h2>Otimismo de volta<\/h2>\n<p>Segundo o presidente do Sebrae, D\u00e9cio Lima, a pesquisa endossa a corre\u00e7\u00e3o das iniciativas econ\u00f4micas adotadas pelo governo federal.<\/p>\n<p>\u201cOs pequenos neg\u00f3cios representam o segmento que mais gerou empregos em 2024 e o que mais abriu empresas, com mais de 4 milh\u00f5es de <a href=\"https:\/\/tvtnews.com.br\/a-pessoa-quer-ser-livre-diz-lula-sobre-empreendedorismo\/\">novos empreendimentos<\/a>. Esses empreendedores s\u00e3o aqueles que nunca desistem, que acordam de manh\u00e3 e buscam criar oportunidades, gerando emprego e renda. Estamos devolvendo o otimismo ao brasileiro, que voltou a comprar, colocando a economia em movimento\u201d, disse Lima.<\/p>\n<p>Ainda sobre a pesquisa do Sebrae e FGV, pouco mais de 15% dos microempreendedores entrevistados acreditam que o resultado de 2025 ser\u00e1 igual ao do ano passado e apenas 13,8% est\u00e3o pessimistas.<\/p>\n<p>De acordo com o Sebrae, o Brasil conta com aproximadamente 11 milh\u00f5es de MEIs com registro ativo, dos quais, 90% est\u00e3o em atividade. O modelo do MEI \u00e9 a categoria mais popular hoje de formaliza\u00e7\u00e3o legal dos pequenos empreendedores brasileiros.<\/p>\n<figure>\n<div>\n<blockquote data-secret=\"IEoaMa36LB\"><p><a href=\"https:\/\/tvtnews.com.br\/a-pessoa-quer-ser-livre-diz-lula-sobre-empreendedorismo\/\">\u201cA pessoa quer ser livre\u201d, diz Lula sobre empreendedorismo<\/a><\/p><\/blockquote>\n<\/div>\n<\/figure>\n<p><em>Por <a href=\"https:\/\/agenciabrasil.ebc.com.br\/economia\/noticia\/2025-02\/pesquisa-mostra-otimismo-de-microempreendedores-individuais-com-2025\" target=\"_blank\" rel=\"noopener noreferrer nofollow\">Ag\u00eancia Brasil<\/a><\/em><\/p>\n<p>The post <a rel=\"nofollow\" href=\"https:\/\/tvtnews.com.br\/pesquisa-mostra-otimismo-de-microempreendedores-individuais-com-2025\/\">Pesquisa mostra otimismo de microempreendedores individuais com 2025<\/a> appeared first on <a rel=\"nofollow\" href=\"https:\/\/tvtnews.com.br\/\">TVT News<\/a>.<\/p>\n<!-- Begin Yuzo --><div class='yuzo_related_post style-1'  data-version='5.12.89'><!-- without result --><div class='yuzo_clearfixed yuzo__title yuzo__title'><h3>Related Post<\/h3><\/div>\n\t\t\t\t\t\t  <div class=\"relatedthumb \" style=\"width:125px;float:left;overflow:hidden;\">  \n\t\t\t\t\t\t\t  \n\t\t\t\t\t\t\t  <a  href=\"https:\/\/redept.com.br\/blogosfera\/reuniao-familiar\/\"  >\n\t\t\t\t\t\t\t\t\t  <div class=\"yuzo-img-wrap \" style=\"width: 125px;height:90px;\">\n\t\t\t\t\t\t\t\t\t\t\n\t\t\t\t\t\t\t\t\t\t<div class=\"yuzo-img\" style=\"background:url('https:\/\/redept.org\/blogosfera\/wp-content\/plugins\/yuzo-related-post\/assets\/images\/default.png') 50% 50% no-repeat;width: 125px;height:90px;margin-bottom: 5px;background-size: cover; \"><\/div>\n\t\t\t\t\t\t\t\t\t  <\/div>\n\t\t\t\t\t\t\t\t\t  \n\t\t\t\t\t\t\t\t   <span class=\"yuzo__text--title\" style=\"font-size:13px;\">Reuni\u00e3o familiar<\/span>\n\t\t\t\t\t\t\t  \n\t\t\t\t\t\t\t  \n\t\t\t\t\t\t\t  <\/a>\n\n\t\t\t\t\t\t  <\/div>\n\t\t\t\t\t\t  <div class=\"relatedthumb \" style=\"width:125px;float:left;overflow:hidden;\">  \n\t\t\t\t\t\t\t  \n\t\t\t\t\t\t\t  <a  href=\"https:\/\/redept.com.br\/blogosfera\/fies-inscricao-2026-esta-aberta-confira-como-fazer\/\"  >\n\t\t\t\t\t\t\t\t\t  <div class=\"yuzo-img-wrap \" style=\"width: 125px;height:90px;\">\n\t\t\t\t\t\t\t\t\t\t\n\t\t\t\t\t\t\t\t\t\t<div class=\"yuzo-img\" style=\"background:url('https:\/\/redept.com.br\/blogosfera\/wp-content\/uploads\/2026\/02\/FIES-2-e1753798317106-150x150.png') 50% 50% no-repeat;width: 125px;height:90px;margin-bottom: 5px;background-size: cover; \"><\/div>\n\t\t\t\t\t\t\t\t\t  <\/div>\n\t\t\t\t\t\t\t\t\t  \n\t\t\t\t\t\t\t\t   <span class=\"yuzo__text--title\" style=\"font-size:13px;\">Fies inscri\u00e7\u00e3o 2026 est\u00e1 aberta,  confira como faz...<\/span>\n\t\t\t\t\t\t\t  \n\t\t\t\t\t\t\t  \n\t\t\t\t\t\t\t  <\/a>\n\n\t\t\t\t\t\t  <\/div>\n\t\t\t\t\t\t  <div class=\"relatedthumb \" style=\"width:125px;float:left;overflow:hidden;\">  \n\t\t\t\t\t\t\t  \n\t\t\t\t\t\t\t  <a  href=\"https:\/\/redept.com.br\/blogosfera\/a-hora-h-de-definir-entre-um-licenciamento-ambiental-decente-e-a-devastacao\/\"  >\n\t\t\t\t\t\t\t\t\t  <div class=\"yuzo-img-wrap \" style=\"width: 125px;height:90px;\">\n\t\t\t\t\t\t\t\t\t\t\n\t\t\t\t\t\t\t\t\t\t<div class=\"yuzo-img\" style=\"background:url('https:\/\/redept.org\/blogosfera\/wp-content\/plugins\/yuzo-related-post\/assets\/images\/default.png') 50% 50% no-repeat;width: 125px;height:90px;margin-bottom: 5px;background-size: cover; \"><\/div>\n\t\t\t\t\t\t\t\t\t  <\/div>\n\t\t\t\t\t\t\t\t\t  \n\t\t\t\t\t\t\t\t   <span class=\"yuzo__text--title\" style=\"font-size:13px;\">A hora H de definir entre um licenciamento ambient...<\/span>\n\t\t\t\t\t\t\t  \n\t\t\t\t\t\t\t  \n\t\t\t\t\t\t\t  <\/a>\n\n\t\t\t\t\t\t  <\/div>\n\t\t\t\t\t\t  <div class=\"relatedthumb \" style=\"width:125px;float:left;overflow:hidden;\">  \n\t\t\t\t\t\t\t  \n\t\t\t\t\t\t\t  <a  href=\"https:\/\/redept.com.br\/blogosfera\/ha-setores-da-sociedade-que-desprezam-a-emergencia-climatica-so-querem-dinheiro-afirma-ary-vanazzi\/\"  >\n\t\t\t\t\t\t\t\t\t  <div class=\"yuzo-img-wrap \" style=\"width: 125px;height:90px;\">\n\t\t\t\t\t\t\t\t\t\t\n\t\t\t\t\t\t\t\t\t\t<div class=\"yuzo-img\" style=\"background:url('https:\/\/redept.org\/blogosfera\/wp-content\/plugins\/yuzo-related-post\/assets\/images\/default.png') 50% 50% no-repeat;width: 125px;height:90px;margin-bottom: 5px;background-size: cover; \"><\/div>\n\t\t\t\t\t\t\t\t\t  <\/div>\n\t\t\t\t\t\t\t\t\t  \n\t\t\t\t\t\t\t\t   <span class=\"yuzo__text--title\" style=\"font-size:13px;\">\u2018H\u00e1 setores da sociedade que desprezam a emerg\u00eanci...<\/span>\n\t\t\t\t\t\t\t  \n\t\t\t\t\t\t\t  \n\t\t\t\t\t\t\t  <\/a>\n\n\t\t\t\t\t\t  <\/div>\n<\/div> <script>\n\t\t\t\t\t\t  jQuery(document).ready(function( $ ){\n\t\t\t\t\t\t\t\/\/jQuery('.yuzo_related_post').equalizer({ overflow : 'relatedthumb' });\n\t\t\t\t\t\t\tjQuery('.yuzo_related_post .yuzo_wraps').equalizer({ columns : '> div' });\n\t\t\t\t\t\t   })\n\t\t\t\t\t\t  <\/script> <!-- End Yuzo :) -->","protected":false},"excerpt":{"rendered":"<p>Metade dos microempreendedores individuais brasileiros espera que o cen\u00e1rio da economia brasileiro seja favor\u00e1vel a seus neg\u00f3cios neste ano de 2025, revela a Sondagem Econ\u00f4mica do MEI, realizada pelo Servi\u00e7o Brasileiro de Apoio \u00e0s Micro e Pequenas Empresas (Sebrae) e pela Funda\u00e7\u00e3o Getulio Vargas (FGV). Em meio a boatos, j\u00e1 desmentidos pelo Minist\u00e9rio da Fazenda, [&hellip;]<\/p>\n","protected":false},"author":2,"featured_media":0,"comment_status":"closed","ping_status":"closed","sticky":false,"template":"","format":"standard","meta":{"fifu_image_url":"","fifu_image_alt":"","footnotes":""},"categories":[489,221,1258],"tags":[],"class_list":["post-14805","post","type-post","status-publish","format-standard","hentry","category-destaque-pequeno","category-economia","category-empreendedorismo"],"_links":{"self":[{"href":"https:\/\/redept.com.br\/blogosfera\/wp-json\/wp\/v2\/posts\/14805","targetHints":{"allow":["GET"]}}],"collection":[{"href":"https:\/\/redept.com.br\/blogosfera\/wp-json\/wp\/v2\/posts"}],"about":[{"href":"https:\/\/redept.com.br\/blogosfera\/wp-json\/wp\/v2\/types\/post"}],"author":[{"embeddable":true,"href":"https:\/\/redept.com.br\/blogosfera\/wp-json\/wp\/v2\/users\/2"}],"replies":[{"embeddable":true,"href":"https:\/\/redept.com.br\/blogosfera\/wp-json\/wp\/v2\/comments?post=14805"}],"version-history":[{"count":0,"href":"https:\/\/redept.com.br\/blogosfera\/wp-json\/wp\/v2\/posts\/14805\/revisions"}],"wp:attachment":[{"href":"https:\/\/redept.com.br\/blogosfera\/wp-json\/wp\/v2\/media?parent=14805"}],"wp:term":[{"taxonomy":"category","embeddable":true,"href":"https:\/\/redept.com.br\/blogosfera\/wp-json\/wp\/v2\/categories?post=14805"},{"taxonomy":"post_tag","embeddable":true,"href":"https:\/\/redept.com.br\/blogosfera\/wp-json\/wp\/v2\/tags?post=14805"}],"curies":[{"name":"wp","href":"https:\/\/api.w.org\/{rel}","templated":true}]}}