{"id":15181,"date":"2025-02-28T15:31:57","date_gmt":"2025-02-28T18:31:57","guid":{"rendered":"https:\/\/redept.org\/blogosfera\/grande-sao-paulo-teve-375-681-admissoes-no-mes-de-janeiro-segundo-caged\/"},"modified":"2025-02-28T15:31:57","modified_gmt":"2025-02-28T18:31:57","slug":"grande-sao-paulo-teve-375-681-admissoes-no-mes-de-janeiro-segundo-caged","status":"publish","type":"post","link":"https:\/\/redept.com.br\/blogosfera\/grande-sao-paulo-teve-375-681-admissoes-no-mes-de-janeiro-segundo-caged\/","title":{"rendered":"Grande S\u00e3o Paulo teve 375.681 admiss\u00f5es no m\u00eas de janeiro, segundo Caged"},"content":{"rendered":"<p>A regi\u00e3o da <strong>Grande S\u00e3o Paulo<\/strong> fechou o m\u00eas de janeiro com 375.681 admiss\u00f5es, de acordo com os dados do Cadastro Geral de Empregados e Desempregados (<a href=\"https:\/\/www.gov.br\/trabalho-e-emprego\/pt-br\/assuntos\/estatisticas-trabalho\/novo-caged\/2025\/janeiro\/pagina-inicial\" target=\"_blank\" rel=\"noreferrer noopener nofollow\">Novo <strong>Caged<\/strong><\/a>), divulgados pelo Minist\u00e9rio do Trabalho (MTE). Segundo o levantamento, no per\u00edodo, foram registradas 368.123 demiss\u00f5es, resultando em um saldo positivo de 7.558 empregos formais.<\/p>\n<p>Do total de admitidos, 53,49% eram homens e 46,51% eram mulheres. A maior parte (66,48%) tinha ensino m\u00e9dio completo e idades entre 18 e 24 anos (27,56%).<\/p>\n<p>O setor que mais contratou em janeiro, na regi\u00e3o, foi o de servi\u00e7os com 244.770 admiss\u00f5es, correspondendo a 65,15% do total. Em seguida, o setor do com\u00e9rcio registrou 63.783 contrata\u00e7\u00f5es, o que corresponde a 16,98% do total.<\/p>\n<p>Entre os munic\u00edpios da regi\u00e3o, S\u00e3o Paulo foi o que mais contratou, com 239.399 admiss\u00f5es no per\u00edodo, seguido por Barueri (21.775) e Guarulhos (19.565). Os tr\u00eas tamb\u00e9m foram os munic\u00edpios com maior n\u00famero de demiss\u00f5es, com 233.294, 24.685 e 18.368, respectivamente.<\/p>\n<p>Os munic\u00edpios da regi\u00e3o s\u00e3o Aruj\u00e1, Barueri, Biritiba-Mirim, Caieiras, Cajamar, Carapicu\u00edba, Cotia, Diadema, Embu, Embu-Gua\u00e7u, Ferraz de Vasconcelos, Francisco Morato, Franco da Rocha, Guararema, Guarulhos, Itapecerica da Serra, Itapevi, Itaquaquecetuba, Jandira, Juquitiba, Mairipor\u00e3, Mau\u00e1, Mogi das Cruzes, Osasco, Pirapora do Bom Jesus, Po\u00e1, Ribeir\u00e3o Pires, Rio Grande da Serra, Sales\u00f3polis, Santa Isabel, Santana de Parna\u00edba, Santo Andr\u00e9, S\u00e3o Bernardo do Campo, S\u00e3o Caetano do Sul, S\u00e3o Louren\u00e7o da Serra, S\u00e3o Paulo, Suzano, Tabo\u00e3o da Serra e Vargem Grande Paulista.<\/p>\n<ul>\n<li>Leia tamb\u00e9m: <a href=\"https:\/\/tvtnews.com.br\/brasil-gera-1373-mil-postos-trabalho-janeiro-2025\/\">Brasil gera 137,3 mil novos postos de trabalho em janeiro de 2025<\/a><\/li>\n<\/ul>\n<h2>Contrata\u00e7\u00f5es no Brasil<\/h2>\n<p>Em todo o pa\u00eds, foram registradas 2.271.611 admiss\u00f5es no m\u00eas de janeiro. De acordo com o levantamento, foram 2.134.308 demiss\u00f5es, resultando em um saldo positivo de 137.303 empregos formais.<\/p>\n<p>O Caged aponta ainda que o setor de servi\u00e7os foi o que mais contratou, com 2.271.611 empregos criados, seguido pelo setor do com\u00e9rcio, que registrou 494.527 admiss\u00f5es.<\/p>\n<h2>Contrata\u00e7\u00e3o de tempor\u00e1rios<\/h2>\n<p>Em rela\u00e7\u00e3o \u00e0s contrata\u00e7\u00f5es tempor\u00e1rias, o Caged de janeiro mostra que foram feitas 92.845 admiss\u00f5es em todo o pa\u00eds. O setor que mais contratou foi o de servi\u00e7os, com um total de 92.604 admiss\u00f5es puxadas, principalmente, pelo setor de informa\u00e7\u00e3o, comunica\u00e7\u00e3o e atividades financeiras, imobili\u00e1rias, profissionais e administrativas.<\/p>\n<p>No estado de S\u00e3o Paulo, foram 63.069 contrata\u00e7\u00f5es na modalidade, sendo 50.866 na regi\u00e3o da capital.<\/p>\n<p>A previs\u00e3o da Associa\u00e7\u00e3o Brasileira do Trabalho Tempor\u00e1rio (Asserttem) \u00e9 de que cerca de 800 mil contratos tempor\u00e1rios sejam gerados no primeiro trimestre do ano. Ainda segundo a institui\u00e7\u00e3o, em 2024 foram geradas 2,4 milh\u00f5es de oportunidades no mercado de trabalho nessa categoria.<\/p>\n<p>A especialista em mercado de trabalho tempor\u00e1rio Francine Amadeu, Gerente de Recrutamento e Sele\u00e7\u00e3o da Employer Recursos Humanos em S\u00e3o Paulo, destaca a import\u00e2ncia desse tipo de contrata\u00e7\u00e3o tanto para os trabalhadores quanto para as empresas. \u201cO trabalho tempor\u00e1rio \u00e9 uma excelente alternativa para quem busca experi\u00eancia profissional e uma renda imediata, al\u00e9m de representar uma solu\u00e7\u00e3o estrat\u00e9gica para as empresas que precisam atender demandas sazonais sem comprometer sua estrutura fixa\u201d, explica.<\/p>\n<h2>Direitos do Trabalhador Tempor\u00e1rio\u00a0\u00a0\u00a0<\/h2>\n<p>Na modalidade tempor\u00e1ria, o trabalhador tem anota\u00e7\u00e3o em carteira e os direitos assegurados pela legisla\u00e7\u00e3o 6.019\/1974. Dentre os direitos, est\u00e3o inclusos pagamento de horas extras, descanso semanal remunerado, 13\u00b0 sal\u00e1rio e f\u00e9rias proporcionais ao per\u00edodo trabalhado. Ele recebe 8% dos seus proventos a t\u00edtulo de FGTS e o per\u00edodo como tempor\u00e1rio conta como contribui\u00e7\u00e3o para a aposentadoria.\u00a0\u00a0\u00a0\u00a0<\/p>\n<p>Vale ressaltar que na legisla\u00e7\u00e3o, o trabalhador tempor\u00e1rio pode ser contratado por at\u00e9 180 dias, com a possibilidade de prorroga\u00e7\u00e3o por mais at\u00e9 90 dias. A efetiva\u00e7\u00e3o pode acontecer a qualquer momento desse per\u00edodo. Junto \u00e0 Previd\u00eancia, o trabalhador tempor\u00e1rio tamb\u00e9m tem todos os direitos garantidos, desde que se respeite a car\u00eancia m\u00ednima exigida para o pagamento dos benef\u00edcios.\u00a0\u00a0\u00a0\u00a0<\/p>\n<p><em>Com Assessoria<\/em><\/p>\n<h3>Leia mais not\u00edcias<\/h3>\n<ul>\n<li><a href=\"https:\/\/tvtnews.com.br\/desemprego-sobe-no-trimestre-encerrado-em-janeiro\/\">Taxa de desemprego \u00e9 de 6,5% no trimestre encerrado em janeiro<\/a><\/li>\n<li><a href=\"https:\/\/tvtnews.com.br\/dia-do-pagamento-quando-sera-o-5-dia-util-de-marco\/\">Dia do pagamento: quando ser\u00e1 o 5\u00ba dia \u00fatil de mar\u00e7o?<\/a><\/li>\n<\/ul>\n<p>The post <a rel=\"nofollow\" href=\"https:\/\/tvtnews.com.br\/grande-sao-paulo-teve-375-681-admissoes-em-janeiro\/\">Grande S\u00e3o Paulo teve 375.681 admiss\u00f5es no m\u00eas de janeiro, segundo Caged<\/a> appeared first on <a rel=\"nofollow\" href=\"https:\/\/tvtnews.com.br\/\">TVT News<\/a>.<\/p>\n<!-- Begin Yuzo --><div class='yuzo_related_post style-1'  data-version='5.12.89'><!-- without result --><div class='yuzo_clearfixed yuzo__title yuzo__title'><h3>Related Post<\/h3><\/div>\n\t\t\t\t\t\t  <div class=\"relatedthumb \" style=\"width:125px;float:left;overflow:hidden;\">  \n\t\t\t\t\t\t\t  \n\t\t\t\t\t\t\t  <a  href=\"https:\/\/redept.com.br\/blogosfera\/desde-sua-inauguracao-hospital-universitario-do-ceara-ja-realizou-mais-de-28-mil-atendimentos\/\"  >\n\t\t\t\t\t\t\t\t\t  <div class=\"yuzo-img-wrap \" style=\"width: 125px;height:90px;\">\n\t\t\t\t\t\t\t\t\t\t\n\t\t\t\t\t\t\t\t\t\t<div class=\"yuzo-img\" style=\"background:url('https:\/\/redept.com.br\/blogosfera\/wp-content\/uploads\/2025\/05\/HUC-01-661x375-1-150x150.png') 50% 50% no-repeat;width: 125px;height:90px;margin-bottom: 5px;background-size: cover; \"><\/div>\n\t\t\t\t\t\t\t\t\t  <\/div>\n\t\t\t\t\t\t\t\t\t  \n\t\t\t\t\t\t\t\t   <span class=\"yuzo__text--title\" style=\"font-size:13px;\">Desde sua inaugura\u00e7\u00e3o, Hospital Universit\u00e1rio do C...<\/span>\n\t\t\t\t\t\t\t  \n\t\t\t\t\t\t\t  \n\t\t\t\t\t\t\t  <\/a>\n\n\t\t\t\t\t\t  <\/div>\n\t\t\t\t\t\t  <div class=\"relatedthumb \" style=\"width:125px;float:left;overflow:hidden;\">  \n\t\t\t\t\t\t\t  \n\t\t\t\t\t\t\t  <a  href=\"https:\/\/redept.com.br\/blogosfera\/espetaculo-restinga-de-canudos-revisita-historia-brasileira-com-foco-na-resistencia-popular\/\"  >\n\t\t\t\t\t\t\t\t\t  <div class=\"yuzo-img-wrap \" style=\"width: 125px;height:90px;\">\n\t\t\t\t\t\t\t\t\t\t\n\t\t\t\t\t\t\t\t\t\t<div class=\"yuzo-img\" style=\"background:url('https:\/\/redept.org\/blogosfera\/wp-content\/plugins\/yuzo-related-post\/assets\/images\/default.png') 50% 50% no-repeat;width: 125px;height:90px;margin-bottom: 5px;background-size: cover; \"><\/div>\n\t\t\t\t\t\t\t\t\t  <\/div>\n\t\t\t\t\t\t\t\t\t  \n\t\t\t\t\t\t\t\t   <span class=\"yuzo__text--title\" style=\"font-size:13px;\">Espet\u00e1culo Restinga de Canudos revisita hist\u00f3ria b...<\/span>\n\t\t\t\t\t\t\t  \n\t\t\t\t\t\t\t  \n\t\t\t\t\t\t\t  <\/a>\n\n\t\t\t\t\t\t  <\/div>\n\t\t\t\t\t\t  <div class=\"relatedthumb \" style=\"width:125px;float:left;overflow:hidden;\">  \n\t\t\t\t\t\t\t  \n\t\t\t\t\t\t\t  <a  href=\"https:\/\/redept.com.br\/blogosfera\/politica-nacional-de-cuidados-e-aprovada-por-unanimidade-no-senado-federal\/\"  >\n\t\t\t\t\t\t\t\t\t  <div class=\"yuzo-img-wrap \" style=\"width: 125px;height:90px;\">\n\t\t\t\t\t\t\t\t\t\t\n\t\t\t\t\t\t\t\t\t\t<div class=\"yuzo-img\" style=\"background:url('https:\/\/redept.org\/blogosfera\/wp-content\/plugins\/yuzo-related-post\/assets\/images\/default.png') 50% 50% no-repeat;width: 125px;height:90px;margin-bottom: 5px;background-size: cover; \"><\/div>\n\t\t\t\t\t\t\t\t\t  <\/div>\n\t\t\t\t\t\t\t\t\t  \n\t\t\t\t\t\t\t\t   <span class=\"yuzo__text--title\" style=\"font-size:13px;\">Pol\u00edtica Nacional de Cuidados \u00e9 aprovada por unani...<\/span>\n\t\t\t\t\t\t\t  \n\t\t\t\t\t\t\t  \n\t\t\t\t\t\t\t  <\/a>\n\n\t\t\t\t\t\t  <\/div>\n\t\t\t\t\t\t  <div class=\"relatedthumb \" style=\"width:125px;float:left;overflow:hidden;\">  \n\t\t\t\t\t\t\t  \n\t\t\t\t\t\t\t  <a  href=\"https:\/\/redept.com.br\/blogosfera\/os-olhos-de-jean-claude\/\"  >\n\t\t\t\t\t\t\t\t\t  <div class=\"yuzo-img-wrap \" style=\"width: 125px;height:90px;\">\n\t\t\t\t\t\t\t\t\t\t\n\t\t\t\t\t\t\t\t\t\t<div class=\"yuzo-img\" style=\"background:url('https:\/\/redept.com.br\/blogosfera\/wp-content\/uploads\/2025\/07\/jeanclaude-2048x1365-150x150.jpg') 50% 50% no-repeat;width: 125px;height:90px;margin-bottom: 5px;background-size: cover; \"><\/div>\n\t\t\t\t\t\t\t\t\t  <\/div>\n\t\t\t\t\t\t\t\t\t  \n\t\t\t\t\t\t\t\t   <span class=\"yuzo__text--title\" style=\"font-size:13px;\">Os olhos de Jean-Claude<\/span>\n\t\t\t\t\t\t\t  \n\t\t\t\t\t\t\t  \n\t\t\t\t\t\t\t  <\/a>\n\n\t\t\t\t\t\t  <\/div>\n<\/div> <script>\n\t\t\t\t\t\t  jQuery(document).ready(function( $ ){\n\t\t\t\t\t\t\t\/\/jQuery('.yuzo_related_post').equalizer({ overflow : 'relatedthumb' });\n\t\t\t\t\t\t\tjQuery('.yuzo_related_post .yuzo_wraps').equalizer({ columns : '> div' });\n\t\t\t\t\t\t   })\n\t\t\t\t\t\t  <\/script> <!-- End Yuzo :) -->","protected":false},"excerpt":{"rendered":"<p>A regi\u00e3o da Grande S\u00e3o Paulo fechou o m\u00eas de janeiro com 375.681 admiss\u00f5es, de acordo com os dados do Cadastro Geral de Empregados e Desempregados (Novo Caged), divulgados pelo Minist\u00e9rio do Trabalho (MTE). Segundo o levantamento, no per\u00edodo, foram registradas 368.123 demiss\u00f5es, resultando em um saldo positivo de 7.558 empregos formais. Do total de [&hellip;]<\/p>\n","protected":false},"author":2,"featured_media":0,"comment_status":"closed","ping_status":"closed","sticky":false,"template":"","format":"standard","meta":{"fifu_image_url":"","fifu_image_alt":"","footnotes":""},"categories":[489,221,4040,377],"tags":[],"class_list":["post-15181","post","type-post","status-publish","format-standard","hentry","category-destaque-pequeno","category-economia","category-grande-sao-paulo","category-trabalho"],"_links":{"self":[{"href":"https:\/\/redept.com.br\/blogosfera\/wp-json\/wp\/v2\/posts\/15181","targetHints":{"allow":["GET"]}}],"collection":[{"href":"https:\/\/redept.com.br\/blogosfera\/wp-json\/wp\/v2\/posts"}],"about":[{"href":"https:\/\/redept.com.br\/blogosfera\/wp-json\/wp\/v2\/types\/post"}],"author":[{"embeddable":true,"href":"https:\/\/redept.com.br\/blogosfera\/wp-json\/wp\/v2\/users\/2"}],"replies":[{"embeddable":true,"href":"https:\/\/redept.com.br\/blogosfera\/wp-json\/wp\/v2\/comments?post=15181"}],"version-history":[{"count":0,"href":"https:\/\/redept.com.br\/blogosfera\/wp-json\/wp\/v2\/posts\/15181\/revisions"}],"wp:attachment":[{"href":"https:\/\/redept.com.br\/blogosfera\/wp-json\/wp\/v2\/media?parent=15181"}],"wp:term":[{"taxonomy":"category","embeddable":true,"href":"https:\/\/redept.com.br\/blogosfera\/wp-json\/wp\/v2\/categories?post=15181"},{"taxonomy":"post_tag","embeddable":true,"href":"https:\/\/redept.com.br\/blogosfera\/wp-json\/wp\/v2\/tags?post=15181"}],"curies":[{"name":"wp","href":"https:\/\/api.w.org\/{rel}","templated":true}]}}