{"id":15220,"date":"2025-02-28T13:20:25","date_gmt":"2025-02-28T16:20:25","guid":{"rendered":"https:\/\/redept.org\/blogosfera\/atrocidades-do-anticomunismo-o-massacre-de-28-de-fevereiro-em-taiwan\/"},"modified":"2025-02-28T13:20:25","modified_gmt":"2025-02-28T16:20:25","slug":"atrocidades-do-anticomunismo-o-massacre-de-28-de-fevereiro-em-taiwan","status":"publish","type":"post","link":"https:\/\/redept.com.br\/blogosfera\/atrocidades-do-anticomunismo-o-massacre-de-28-de-fevereiro-em-taiwan\/","title":{"rendered":"Atrocidades do anticomunismo: o Massacre de 28 de Fevereiro em Taiwan"},"content":{"rendered":"<p>H\u00e1 78 anos, em 28 de fevereiro de 1947, o Partido Nacionalista Chin\u00eas (Kuomintang) reprimia brutalmente um protesto antigovernamental em Taiwan. A repress\u00e3o evoluiu para uma matan\u00e7a em larga escala, a pretexto de debelar uma \u201crebeli\u00e3o comunista\u201d.<\/p>\n<p>O Massacre de 28 de Fevereiro deixou um saldo de cerca de 30.000 mortos e sinalizou o in\u00edcio do chamado \u201cTerror Branco\u201d \u2014 per\u00edodo de lei marcial que se estendeu por 38 anos e foi marcado pela persegui\u00e7\u00e3o e assassinato em massa de opositores do governo taiwan\u00eas.<\/p>\n<h3>Sob o jugo do Kuomintang<\/h3>\n<p>Derrotada na Primeira Guerra Sino-Japonesa, a China foi for\u00e7ada a ceder a ilha de Taiwan ao Jap\u00e3o em 1895. O dom\u00ednio japon\u00eas sobre a ilha se estendeu por 50 anos, at\u00e9 a derrota do Jap\u00e3o na Segunda Guerra Mundial. Em 1945, Taiwan retornou ao controle administrativo da China, ent\u00e3o governada pelo Partido Nacionalista Chin\u00eas \u2014 o Kuomintang, chefiado por Chiang Kai-Shek.<\/p>\n<p>\u00c0 \u00e9poca, a China estava mergulhada em uma guerra civil, travada entre o Kuomintang e o Partido Comunista da China. Lideradas por Mao Zedong, as tropas revolucion\u00e1rias consolidavam seu dom\u00ednio sobre vastas \u00e1reas do territ\u00f3rio chin\u00eas, ao passo que as regi\u00f5es sob controle dos nacionalistas enfrentavam crescentes protestos de civis descontentes com o governo do Kuomintang.<\/p>\n<p>Um dirigente do Kuomintang chamado Chen Yi foi nomeado chefe do governo provincial de Taiwan. O fim do dom\u00ednio japon\u00eas foi saudado pelos moradores da ilha, mas a p\u00e9ssima gest\u00e3o do Kuomintang logo frustrou as expectativas dos taiwaneses.<\/p>\n<p>Os nacionalistas impuseram um governo autorit\u00e1rio, inepto e extremamente corrupto, causando o descontentamento da popula\u00e7\u00e3o. A estrutura pol\u00edtica foi toda aparelhada, com os representantes locais sendo substitu\u00eddos por burocratas da China continental. Al\u00e9m de serem exclu\u00eddos dos processos decis\u00f3rios, os taiwaneses foram submetidos a pol\u00edticas discriminat\u00f3rias e aos constantes abusos e desmandos cometidos pelos soldados do Ex\u00e9rcito Nacionalista.<\/p>\n<p>A gest\u00e3o econ\u00f4mica do Kuomintang em Taiwan era igualmente desastrosa. O governo provincial determinou o confisco arbitr\u00e1rio de propriedades, instituiu taxas abusivas e imp\u00f4s o monop\u00f3lio sobre o com\u00e9rcio de v\u00e1rios produtos.<\/p>\n<p>A infla\u00e7\u00e3o galopante estimulou a cria\u00e7\u00e3o de mercados paralelos e contribuiu para uma grave escassez de alimentos, ampliando a fome e a mis\u00e9ria. Em poucos meses, o pre\u00e7o do arroz comercializado em Taiwan foi multiplicado por 100. A queda abrupta do poder de compra agravou a quebradeira do com\u00e9rcio, ampliando o desemprego e prejudicando a situa\u00e7\u00e3o fiscal da prov\u00edncia.<\/p>\n<p>Sem obras de manuten\u00e7\u00e3o, os cidad\u00e3os se depararam com o sucateamento da infraestrutura e o corte de servi\u00e7os p\u00fablicos. Ap\u00f3s um ano de governo nacionalista, a insatisfa\u00e7\u00e3o dos taiwaneses era generalizada.<\/p>\n<h3>A insurrei\u00e7\u00e3o popular<\/h3>\n<p>Um fato ocorrido em uma casa de ch\u00e1 de Taip\u00e9 serviria de estopim para a rebeli\u00e3o popular. No dia 27 de fevereiro de 1947, fiscais da Ag\u00eancia do Monop\u00f3lio Estatal do Tabaco apreenderam as mercadorias de uma comerciante taiwanesa chamada Lin Jiang-Mai, suspeita de contrabandear cigarros.<\/p>\n<p>Quando a mulher pediu para que os agentes devolvessem suas mercadorias, eles a agrediram violentamente com coronhadas em sua cabe\u00e7a. A agress\u00e3o revoltou os civis que testemunharam a a\u00e7\u00e3o, dando in\u00edcio a um tumulto. Foi quando um dos fiscais sacou uma arma de fogo e atirou contra os populares, matando um homem.<br \/>\nNo dia seguinte, 28 de fevereiro, um grupo de manifestantes realizou um ato em frente ao Gabinete do Governador, exigindo a pris\u00e3o dos fiscais envolvidos na a\u00e7\u00e3o na casa de ch\u00e1. As autoridades, entretanto, n\u00e3o apenas ignoraram as reivindica\u00e7\u00f5es como ordenaram a dispers\u00e3o do protesto.<\/p>\n<p>Os policiais militares abriram fogo contra a multid\u00e3o, matando v\u00e1rias pessoas. A chacina inflamou os \u00e2nimos da popula\u00e7\u00e3o, que saiu em peso \u00e0s ruas de Taip\u00e9. Os manifestantes invadiram as delegacias de pol\u00edcia, a sede da Ag\u00eancia do Monop\u00f3lio Estatal do Tabaco e outros edif\u00edcios governamentais.<\/p>\n<figure aria-describedby=\"caption-attachment-212942\"><img loading=\"lazy\" loading=\"lazy\" decoding=\"async\"src=\"https:\/\/redept.org\/blogosfera\/wp-content\/uploads\/2025\/03\/228_incident_h.jpg\" alt=\"\" width=\"1080\" height=\"720\" srcset=\"https:\/\/redept.org\/blogosfera\/wp-content\/uploads\/2025\/03\/228_incident_h.jpg 1080w, https:\/\/operamundi.uol.com.br\/wp-content\/uploads\/2025\/02\/228_incident_h-300x200.jpg 300w, https:\/\/operamundi.uol.com.br\/wp-content\/uploads\/2025\/02\/228_incident_h-1024x683.jpg 1024w, https:\/\/operamundi.uol.com.br\/wp-content\/uploads\/2025\/02\/228_incident_h-768x512.jpg 768w, https:\/\/operamundi.uol.com.br\/wp-content\/uploads\/2025\/02\/228_incident_h-750x500.jpg 750w\" sizes=\"auto, (max-width: 1080px) 100vw, 1080px\"><figcaption>Wikimedia Commons\/kmt.org.tw <br \/>Populares protestam em frente \u00e0 Ag\u00eancia do Monop\u00f3lio Estatal em Taip\u00e9<\/figcaption><\/figure>\n<p>Os motins prosseguiram nos dias seguintes e se espalharam pela ilha, atraindo estudantes e trabalhadores de v\u00e1rias categorias. O movimento logo evoluiu para um levante popular contra o governo do Kuomintang. Os rebeldes se organizaram em comit\u00eas e criaram brigadas de volunt\u00e1rios e mil\u00edcias armadas que conseguiram obter o controle sobre parte do territ\u00f3rio taiwan\u00eas.<\/p>\n<p>Membros do antigo Partido Comunista de Taiwan participaram ativamente da a\u00e7\u00e3o, formando a base da futura Liga Democr\u00e1tica de Autogoverno de Taiwan. Em Taichung, militantes comunistas fundaram a Brigada 27, uma das principais organiza\u00e7\u00f5es revolucion\u00e1rias da ilha.<\/p>\n<p>Os manifestantes exigiam uma ampla reforma pol\u00edtica, abrangendo pautas como mais autonomia para Taiwan, democratiza\u00e7\u00e3o do sistema pol\u00edtico, institui\u00e7\u00e3o de elei\u00e7\u00f5es livres, subordina\u00e7\u00e3o dos agentes de seguran\u00e7a \u00e0 gest\u00e3o civil, etc.<\/p>\n<h3>O massacre<\/h3>\n<p>A resposta do Kuomintang foi brutal. Por determina\u00e7\u00e3o de Chiang Kai-Shek, um enorme contingente de soldados foi enviado para a ilha, a fim de debelar o que os nacionalistas descreveram como uma \u201cperigosa insurrei\u00e7\u00e3o comunista\u201d.<\/p>\n<p>A repress\u00e3o foi coordenada pelo governador Chen Yi, que assegurou ser necess\u00e1rio o uso de extrema viol\u00eancia para \u201climpar as cidades\u201d. Durante v\u00e1rias semanas, os soldados nacionalistas prenderam, torturaram e executaram milhares de taiwaneses, em uma sequ\u00eancia intermin\u00e1vel de chacinas. Estima-se que at\u00e9 30.000 pessoas tenham sido assassinadas durante o expurgo.<\/p>\n<p>O Massacre de 28 de Fevereiro impediu a consolida\u00e7\u00e3o dos movimentos revolucion\u00e1rios em Taiwan, mas na China continental os comunistas seguiram consolidando sua expans\u00e3o<\/p>\n<p>Em 1949, as tropas de Mao Zedong derrotaram definitivamente as for\u00e7as do Kuomintang, possibilitando a funda\u00e7\u00e3o da Rep\u00fablica Popular da China. Os nacionalistas fugiram ent\u00e3o para Taiwan, onde estabeleceram um governo ditatorial, sob a lideran\u00e7a de Chiang Kai-Shek.<\/p>\n<p>Em maio de 1949, o Kuomintang deu in\u00edcio ao chamado \u201cTerror Branco\u201d, um per\u00edodo de lei marcial e supress\u00e3o de liberdades civis que se estendeu em Taiwan por 38 anos.<\/p>\n<p>O \u201cTerror Branco\u201d foi marcado por abusos sistem\u00e1ticos aos direitos humanos e pela repress\u00e3o aos opositores, organiza\u00e7\u00f5es trabalhistas e movimentos sociais, resultando em mais de 140.000 pris\u00f5es e no assassinato de at\u00e9 4.000 pessoas.<\/p>\n<p>O regime ditatorial come\u00e7ou a ser revogado gradativamente a partir de 1987. V\u00e1rios dos dispositivos autorit\u00e1rios e antidemocr\u00e1ticos do \u201cTerror Branco\u201d, entretanto, seguem em vigor no sistema pol\u00edtico taiwan\u00eas at\u00e9 os dias de hoje.<\/p>\n<p>O post <a href=\"https:\/\/operamundi.uol.com.br\/pensar-a-historia\/atrocidades-do-anticomunismo-o-massacre-de-28-de-fevereiro-em-taiwan\/\">Atrocidades do anticomunismo: o Massacre de 28 de Fevereiro em Taiwan<\/a> apareceu primeiro em <a href=\"https:\/\/operamundi.uol.com.br\/\">Opera Mundi<\/a>.<\/p>\n<!-- Begin Yuzo --><div class='yuzo_related_post style-1'  data-version='5.12.89'><!-- without result --><div class='yuzo_clearfixed yuzo__title yuzo__title'><h3>Related Post<\/h3><\/div>\n\t\t\t\t\t\t  <div class=\"relatedthumb \" style=\"width:125px;float:left;overflow:hidden;\">  \n\t\t\t\t\t\t\t  \n\t\t\t\t\t\t\t  <a  href=\"https:\/\/redept.com.br\/blogosfera\/crise-no-rio-de-janeiro-e-reflexo-da-ausencia-de-compromisso-com-a-populacao\/\"  >\n\t\t\t\t\t\t\t\t\t  <div class=\"yuzo-img-wrap \" style=\"width: 125px;height:90px;\">\n\t\t\t\t\t\t\t\t\t\t\n\t\t\t\t\t\t\t\t\t\t<div class=\"yuzo-img\" style=\"background:url('https:\/\/redept.org\/blogosfera\/wp-content\/plugins\/yuzo-related-post\/assets\/images\/default.png') 50% 50% no-repeat;width: 125px;height:90px;margin-bottom: 5px;background-size: cover; \"><\/div>\n\t\t\t\t\t\t\t\t\t  <\/div>\n\t\t\t\t\t\t\t\t\t  \n\t\t\t\t\t\t\t\t   <span class=\"yuzo__text--title\" style=\"font-size:13px;\">Crise no Rio de Janeiro \u00e9 reflexo da aus\u00eancia de c...<\/span>\n\t\t\t\t\t\t\t  \n\t\t\t\t\t\t\t  \n\t\t\t\t\t\t\t  <\/a>\n\n\t\t\t\t\t\t  <\/div>\n\t\t\t\t\t\t  <div class=\"relatedthumb \" style=\"width:125px;float:left;overflow:hidden;\">  \n\t\t\t\t\t\t\t  \n\t\t\t\t\t\t\t  <a  href=\"https:\/\/redept.com.br\/blogosfera\/com-piso-salarial-maior-professores-pagarao-menos-imposto\/\"  >\n\t\t\t\t\t\t\t\t\t  <div class=\"yuzo-img-wrap \" style=\"width: 125px;height:90px;\">\n\t\t\t\t\t\t\t\t\t\t\n\t\t\t\t\t\t\t\t\t\t<div class=\"yuzo-img\" style=\"background:url('https:\/\/redept.com.br\/blogosfera\/wp-content\/uploads\/2026\/01\/55054272458_c54bd3fd45_k-150x150.jpg') 50% 50% no-repeat;width: 125px;height:90px;margin-bottom: 5px;background-size: cover; \"><\/div>\n\t\t\t\t\t\t\t\t\t  <\/div>\n\t\t\t\t\t\t\t\t\t  \n\t\t\t\t\t\t\t\t   <span class=\"yuzo__text--title\" style=\"font-size:13px;\">Com piso salarial maior, professores pagar\u00e3o menos...<\/span>\n\t\t\t\t\t\t\t  \n\t\t\t\t\t\t\t  \n\t\t\t\t\t\t\t  <\/a>\n\n\t\t\t\t\t\t  <\/div>\n\t\t\t\t\t\t  <div class=\"relatedthumb \" style=\"width:125px;float:left;overflow:hidden;\">  \n\t\t\t\t\t\t\t  \n\t\t\t\t\t\t\t  <a  href=\"https:\/\/redept.com.br\/blogosfera\/sao-paulo-familia-tenta-desarquivar-caso-de-homem-com-deficiencia-morto-pela-pm\/\"  >\n\t\t\t\t\t\t\t\t\t  <div class=\"yuzo-img-wrap \" style=\"width: 125px;height:90px;\">\n\t\t\t\t\t\t\t\t\t\t\n\t\t\t\t\t\t\t\t\t\t<div class=\"yuzo-img\" style=\"background:url('https:\/\/redept.org\/blogosfera\/wp-content\/plugins\/yuzo-related-post\/assets\/images\/default.png') 50% 50% no-repeat;width: 125px;height:90px;margin-bottom: 5px;background-size: cover; \"><\/div>\n\t\t\t\t\t\t\t\t\t  <\/div>\n\t\t\t\t\t\t\t\t\t  \n\t\t\t\t\t\t\t\t   <span class=\"yuzo__text--title\" style=\"font-size:13px;\">S\u00e3o Paulo: Fam\u00edlia tenta desarquivar caso de homem...<\/span>\n\t\t\t\t\t\t\t  \n\t\t\t\t\t\t\t  \n\t\t\t\t\t\t\t  <\/a>\n\n\t\t\t\t\t\t  <\/div>\n\t\t\t\t\t\t  <div class=\"relatedthumb \" style=\"width:125px;float:left;overflow:hidden;\">  \n\t\t\t\t\t\t\t  \n\t\t\t\t\t\t\t  <a  href=\"https:\/\/redept.com.br\/blogosfera\/noticias-do-dia-com-o-jornal-tvt-news-segunda-edicao-31-07-2025\/\"  >\n\t\t\t\t\t\t\t\t\t  <div class=\"yuzo-img-wrap \" style=\"width: 125px;height:90px;\">\n\t\t\t\t\t\t\t\t\t\t\n\t\t\t\t\t\t\t\t\t\t<div class=\"yuzo-img\" style=\"background:url('https:\/\/redept.com.br\/blogosfera\/wp-content\/uploads\/2025\/07\/jornal_tvt_new-43-150x150.jpeg') 50% 50% no-repeat;width: 125px;height:90px;margin-bottom: 5px;background-size: cover; \"><\/div>\n\t\t\t\t\t\t\t\t\t  <\/div>\n\t\t\t\t\t\t\t\t\t  \n\t\t\t\t\t\t\t\t   <span class=\"yuzo__text--title\" style=\"font-size:13px;\">Not\u00edcias do dia com o Jornal TVT News Segunda Edi\u00e7...<\/span>\n\t\t\t\t\t\t\t  \n\t\t\t\t\t\t\t  \n\t\t\t\t\t\t\t  <\/a>\n\n\t\t\t\t\t\t  <\/div>\n<\/div> <script>\n\t\t\t\t\t\t  jQuery(document).ready(function( $ ){\n\t\t\t\t\t\t\t\/\/jQuery('.yuzo_related_post').equalizer({ overflow : 'relatedthumb' });\n\t\t\t\t\t\t\tjQuery('.yuzo_related_post .yuzo_wraps').equalizer({ columns : '> div' });\n\t\t\t\t\t\t   })\n\t\t\t\t\t\t  <\/script> <!-- End Yuzo :) -->","protected":false},"excerpt":{"rendered":"<p>H\u00e1 78 anos, em 28 de fevereiro de 1947, o Partido Nacionalista Chin\u00eas (Kuomintang) reprimia brutalmente um protesto antigovernamental em Taiwan. A repress\u00e3o evoluiu para uma matan\u00e7a em larga escala, a pretexto de debelar uma \u201crebeli\u00e3o comunista\u201d. O Massacre de 28 de Fevereiro deixou um saldo de cerca de 30.000 mortos e sinalizou o in\u00edcio [&hellip;]<\/p>\n","protected":false},"author":2,"featured_media":15221,"comment_status":"closed","ping_status":"closed","sticky":false,"template":"","format":"standard","meta":{"fifu_image_url":"","fifu_image_alt":"","footnotes":""},"categories":[1],"tags":[],"class_list":["post-15220","post","type-post","status-publish","format-standard","has-post-thumbnail","hentry","category-uncategorized"],"_links":{"self":[{"href":"https:\/\/redept.com.br\/blogosfera\/wp-json\/wp\/v2\/posts\/15220","targetHints":{"allow":["GET"]}}],"collection":[{"href":"https:\/\/redept.com.br\/blogosfera\/wp-json\/wp\/v2\/posts"}],"about":[{"href":"https:\/\/redept.com.br\/blogosfera\/wp-json\/wp\/v2\/types\/post"}],"author":[{"embeddable":true,"href":"https:\/\/redept.com.br\/blogosfera\/wp-json\/wp\/v2\/users\/2"}],"replies":[{"embeddable":true,"href":"https:\/\/redept.com.br\/blogosfera\/wp-json\/wp\/v2\/comments?post=15220"}],"version-history":[{"count":0,"href":"https:\/\/redept.com.br\/blogosfera\/wp-json\/wp\/v2\/posts\/15220\/revisions"}],"wp:featuredmedia":[{"embeddable":true,"href":"https:\/\/redept.com.br\/blogosfera\/wp-json\/wp\/v2\/media\/15221"}],"wp:attachment":[{"href":"https:\/\/redept.com.br\/blogosfera\/wp-json\/wp\/v2\/media?parent=15220"}],"wp:term":[{"taxonomy":"category","embeddable":true,"href":"https:\/\/redept.com.br\/blogosfera\/wp-json\/wp\/v2\/categories?post=15220"},{"taxonomy":"post_tag","embeddable":true,"href":"https:\/\/redept.com.br\/blogosfera\/wp-json\/wp\/v2\/tags?post=15220"}],"curies":[{"name":"wp","href":"https:\/\/api.w.org\/{rel}","templated":true}]}}