{"id":15263,"date":"2025-03-01T15:26:06","date_gmt":"2025-03-01T18:26:06","guid":{"rendered":"https:\/\/redept.org\/blogosfera\/internacionalismo-em-pratica-juventude-sem-terra-fortalece-intercambio-agroecologico\/"},"modified":"2025-03-01T15:26:06","modified_gmt":"2025-03-01T18:26:06","slug":"internacionalismo-em-pratica-juventude-sem-terra-fortalece-intercambio-agroecologico","status":"publish","type":"post","link":"https:\/\/redept.com.br\/blogosfera\/internacionalismo-em-pratica-juventude-sem-terra-fortalece-intercambio-agroecologico\/","title":{"rendered":"Internacionalismo em pr\u00e1tica: juventude Sem Terra fortalece interc\u00e2mbio agroecol\u00f3gico"},"content":{"rendered":"<figure><img fetchpriority=\"high\" fetchpriority=\"high\" decoding=\"async\" width=\"1024\" height=\"682\" src=\"https:\/\/redept.org\/blogosfera\/wp-content\/uploads\/2025\/03\/0c32be2c-99d2-482d-965d-32b95f442afd-1024x682-1.jpg\" alt=\"\" srcset=\"https:\/\/redept.org\/blogosfera\/wp-content\/uploads\/2025\/03\/0c32be2c-99d2-482d-965d-32b95f442afd-1024x682-1.jpg 1024w, https:\/\/mst.org.br\/wp-content\/uploads\/2025\/03\/0c32be2c-99d2-482d-965d-32b95f442afd-300x200.jpg 300w, https:\/\/mst.org.br\/wp-content\/uploads\/2025\/03\/0c32be2c-99d2-482d-965d-32b95f442afd-768x512.jpg 768w, https:\/\/mst.org.br\/wp-content\/uploads\/2025\/03\/0c32be2c-99d2-482d-965d-32b95f442afd-1536x1023.jpg 1536w, https:\/\/mst.org.br\/wp-content\/uploads\/2025\/03\/0c32be2c-99d2-482d-965d-32b95f442afd.jpg 1600w\" sizes=\"(max-width: 1024px) 100vw, 1024px\"><figcaption>Foto: MST em Pernambuco<\/figcaption><\/figure>\n<p><em>Por Ana Sales<br \/>Da P\u00e1gina do MST<\/em><\/p>\n<p>O internacionalismo \u00e9 um princ\u00edpio fundamental do MST, sustentado pela solidariedade de classe como um valor universal. Por isso, o Movimento organiza brigadas internacionalistas e promove interc\u00e2mbios dentro e fora do pa\u00eds. Em Pernambuco, essa articula\u00e7\u00e3o segue se fortalecendo, e, recentemente, militantes foram enviados para atuar na Argentina, Venezuela e Fran\u00e7a.<\/p>\n<p>Nesta entrevista, conversamos com Amanda Samarco, jovem pernambucana e militante do MST na regional S\u00e3o Francisco, onde coordena a Juventude. Atualmente, ela est\u00e1 em interc\u00e2mbio na Fran\u00e7a<\/p>\n<p><strong>Voc\u00ea pode se apresentar e compartilhar um pouco sobre sua participa\u00e7\u00e3o nesse interc\u00e2mbio?<\/strong><\/p>\n<p>Amanda \u2013 \u201cTenho 19 anos, sou da regional do Sert\u00e3o do S\u00e3o Francisco, do Assentamento Boqueir\u00e3o, em Santa Maria da Boa Vista, Pernambuco. Coordeno a Juventude e fui indicada pela minha regional para participar de um projeto de Servi\u00e7o C\u00edvico (est\u00e1gio) na Fran\u00e7a, com dura\u00e7\u00e3o de seis meses e meio.<\/p>\n<p>O projeto tem como tema central \u2018Mulheres e Agroecologia\u2019 e \u00e9 organizado pela Rede Internacional de Agroecologia e Alimenta\u00e7\u00e3o (RIAA), que re\u00fane o MST, a associa\u00e7\u00e3o AMAR (Atores do Mundo Agr\u00edcola e Rural) e a associa\u00e7\u00e3o RBS (Rede Bretanha Solid\u00e1ria). Essas organiza\u00e7\u00f5es conectam iniciativas do Brasil, Fran\u00e7a e Burkina Faso, fortalecendo o di\u00e1logo e a coopera\u00e7\u00e3o internacional no campo da agroecologia.\u201d<\/p>\n<p><strong>Como surgiu o convite para o interc\u00e2mbio?<\/strong><\/p>\n<p>Amanda \u2013 \u201cPara responder a essa pergunta, \u00e9 importante destacar que a associa\u00e7\u00e3o AMAR j\u00e1 mantinha uma rela\u00e7\u00e3o pr\u00f3xima com a milit\u00e2ncia do MST no estado do Rio de Janeiro. Foi nesse contexto que conheceram o companheiro Silvano Leite, natural de Ouricuri (PE), mas que, na \u00e9poca, contribu\u00eda com o MST no Rio. A partir dessas trocas produtivas, construiu-se uma rela\u00e7\u00e3o forte de confian\u00e7a. Mais tarde, Silvano foi designado para atuar no setor de produ\u00e7\u00e3o da regi\u00e3o Nordeste e passou a ser dirigente da minha regional.<\/p>\n<p>Dessa forma, a associa\u00e7\u00e3o AMAR entrou em contato diretamente com Silvano, solicitando a indica\u00e7\u00e3o de uma mulher jovem, militante do MST, que morasse em um assentamento da Reforma Agr\u00e1ria e tivesse rela\u00e7\u00e3o com o instituto federal, ou seja, que fosse t\u00e9cnica agr\u00edcola.<\/p>\n<p>Dito isso, Silvano e toda a coordena\u00e7\u00e3o regional do S\u00e3o Francisco fizeram uma avalia\u00e7\u00e3o e conclu\u00edram que eu seria uma boa indica\u00e7\u00e3o para essa tarefa, pois sou filha de assentada, coordenadora da Juventude da regional S\u00e3o Francisco, rec\u00e9m-formada como t\u00e9cnica em agropecu\u00e1ria com est\u00e1gio na \u00e1rea de Agroecologia, e tive uma contribui\u00e7\u00e3o significativa nas atividades da coordena\u00e7\u00e3o regional, como na organiza\u00e7\u00e3o do acampamento Nova Boa Vista. Al\u00e9m disso, sempre demonstrei interesse e dedica\u00e7\u00e3o nas atividades de milit\u00e2ncia do MST.<\/p>\n<p>Dessa forma, meu perfil atendia aos requisitos solicitados pelos companheiros franceses. Com base nas avalia\u00e7\u00f5es feitas pela milit\u00e2ncia da minha regional, tive a grande oportunidade de vir para  Fran\u00e7a e representar o MST.<\/p>\n<p><strong>Quais s\u00e3o os principais objetivos do interc\u00e2mbio?<\/strong><\/p>\n<p>Amanda \u2013 \u201cOs principais objetivos eram promover a agroecologia e fortalecer ainda mais a Rede Internacional de Agroecologia e Alimenta\u00e7\u00e3o entre o Brasil, a Fran\u00e7a e Burkina Faso; conhecer o meio rural da Fran\u00e7a, principalmente a regi\u00e3o da Bretanha, com foco nas produ\u00e7\u00f5es agroecol\u00f3gicas; apresentar o MST e destacar sua import\u00e2ncia para a agroecologia no Brasil; e contribuir na organiza\u00e7\u00e3o do interc\u00e2mbio de 15 francesas produtoras agroecol\u00f3gicas, que aconteceu em janeiro, em Pernambuco.<\/p>\n<p><strong>Quais a\u00e7\u00f5es voc\u00ea tem desenvolvido enquanto jovem mulher do MST em parceria com entidades sociais da Fran\u00e7a?<\/strong><\/p>\n<p>As miss\u00f5es que me foram confiadas consistiam em conhecer associa\u00e7\u00f5es, organiza\u00e7\u00f5es e movimentos sociais que apoiam a agroecologia e os princ\u00edpios do MST, al\u00e9m de participar de eventos, exposi\u00e7\u00f5es fotogr\u00e1ficas, mesas-redondas, debates e festivais, como o Festival de Cinema de Douarnenez, o Festival Alimenterre e o Festival de Cinema Brasil em Movimento.<\/p>\n<p>Al\u00e9m disso, tive a oportunidade de visitar escolas e me encontrar com jovens que est\u00e3o em forma\u00e7\u00e3o agr\u00edcola, fazendo, de fato, um \u2018trabalho de base\u2019, apresentando o MST em todos os locais poss\u00edveis.<\/p>\n<p>Conhecer as mulheres francesas que iriam participar do interc\u00e2mbio no Brasil, entender suas realidades, as formas de produ\u00e7\u00e3o agroecol\u00f3gica e iniciar as trocas de saberes com elas. Essas mulheres, posteriormente, viriam para o Brasil, para a minha regi\u00e3o, e teriam a oportunidade de conhecer a realidade das trabalhadoras rurais e ver na pr\u00e1tica como a reforma agr\u00e1ria funciona.<\/p>\n<p>As entidades francesas est\u00e3o se comprometendo a incentivar mais militantes a conhecerem as experi\u00eancias na Fran\u00e7a. Da mesma forma, o MST em Pernambuco se prepara para receber militantes franceses, fortalecendo ainda mais o interc\u00e2mbio e a troca de aprendizados.\u201d<\/p>\n<p><strong>INTERNACIONALIZESMO A LUTA, INTERNACIONALIZEMOS A ESPERAN\u00c7A!<\/strong><\/p>\n<figure>\n<figure><img decoding=\"async\" width=\"1024\" height=\"573\" data-id=\"276927\" src=\"https:\/\/redept.org\/blogosfera\/wp-content\/uploads\/2025\/03\/6a9275bc-6a40-46b1-9162-51d5ed932940-1024x573-1.jpg\" alt=\"\" srcset=\"https:\/\/redept.org\/blogosfera\/wp-content\/uploads\/2025\/03\/6a9275bc-6a40-46b1-9162-51d5ed932940-1024x573-1.jpg 1024w, https:\/\/mst.org.br\/wp-content\/uploads\/2025\/03\/6a9275bc-6a40-46b1-9162-51d5ed932940-300x168.jpg 300w, https:\/\/mst.org.br\/wp-content\/uploads\/2025\/03\/6a9275bc-6a40-46b1-9162-51d5ed932940-768x430.jpg 768w, https:\/\/mst.org.br\/wp-content\/uploads\/2025\/03\/6a9275bc-6a40-46b1-9162-51d5ed932940.jpg 1079w\" sizes=\"(max-width: 1024px) 100vw, 1024px\"><figcaption>Foto: Arquivo Pessoal<\/figcaption><\/figure>\n<figure><img decoding=\"async\" width=\"1024\" height=\"768\" data-id=\"276933\" src=\"https:\/\/redept.org\/blogosfera\/wp-content\/uploads\/2025\/03\/8f694943-bc23-475f-81fa-e07f78d00756-1024x768-1.jpg\" alt=\"\" srcset=\"https:\/\/redept.org\/blogosfera\/wp-content\/uploads\/2025\/03\/8f694943-bc23-475f-81fa-e07f78d00756-1024x768-1.jpg 1024w, https:\/\/mst.org.br\/wp-content\/uploads\/2025\/03\/8f694943-bc23-475f-81fa-e07f78d00756-300x225.jpg 300w, https:\/\/mst.org.br\/wp-content\/uploads\/2025\/03\/8f694943-bc23-475f-81fa-e07f78d00756-768x576.jpg 768w, https:\/\/mst.org.br\/wp-content\/uploads\/2025\/03\/8f694943-bc23-475f-81fa-e07f78d00756-1536x1152.jpg 1536w, https:\/\/mst.org.br\/wp-content\/uploads\/2025\/03\/8f694943-bc23-475f-81fa-e07f78d00756.jpg 1920w\" sizes=\"(max-width: 1024px) 100vw, 1024px\"><figcaption>Foto: Arquivo Pessoal<\/figcaption><\/figure>\n<figure><img decoding=\"async\" width=\"1024\" height=\"768\" data-id=\"276928\" src=\"https:\/\/redept.org\/blogosfera\/wp-content\/uploads\/2025\/03\/9c5b35b1-2528-42be-90df-e92139805643-1024x768-1.jpg\" alt=\"\" srcset=\"https:\/\/redept.org\/blogosfera\/wp-content\/uploads\/2025\/03\/9c5b35b1-2528-42be-90df-e92139805643-1024x768-1.jpg 1024w, https:\/\/mst.org.br\/wp-content\/uploads\/2025\/03\/9c5b35b1-2528-42be-90df-e92139805643-300x225.jpg 300w, https:\/\/mst.org.br\/wp-content\/uploads\/2025\/03\/9c5b35b1-2528-42be-90df-e92139805643-768x576.jpg 768w, https:\/\/mst.org.br\/wp-content\/uploads\/2025\/03\/9c5b35b1-2528-42be-90df-e92139805643-1536x1152.jpg 1536w, https:\/\/mst.org.br\/wp-content\/uploads\/2025\/03\/9c5b35b1-2528-42be-90df-e92139805643.jpg 1600w\" sizes=\"(max-width: 1024px) 100vw, 1024px\"><figcaption>Foto: Arquivo Pessoal<\/figcaption><\/figure>\n<figure><img loading=\"lazy\" decoding=\"async\" width=\"1024\" height=\"768\" data-id=\"276929\" src=\"https:\/\/redept.org\/blogosfera\/wp-content\/uploads\/2025\/03\/9895ee28-da9f-4827-a0db-012964037132-1024x768-1.jpg\" alt=\"\" srcset=\"https:\/\/redept.org\/blogosfera\/wp-content\/uploads\/2025\/03\/9895ee28-da9f-4827-a0db-012964037132-1024x768-1.jpg 1024w, https:\/\/mst.org.br\/wp-content\/uploads\/2025\/03\/9895ee28-da9f-4827-a0db-012964037132-300x225.jpg 300w, https:\/\/mst.org.br\/wp-content\/uploads\/2025\/03\/9895ee28-da9f-4827-a0db-012964037132-768x576.jpg 768w, https:\/\/mst.org.br\/wp-content\/uploads\/2025\/03\/9895ee28-da9f-4827-a0db-012964037132-1536x1152.jpg 1536w, https:\/\/mst.org.br\/wp-content\/uploads\/2025\/03\/9895ee28-da9f-4827-a0db-012964037132.jpg 1600w\" sizes=\"(max-width: 1024px) 100vw, 1024px\"><figcaption>Foto: Arquivo Pessoal<\/figcaption><\/figure>\n<figure><img loading=\"lazy\" decoding=\"async\" width=\"1024\" height=\"768\" data-id=\"276930\" src=\"https:\/\/redept.org\/blogosfera\/wp-content\/uploads\/2025\/03\/11ccfd13-12fd-4b25-9af6-c514c4d03625-1024x768-1.jpg\" alt=\"\" srcset=\"https:\/\/redept.org\/blogosfera\/wp-content\/uploads\/2025\/03\/11ccfd13-12fd-4b25-9af6-c514c4d03625-1024x768-1.jpg 1024w, https:\/\/mst.org.br\/wp-content\/uploads\/2025\/03\/11ccfd13-12fd-4b25-9af6-c514c4d03625-300x225.jpg 300w, https:\/\/mst.org.br\/wp-content\/uploads\/2025\/03\/11ccfd13-12fd-4b25-9af6-c514c4d03625-768x576.jpg 768w, https:\/\/mst.org.br\/wp-content\/uploads\/2025\/03\/11ccfd13-12fd-4b25-9af6-c514c4d03625-1536x1152.jpg 1536w, https:\/\/mst.org.br\/wp-content\/uploads\/2025\/03\/11ccfd13-12fd-4b25-9af6-c514c4d03625.jpg 1600w\" sizes=\"(max-width: 1024px) 100vw, 1024px\"><figcaption>Foto: Arquivo Pessoal<\/figcaption><\/figure>\n<figure><img loading=\"lazy\" decoding=\"async\" width=\"1024\" height=\"576\" data-id=\"276932\" src=\"https:\/\/redept.org\/blogosfera\/wp-content\/uploads\/2025\/03\/365467b1-ec20-4014-8a3c-9151874745511-1024x576-1.jpg\" alt=\"\" srcset=\"https:\/\/redept.org\/blogosfera\/wp-content\/uploads\/2025\/03\/365467b1-ec20-4014-8a3c-9151874745511-1024x576-1.jpg 1024w, https:\/\/mst.org.br\/wp-content\/uploads\/2025\/03\/365467b1-ec20-4014-8a3c-9151874745511-300x169.jpg 300w, https:\/\/mst.org.br\/wp-content\/uploads\/2025\/03\/365467b1-ec20-4014-8a3c-9151874745511-768x432.jpg 768w, https:\/\/mst.org.br\/wp-content\/uploads\/2025\/03\/365467b1-ec20-4014-8a3c-9151874745511-1536x864.jpg 1536w, https:\/\/mst.org.br\/wp-content\/uploads\/2025\/03\/365467b1-ec20-4014-8a3c-9151874745511.jpg 1920w\" sizes=\"(max-width: 1024px) 100vw, 1024px\"><figcaption>Foto: Arquivo Pessoal<\/figcaption><\/figure>\n<figure><img loading=\"lazy\" decoding=\"async\" width=\"1024\" height=\"576\" data-id=\"276931\" src=\"https:\/\/redept.org\/blogosfera\/wp-content\/uploads\/2025\/03\/dcb6585c-e765-43e2-a484-503ec9c4f7431-1024x576-1.jpg\" alt=\"\" srcset=\"https:\/\/redept.org\/blogosfera\/wp-content\/uploads\/2025\/03\/dcb6585c-e765-43e2-a484-503ec9c4f7431-1024x576-1.jpg 1024w, https:\/\/mst.org.br\/wp-content\/uploads\/2025\/03\/dcb6585c-e765-43e2-a484-503ec9c4f7431-300x169.jpg 300w, https:\/\/mst.org.br\/wp-content\/uploads\/2025\/03\/dcb6585c-e765-43e2-a484-503ec9c4f7431-768x432.jpg 768w, https:\/\/mst.org.br\/wp-content\/uploads\/2025\/03\/dcb6585c-e765-43e2-a484-503ec9c4f7431-1536x864.jpg 1536w, https:\/\/mst.org.br\/wp-content\/uploads\/2025\/03\/dcb6585c-e765-43e2-a484-503ec9c4f7431.jpg 1600w\" sizes=\"(max-width: 1024px) 100vw, 1024px\"><figcaption>Foto: Arquivo Pessoal<\/figcaption><\/figure>\n<\/figure>\n<p>O post <a href=\"https:\/\/mst.org.br\/2025\/03\/01\/internacionalismo-em-pratica-juventude-sem-terra-fortalece-intercambio-agroecologico\/\">Internacionalismo em pr\u00e1tica: juventude Sem Terra fortalece interc\u00e2mbio agroecol\u00f3gico<\/a> apareceu primeiro em <a href=\"https:\/\/mst.org.br\/\">MST<\/a>.<\/p>\n<!-- Begin Yuzo --><div class='yuzo_related_post style-1'  data-version='5.12.89'><!-- without result --><div class='yuzo_clearfixed yuzo__title yuzo__title'><h3>Related Post<\/h3><\/div>\n\t\t\t\t\t\t  <div class=\"relatedthumb \" style=\"width:125px;float:left;overflow:hidden;\">  \n\t\t\t\t\t\t\t  \n\t\t\t\t\t\t\t  <a  href=\"https:\/\/redept.com.br\/blogosfera\/documentario-nos-passos-ancestrais-de-paulo-dantas-propoe-reflexao-sobre-memoria-e-ancestralidade-na-paraiba\/\"  >\n\t\t\t\t\t\t\t\t\t  <div class=\"yuzo-img-wrap \" style=\"width: 125px;height:90px;\">\n\t\t\t\t\t\t\t\t\t\t\n\t\t\t\t\t\t\t\t\t\t<div class=\"yuzo-img\" style=\"background:url('https:\/\/redept.org\/blogosfera\/wp-content\/plugins\/yuzo-related-post\/assets\/images\/default.png') 50% 50% no-repeat;width: 125px;height:90px;margin-bottom: 5px;background-size: cover; \"><\/div>\n\t\t\t\t\t\t\t\t\t  <\/div>\n\t\t\t\t\t\t\t\t\t  \n\t\t\t\t\t\t\t\t   <span class=\"yuzo__text--title\" style=\"font-size:13px;\">Document\u00e1rio \u201cNos Passos Ancestrais\u201d, de Paulo Dan...<\/span>\n\t\t\t\t\t\t\t  \n\t\t\t\t\t\t\t  \n\t\t\t\t\t\t\t  <\/a>\n\n\t\t\t\t\t\t  <\/div>\n\t\t\t\t\t\t  <div class=\"relatedthumb \" style=\"width:125px;float:left;overflow:hidden;\">  \n\t\t\t\t\t\t\t  \n\t\t\t\t\t\t\t  <a  href=\"https:\/\/redept.com.br\/blogosfera\/flavio-bolsonaro-vai-a-israel-se-encontrar-com-netanyahu-em-busca-de-apoio-na-eleicao-2026\/\"  >\n\t\t\t\t\t\t\t\t\t  <div class=\"yuzo-img-wrap \" style=\"width: 125px;height:90px;\">\n\t\t\t\t\t\t\t\t\t\t\n\t\t\t\t\t\t\t\t\t\t<div class=\"yuzo-img\" style=\"background:url('https:\/\/redept.org\/blogosfera\/wp-content\/plugins\/yuzo-related-post\/assets\/images\/default.png') 50% 50% no-repeat;width: 125px;height:90px;margin-bottom: 5px;background-size: cover; \"><\/div>\n\t\t\t\t\t\t\t\t\t  <\/div>\n\t\t\t\t\t\t\t\t\t  \n\t\t\t\t\t\t\t\t   <span class=\"yuzo__text--title\" style=\"font-size:13px;\">Fl\u00e1vio Bolsonaro vai a Israel se encontrar com Net...<\/span>\n\t\t\t\t\t\t\t  \n\t\t\t\t\t\t\t  \n\t\t\t\t\t\t\t  <\/a>\n\n\t\t\t\t\t\t  <\/div>\n\t\t\t\t\t\t  <div class=\"relatedthumb \" style=\"width:125px;float:left;overflow:hidden;\">  \n\t\t\t\t\t\t\t  \n\t\t\t\t\t\t\t  <a  href=\"https:\/\/redept.com.br\/blogosfera\/nova-sede-administrativa-do-governo-de-sp-beneficia-empresas-e-especulacao-entenda-a-proposta\/\"  >\n\t\t\t\t\t\t\t\t\t  <div class=\"yuzo-img-wrap \" style=\"width: 125px;height:90px;\">\n\t\t\t\t\t\t\t\t\t\t\n\t\t\t\t\t\t\t\t\t\t<div class=\"yuzo-img\" style=\"background:url('https:\/\/redept.org\/blogosfera\/wp-content\/plugins\/yuzo-related-post\/assets\/images\/default.png') 50% 50% no-repeat;width: 125px;height:90px;margin-bottom: 5px;background-size: cover; \"><\/div>\n\t\t\t\t\t\t\t\t\t  <\/div>\n\t\t\t\t\t\t\t\t\t  \n\t\t\t\t\t\t\t\t   <span class=\"yuzo__text--title\" style=\"font-size:13px;\">Nova sede administrativa do governo de SP benefici...<\/span>\n\t\t\t\t\t\t\t  \n\t\t\t\t\t\t\t  \n\t\t\t\t\t\t\t  <\/a>\n\n\t\t\t\t\t\t  <\/div>\n\t\t\t\t\t\t  <div class=\"relatedthumb \" style=\"width:125px;float:left;overflow:hidden;\">  \n\t\t\t\t\t\t\t  \n\t\t\t\t\t\t\t  <a  href=\"https:\/\/redept.com.br\/blogosfera\/ilusao-de-negociacao-entre-eua-e-ira-virou-piada-diz-embaixador\/\"  >\n\t\t\t\t\t\t\t\t\t  <div class=\"yuzo-img-wrap \" style=\"width: 125px;height:90px;\">\n\t\t\t\t\t\t\t\t\t\t\n\t\t\t\t\t\t\t\t\t\t<div class=\"yuzo-img\" style=\"background:url('https:\/\/redept.org\/blogosfera\/wp-content\/plugins\/yuzo-related-post\/assets\/images\/default.png') 50% 50% no-repeat;width: 125px;height:90px;margin-bottom: 5px;background-size: cover; \"><\/div>\n\t\t\t\t\t\t\t\t\t  <\/div>\n\t\t\t\t\t\t\t\t\t  \n\t\t\t\t\t\t\t\t   <span class=\"yuzo__text--title\" style=\"font-size:13px;\">Ilus\u00e3o de negocia\u00e7\u00e3o entre EUA e Ir\u00e3 virou piada, ...<\/span>\n\t\t\t\t\t\t\t  \n\t\t\t\t\t\t\t  \n\t\t\t\t\t\t\t  <\/a>\n\n\t\t\t\t\t\t  <\/div>\n<\/div> <script>\n\t\t\t\t\t\t  jQuery(document).ready(function( $ ){\n\t\t\t\t\t\t\t\/\/jQuery('.yuzo_related_post').equalizer({ overflow : 'relatedthumb' });\n\t\t\t\t\t\t\tjQuery('.yuzo_related_post .yuzo_wraps').equalizer({ columns : '> div' });\n\t\t\t\t\t\t   })\n\t\t\t\t\t\t  <\/script> <!-- End Yuzo :) -->","protected":false},"excerpt":{"rendered":"<p>Foto: MST em Pernambuco Por Ana SalesDa P\u00e1gina do MST O internacionalismo \u00e9 um princ\u00edpio fundamental do MST, sustentado pela solidariedade de classe como um valor universal. Por isso, o Movimento organiza brigadas internacionalistas e promove interc\u00e2mbios dentro e fora do pa\u00eds. Em Pernambuco, essa articula\u00e7\u00e3o segue se fortalecendo, e, recentemente, militantes foram enviados para [&hellip;]<\/p>\n","protected":false},"author":2,"featured_media":15264,"comment_status":"open","ping_status":"closed","sticky":false,"template":"","format":"standard","meta":{"fifu_image_url":"","fifu_image_alt":"","footnotes":""},"categories":[1065,67,191,195],"tags":[],"class_list":["post-15263","post","type-post","status-publish","format-standard","has-post-thumbnail","hentry","category-intercambio","category-juventude","category-noticias","category-reforma-agraria"],"_links":{"self":[{"href":"https:\/\/redept.com.br\/blogosfera\/wp-json\/wp\/v2\/posts\/15263","targetHints":{"allow":["GET"]}}],"collection":[{"href":"https:\/\/redept.com.br\/blogosfera\/wp-json\/wp\/v2\/posts"}],"about":[{"href":"https:\/\/redept.com.br\/blogosfera\/wp-json\/wp\/v2\/types\/post"}],"author":[{"embeddable":true,"href":"https:\/\/redept.com.br\/blogosfera\/wp-json\/wp\/v2\/users\/2"}],"replies":[{"embeddable":true,"href":"https:\/\/redept.com.br\/blogosfera\/wp-json\/wp\/v2\/comments?post=15263"}],"version-history":[{"count":0,"href":"https:\/\/redept.com.br\/blogosfera\/wp-json\/wp\/v2\/posts\/15263\/revisions"}],"wp:featuredmedia":[{"embeddable":true,"href":"https:\/\/redept.com.br\/blogosfera\/wp-json\/wp\/v2\/media\/15264"}],"wp:attachment":[{"href":"https:\/\/redept.com.br\/blogosfera\/wp-json\/wp\/v2\/media?parent=15263"}],"wp:term":[{"taxonomy":"category","embeddable":true,"href":"https:\/\/redept.com.br\/blogosfera\/wp-json\/wp\/v2\/categories?post=15263"},{"taxonomy":"post_tag","embeddable":true,"href":"https:\/\/redept.com.br\/blogosfera\/wp-json\/wp\/v2\/tags?post=15263"}],"curies":[{"name":"wp","href":"https:\/\/api.w.org\/{rel}","templated":true}]}}