{"id":15275,"date":"2025-03-01T19:33:39","date_gmt":"2025-03-01T22:33:39","guid":{"rendered":"https:\/\/redept.org\/blogosfera\/confronto-entre-trump-e-zelensky-expoe-crise-geopolitica-e-fragiliza-aliancas-tradicionais\/"},"modified":"2025-03-01T19:33:39","modified_gmt":"2025-03-01T22:33:39","slug":"confronto-entre-trump-e-zelensky-expoe-crise-geopolitica-e-fragiliza-aliancas-tradicionais","status":"publish","type":"post","link":"https:\/\/redept.com.br\/blogosfera\/confronto-entre-trump-e-zelensky-expoe-crise-geopolitica-e-fragiliza-aliancas-tradicionais\/","title":{"rendered":"Confronto entre Trump e Zelensky exp\u00f5e crise geopol\u00edtica e fragiliza alian\u00e7as tradicionais"},"content":{"rendered":"<p><img loading=\"lazy\" width=\"1024\" height=\"640\"src=\"https:\/\/redept.org\/blogosfera\/wp-content\/uploads\/2025\/03\/97a760ae-7848-4b44-b4cf-30eac12dc793.png\" alt=\"\" decoding=\"async\" loading=\"lazy\" srcset=\"https:\/\/vermelho.org.br\/wp-content\/uploads\/2025\/03\/97a760ae-7848-4b44-b4cf-30eac12dc793-1024x640.png 1024w, https:\/\/vermelho.org.br\/wp-content\/uploads\/2025\/03\/97a760ae-7848-4b44-b4cf-30eac12dc793-300x188.png 300w, https:\/\/vermelho.org.br\/wp-content\/uploads\/2025\/03\/97a760ae-7848-4b44-b4cf-30eac12dc793-768x480.png 768w, https:\/\/redept.org\/blogosfera\/wp-content\/uploads\/2025\/03\/97a760ae-7848-4b44-b4cf-30eac12dc793.png 1275w\" sizes=\"auto, (max-width: 1024px) 100vw, 1024px\"><\/p>\n<p>A reuni\u00e3o entre o presidente dos EUA, Donald Trump, e o l\u00edder ucraniano, Volodymyr Zelensky, nesta sexta-feira (28), destinada a discutir um cessar-fogo na guerra contra a R\u00fassia, degenerou em um confronto televisionado raro entre chefes de Estado. O encontro, que j\u00e1 era cercado de expectativas, revelou a deteriora\u00e7\u00e3o das rela\u00e7\u00f5es entre os dois pa\u00edses e as mudan\u00e7as na estrat\u00e9gia americana diante do conflito.<\/p>\n<p>Durante a reuni\u00e3o, Trump criticou duramente Zelensky, afirmando que o presidente ucraniano \u201cn\u00e3o est\u00e1 pronto para a paz\u201d e que sua postura poderia levar a um conflito ainda maior. \u201cVoc\u00ea est\u00e1 jogando com as vidas de milh\u00f5es de pessoas. Voc\u00ea est\u00e1 jogando com a Terceira Guerra Mundial\u201d, disse o mandat\u00e1rio norte-americano.<\/p>\n<p>Zelensky, por sua vez, rebateu as falas de Trump e alertou que os EUA poderiam se arrepender de fazer um acordo com a R\u00fassia sem considerar os interesses ucranianos. \u201cVoc\u00eas t\u00eam um oceano bonito, e n\u00e3o sentem agora, mas sentir\u00e3o no futuro\u201d, declarou, em refer\u00eancia \u00e0 seguran\u00e7a geogr\u00e1fica dos EUA.<\/p>\n<p>O vice-presidente J.D. Vance intensificou a tens\u00e3o ao destacar as dificuldades militares da Ucr\u00e2nia: \u201cVoc\u00eas est\u00e3o for\u00e7ando recrutas para as linhas de frente\u201d. Zelensky rebateu: \u201cDurante uma guerra, todos temos problemas, at\u00e9 voc\u00eas\u201d, e pediu a Trump que n\u00e3o firmasse \u201cnenhum compromisso com um assassino\u201d, em refer\u00eancia a Vladimir Putin.<\/p>\n<p>Com a chegada de Trump \u00e0 Casa Branca, os EUA alteraram a postura em rela\u00e7\u00e3o \u00e0 guerra. Ao excluir a Europa das negocia\u00e7\u00f5es, Washington busca um cessar-fogo direto com Moscou, isolando Zelensky. Durante o encontro, Trump deixou claro que espera que a Ucr\u00e2nia aceite um acordo o mais r\u00e1pido poss\u00edvel: \u201cOu voc\u00eas v\u00e3o fazer um acordo ou estamos fora. Se estivermos fora, voc\u00eas lutar\u00e3o. N\u00e3o acho que ser\u00e1 bonito\u201d.<\/p>\n<p><strong>Descarte de Zelensky e \u201csaque\u201d de recursos ucranianos<\/strong><\/p>\n<div>\n<figure><img fetchpriority=\"high\" decoding=\"async\" width=\"398\" height=\"396\"src=\"https:\/\/redept.org\/blogosfera\/wp-content\/uploads\/2025\/03\/Ana-Prestes.jpg\" alt=\"\" srcset=\"https:\/\/redept.org\/blogosfera\/wp-content\/uploads\/2025\/03\/Ana-Prestes.jpg 398w, https:\/\/vermelho.org.br\/wp-content\/uploads\/2025\/02\/Ana-Prestes-300x298.jpg 300w, https:\/\/vermelho.org.br\/wp-content\/uploads\/2025\/02\/Ana-Prestes-150x150.jpg 150w\" sizes=\"(max-width: 398px) 100vw, 398px\"><figcaption><em><sup>A cientista pol\u00edtica Ana Prestes \u00e9 secret\u00e1ria de Rela\u00e7\u00f5es Internacionais do PCdoB<\/sup><\/em><\/figcaption><\/figure>\n<\/div>\n<p>A cientista pol\u00edtica Ana Prestes, secret\u00e1ria de Rela\u00e7\u00f5es Internacionais do PCdoB, avalia que o embate era previs\u00edvel. \u201cTrump sempre tratou Zelensky com hostilidade, remontando \u00e0s acusa\u00e7\u00f5es contra Hunter Biden\u201d, afirma, mencionando o suposto envolvimento do filho do ex-presidente com uma empresa corrupta da Ucr\u00e2nia. Trump pressionou Zelensky sobre o assunto, quando presidente, mas n\u00e3o teve sucesso. <\/p>\n<p>Ana critica a abordagem dos EUA: \u201cBiden usou a Ucr\u00e2nia como fantoche em uma guerra por procura\u00e7\u00e3o contra a R\u00fassia; Trump agora a descarta, acusando Zelensky de ingrato e invalidando sua legitimidade. A cena foi pat\u00e9tica e in\u00e9dita, com a maioria dos pa\u00edses europeus demonstrando solidariedade a Zelensky\u201d.<\/p>\n<p>Ana destaca a mudan\u00e7a na pol\u00edtica externa norte-americana: \u201cWashington isolou a Europa e tenta um acordo direto com a R\u00fassia, ignorando Zelensky, chamado de \u2018ditador\u2019 por Trump\u201d. O ucraniano manteve o mandato presidencial em meio a justificativas marciais de guerra.<\/p>\n<p>Outra exig\u00eancia de Trump para continuar apoiando a Ucr\u00e2nia foi o fornecimento de acesso aos recursos de terras raras do pa\u00eds, elementos essenciais para a ind\u00fastria de alta tecnologia e o setor militar. \u201cVamos usar essa tecnologia em todas as coisas que fazemos, incluindo Intelig\u00eancia Artificial [IA] e armas militares\u201d, afirmou Trump. Sobre estas exig\u00eancias, ela denuncia: \u201c\u00c9 um saque assinado. Os EUA usam a ajuda militar como moeda de troca para recursos estrat\u00e9gicos, essenciais para IA [intelig\u00eancia artificial] e armas\u201d.<\/p>\n<p><strong>Quebra de protocolo e jogo de imagens dom\u00e9sticas<\/strong><\/p>\n<div>\n<figure><figcaption><em><sup>O cientista pol\u00edtico Jos\u00e9 Victor Ferro<\/sup><\/em><\/figcaption><\/figure>\n<\/div>\n<p>Para o pesquisador Jos\u00e9 Victor Ferro, do Observat\u00f3rio de Regionalismo (ODR), o epis\u00f3dio foi uma \u201cquebra de protocolo sem precedentes\u201d. \u201cNo in\u00edcio, a conversa entre Zelensky e Vance manteve um tom passivo-agressivo, mas quando Trump entrou na discuss\u00e3o, o n\u00edvel caiu drasticamente. Trump tratou Zelensky como um participante de\u00a0<em>O Aprendiz<\/em>, numa rela\u00e7\u00e3o vertical de patr\u00e3o e empregado\u201d, analisa, citando o reality show comandado por Trump. Ferro ressalta que ambos buscavam fortalecer suas narrativas internas:<\/p>\n<ul>\n<li>Trump e Vance:\u00a0\u201cVendem-se como defensores da paz, mas desprezam o direito internacional ao negociar diretamente com a R\u00fassia. Querem mostrar que est\u00e3o \u2018cheios da guerra&#8217;\u201d.<\/li>\n<li>Zelensky:\u00a0\u201cPrecisa de combust\u00edvel nacionalista para sustentar a resist\u00eancia, j\u00e1 que a Ucr\u00e2nia est\u00e1 em desvantagem militar e diplom\u00e1tica\u201d.<\/li>\n<\/ul>\n<p>A sa\u00edda solit\u00e1ria de Zelensky da Casa Branca e sua entrevista na Fox News, reduto de Trump, foram gestos simb\u00f3licos. O cientista pol\u00edtico destacou estes detalhes simb\u00f3licos: \u201cZelensky deixou a Casa Branca sozinho, algo incomum em visitas de chefes de Estado. Depois, deu entrevista \u00e0 Fox News, onde um \u00e2ncora perguntou se ele n\u00e3o deveria se desculpar com Trump. A diplomacia da Ucr\u00e2nia est\u00e1 agora em uma posi\u00e7\u00e3o muito delicada\u201d. \u201cZelensky recusou-se a pedir desculpas, mantendo uma postura de resist\u00eancia, mesmo em territ\u00f3rio hostil\u201d, observa Ferro.<\/p>\n<p><strong>Impacto internacional: UE e Canad\u00e1 em xeque<\/strong><\/p>\n<p>O confronto agravou as tens\u00f5es entre os EUA e aliados tradicionais. Ana aponta que pa\u00edses como Alemanha, Fran\u00e7a e Canad\u00e1 expressaram solidariedade a Zelensky, mas carecem de for\u00e7a para substituir o apoio norte-americano. \u201cA Europa depende da OTAN e n\u00e3o tem autonomia militar. O Canad\u00e1, por sua vez, est\u00e1 economicamente amarrado aos EUA\u201d, explica.<\/p>\n<p>Ferro acrescenta: \u201cO epis\u00f3dio consolida a percep\u00e7\u00e3o de que os EUA s\u00e3o um parceiro inst\u00e1vel. A UE, criada sob o guarda-chuva da OTAN, agora enfrenta um dilema existencial: como garantir seguran\u00e7a sem os EUA?\u201d \u201cO impacto internacional desse embate \u00e9 significativo. Parceiros tradicionais dos EUA j\u00e1 vinham desconfiando de Washington, e agora essa desconfian\u00e7a s\u00f3 se consolida\u201d.<\/p>\n<p><strong>Terra raras: o jogo por tr\u00e1s da guerra<\/strong><\/p>\n<p>A exig\u00eancia de Trump por acesso a terras raras ucranianas revela um interesse estrat\u00e9gico por tr\u00e1s da ret\u00f3rica belicista. \u201cTemos muito petr\u00f3leo, mas n\u00e3o terras raras\u201d, justificou Trump, destacando sua import\u00e2ncia para tecnologia militar e IA. Para Ana, \u201c\u00e9 um saque colonialista, onde a ajuda militar condiciona o acesso a recursos vitais\u201d.<\/p>\n<p>O epis\u00f3dio evidencia uma nova fase do conflito. Enquanto Zelensky busca garantir apoio internacional, Trump tenta encerrar a guerra de forma unilateral, sem considerar as demandas europeias.<\/p>\n<p>A R\u00fassia mant\u00e9m-se aberta a negocia\u00e7\u00f5es, com a posi\u00e7\u00e3o da Ucr\u00e2nia tornando-se cada vez mais fr\u00e1gil. \u201cZelensky sai dos EUA sem clareza sobre os pr\u00f3ximos passos\u201d, afirma Ana. Ferro conclui: \u201cNacionalmente, Trump e Zelensky saem fortalecidos. Globalmente, os EUA pagam o pre\u00e7o por desprezar aliados. A quest\u00e3o \u00e9: at\u00e9 quando o Ocidente tolerar\u00e1 essa ruptura?\u201d<\/p>\n<p>O encontro ocorre no terceiro anivers\u00e1rio da guerra (24\/02), marcado por cr\u00edticas de Zelensky \u00e0 exclus\u00e3o da Europa nas negocia\u00e7\u00f5es. Enquanto Putin insiste em vit\u00f3ria militar, a Casa Branca parece priorizar interesses econ\u00f4micos sobre a coes\u00e3o geopol\u00edtica.<\/p>\n<p>O post <a href=\"https:\/\/vermelho.org.br\/2025\/03\/01\/confronto-entre-trump-e-zelensky-expoe-crise-geopolitica-e-fragiliza-aliancas-tradicionais\/\">Confronto entre Trump e Zelensky exp\u00f5e crise geopol\u00edtica e fragiliza alian\u00e7as tradicionais<\/a> apareceu primeiro em <a href=\"https:\/\/vermelho.org.br\/\">Vermelho<\/a>.<\/p>\n<!-- Begin Yuzo --><div class='yuzo_related_post style-1'  data-version='5.12.89'><!-- without result --><div class='yuzo_clearfixed yuzo__title yuzo__title'><h3>Related Post<\/h3><\/div>\n\t\t\t\t\t\t  <div class=\"relatedthumb \" style=\"width:125px;float:left;overflow:hidden;\">  \n\t\t\t\t\t\t\t  \n\t\t\t\t\t\t\t  <a  href=\"https:\/\/redept.com.br\/blogosfera\/lula-sanciona-lei-que-amplia-pena-para-venda-de-bebidas-alcoolicas-a-menores\/\"  >\n\t\t\t\t\t\t\t\t\t  <div class=\"yuzo-img-wrap \" style=\"width: 125px;height:90px;\">\n\t\t\t\t\t\t\t\t\t\t\n\t\t\t\t\t\t\t\t\t\t<div class=\"yuzo-img\" style=\"background:url('https:\/\/redept.org\/blogosfera\/wp-content\/plugins\/yuzo-related-post\/assets\/images\/default.png') 50% 50% no-repeat;width: 125px;height:90px;margin-bottom: 5px;background-size: cover; \"><\/div>\n\t\t\t\t\t\t\t\t\t  <\/div>\n\t\t\t\t\t\t\t\t\t  \n\t\t\t\t\t\t\t\t   <span class=\"yuzo__text--title\" style=\"font-size:13px;\">Lula sanciona lei que amplia pena para venda de be...<\/span>\n\t\t\t\t\t\t\t  \n\t\t\t\t\t\t\t  \n\t\t\t\t\t\t\t  <\/a>\n\n\t\t\t\t\t\t  <\/div>\n\t\t\t\t\t\t  <div class=\"relatedthumb \" style=\"width:125px;float:left;overflow:hidden;\">  \n\t\t\t\t\t\t\t  \n\t\t\t\t\t\t\t  <a  href=\"https:\/\/redept.com.br\/blogosfera\/atividade-petrolifera-impulsiona-pibs-per-capta-dos-municipios-aponta-ibge\/\"  >\n\t\t\t\t\t\t\t\t\t  <div class=\"yuzo-img-wrap \" style=\"width: 125px;height:90px;\">\n\t\t\t\t\t\t\t\t\t\t\n\t\t\t\t\t\t\t\t\t\t<div class=\"yuzo-img\" style=\"background:url('https:\/\/redept.com.br\/blogosfera\/wp-content\/uploads\/2025\/12\/petroleo-agenciabrasil-150x150.jpg') 50% 50% no-repeat;width: 125px;height:90px;margin-bottom: 5px;background-size: cover; \"><\/div>\n\t\t\t\t\t\t\t\t\t  <\/div>\n\t\t\t\t\t\t\t\t\t  \n\t\t\t\t\t\t\t\t   <span class=\"yuzo__text--title\" style=\"font-size:13px;\">Atividade petrol\u00edfera impulsiona PIBs per capta do...<\/span>\n\t\t\t\t\t\t\t  \n\t\t\t\t\t\t\t  \n\t\t\t\t\t\t\t  <\/a>\n\n\t\t\t\t\t\t  <\/div>\n\t\t\t\t\t\t  <div class=\"relatedthumb \" style=\"width:125px;float:left;overflow:hidden;\">  \n\t\t\t\t\t\t\t  \n\t\t\t\t\t\t\t  <a  href=\"https:\/\/redept.com.br\/blogosfera\/meningite-entenda-como-fica-vacinacao-com-acwy-apos-mudanca-nas-doses\/\"  >\n\t\t\t\t\t\t\t\t\t  <div class=\"yuzo-img-wrap \" style=\"width: 125px;height:90px;\">\n\t\t\t\t\t\t\t\t\t\t\n\t\t\t\t\t\t\t\t\t\t<div class=\"yuzo-img\" style=\"background:url('https:\/\/redept.org\/blogosfera\/wp-content\/plugins\/yuzo-related-post\/assets\/images\/default.png') 50% 50% no-repeat;width: 125px;height:90px;margin-bottom: 5px;background-size: cover; \"><\/div>\n\t\t\t\t\t\t\t\t\t  <\/div>\n\t\t\t\t\t\t\t\t\t  \n\t\t\t\t\t\t\t\t   <span class=\"yuzo__text--title\" style=\"font-size:13px;\">Meningite: entenda como fica vacina\u00e7\u00e3o com ACWY ap...<\/span>\n\t\t\t\t\t\t\t  \n\t\t\t\t\t\t\t  \n\t\t\t\t\t\t\t  <\/a>\n\n\t\t\t\t\t\t  <\/div>\n\t\t\t\t\t\t  <div class=\"relatedthumb \" style=\"width:125px;float:left;overflow:hidden;\">  \n\t\t\t\t\t\t\t  \n\t\t\t\t\t\t\t  <a  href=\"https:\/\/redept.com.br\/blogosfera\/pgr-mira-moro-que-pode-ficar-inelegivel-por-8-anos-apos-denuncia-bombastica-do-cnj\/\"  >\n\t\t\t\t\t\t\t\t\t  <div class=\"yuzo-img-wrap \" style=\"width: 125px;height:90px;\">\n\t\t\t\t\t\t\t\t\t\t\n\t\t\t\t\t\t\t\t\t\t<div class=\"yuzo-img\" style=\"background:url('https:\/\/redept.org\/blogosfera\/wp-content\/plugins\/yuzo-related-post\/assets\/images\/default.png') 50% 50% no-repeat;width: 125px;height:90px;margin-bottom: 5px;background-size: cover; \"><\/div>\n\t\t\t\t\t\t\t\t\t  <\/div>\n\t\t\t\t\t\t\t\t\t  \n\t\t\t\t\t\t\t\t   <span class=\"yuzo__text--title\" style=\"font-size:13px;\">PGR mira Moro que pode ficar ineleg\u00edvel por 8 anos...<\/span>\n\t\t\t\t\t\t\t  \n\t\t\t\t\t\t\t  \n\t\t\t\t\t\t\t  <\/a>\n\n\t\t\t\t\t\t  <\/div>\n<\/div> <script>\n\t\t\t\t\t\t  jQuery(document).ready(function( $ ){\n\t\t\t\t\t\t\t\/\/jQuery('.yuzo_related_post').equalizer({ overflow : 'relatedthumb' });\n\t\t\t\t\t\t\tjQuery('.yuzo_related_post .yuzo_wraps').equalizer({ columns : '> div' });\n\t\t\t\t\t\t   })\n\t\t\t\t\t\t  <\/script> <!-- End Yuzo :) -->","protected":false},"excerpt":{"rendered":"<p>A reuni\u00e3o entre o presidente dos EUA, Donald Trump, e o l\u00edder ucraniano, Volodymyr Zelensky, nesta sexta-feira (28), destinada a discutir um cessar-fogo na guerra contra a R\u00fassia, degenerou em um confronto televisionado raro entre chefes de Estado. O encontro, que j\u00e1 era cercado de expectativas, revelou a deteriora\u00e7\u00e3o das rela\u00e7\u00f5es entre os dois pa\u00edses [&hellip;]<\/p>\n","protected":false},"author":2,"featured_media":15276,"comment_status":"closed","ping_status":"closed","sticky":false,"template":"","format":"standard","meta":{"fifu_image_url":"","fifu_image_alt":"","footnotes":""},"categories":[1023,40,4065,50,43,4036,372,2606],"tags":[],"class_list":["post-15275","post","type-post","status-publish","format-standard","has-post-thumbnail","hentry","category-donald-trump","category-europa","category-guerra-por-procuracao","category-internacional","category-russia","category-terras-raras","category-ucrania","category-volodimir-zelenski"],"_links":{"self":[{"href":"https:\/\/redept.com.br\/blogosfera\/wp-json\/wp\/v2\/posts\/15275","targetHints":{"allow":["GET"]}}],"collection":[{"href":"https:\/\/redept.com.br\/blogosfera\/wp-json\/wp\/v2\/posts"}],"about":[{"href":"https:\/\/redept.com.br\/blogosfera\/wp-json\/wp\/v2\/types\/post"}],"author":[{"embeddable":true,"href":"https:\/\/redept.com.br\/blogosfera\/wp-json\/wp\/v2\/users\/2"}],"replies":[{"embeddable":true,"href":"https:\/\/redept.com.br\/blogosfera\/wp-json\/wp\/v2\/comments?post=15275"}],"version-history":[{"count":0,"href":"https:\/\/redept.com.br\/blogosfera\/wp-json\/wp\/v2\/posts\/15275\/revisions"}],"wp:featuredmedia":[{"embeddable":true,"href":"https:\/\/redept.com.br\/blogosfera\/wp-json\/wp\/v2\/media\/15276"}],"wp:attachment":[{"href":"https:\/\/redept.com.br\/blogosfera\/wp-json\/wp\/v2\/media?parent=15275"}],"wp:term":[{"taxonomy":"category","embeddable":true,"href":"https:\/\/redept.com.br\/blogosfera\/wp-json\/wp\/v2\/categories?post=15275"},{"taxonomy":"post_tag","embeddable":true,"href":"https:\/\/redept.com.br\/blogosfera\/wp-json\/wp\/v2\/tags?post=15275"}],"curies":[{"name":"wp","href":"https:\/\/api.w.org\/{rel}","templated":true}]}}