{"id":15312,"date":"2025-03-01T14:22:33","date_gmt":"2025-03-01T17:22:33","guid":{"rendered":"https:\/\/redept.org\/blogosfera\/leite-melo-e-o-bloquinho-da-repressao-por-jonas-tiago-silveira\/"},"modified":"2025-03-01T14:22:33","modified_gmt":"2025-03-01T17:22:33","slug":"leite-melo-e-o-bloquinho-da-repressao-por-jonas-tiago-silveira","status":"publish","type":"post","link":"https:\/\/redept.com.br\/blogosfera\/leite-melo-e-o-bloquinho-da-repressao-por-jonas-tiago-silveira\/","title":{"rendered":"Leite, Melo e o Bloquinho da Repress\u00e3o (por Jonas Tiago Silveira)"},"content":{"rendered":"<section>\n<div>\n<p><b>Jonas Tiago Silveira (*)<\/b><\/p>\n<p><span>Na noite de sexta-feira na Cidade Baixa, era poss\u00edvel ver mais de 50 policiais militares em apenas quatro quadras, mesmo com a cidade mais vazia e sem nenhum evento.\u00a0<\/span><\/p>\n<p><span>O Carnaval 2025 j\u00e1 andava dif\u00edcil em Porto Alegre, antes mesmo da data, diversos blocos j\u00e1 relataram nas redes dificuldades de conseguir autoriza\u00e7\u00e3o para os seus eventos. O popular CarnaLopo foi um dos que tiveram estas dificuldades, mesmo com mobiliza\u00e7\u00e3o de populares e comerciantes, teve sua permiss\u00e3o negada um dia antes do evento. O CarnaLopo ocorria sem uso de recursos p\u00fablicos e os organizadores j\u00e1 relataram demora acima do normal nas respostas ao tentar obter licen\u00e7a para o carnaval na Cidade Baixa.<\/span><\/p>\n<p><span>O mesmo problema parece n\u00e3o ter ocorrido em outros bairros, como por exemplo no 4\u00b0 Distrito, v\u00e1rios bares j\u00e1 divulgaram sua programa\u00e7\u00e3o de carnaval e todos receberam a devida licen\u00e7a do governo Melo. Um desses bares, que se chama Larica, por \u201cacaso do destino\u201d, \u00e9 propriedade de Eduardo Baldasso, que recentemente ainda era diretor financeiro da Secretaria de Desenvolvimento e Economia Criativa de Porto Alegre.<\/span><\/p>\n<p><span>Sem autoriza\u00e7\u00f5es, uma parceria j\u00e1 conhecida do governo Melo e Leite voltou a se repetir: a repress\u00e3o policial. Pouco antes das 21h, em frente ao Dirty Old Man, mais de 20 policiais militares ocupavam a quadra. Do outro lado da rua, em frente a uma pequena loja de conveni\u00eancia, haviam mais 20. Este foi um pequeno reflexo do que seria a noite, em v\u00e1rias outras esquinas havia equipes de dois a quatro policiais militares, al\u00e9m de viaturas circulando de dois em dois minutos. Mas qual era o objetivo disso? Refor\u00e7ar a seguran\u00e7a do bairro?\u00a0<\/span><\/p>\n<p><span>A Cidade Baixa tem, sim, seus problemas de seguran\u00e7a. Recentemente houve uma entrevista de uma comerciante, propriet\u00e1ria de uma loja de doces, falando sobre o tema. Ela havia instalado uma c\u00e2mera de seguran\u00e7a em frente \u00e0 loja, mas algu\u00e9m furtou a c\u00e2mera logo na sequ\u00eancia. Roubo de fios, cabos de ar condicionado e similares tamb\u00e9m s\u00e3o recorrentes no bairro, o que n\u00e3o \u00e9 recorrente \u00e9 a atual aten\u00e7\u00e3o da pol\u00edcia. Fico imaginando como se sentem os comerciantes vendo tanta for\u00e7a policial para reprimir o p\u00fablico no Carnaval, mas n\u00e3o ver nem um d\u00e9cimo dessa motiva\u00e7\u00e3o no resto do ano para garantir a ordem e evitar os furtos que ocorrem na madrugada.<\/span><\/p>\n<p><span>Um ponto da cidade que sempre re\u00fane mais pessoas, pr\u00f3ximo ao Lima\u2019s Bar, foi onde a primeira interven\u00e7\u00e3o da Brigada Militar aconteceu. Foram atiradas bombas de efeito moral, usado spray de pimenta e balas de borracha contra as pessoas que estavam na rua. Detalhe: ali n\u00e3o acontecia nenhum tipo de bloco, \u00e9 um canto da cidade que sempre tem maior concentra\u00e7\u00e3o de pessoas na cal\u00e7ada devido a bares com cerveja a pre\u00e7o mais acess\u00edvel.\u00a0<\/span><\/p>\n<p><span>Para Melo e Leite, a manifesta\u00e7\u00e3o cultural parece virar crime, dependendo do bairro onde acontece. Assim, a festa da alegria vai se transformando em um alvo de viol\u00eancia para os populares que participam, mas de favoritismo para quem \u00e9 amigo do rei.<\/span><\/p>\n<p><b>(*)<\/b><em> M\u00fasico e jornalista.<\/em><\/p>\n<p><strong>\u00a7\u00a7\u00a7<\/strong><\/p>\n<p><em>As opini\u00f5es emitidas nos artigos publicados no espa\u00e7o de opini\u00e3o expressam a posi\u00e7\u00e3o de seu autor e n\u00e3o necessariamente representam o pensamento editorial do Sul21<\/em><\/p>\n<\/p><\/div>\n<\/section>\n<p>O post <a href=\"https:\/\/sul21.com.br\/opiniao\/2025\/03\/leite-melo-e-o-bloquinho-da-repressao-por-jonas-tiago-silveira\/\">Leite, Melo e o Bloquinho da Repress\u00e3o (por Jonas Tiago Silveira)<\/a> apareceu primeiro em <a href=\"https:\/\/sul21.com.br\/\">Sul 21<\/a>.<\/p>\n<!-- Begin Yuzo --><div class='yuzo_related_post style-1'  data-version='5.12.89'><!-- without result --><div class='yuzo_clearfixed yuzo__title yuzo__title'><h3>Related Post<\/h3><\/div>\n\t\t\t\t\t\t  <div class=\"relatedthumb \" style=\"width:125px;float:left;overflow:hidden;\">  \n\t\t\t\t\t\t\t  \n\t\t\t\t\t\t\t  <a  href=\"https:\/\/redept.com.br\/blogosfera\/bolsa-bate-recorde-e-dolar-cai-apos-reuniao-entre-lula-e-trump\/\"  >\n\t\t\t\t\t\t\t\t\t  <div class=\"yuzo-img-wrap \" style=\"width: 125px;height:90px;\">\n\t\t\t\t\t\t\t\t\t\t\n\t\t\t\t\t\t\t\t\t\t<div class=\"yuzo-img\" style=\"background:url('https:\/\/redept.org\/blogosfera\/wp-content\/plugins\/yuzo-related-post\/assets\/images\/default.png') 50% 50% no-repeat;width: 125px;height:90px;margin-bottom: 5px;background-size: cover; \"><\/div>\n\t\t\t\t\t\t\t\t\t  <\/div>\n\t\t\t\t\t\t\t\t\t  \n\t\t\t\t\t\t\t\t   <span class=\"yuzo__text--title\" style=\"font-size:13px;\">Bolsa bate recorde e d\u00f3lar cai ap\u00f3s reuni\u00e3o entre ...<\/span>\n\t\t\t\t\t\t\t  \n\t\t\t\t\t\t\t  \n\t\t\t\t\t\t\t  <\/a>\n\n\t\t\t\t\t\t  <\/div>\n\t\t\t\t\t\t  <div class=\"relatedthumb \" style=\"width:125px;float:left;overflow:hidden;\">  \n\t\t\t\t\t\t\t  \n\t\t\t\t\t\t\t  <a  href=\"https:\/\/redept.com.br\/blogosfera\/formacao-de-bancos-de-areia-agrava-as-cheias-do-guaiba-especialistas-desmentem-teoria\/\"  >\n\t\t\t\t\t\t\t\t\t  <div class=\"yuzo-img-wrap \" style=\"width: 125px;height:90px;\">\n\t\t\t\t\t\t\t\t\t\t\n\t\t\t\t\t\t\t\t\t\t<div class=\"yuzo-img\" style=\"background:url('https:\/\/redept.com.br\/blogosfera\/wp-content\/uploads\/2025\/07\/WhatsApp-Image-2025-07-07-at-151113-150x150.jpeg') 50% 50% no-repeat;width: 125px;height:90px;margin-bottom: 5px;background-size: cover; \"><\/div>\n\t\t\t\t\t\t\t\t\t  <\/div>\n\t\t\t\t\t\t\t\t\t  \n\t\t\t\t\t\t\t\t   <span class=\"yuzo__text--title\" style=\"font-size:13px;\">Forma\u00e7\u00e3o de bancos de areia agrava as cheias do Gu...<\/span>\n\t\t\t\t\t\t\t  \n\t\t\t\t\t\t\t  \n\t\t\t\t\t\t\t  <\/a>\n\n\t\t\t\t\t\t  <\/div>\n\t\t\t\t\t\t  <div class=\"relatedthumb \" style=\"width:125px;float:left;overflow:hidden;\">  \n\t\t\t\t\t\t\t  \n\t\t\t\t\t\t\t  <a  href=\"https:\/\/redept.com.br\/blogosfera\/trabalhadores-da-starbucks-fazem-greve-em-tres-cidades-nos-eua\/\"  >\n\t\t\t\t\t\t\t\t\t  <div class=\"yuzo-img-wrap \" style=\"width: 125px;height:90px;\">\n\t\t\t\t\t\t\t\t\t\t\n\t\t\t\t\t\t\t\t\t\t<div class=\"yuzo-img\" style=\"background:url('https:\/\/redept.org\/blogosfera\/wp-content\/plugins\/yuzo-related-post\/assets\/images\/default.png') 50% 50% no-repeat;width: 125px;height:90px;margin-bottom: 5px;background-size: cover; \"><\/div>\n\t\t\t\t\t\t\t\t\t  <\/div>\n\t\t\t\t\t\t\t\t\t  \n\t\t\t\t\t\t\t\t   <span class=\"yuzo__text--title\" style=\"font-size:13px;\">Trabalhadores da Starbucks fazem greve em tr\u00eas cid...<\/span>\n\t\t\t\t\t\t\t  \n\t\t\t\t\t\t\t  \n\t\t\t\t\t\t\t  <\/a>\n\n\t\t\t\t\t\t  <\/div>\n\t\t\t\t\t\t  <div class=\"relatedthumb \" style=\"width:125px;float:left;overflow:hidden;\">  \n\t\t\t\t\t\t\t  \n\t\t\t\t\t\t\t  <a  href=\"https:\/\/redept.com.br\/blogosfera\/nos-somos-o-transito-massa-critica-de-marco-ocupa-as-ruas-de-porto-alegre-pelo-direito-das-mulheres-a-cidade\/\"  >\n\t\t\t\t\t\t\t\t\t  <div class=\"yuzo-img-wrap \" style=\"width: 125px;height:90px;\">\n\t\t\t\t\t\t\t\t\t\t\n\t\t\t\t\t\t\t\t\t\t<div class=\"yuzo-img\" style=\"background:url('https:\/\/redept.org\/blogosfera\/wp-content\/plugins\/yuzo-related-post\/assets\/images\/default.png') 50% 50% no-repeat;width: 125px;height:90px;margin-bottom: 5px;background-size: cover; \"><\/div>\n\t\t\t\t\t\t\t\t\t  <\/div>\n\t\t\t\t\t\t\t\t\t  \n\t\t\t\t\t\t\t\t   <span class=\"yuzo__text--title\" style=\"font-size:13px;\">\u2018N\u00f3s somos o tr\u00e2nsito\u2019: Massa Cr\u00edtica de mar\u00e7o ocu...<\/span>\n\t\t\t\t\t\t\t  \n\t\t\t\t\t\t\t  \n\t\t\t\t\t\t\t  <\/a>\n\n\t\t\t\t\t\t  <\/div>\n<\/div> <script>\n\t\t\t\t\t\t  jQuery(document).ready(function( $ ){\n\t\t\t\t\t\t\t\/\/jQuery('.yuzo_related_post').equalizer({ overflow : 'relatedthumb' });\n\t\t\t\t\t\t\tjQuery('.yuzo_related_post .yuzo_wraps').equalizer({ columns : '> div' });\n\t\t\t\t\t\t   })\n\t\t\t\t\t\t  <\/script> <!-- End Yuzo :) -->","protected":false},"excerpt":{"rendered":"<p>Jonas Tiago Silveira (*) Na noite de sexta-feira na Cidade Baixa, era poss\u00edvel ver mais de 50 policiais militares em apenas quatro quadras, mesmo com a cidade mais vazia e sem nenhum evento.\u00a0 O Carnaval 2025 j\u00e1 andava dif\u00edcil em Porto Alegre, antes mesmo da data, diversos blocos j\u00e1 relataram nas redes dificuldades de conseguir [&hellip;]<\/p>\n","protected":false},"author":2,"featured_media":0,"comment_status":"closed","ping_status":"closed","sticky":false,"template":"","format":"standard","meta":{"fifu_image_url":"","fifu_image_alt":"","footnotes":""},"categories":[1],"tags":[],"class_list":["post-15312","post","type-post","status-publish","format-standard","hentry","category-uncategorized"],"_links":{"self":[{"href":"https:\/\/redept.com.br\/blogosfera\/wp-json\/wp\/v2\/posts\/15312","targetHints":{"allow":["GET"]}}],"collection":[{"href":"https:\/\/redept.com.br\/blogosfera\/wp-json\/wp\/v2\/posts"}],"about":[{"href":"https:\/\/redept.com.br\/blogosfera\/wp-json\/wp\/v2\/types\/post"}],"author":[{"embeddable":true,"href":"https:\/\/redept.com.br\/blogosfera\/wp-json\/wp\/v2\/users\/2"}],"replies":[{"embeddable":true,"href":"https:\/\/redept.com.br\/blogosfera\/wp-json\/wp\/v2\/comments?post=15312"}],"version-history":[{"count":0,"href":"https:\/\/redept.com.br\/blogosfera\/wp-json\/wp\/v2\/posts\/15312\/revisions"}],"wp:attachment":[{"href":"https:\/\/redept.com.br\/blogosfera\/wp-json\/wp\/v2\/media?parent=15312"}],"wp:term":[{"taxonomy":"category","embeddable":true,"href":"https:\/\/redept.com.br\/blogosfera\/wp-json\/wp\/v2\/categories?post=15312"},{"taxonomy":"post_tag","embeddable":true,"href":"https:\/\/redept.com.br\/blogosfera\/wp-json\/wp\/v2\/tags?post=15312"}],"curies":[{"name":"wp","href":"https:\/\/api.w.org\/{rel}","templated":true}]}}