{"id":15552,"date":"2025-03-05T15:59:50","date_gmt":"2025-03-05T18:59:50","guid":{"rendered":"https:\/\/redept.org\/blogosfera\/campanha-da-fraternidade-2025-destaca-importancia-da-ecologia\/"},"modified":"2025-03-05T15:59:50","modified_gmt":"2025-03-05T18:59:50","slug":"campanha-da-fraternidade-2025-destaca-importancia-da-ecologia","status":"publish","type":"post","link":"https:\/\/redept.com.br\/blogosfera\/campanha-da-fraternidade-2025-destaca-importancia-da-ecologia\/","title":{"rendered":"Campanha da Fraternidade 2025 destaca import\u00e2ncia da ecologia"},"content":{"rendered":"<p>Campanha da Fraternidade, lan\u00e7ada nesta quarta (5) pela CNBB pede mudan\u00e7a de atitude com meio ambiente. <a href=\"https:\/\/tvtnews.com.br\/tag\/papa\/\" data-type=\"post_tag\" data-id=\"4705\">Papa<\/a> divulga mensagem em apoio ao tema. Veja em <a href=\"http:\/\/tvtnews.com.br\/\" data-type=\"link\" data-id=\"tvtnews.com.br\" target=\"_blank\" rel=\"noopener noreferrer nofollow\">TVT News<\/a>.<\/p>\n<h2>Confer\u00eancia Nacional dos Bispos do Brasil  lan\u00e7a Campanha da Fraternidade 2025, com o tema Fraternidade e Ecologia Integral<\/h2>\n<p>Hoje, dia 5 de mar\u00e7o, \u00e9 lan\u00e7ada pela Confer\u00eancia Nacional dos Bispos do Brasil (CNBB), a \u201cCampanha da Fraternidade 2025\u201d com o tema \u201cFraternidade e Ecologia Integral\u201d. No Brasil, o evento \u00e9 celebrado, desde 1964, durante a Quaresma, per\u00edodo de prepara\u00e7\u00e3o que antecede as comemora\u00e7\u00f5es da P\u00e1scoa para os cat\u00f3licos.<\/p>\n<p>Em mensagem \u00e0 comunidade cat\u00f3lica brasileira, o Papa Francisco destaca a necessidade de \u201c mudar nossas convic\u00e7\u00f5es e pr\u00e1ticas para deixar que a natureza descanse das nossas explora\u00e7\u00f5es gananciosas\u201d.<\/p>\n<p>A mensagem do <a href=\"https:\/\/tvtnews.com.br\/acompanhe-o-estado-de-saude-do-papa-francisco\/\" data-type=\"post\" data-id=\"737458\">Papa<\/a> tamb\u00e9m relembra que, neste ano, a Campanha da Fraternidade dialoga diretamente com a\u00a0 Confer\u00eancia das Na\u00e7\u00f5es Unidas sobre Mudan\u00e7a do Clima, a COP 30, que ser\u00e1 realizada em novembro, em Bel\u00e9m, no Par\u00e1. Para o pont\u00edfice, a iniciativa serve para que \u201cas na\u00e7\u00f5es e os organismos internacionais possam comprometer-se efetivamente com pr\u00e1ticas que ajudem na supera\u00e7\u00e3o da crise clim\u00e1tica e na preserva\u00e7\u00e3o da obra maravilhosa da Cria\u00e7\u00e3o, que Deus nos confiou e que temos a responsabilidade de transmitir \u00e0s futuras gera\u00e7\u00f5es\u201d.<\/p>\n<p>A Campanha da Fraternidade ainda conta com a Coleta da Solidariedade, que acontece nos dias 12 e 13 de abril, em todas as comunidades do Brasil. As arrecada\u00e7\u00f5es ser\u00e3o destinadas a projetos sociais.<\/p>\n<h2>Leia a mensagem do Papa Francisco sobre a Campanha da Fraternidade<\/h2>\n<\/p>\n<p>Neste ano de 2025, motivados pelos 800 anos da composi\u00e7\u00e3o do C\u00e2ntico das Criaturas de S\u00e3o Francisco de Assis; pelos 10 anos de publica\u00e7\u00e3o da Carta Enc\u00edclica\u00a0Laudato\u00a0si\u2019; pela recente publica\u00e7\u00e3o da Exorta\u00e7\u00e3o Apost\u00f3lica\u00a0<em>Laudate\u00a0Deum<\/em>; pelos 10 anos de cria\u00e7\u00e3o da Rede Eclesial\u00a0PanAmaz\u00f4nica\u00a0(REPAM) e pela realiza\u00e7\u00e3o da <a href=\"https:\/\/tvtnews.com.br\/tag\/cop-30\/\" data-type=\"post_tag\" data-id=\"4650\">COP 30<\/a>, em Bel\u00e9m (PA), a primeira na Amaz\u00f4nia, acolhendo a sugest\u00e3o da Comiss\u00e3o Episcopal Especial para a Minera\u00e7\u00e3o e a Ecologia Integral, foi escolhido o tema:\u00a0Fraternidade e Ecologia Integral\u00a0e o lema:\u00a0\u201cDeus viu que tudo era muito bom\u201d\u00a0(Gn\u00a01,31).<\/p>\n<p>Leia a \u00edntegra da mensagem do Papa Francisco para a Confer\u00eancia Nacional dos Bispos do Brasil, CNBB:<\/p>\n<p><em>Queridos irm\u00e3os e irm\u00e3s do Brasil,<\/em><\/p>\n<p><em>Com este dia de jejum, penit\u00eancia e ora\u00e7\u00e3o, iniciamos a Quaresma deste Ano Jubilar da Encarna\u00e7\u00e3o. Nesta ocasi\u00e3o, desejo manifestar a minha proximidade \u00e0 Igreja peregrina nessa Na\u00e7\u00e3o e felicitar os meus irm\u00e3os da Confer\u00eancia Nacional dos Bispos do Brasil pela iniciativa da Campanha da Fraternidade, que se repete h\u00e1 mais de 60 anos e que neste ano tem como tema \u201cFraternidade e Ecologia Integral\u201d e como lema a passagem da Escritura na qual, contemplando a obra da cria\u00e7\u00e3o, \u201cDeus viu que tudo era muito bom\u201d (cf. Gn 1,31).<\/em><\/p>\n<p><em>Com a Campanha da Fraternidade, os bispos do Brasil convidam todo o povo brasileiro a trilhar, durante a Quaresma, um caminho de convers\u00e3o baseado na Carta Enc\u00edclica Laudato Si\u2019, que publiquei h\u00e1 quase 10 anos, em 24 de maio de 2015, e que senti necessidade de complementar com a Exorta\u00e7\u00e3o Apost\u00f3lica Laudate Deum, de 4 de outubro de 2023.<\/em><\/p>\n<p><em>Nestes documentos, quis chamar a aten\u00e7\u00e3o de toda a humanidade para a urg\u00eancia de uma necess\u00e1ria mudan\u00e7a de atitude em nossas rela\u00e7\u00f5es com o meio ambiente, recordando que a atual \u00abcrise ecol\u00f3gica \u00e9 um apelo a uma profunda convers\u00e3o interior\u00bb (Laudato Si\u2019, 217). Neste sentido, o meu predecessor de vener\u00e1vel mem\u00f3ria, S\u00e3o Jo\u00e3o Paulo II, j\u00e1 alertava que era \u00abpreciso estimular e apoiar a \u201cconvers\u00e3o ecol\u00f3gica\u201d, que tornou a humanidade mais sens\u00edvel\u00bb (Audi\u00eancia, 17 de janeiro de 2001) ao tema do cuidado com a Casa Comum.<\/em><\/p>\n<p><em>Por isso, louvo o esfor\u00e7o da Confer\u00eancia Episcopal em propor mais uma vez como horizonte o tema da ecologia, junto \u00e0 desejada convers\u00e3o pessoal de cada fiel a Cristo. Que todos n\u00f3s possamos, com o especial auxilio da gra\u00e7a de Deus neste tempo jubilar, mudar nossas convic\u00e7\u00f5es e pr\u00e1ticas para deixar que a natureza descanse das nossas explora\u00e7\u00f5es gananciosas.<\/em><\/p>\n<\/p>\n<figure><figcaption><em>Mensagem do Papa Francisco \u00e0 comunidade cat\u00f3lica do Brasil. Imagem: Vatican News <\/em><\/figcaption><\/figure>\n<\/p>\n<p><em>O tema da Campanha da Fraternidade deste ano expressa tamb\u00e9m a disponibilidade da Igreja no Brasil em dar a sua contribui\u00e7\u00e3o para que, durante a COP 30 do pr\u00f3ximo m\u00eas de novembro, que se realizar\u00e1 em Bel\u00e9m do Par\u00e1, no cora\u00e7\u00e3o da querida Amaz\u00f4nia, as na\u00e7\u00f5es e os organismos internacionais possam comprometer-se efetivamente com pr\u00e1ticas que ajudem na supera\u00e7\u00e3o da crise clim\u00e1tica e na preserva\u00e7\u00e3o da obra maravilhosa da Cria\u00e7\u00e3o, que Deus nos confiou e que temos a responsabilidade de transmitir \u00e0s futuras gera\u00e7\u00f5es.<\/em><\/p>\n<p><em>Desejo que esse itiner\u00e1rio quaresmal d\u00ea muitos frutos e nos encha a todos de Esperan\u00e7a, da qual somos peregrinos neste Jubileu. Fa\u00e7o votos que a Campanha da Fraternidade seja novamente um poderoso aux\u00edlio para as pessoas e comunidades desse amado Pa\u00eds no seu processo de convers\u00e3o ao Evangelho de Nosso Senhor Jesus Cristo e de compromisso concreto com a Ecologia Integral.<\/em><\/p>\n<p><em>Confiando estes votos aos cuidados de Nossa Senhora Aparecida, concedo de bom grado a B\u00ean\u00e7\u00e3o Apost\u00f3lica a todos os filhos e filhas da querida na\u00e7\u00e3o brasileira, de modo especial \u00e0queles que se empenham no cuidado com a Casa Comum, pedindo que continuem a rezar por mim.<\/em><\/p>\n<p><em>Roma, S\u00e3o Jo\u00e3o de Latr\u00e3o, 11 de fevereiro de 2025, mem\u00f3ria lit\u00fargica de Nossa Senhora de Lourdes.<\/em><\/p>\n<\/p>\n<blockquote data-instgrm-captioned data-instgrm-permalink=\"https:\/\/www.instagram.com\/p\/DG0jpFpMlah\/?utm_source=ig_embed&amp;utm_campaign=loading\" data-instgrm-version=\"14\">\n<div> <a href=\"https:\/\/www.instagram.com\/p\/DG0jpFpMlah\/?utm_source=ig_embed&amp;utm_campaign=loading\" target=\"_blank\" rel=\"noopener noreferrer nofollow\"> <\/p>\n<div>\n<div><\/div>\n<div>\n<div><\/div>\n<div><\/div>\n<\/div>\n<\/div>\n<div><\/div>\n<div><svg width=\"50px\" height=\"50px\" viewbox=\"0 0 60 60\" version=\"1.1\" xmlns=\"https:\/\/www.w3.org\/2000\/svg\" xmlns:xlink=\"https:\/\/www.w3.org\/1999\/xlink\"><g stroke=\"none\" stroke-width=\"1\" fill=\"none\" fill-rule=\"evenodd\"><g transform=\"translate(-511.000000, -20.000000)\" fill=\"#000000\"><g><path d=\"M556.869,30.41 C554.814,30.41 553.148,32.076 553.148,34.131 C553.148,36.186 554.814,37.852 556.869,37.852 C558.924,37.852 560.59,36.186 560.59,34.131 C560.59,32.076 558.924,30.41 556.869,30.41 M541,60.657 C535.114,60.657 530.342,55.887 530.342,50 C530.342,44.114 535.114,39.342 541,39.342 C546.887,39.342 551.658,44.114 551.658,50 C551.658,55.887 546.887,60.657 541,60.657 M541,33.886 C532.1,33.886 524.886,41.1 524.886,50 C524.886,58.899 532.1,66.113 541,66.113 C549.9,66.113 557.115,58.899 557.115,50 C557.115,41.1 549.9,33.886 541,33.886 M565.378,62.101 C565.244,65.022 564.756,66.606 564.346,67.663 C563.803,69.06 563.154,70.057 562.106,71.106 C561.058,72.155 560.06,72.803 558.662,73.347 C557.607,73.757 556.021,74.244 553.102,74.378 C549.944,74.521 548.997,74.552 541,74.552 C533.003,74.552 532.056,74.521 528.898,74.378 C525.979,74.244 524.393,73.757 523.338,73.347 C521.94,72.803 520.942,72.155 519.894,71.106 C518.846,70.057 518.197,69.06 517.654,67.663 C517.244,66.606 516.755,65.022 516.623,62.101 C516.479,58.943 516.448,57.996 516.448,50 C516.448,42.003 516.479,41.056 516.623,37.899 C516.755,34.978 517.244,33.391 517.654,32.338 C518.197,30.938 518.846,29.942 519.894,28.894 C520.942,27.846 521.94,27.196 523.338,26.654 C524.393,26.244 525.979,25.756 528.898,25.623 C532.057,25.479 533.004,25.448 541,25.448 C548.997,25.448 549.943,25.479 553.102,25.623 C556.021,25.756 557.607,26.244 558.662,26.654 C560.06,27.196 561.058,27.846 562.106,28.894 C563.154,29.942 563.803,30.938 564.346,32.338 C564.756,33.391 565.244,34.978 565.378,37.899 C565.522,41.056 565.552,42.003 565.552,50 C565.552,57.996 565.522,58.943 565.378,62.101 M570.82,37.631 C570.674,34.438 570.167,32.258 569.425,30.349 C568.659,28.377 567.633,26.702 565.965,25.035 C564.297,23.368 562.623,22.342 560.652,21.575 C558.743,20.834 556.562,20.326 553.369,20.18 C550.169,20.033 549.148,20 541,20 C532.853,20 531.831,20.033 528.631,20.18 C525.438,20.326 523.257,20.834 521.349,21.575 C519.376,22.342 517.703,23.368 516.035,25.035 C514.368,26.702 513.342,28.377 512.574,30.349 C511.834,32.258 511.326,34.438 511.181,37.631 C511.035,40.831 511,41.851 511,50 C511,58.147 511.035,59.17 511.181,62.369 C511.326,65.562 511.834,67.743 512.574,69.651 C513.342,71.625 514.368,73.296 516.035,74.965 C517.703,76.634 519.376,77.658 521.349,78.425 C523.257,79.167 525.438,79.673 528.631,79.82 C531.831,79.965 532.853,80.001 541,80.001 C549.148,80.001 550.169,79.965 553.369,79.82 C556.562,79.673 558.743,79.167 560.652,78.425 C562.623,77.658 564.297,76.634 565.965,74.965 C567.633,73.296 568.659,71.625 569.425,69.651 C570.167,67.743 570.674,65.562 570.82,62.369 C570.966,59.17 571,58.147 571,50 C571,41.851 570.966,40.831 570.82,37.631\"><\/path><\/g><\/g><\/g><\/svg><\/div>\n<div>\n<div>Ver essa foto no Instagram<\/div>\n<\/div>\n<div><\/div>\n<div>\n<div>\n<div><\/div>\n<div><\/div>\n<div><\/div>\n<\/div>\n<div>\n<div><\/div>\n<div><\/div>\n<\/div>\n<div>\n<div><\/div>\n<div><\/div>\n<div><\/div>\n<\/div>\n<\/div>\n<div>\n<div><\/div>\n<div><\/div>\n<\/div>\n<p><\/a><\/p>\n<p><a href=\"https:\/\/www.instagram.com\/p\/DG0jpFpMlah\/?utm_source=ig_embed&amp;utm_campaign=loading\" target=\"_blank\" rel=\"noopener noreferrer nofollow\">Uma publica\u00e7\u00e3o compartilhada por Confer\u00eancia Nacional dos Bispos do Brasil (@cnbbnacional)<\/a><\/p>\n<\/div>\n<\/blockquote>\n<h2>Entenda os elementos do cartaz da Campanha da Fraternidade<\/h2>\n<p>Veja o que significam cada um dos elementos do cartaz da Campanha da Fraternidade 2025, de acordo com a CNBB:<\/p>\n<h3>S\u00e3o Francisco de Assis<\/h3>\n<p>Em destaque, S\u00e3o Francisco de Assis representa o homem novo que viveu uma experi\u00eancia com o amor de Deus, em Jesus crucificado, e reconciliou\u2013se com Deus, com os irm\u00e3os e irm\u00e3s e com toda a cria\u00e7\u00e3o.<\/p>\n<p>Esta reconcilia\u00e7\u00e3o universal ganha sua maior express\u00e3o no C\u00e2ntico das Criaturas, composto por S\u00e3o Francisco h\u00e1 800 anos (1224). O recorte \u00e9 da obra do per\u00edodo barroco \u201c\u00caxtase de S\u00e3o Francisco de Assis\u201d, de Jusepe De Ribera.<\/p>\n<\/p>\n<figure><figcaption>S\u00e3o Francisco de Assis est\u00e1 no centro do cartaz da Campanha da Fraternidade. Imagem: Reprodu\u00e7\u00e3o CNBB<\/figcaption><\/figure>\n<\/p>\n<h3>Cruz<\/h3>\n<p>No centro, a Cruz \u00e9 um elemento importante na espiritualidade quaresmal e franciscana. No cartaz, ela<br \/>recorda a experi\u00eancia do Irm\u00e3o de Assis com o crucifixo da Igreja de S\u00e3o Dami\u00e3o, em Assis, na It\u00e1lia, onde<br \/>Francisco ouviu o pr\u00f3prio Cristo que falava com ele e o enviava para reconstruir a sua Igreja.<\/p>\n<p>No in\u00edcio, Francisco entendeu que era a pequena Igreja de S\u00e3o Dami\u00e3o. Mais tarde, compreendeu que se tratava de algo bem maior, a Igreja mesma de Deus. A Quaresma \u00e9 este tempo de reconstru\u00e7\u00e3o de cada crist\u00e3o, cada<br \/>comunidade, a sociedade e toda a Cria\u00e7\u00e3o, porque somos chamados \u00e0 convers\u00e3o.<\/p>\n<h3>Natureza<\/h3>\n<p>A arauc\u00e1ria, o ip\u00ea amarelo, o igarap\u00e9, o mandacaru, a on\u00e7a pintada e a araras canind\u00e9s, representam a fauna e a flora brasileiras em toda a sua exuber\u00e2ncia, que ao inv\u00e9s de serem exploradas de forma predat\u00f3ria, precisam ser<br \/>cuidadas e integradas pelo ser humano, chamado por Deus a ser o guarda e o cuidador de toda a Cria\u00e7\u00e3o.<\/p>\n<h3>Cidade<\/h3>\n<p>Os pr\u00e9dios e as favelas refletem o Brasil a cada dia mais urbano, onde se aglomeram verdadeiras multid\u00f5es num<br \/>estilo de vida distante da natureza e altamente prejudicial \u00e0 vida. Cada um de n\u00f3s, seres humanos, o campo, a<br \/>cidade, os animais, a vegeta\u00e7\u00e3o e as \u00e1guas fomos criados para ser, com a nossa vida, um verdadeiro \u201clouvor das<br \/>criaturas\u201d ao bom Deus.<\/p>\n<\/p>\n<\/p>\n<\/p>\n<\/p>\n<p><em>Por Girrana Rodrigues<\/em><\/p>\n<p>The post <a rel=\"nofollow\" href=\"https:\/\/tvtnews.com.br\/campanha-da-fraternidade-destaca-importancia-da-ecologia\/\">Campanha da Fraternidade 2025 destaca import\u00e2ncia da ecologia<\/a> appeared first on <a rel=\"nofollow\" href=\"https:\/\/tvtnews.com.br\/\">TVT News<\/a>.<\/p>\n<!-- Begin Yuzo --><div class='yuzo_related_post style-1'  data-version='5.12.89'><!-- without result --><div class='yuzo_clearfixed yuzo__title yuzo__title'><h3>Related Post<\/h3><\/div>\n\t\t\t\t\t\t  <div class=\"relatedthumb \" style=\"width:125px;float:left;overflow:hidden;\">  \n\t\t\t\t\t\t\t  \n\t\t\t\t\t\t\t  <a  href=\"https:\/\/redept.com.br\/blogosfera\/quatro-candidatos-disputam-a-eleicao-suplementar-para-prefeito-no-dia-12-de-abril-em-cachoeirinha-rs\/\"  >\n\t\t\t\t\t\t\t\t\t  <div class=\"yuzo-img-wrap \" style=\"width: 125px;height:90px;\">\n\t\t\t\t\t\t\t\t\t\t\n\t\t\t\t\t\t\t\t\t\t<div class=\"yuzo-img\" style=\"background:url('https:\/\/redept.org\/blogosfera\/wp-content\/plugins\/yuzo-related-post\/assets\/images\/default.png') 50% 50% no-repeat;width: 125px;height:90px;margin-bottom: 5px;background-size: cover; \"><\/div>\n\t\t\t\t\t\t\t\t\t  <\/div>\n\t\t\t\t\t\t\t\t\t  \n\t\t\t\t\t\t\t\t   <span class=\"yuzo__text--title\" style=\"font-size:13px;\">Quatro candidatos disputam a elei\u00e7\u00e3o suplementar p...<\/span>\n\t\t\t\t\t\t\t  \n\t\t\t\t\t\t\t  \n\t\t\t\t\t\t\t  <\/a>\n\n\t\t\t\t\t\t  <\/div>\n\t\t\t\t\t\t  <div class=\"relatedthumb \" style=\"width:125px;float:left;overflow:hidden;\">  \n\t\t\t\t\t\t\t  \n\t\t\t\t\t\t\t  <a  href=\"https:\/\/redept.com.br\/blogosfera\/um-mes-apos-agressao-militar-dos-eua-lula-e-liderancas-do-pt-saem-em-defesa-da-venezuela\/\"  >\n\t\t\t\t\t\t\t\t\t  <div class=\"yuzo-img-wrap \" style=\"width: 125px;height:90px;\">\n\t\t\t\t\t\t\t\t\t\t\n\t\t\t\t\t\t\t\t\t\t<div class=\"yuzo-img\" style=\"background:url('https:\/\/redept.org\/blogosfera\/wp-content\/plugins\/yuzo-related-post\/assets\/images\/default.png') 50% 50% no-repeat;width: 125px;height:90px;margin-bottom: 5px;background-size: cover; \"><\/div>\n\t\t\t\t\t\t\t\t\t  <\/div>\n\t\t\t\t\t\t\t\t\t  \n\t\t\t\t\t\t\t\t   <span class=\"yuzo__text--title\" style=\"font-size:13px;\">Um m\u00eas ap\u00f3s agress\u00e3o militar dos EUA, Lula e lider...<\/span>\n\t\t\t\t\t\t\t  \n\t\t\t\t\t\t\t  \n\t\t\t\t\t\t\t  <\/a>\n\n\t\t\t\t\t\t  <\/div>\n\t\t\t\t\t\t  <div class=\"relatedthumb \" style=\"width:125px;float:left;overflow:hidden;\">  \n\t\t\t\t\t\t\t  \n\t\t\t\t\t\t\t  <a  href=\"https:\/\/redept.com.br\/blogosfera\/livro-conta-a-historia-da-extincao-da-cientec-uma-instituicao-de-excelencia-para-a-industria-gaucha\/\"  >\n\t\t\t\t\t\t\t\t\t  <div class=\"yuzo-img-wrap \" style=\"width: 125px;height:90px;\">\n\t\t\t\t\t\t\t\t\t\t\n\t\t\t\t\t\t\t\t\t\t<div class=\"yuzo-img\" style=\"background:url('https:\/\/redept.com.br\/blogosfera\/wp-content\/uploads\/2025\/06\/Foto_Cientec-640x375-1-150x150.jpg') 50% 50% no-repeat;width: 125px;height:90px;margin-bottom: 5px;background-size: cover; \"><\/div>\n\t\t\t\t\t\t\t\t\t  <\/div>\n\t\t\t\t\t\t\t\t\t  \n\t\t\t\t\t\t\t\t   <span class=\"yuzo__text--title\" style=\"font-size:13px;\">Livro conta a hist\u00f3ria da extin\u00e7\u00e3o da Cientec, uma...<\/span>\n\t\t\t\t\t\t\t  \n\t\t\t\t\t\t\t  \n\t\t\t\t\t\t\t  <\/a>\n\n\t\t\t\t\t\t  <\/div>\n\t\t\t\t\t\t  <div class=\"relatedthumb \" style=\"width:125px;float:left;overflow:hidden;\">  \n\t\t\t\t\t\t\t  \n\t\t\t\t\t\t\t  <a  href=\"https:\/\/redept.com.br\/blogosfera\/ocidente-discute-garantias-de-seguranca-para-ucrania-e-russia-rejeita-presenca-da-otan-no-pais\/\"  >\n\t\t\t\t\t\t\t\t\t  <div class=\"yuzo-img-wrap \" style=\"width: 125px;height:90px;\">\n\t\t\t\t\t\t\t\t\t\t\n\t\t\t\t\t\t\t\t\t\t<div class=\"yuzo-img\" style=\"background:url('https:\/\/redept.org\/blogosfera\/wp-content\/plugins\/yuzo-related-post\/assets\/images\/default.png') 50% 50% no-repeat;width: 125px;height:90px;margin-bottom: 5px;background-size: cover; \"><\/div>\n\t\t\t\t\t\t\t\t\t  <\/div>\n\t\t\t\t\t\t\t\t\t  \n\t\t\t\t\t\t\t\t   <span class=\"yuzo__text--title\" style=\"font-size:13px;\">Ocidente discute garantias de seguran\u00e7a para Ucr\u00e2n...<\/span>\n\t\t\t\t\t\t\t  \n\t\t\t\t\t\t\t  \n\t\t\t\t\t\t\t  <\/a>\n\n\t\t\t\t\t\t  <\/div>\n<\/div> <script>\n\t\t\t\t\t\t  jQuery(document).ready(function( $ ){\n\t\t\t\t\t\t\t\/\/jQuery('.yuzo_related_post').equalizer({ overflow : 'relatedthumb' });\n\t\t\t\t\t\t\tjQuery('.yuzo_related_post .yuzo_wraps').equalizer({ columns : '> div' });\n\t\t\t\t\t\t   })\n\t\t\t\t\t\t  <\/script> <!-- End Yuzo :) -->","protected":false},"excerpt":{"rendered":"<p>Campanha da Fraternidade, lan\u00e7ada nesta quarta (5) pela CNBB pede mudan\u00e7a de atitude com meio ambiente. Papa divulga mensagem em apoio ao tema. Veja em TVT News. Confer\u00eancia Nacional dos Bispos do Brasil lan\u00e7a Campanha da Fraternidade 2025, com o tema Fraternidade e Ecologia Integral Hoje, dia 5 de mar\u00e7o, \u00e9 lan\u00e7ada pela Confer\u00eancia Nacional [&hellip;]<\/p>\n","protected":false},"author":2,"featured_media":0,"comment_status":"closed","ping_status":"closed","sticky":false,"template":"","format":"standard","meta":{"fifu_image_url":"","fifu_image_alt":"","footnotes":""},"categories":[264,4092,472,998],"tags":[],"class_list":["post-15552","post","type-post","status-publish","format-standard","hentry","category-cidadania","category-cnbb","category-destaque-ahome","category-papa"],"_links":{"self":[{"href":"https:\/\/redept.com.br\/blogosfera\/wp-json\/wp\/v2\/posts\/15552","targetHints":{"allow":["GET"]}}],"collection":[{"href":"https:\/\/redept.com.br\/blogosfera\/wp-json\/wp\/v2\/posts"}],"about":[{"href":"https:\/\/redept.com.br\/blogosfera\/wp-json\/wp\/v2\/types\/post"}],"author":[{"embeddable":true,"href":"https:\/\/redept.com.br\/blogosfera\/wp-json\/wp\/v2\/users\/2"}],"replies":[{"embeddable":true,"href":"https:\/\/redept.com.br\/blogosfera\/wp-json\/wp\/v2\/comments?post=15552"}],"version-history":[{"count":0,"href":"https:\/\/redept.com.br\/blogosfera\/wp-json\/wp\/v2\/posts\/15552\/revisions"}],"wp:attachment":[{"href":"https:\/\/redept.com.br\/blogosfera\/wp-json\/wp\/v2\/media?parent=15552"}],"wp:term":[{"taxonomy":"category","embeddable":true,"href":"https:\/\/redept.com.br\/blogosfera\/wp-json\/wp\/v2\/categories?post=15552"},{"taxonomy":"post_tag","embeddable":true,"href":"https:\/\/redept.com.br\/blogosfera\/wp-json\/wp\/v2\/tags?post=15552"}],"curies":[{"name":"wp","href":"https:\/\/api.w.org\/{rel}","templated":true}]}}