{"id":15676,"date":"2025-03-06T15:00:31","date_gmt":"2025-03-06T18:00:31","guid":{"rendered":"https:\/\/redept.org\/blogosfera\/alemanha-investe-500-bilhoes-de-euros-e-pressiona-uniao-europeia-por-rearmamento\/"},"modified":"2025-03-06T15:00:31","modified_gmt":"2025-03-06T18:00:31","slug":"alemanha-investe-500-bilhoes-de-euros-e-pressiona-uniao-europeia-por-rearmamento","status":"publish","type":"post","link":"https:\/\/redept.com.br\/blogosfera\/alemanha-investe-500-bilhoes-de-euros-e-pressiona-uniao-europeia-por-rearmamento\/","title":{"rendered":"Alemanha investe 500 bilh\u00f5es de euros e pressiona Uni\u00e3o Europeia por rearmamento"},"content":{"rendered":"<p><img fetchpriority=\"high\" width=\"1024\" height=\"448\"src=\"https:\/\/redept.org\/blogosfera\/wp-content\/uploads\/2025\/03\/cec050ed-6b1b-43c4-b672-fc0e2984df29.jpeg\" alt=\"\" decoding=\"async\" srcset=\"https:\/\/vermelho.org.br\/wp-content\/uploads\/2025\/03\/cec050ed-6b1b-43c4-b672-fc0e2984df29-1024x448.jpeg 1024w, https:\/\/vermelho.org.br\/wp-content\/uploads\/2025\/03\/cec050ed-6b1b-43c4-b672-fc0e2984df29-300x131.jpeg 300w, https:\/\/vermelho.org.br\/wp-content\/uploads\/2025\/03\/cec050ed-6b1b-43c4-b672-fc0e2984df29-768x336.jpeg 768w, https:\/\/redept.org\/blogosfera\/wp-content\/uploads\/2025\/03\/cec050ed-6b1b-43c4-b672-fc0e2984df29.jpeg 1200w\" sizes=\"(max-width: 1024px) 100vw, 1024px\"><\/p>\n<p>A Alemanha, representada pelo atual chanceler Olaf Scholz (SPD) e pelo l\u00edder conservador e chanceler eleito Friedrich Merz (CDU), apresenta nesta quinta (6), na c\u00fapula extraordin\u00e1ria da Uni\u00e3o Europeia, em Bruxelas, uma proposta para expandir os investimentos militares do bloco. A iniciativa reflete a escalada da militariza\u00e7\u00e3o europeia diante do colapso da ordem imperialista, em que interesses econ\u00f4micos da Uni\u00e3o Europeia (UE) e dos Estados Unidos se sobrep\u00f5em ao discurso de defesa da soberania ucraniana.<\/p>\n<p>O futuro chanceler anunciou na \u00faltima ter\u00e7a-feira (4) um pacote de 500 bilh\u00f5es de euros (cerca de R$ 3,1 trilh\u00f5es) em investimentos militares para os pr\u00f3ximos dez anos. O pronunciamento ocorreu ao lado de Markus S\u00f6der (CSU), Saskia Esken (SPD) e Lars Klingbeil (SPD), l\u00edderes dos partidos que negociam a forma\u00e7\u00e3o do pr\u00f3ximo governo.<\/p>\n<p>Al\u00e9m de prever um aumento significativo nos gastos com defesa, a proposta inclui uma altera\u00e7\u00e3o constitucional para isentar despesas militares acima de 1% do PIB do limite de endividamento p\u00fablico. \u00c9 uma guinada na postura de Friedrich Merz, que passou a campanha eleitoral defendendo a manuten\u00e7\u00e3o da Schuldenbremse \u2013 a regra constitucional que limita o endividamento p\u00fablico da Alemanha.<\/p>\n<p>Antes das elei\u00e7\u00f5es, o l\u00edder conservador criticava qualquer tentativa de flexibilizar essa norma e chegou a classificar a cria\u00e7\u00e3o de fundos especiais como um \u201cTaschenspielertrick\u201d (truque de ilusionismo) para contornar a disciplina fiscal. No entanto, diante do novo cen\u00e1rio internacional e da press\u00e3o dentro da Uni\u00e3o Europeia, Merz agora defende que os gastos com defesa acima de 1% do PIB fiquem isentos dessa restri\u00e7\u00e3o.<\/p>\n<p>\u201cAs elei\u00e7\u00f5es parlamentares de 2025 ocorreram h\u00e1 menos de dez dias e os eventos pol\u00edticos no mundo est\u00e3o se desenrolando rapidamente. Na Europa, as condi\u00e7\u00f5es em que devemos atuar na Alemanha mudaram mais r\u00e1pido do que poder\u00edamos prever na semana passada\u201d, disse Merz em seu pronunciamento na ter\u00e7a-feira (4), justificando a guinada em seu discurso sobre pol\u00edtica fiscal e defesa.<\/p>\n<p>A proposta j\u00e1 recebeu o aval do Partido Social-Democrata (SPD), que faz parte das negocia\u00e7\u00f5es para a forma\u00e7\u00e3o do novo governo. Durante o pronunciamento de ter\u00e7a, Lars Klingbeil e Saskia Esken, co-l\u00edderes da legenda, chamaram a flexibiliza\u00e7\u00e3o da Schuldenbremse de uma \u201cmedida necess\u00e1ria\u201d e destacaram que o plano de investimentos inclui, al\u00e9m do or\u00e7amento militar, um fundo especial de infraestrutura de outros 500 bilh\u00f5es de euros para os pr\u00f3ximos dez anos.<\/p>\n<p>Esse fundo dever\u00e1 destinar 100 bilh\u00f5es de euros aos estados federados, permitindo investimentos em \u00e1reas como transportes, digitaliza\u00e7\u00e3o e energia.<\/p>\n<p>A poss\u00edvel nova coaliz\u00e3o, por\u00e9m, quer aprovar a proposta antes mesmo da posse do novo governo, ainda dentro da legislatura vigente. A estrat\u00e9gia se justifica pelo fato de que a CDU\/CSU e o SPD ainda possuem, junto com os Verdes, uma maioria de dois ter\u00e7os no atual Bundestag, o que permite alterar a Constitui\u00e7\u00e3o sem depender de partidos da extrema direita ou da esquerda radical.<\/p>\n<p>Com a recomposi\u00e7\u00e3o do parlamento ap\u00f3s as elei\u00e7\u00f5es, essa maioria n\u00e3o estar\u00e1 mais garantida, j\u00e1 que os novos resultados deram maior peso \u00e0 Alternativa para a Alemanha (AfD), que promete bloquear qualquer mudan\u00e7a constitucional relacionada ao or\u00e7amento militar. Por isso, CDU\/CSU e SPD apostam em uma vota\u00e7\u00e3o acelerada, buscando aprovar o plano antes do in\u00edcio da nova legislatura.<\/p>\n<p><strong>Ind\u00fastria b\u00e9lica e o papel da Alemanha na nova ordem militar europeia<br \/><\/strong>A mudan\u00e7a na pol\u00edtica fiscal alem\u00e3 ocorre em um contexto mais amplo de reestrutura\u00e7\u00e3o do bloco europeu diante da incerteza sobre o papel dos Estados Unidos no conflito entre R\u00fassia e Ucr\u00e2nia. A proposta da Alemanha se insere no pacote mais amplo da Uni\u00e3o Europeia, anunciado pela presidente da Comiss\u00e3o Europeia, Ursula von der Leyen, que prev\u00ea a eleva\u00e7\u00e3o dos gastos militares do bloco em 800 bilh\u00f5es de euros.<\/p>\n<p>No entanto, nenhuma das medidas anunciadas at\u00e9 o momento inclui esfor\u00e7os diplom\u00e1ticos concretos para um cessar-fogo. Todas as solu\u00e7\u00f5es encontradas pelos l\u00edderes europeus caminham para o lado belicista.<\/p>\n<p>A incerteza sobre o comprometimento dos EUA com a Otan est\u00e1 acelerando o processo de remilitariza\u00e7\u00e3o do continente, com a Alemanha assumindo um protagonismo in\u00e9dito desde a 2\u00aa Guerra Mundial. Se antes Berlim era cautelosa com o crescimento de seu setor militar, hoje lidera o movimento de rearmamento europeu.<\/p>\n<p>E entre os principais beneficiados desse processo, claro, est\u00e3o as gigantes da ind\u00fastria b\u00e9lica, como a alem\u00e3 Rheinmetall, produtora dos tanques Leopard, e a Airbus, que atua na fabrica\u00e7\u00e3o de aeronaves militares.<\/p>\n<p><strong>Veja as empresas alem\u00e3s que passar\u00e3o ter maiores lucro:<\/strong><\/p>\n<ul>\n<li>Rheinmetall \u2013 Fabrica\u00e7\u00e3o de tanques, muni\u00e7\u00f5es e artilharia pesada.<\/li>\n<li>Airbus Defence and Space \u2013 Aeronaves militares e tecnologia espacial de defesa.<\/li>\n<li>Krauss-Maffei Wegmann (KMW) \u2013 Produ\u00e7\u00e3o dos tanques Leopard 2.<\/li>\n<li>Diehl Defence \u2013 Produ\u00e7\u00e3o de m\u00edsseis e sistemas de defesa a\u00e9rea.<\/li>\n<\/ul>\n<p>Na \u00faltima semana, a Rheinmetall anunciou que est\u00e1 convertendo f\u00e1bricas que antes produziam pe\u00e7as para a ind\u00fastria automobil\u00edstica em unidades para fabricar equipamentos militares, um sinal da mudan\u00e7a estrutural que a economia alem\u00e3 enfrenta sob a justificativa da seguran\u00e7a nacional.<\/p>\n<p>A Uni\u00e3o Europeia, por sua vez, segue a mesma l\u00f3gica de Washington: expandir sua influ\u00eancia econ\u00f4mica e militar sob o pretexto da defesa da democracia. O governo alem\u00e3o aposta que, ao abrir espa\u00e7o para o setor militar em seu or\u00e7amento, estar\u00e1 fortalecendo sua posi\u00e7\u00e3o como pot\u00eancia europeia.<\/p>\n<p>O discurso de defesa da Ucr\u00e2nia, no entanto, esconde o fato de que a depend\u00eancia de Kiev em rela\u00e7\u00e3o ao Ocidente cresce a cada dia, ao mesmo tempo em que a Uni\u00e3o Europeia fortalece sua pr\u00f3pria ind\u00fastria de defesa e se projeta como ator militar global.<\/p>\n<p><strong>O alerta da esquerda e a amea\u00e7a de uma nova corrida armamentista<br \/><\/strong>Setores da esquerda alem\u00e3 t\u00eam denunciado a nova pol\u00edtica de defesa como uma estrat\u00e9gia para consolidar um projeto econ\u00f4mico baseado no fortalecimento da ind\u00fastria militar em detrimento dos investimentos sociais. Jan van Aken, l\u00edder do Die Linke, classificou a decis\u00e3o de Merz e do SPD como uma \u201cdeclara\u00e7\u00e3o de fal\u00eancia pol\u00edtica\u201d e denunciou que a manobra para aprovar a mudan\u00e7a constitucional na legislatura vigente representa um \u201ccheque em branco para o rearmamento\u201d.<\/p>\n<p>O parlamentar afirmou que a esquerda estuda a possibilidade de contestar juridicamente a tramita\u00e7\u00e3o acelerada da proposta no Bundestag. A cr\u00edtica da esquerda n\u00e3o se limita ao aumento dos gastos militares, mas tamb\u00e9m ao uso pol\u00edtico da Schuldenbremse, a regra fiscal.<\/p>\n<p>\u201cQuando se trata de investimentos em infraestrutura, habita\u00e7\u00e3o ou sa\u00fade, a CDU e o SPD defendem o limite de endividamento. Mas quando o dinheiro vai para tanques e m\u00edsseis, de repente a regra pode ser ignorada\u201d, afirmou van Aken.<\/p>\n<p>A postura da Alemanha na c\u00fapula europeia tamb\u00e9m reflete uma mudan\u00e7a na pol\u00edtica externa do bloco. Enquanto pa\u00edses como Fran\u00e7a e Pol\u00f4nia pressionam por uma postura ainda mais agressiva em rela\u00e7\u00e3o \u00e0 R\u00fassia, partidos de esquerda como o Die Linke (A Esquerda) demonstram preocupa\u00e7\u00e3o com a possibilidade de uma nova corrida armamentista.<\/p>\n<p>A proposta alem\u00e3 de flexibilizar as regras fiscais para gastos militares cria um precedente que pode ser seguido por outras na\u00e7\u00f5es, intensificando o desmonte de pol\u00edticas de austeridade apenas quando isso favorece o setor militar.<\/p>\n<p>A crise do imperialismo ocidental fica evidente na contradi\u00e7\u00e3o entre o discurso europeu e suas a\u00e7\u00f5es. A Alemanha e a Uni\u00e3o Europeia n\u00e3o se posicionam como for\u00e7as de pacifica\u00e7\u00e3o, mas, sim, como novos atores em uma disputa por influ\u00eancia global, que n\u00e3o necessariamente fortalece a Ucr\u00e2nia, mas estimulam os interesses industriais e financeiros do bloco. O discurso da seguran\u00e7a esconde um projeto econ\u00f4mico e geopol\u00edtico que pode ter impactos irrevers\u00edveis para a estabilidade do continente.<\/p>\n<p>O post <a href=\"https:\/\/vermelho.org.br\/2025\/03\/06\/alemanha-investe-500-bilhoes-de-euros-e-pressiona-uniao-europeia-por-rearmamento\/\">Alemanha investe 500 bilh\u00f5es de euros e pressiona Uni\u00e3o Europeia por rearmamento<\/a> apareceu primeiro em <a href=\"https:\/\/vermelho.org.br\/\">Vermelho<\/a>.<\/p>\n<!-- Begin Yuzo --><div class='yuzo_related_post style-1'  data-version='5.12.89'><!-- without result --><div class='yuzo_clearfixed yuzo__title yuzo__title'><h3>Related Post<\/h3><\/div>\n\t\t\t\t\t\t  <div class=\"relatedthumb \" style=\"width:125px;float:left;overflow:hidden;\">  \n\t\t\t\t\t\t\t  \n\t\t\t\t\t\t\t  <a  href=\"https:\/\/redept.com.br\/blogosfera\/horrores-do-nazismo-tropas-alemas-destroem-o-gueto-de-varsovia\/\"  >\n\t\t\t\t\t\t\t\t\t  <div class=\"yuzo-img-wrap \" style=\"width: 125px;height:90px;\">\n\t\t\t\t\t\t\t\t\t\t\n\t\t\t\t\t\t\t\t\t\t<div class=\"yuzo-img\" style=\"background:url('https:\/\/redept.com.br\/blogosfera\/wp-content\/uploads\/2025\/05\/stroop_report_-_warsaw_ghetto_uprising_bw-150x150.jpg') 50% 50% no-repeat;width: 125px;height:90px;margin-bottom: 5px;background-size: cover; \"><\/div>\n\t\t\t\t\t\t\t\t\t  <\/div>\n\t\t\t\t\t\t\t\t\t  \n\t\t\t\t\t\t\t\t   <span class=\"yuzo__text--title\" style=\"font-size:13px;\">Horrores do nazismo: tropas alem\u00e3s destroem o Guet...<\/span>\n\t\t\t\t\t\t\t  \n\t\t\t\t\t\t\t  \n\t\t\t\t\t\t\t  <\/a>\n\n\t\t\t\t\t\t  <\/div>\n\t\t\t\t\t\t  <div class=\"relatedthumb \" style=\"width:125px;float:left;overflow:hidden;\">  \n\t\t\t\t\t\t\t  \n\t\t\t\t\t\t\t  <a  href=\"https:\/\/redept.com.br\/blogosfera\/deputados-aumentam-pena-de-prisao-para-quem-causar-incendios-florestais\/\"  >\n\t\t\t\t\t\t\t\t\t  <div class=\"yuzo-img-wrap \" style=\"width: 125px;height:90px;\">\n\t\t\t\t\t\t\t\t\t\t\n\t\t\t\t\t\t\t\t\t\t<div class=\"yuzo-img\" style=\"background:url('https:\/\/redept.com.br\/blogosfera\/wp-content\/uploads\/2025\/06\/20190822-queimadas-amaznia-1024x643134370-1-150x150.jpg') 50% 50% no-repeat;width: 125px;height:90px;margin-bottom: 5px;background-size: cover; \"><\/div>\n\t\t\t\t\t\t\t\t\t  <\/div>\n\t\t\t\t\t\t\t\t\t  \n\t\t\t\t\t\t\t\t   <span class=\"yuzo__text--title\" style=\"font-size:13px;\">Deputados aumentam pena de pris\u00e3o para quem causar...<\/span>\n\t\t\t\t\t\t\t  \n\t\t\t\t\t\t\t  \n\t\t\t\t\t\t\t  <\/a>\n\n\t\t\t\t\t\t  <\/div>\n\t\t\t\t\t\t  <div class=\"relatedthumb \" style=\"width:125px;float:left;overflow:hidden;\">  \n\t\t\t\t\t\t\t  \n\t\t\t\t\t\t\t  <a  href=\"https:\/\/redept.com.br\/blogosfera\/programa-luz-do-povo-levara-justica-energetica-para-os-brasileiros-destaca-wagner\/\"  >\n\t\t\t\t\t\t\t\t\t  <div class=\"yuzo-img-wrap \" style=\"width: 125px;height:90px;\">\n\t\t\t\t\t\t\t\t\t\t\n\t\t\t\t\t\t\t\t\t\t<div class=\"yuzo-img\" style=\"background:url('https:\/\/redept.org\/blogosfera\/wp-content\/plugins\/yuzo-related-post\/assets\/images\/default.png') 50% 50% no-repeat;width: 125px;height:90px;margin-bottom: 5px;background-size: cover; \"><\/div>\n\t\t\t\t\t\t\t\t\t  <\/div>\n\t\t\t\t\t\t\t\t\t  \n\t\t\t\t\t\t\t\t   <span class=\"yuzo__text--title\" style=\"font-size:13px;\">Programa Luz do Povo levar\u00e1 justi\u00e7a energ\u00e9tica par...<\/span>\n\t\t\t\t\t\t\t  \n\t\t\t\t\t\t\t  \n\t\t\t\t\t\t\t  <\/a>\n\n\t\t\t\t\t\t  <\/div>\n\t\t\t\t\t\t  <div class=\"relatedthumb \" style=\"width:125px;float:left;overflow:hidden;\">  \n\t\t\t\t\t\t\t  \n\t\t\t\t\t\t\t  <a  href=\"https:\/\/redept.com.br\/blogosfera\/barroso-anuncia-aposentadoria-do-stf-e-abre-corrida-pela-vaga\/\"  >\n\t\t\t\t\t\t\t\t\t  <div class=\"yuzo-img-wrap \" style=\"width: 125px;height:90px;\">\n\t\t\t\t\t\t\t\t\t\t\n\t\t\t\t\t\t\t\t\t\t<div class=\"yuzo-img\" style=\"background:url('https:\/\/redept.org\/blogosfera\/wp-content\/plugins\/yuzo-related-post\/assets\/images\/default.png') 50% 50% no-repeat;width: 125px;height:90px;margin-bottom: 5px;background-size: cover; \"><\/div>\n\t\t\t\t\t\t\t\t\t  <\/div>\n\t\t\t\t\t\t\t\t\t  \n\t\t\t\t\t\t\t\t   <span class=\"yuzo__text--title\" style=\"font-size:13px;\">Barroso anuncia aposentadoria do STF e abre corrid...<\/span>\n\t\t\t\t\t\t\t  \n\t\t\t\t\t\t\t  \n\t\t\t\t\t\t\t  <\/a>\n\n\t\t\t\t\t\t  <\/div>\n<\/div> <script>\n\t\t\t\t\t\t  jQuery(document).ready(function( $ ){\n\t\t\t\t\t\t\t\/\/jQuery('.yuzo_related_post').equalizer({ overflow : 'relatedthumb' });\n\t\t\t\t\t\t\tjQuery('.yuzo_related_post .yuzo_wraps').equalizer({ columns : '> div' });\n\t\t\t\t\t\t   })\n\t\t\t\t\t\t  <\/script> <!-- End Yuzo :) -->","protected":false},"excerpt":{"rendered":"<p>A Alemanha, representada pelo atual chanceler Olaf Scholz (SPD) e pelo l\u00edder conservador e chanceler eleito Friedrich Merz (CDU), apresenta nesta quinta (6), na c\u00fapula extraordin\u00e1ria da Uni\u00e3o Europeia, em Bruxelas, uma proposta para expandir os investimentos militares do bloco. A iniciativa reflete a escalada da militariza\u00e7\u00e3o europeia diante do colapso da ordem imperialista, em [&hellip;]<\/p>\n","protected":false},"author":2,"featured_media":15677,"comment_status":"closed","ping_status":"closed","sticky":false,"template":"","format":"standard","meta":{"fifu_image_url":"","fifu_image_alt":"","footnotes":""},"categories":[463,4117,2984,4118,50,3735,4119,2148,4120,4121,1170],"tags":[],"class_list":["post-15676","post","type-post","status-publish","format-standard","has-post-thumbnail","hentry","category-alemanha","category-crise-do-imperialismo","category-friedrich-merz","category-industria-belica","category-internacional","category-militarizacao","category-nato","category-otan","category-rearmamento","category-schuldenbremse","category-uniao-europeia"],"_links":{"self":[{"href":"https:\/\/redept.com.br\/blogosfera\/wp-json\/wp\/v2\/posts\/15676","targetHints":{"allow":["GET"]}}],"collection":[{"href":"https:\/\/redept.com.br\/blogosfera\/wp-json\/wp\/v2\/posts"}],"about":[{"href":"https:\/\/redept.com.br\/blogosfera\/wp-json\/wp\/v2\/types\/post"}],"author":[{"embeddable":true,"href":"https:\/\/redept.com.br\/blogosfera\/wp-json\/wp\/v2\/users\/2"}],"replies":[{"embeddable":true,"href":"https:\/\/redept.com.br\/blogosfera\/wp-json\/wp\/v2\/comments?post=15676"}],"version-history":[{"count":0,"href":"https:\/\/redept.com.br\/blogosfera\/wp-json\/wp\/v2\/posts\/15676\/revisions"}],"wp:featuredmedia":[{"embeddable":true,"href":"https:\/\/redept.com.br\/blogosfera\/wp-json\/wp\/v2\/media\/15677"}],"wp:attachment":[{"href":"https:\/\/redept.com.br\/blogosfera\/wp-json\/wp\/v2\/media?parent=15676"}],"wp:term":[{"taxonomy":"category","embeddable":true,"href":"https:\/\/redept.com.br\/blogosfera\/wp-json\/wp\/v2\/categories?post=15676"},{"taxonomy":"post_tag","embeddable":true,"href":"https:\/\/redept.com.br\/blogosfera\/wp-json\/wp\/v2\/tags?post=15676"}],"curies":[{"name":"wp","href":"https:\/\/api.w.org\/{rel}","templated":true}]}}