{"id":15797,"date":"2025-03-07T16:06:44","date_gmt":"2025-03-07T19:06:44","guid":{"rendered":"https:\/\/redept.org\/blogosfera\/mst-celebra-conquistas-mas-lembra-que-ainda-ha-um-longo-caminho-para-a-reforma-agraria\/"},"modified":"2025-03-07T16:06:44","modified_gmt":"2025-03-07T19:06:44","slug":"mst-celebra-conquistas-mas-lembra-que-ainda-ha-um-longo-caminho-para-a-reforma-agraria","status":"publish","type":"post","link":"https:\/\/redept.com.br\/blogosfera\/mst-celebra-conquistas-mas-lembra-que-ainda-ha-um-longo-caminho-para-a-reforma-agraria\/","title":{"rendered":"MST celebra conquistas mas lembra que ainda h\u00e1 um longo caminho para a Reforma Agr\u00e1ria"},"content":{"rendered":"<figure><img fetchpriority=\"high\" fetchpriority=\"high\" decoding=\"async\" width=\"1024\" height=\"695\" src=\"https:\/\/redept.org\/blogosfera\/wp-content\/uploads\/2025\/03\/WhatsApp-Image-2025-03-07-at-13.35.26-1024x695-1.jpeg\" alt=\"\" srcset=\"https:\/\/redept.org\/blogosfera\/wp-content\/uploads\/2025\/03\/WhatsApp-Image-2025-03-07-at-13.35.26-1024x695-1.jpeg 1024w, https:\/\/mst.org.br\/wp-content\/uploads\/2025\/03\/WhatsApp-Image-2025-03-07-at-13.35.26-300x204.jpeg 300w, https:\/\/mst.org.br\/wp-content\/uploads\/2025\/03\/WhatsApp-Image-2025-03-07-at-13.35.26-768x521.jpeg 768w, https:\/\/mst.org.br\/wp-content\/uploads\/2025\/03\/WhatsApp-Image-2025-03-07-at-13.35.26-1536x1042.jpeg 1536w, https:\/\/mst.org.br\/wp-content\/uploads\/2025\/03\/WhatsApp-Image-2025-03-07-at-13.35.26.jpeg 1920w\" sizes=\"(max-width: 1024px) 100vw, 1024px\"><figcaption><em>Presidente Lula visitou o agora assentamento Quilombo Campo Grande em MG, em que fez alguns an\u00fancios para a Reforma Agr\u00e1ria. Foto: Ricardo Stuckert<\/em><\/figcaption><\/figure>\n<p><em>Da P\u00e1gina do MST<\/em><\/p>\n<p>Nesta sexta-feira (7), o MST celebrou no acampamento Quilombo Campo Grande \u2013 que, a partir de agora, pode ser chamado de assentamento \u2013, em Campo do Meio, MG, uma s\u00e9rie de conquistas. Os an\u00fancios feitos pelo presidente Lula foram nas \u00e1reas da aquisi\u00e7\u00e3o de terras, desenvolvimento de assentamentos, fomento \u00e0 produ\u00e7\u00e3o de alimentos e educa\u00e7\u00e3o do campo.<\/p>\n<p>O Movimento entende que as entregas anunciadas s\u00e3o fruto, acima de tudo, da luta que as fam\u00edlias Sem Terra v\u00eam fazendo debaixo da lona preta, nas ocupa\u00e7\u00f5es, marchas, ao longo desses 41 anos. \u00c9 a resist\u00eancia de cada fam\u00edlia acampada que assegurou essas conquistas. No entanto, ainda h\u00e1 um longo caminho para a Reforma Agr\u00e1ria avan\u00e7ar na intensidade e urg\u00eancia que necessita no Brasil.<\/p>\n<p>Ap\u00f3s dois anos de espera, o governo federal d\u00e1 uma importante sinaliza\u00e7\u00e3o para as 120 mil fam\u00edlias acampadas em todo o pa\u00eds. Compreendemos que essa \u00e9 uma primeira e efetiva demonstra\u00e7\u00e3o concreta de compromisso com nossa bandeira da Reforma Agr\u00e1ria, sendo necess\u00e1rio avan\u00e7armos com mais intensidade a partir de agora.<\/p>\n<figure><img decoding=\"async\" width=\"1024\" height=\"682\" src=\"https:\/\/redept.org\/blogosfera\/wp-content\/uploads\/2025\/03\/WhatsApp-Image-2025-03-07-at-13.19.44-1024x682-1.jpeg\" alt=\"\" srcset=\"https:\/\/redept.org\/blogosfera\/wp-content\/uploads\/2025\/03\/WhatsApp-Image-2025-03-07-at-13.19.44-1024x682-1.jpeg 1024w, https:\/\/mst.org.br\/wp-content\/uploads\/2025\/03\/WhatsApp-Image-2025-03-07-at-13.19.44-300x200.jpeg 300w, https:\/\/mst.org.br\/wp-content\/uploads\/2025\/03\/WhatsApp-Image-2025-03-07-at-13.19.44-768x512.jpeg 768w, https:\/\/mst.org.br\/wp-content\/uploads\/2025\/03\/WhatsApp-Image-2025-03-07-at-13.19.44.jpeg 1280w\" sizes=\"(max-width: 1024px) 100vw, 1024px\"><figcaption><em>Ato de conquista da terra contou com a participa\u00e7\u00e3o massiva de trabalhadores do MST, autoridades e parceiros da luta pela terra. Foto: Lucas Bois e Sara Gehren<\/em><\/figcaption><\/figure>\n<p>Diante da alta do pre\u00e7o dos alimentos, a Reforma Agr\u00e1ria Popular precisa estar na agenda pol\u00edtica do governo como uma medida concreta para combater este cen\u00e1rio. O agroneg\u00f3cio j\u00e1 demonstrou que est\u00e1 mais interessado em lucrar com suas exporta\u00e7\u00f5es, enquanto deixa o povo brasileiro sem comida.<\/p>\n<p>Desse modo, reafirmamos nosso compromisso em seguir defendendo esse governo, frente ao enfrentamento ao fascismo, por meio da nossa luta pela Reforma Agr\u00e1ria Popular. \u00c9 com a defesa da nossa hist\u00f3rica bandeira que poderemos contribuir para a constru\u00e7\u00e3o de um pa\u00eds mais justo e igualit\u00e1rio. Com os aromas de luta das mulheres Sem Terra neste m\u00eas de mar\u00e7o, seguiremos nossa longa marcha!<\/p>\n<p><em>Campo do Meio, MG, 7 de mar\u00e7o de 2025<br \/>Movimento dos Trabalhadores Rurais Sem Terra<\/em><\/p>\n<p>O post <a href=\"https:\/\/mst.org.br\/2025\/03\/07\/mst-celebra-conquistas-mas-lembra-que-ainda-ha-um-longo-caminho-para-a-reforma-agraria\/\">MST celebra conquistas mas lembra que ainda h\u00e1 um longo caminho para a Reforma Agr\u00e1ria<\/a> apareceu primeiro em <a href=\"https:\/\/mst.org.br\/\">MST<\/a>.<\/p>\n<!-- Begin Yuzo --><div class='yuzo_related_post style-1'  data-version='5.12.89'><!-- without result --><div class='yuzo_clearfixed yuzo__title yuzo__title'><h3>Related Post<\/h3><\/div>\n\t\t\t\t\t\t  <div class=\"relatedthumb \" style=\"width:125px;float:left;overflow:hidden;\">  \n\t\t\t\t\t\t\t  \n\t\t\t\t\t\t\t  <a  href=\"https:\/\/redept.com.br\/blogosfera\/toffoli-intervem-na-farra-da-pec-da-blindagem-e-da-10-dias-para-camara-prestar-informacoes-sobre-votacao\/\"  >\n\t\t\t\t\t\t\t\t\t  <div class=\"yuzo-img-wrap \" style=\"width: 125px;height:90px;\">\n\t\t\t\t\t\t\t\t\t\t\n\t\t\t\t\t\t\t\t\t\t<div class=\"yuzo-img\" style=\"background:url('https:\/\/redept.org\/blogosfera\/wp-content\/plugins\/yuzo-related-post\/assets\/images\/default.png') 50% 50% no-repeat;width: 125px;height:90px;margin-bottom: 5px;background-size: cover; \"><\/div>\n\t\t\t\t\t\t\t\t\t  <\/div>\n\t\t\t\t\t\t\t\t\t  \n\t\t\t\t\t\t\t\t   <span class=\"yuzo__text--title\" style=\"font-size:13px;\">Toffoli interv\u00e9m na farra da PEC da Blindagem e d\u00e1...<\/span>\n\t\t\t\t\t\t\t  \n\t\t\t\t\t\t\t  \n\t\t\t\t\t\t\t  <\/a>\n\n\t\t\t\t\t\t  <\/div>\n\t\t\t\t\t\t  <div class=\"relatedthumb \" style=\"width:125px;float:left;overflow:hidden;\">  \n\t\t\t\t\t\t\t  \n\t\t\t\t\t\t\t  <a  href=\"https:\/\/redept.com.br\/blogosfera\/governo-notifica-vitimas-da-fraude-de-descontos-nesta-terca-13-por-meio-do-app-meu-inss-saiba-como-baixar\/\"  >\n\t\t\t\t\t\t\t\t\t  <div class=\"yuzo-img-wrap \" style=\"width: 125px;height:90px;\">\n\t\t\t\t\t\t\t\t\t\t\n\t\t\t\t\t\t\t\t\t\t<div class=\"yuzo-img\" style=\"background:url('https:\/\/redept.org\/blogosfera\/wp-content\/plugins\/yuzo-related-post\/assets\/images\/default.png') 50% 50% no-repeat;width: 125px;height:90px;margin-bottom: 5px;background-size: cover; \"><\/div>\n\t\t\t\t\t\t\t\t\t  <\/div>\n\t\t\t\t\t\t\t\t\t  \n\t\t\t\t\t\t\t\t   <span class=\"yuzo__text--title\" style=\"font-size:13px;\">Governo notifica v\u00edtimas da fraude de descontos ne...<\/span>\n\t\t\t\t\t\t\t  \n\t\t\t\t\t\t\t  \n\t\t\t\t\t\t\t  <\/a>\n\n\t\t\t\t\t\t  <\/div>\n\t\t\t\t\t\t  <div class=\"relatedthumb \" style=\"width:125px;float:left;overflow:hidden;\">  \n\t\t\t\t\t\t\t  \n\t\t\t\t\t\t\t  <a  href=\"https:\/\/redept.com.br\/blogosfera\/eua-recuam-em-ambicoes-de-mudanca-de-regime-no-ira-hegseth-esclarece-limites-apos-strikes-desastrosos\/\"  >\n\t\t\t\t\t\t\t\t\t  <div class=\"yuzo-img-wrap \" style=\"width: 125px;height:90px;\">\n\t\t\t\t\t\t\t\t\t\t\n\t\t\t\t\t\t\t\t\t\t<div class=\"yuzo-img\" style=\"background:url('https:\/\/redept.org\/blogosfera\/wp-content\/plugins\/yuzo-related-post\/assets\/images\/default.png') 50% 50% no-repeat;width: 125px;height:90px;margin-bottom: 5px;background-size: cover; \"><\/div>\n\t\t\t\t\t\t\t\t\t  <\/div>\n\t\t\t\t\t\t\t\t\t  \n\t\t\t\t\t\t\t\t   <span class=\"yuzo__text--title\" style=\"font-size:13px;\">EUA recuam em ambi\u00e7\u00f5es de mudan\u00e7a de regime no Ir\u00e3...<\/span>\n\t\t\t\t\t\t\t  \n\t\t\t\t\t\t\t  \n\t\t\t\t\t\t\t  <\/a>\n\n\t\t\t\t\t\t  <\/div>\n\t\t\t\t\t\t  <div class=\"relatedthumb \" style=\"width:125px;float:left;overflow:hidden;\">  \n\t\t\t\t\t\t\t  \n\t\t\t\t\t\t\t  <a  href=\"https:\/\/redept.com.br\/blogosfera\/vigilia-no-rs-cobra-fim-dos-feminicidios-e-responsabiliza-estado-por-politicas-de-prevencao\/\"  >\n\t\t\t\t\t\t\t\t\t  <div class=\"yuzo-img-wrap \" style=\"width: 125px;height:90px;\">\n\t\t\t\t\t\t\t\t\t\t\n\t\t\t\t\t\t\t\t\t\t<div class=\"yuzo-img\" style=\"background:url('https:\/\/redept.org\/blogosfera\/wp-content\/plugins\/yuzo-related-post\/assets\/images\/default.png') 50% 50% no-repeat;width: 125px;height:90px;margin-bottom: 5px;background-size: cover; \"><\/div>\n\t\t\t\t\t\t\t\t\t  <\/div>\n\t\t\t\t\t\t\t\t\t  \n\t\t\t\t\t\t\t\t   <span class=\"yuzo__text--title\" style=\"font-size:13px;\">Vig\u00edlia no RS cobra fim dos feminic\u00eddios e respons...<\/span>\n\t\t\t\t\t\t\t  \n\t\t\t\t\t\t\t  \n\t\t\t\t\t\t\t  <\/a>\n\n\t\t\t\t\t\t  <\/div>\n<\/div> <script>\n\t\t\t\t\t\t  jQuery(document).ready(function( $ ){\n\t\t\t\t\t\t\t\/\/jQuery('.yuzo_related_post').equalizer({ overflow : 'relatedthumb' });\n\t\t\t\t\t\t\tjQuery('.yuzo_related_post .yuzo_wraps').equalizer({ columns : '> div' });\n\t\t\t\t\t\t   })\n\t\t\t\t\t\t  <\/script> <!-- End Yuzo :) -->","protected":false},"excerpt":{"rendered":"<p>Presidente Lula visitou o agora assentamento Quilombo Campo Grande em MG, em que fez alguns an\u00fancios para a Reforma Agr\u00e1ria. Foto: Ricardo Stuckert Da P\u00e1gina do MST Nesta sexta-feira (7), o MST celebrou no acampamento Quilombo Campo Grande \u2013 que, a partir de agora, pode ser chamado de assentamento \u2013, em Campo do Meio, MG, [&hellip;]<\/p>\n","protected":false},"author":2,"featured_media":15798,"comment_status":"open","ping_status":"closed","sticky":false,"template":"","format":"standard","meta":{"fifu_image_url":"","fifu_image_alt":"","footnotes":""},"categories":[3117,4147,407,17,316,4148,321,191,199],"tags":[],"class_list":["post-15797","post","type-post","status-publish","format-standard","has-post-thumbnail","hentry","category-assentamentos","category-conquistas","category-educacao-do-campo","category-governo-lula","category-minas-gerais","category-nota-publica","category-notas","category-noticias","category-producao-de-alimentos"],"_links":{"self":[{"href":"https:\/\/redept.com.br\/blogosfera\/wp-json\/wp\/v2\/posts\/15797","targetHints":{"allow":["GET"]}}],"collection":[{"href":"https:\/\/redept.com.br\/blogosfera\/wp-json\/wp\/v2\/posts"}],"about":[{"href":"https:\/\/redept.com.br\/blogosfera\/wp-json\/wp\/v2\/types\/post"}],"author":[{"embeddable":true,"href":"https:\/\/redept.com.br\/blogosfera\/wp-json\/wp\/v2\/users\/2"}],"replies":[{"embeddable":true,"href":"https:\/\/redept.com.br\/blogosfera\/wp-json\/wp\/v2\/comments?post=15797"}],"version-history":[{"count":0,"href":"https:\/\/redept.com.br\/blogosfera\/wp-json\/wp\/v2\/posts\/15797\/revisions"}],"wp:featuredmedia":[{"embeddable":true,"href":"https:\/\/redept.com.br\/blogosfera\/wp-json\/wp\/v2\/media\/15798"}],"wp:attachment":[{"href":"https:\/\/redept.com.br\/blogosfera\/wp-json\/wp\/v2\/media?parent=15797"}],"wp:term":[{"taxonomy":"category","embeddable":true,"href":"https:\/\/redept.com.br\/blogosfera\/wp-json\/wp\/v2\/categories?post=15797"},{"taxonomy":"post_tag","embeddable":true,"href":"https:\/\/redept.com.br\/blogosfera\/wp-json\/wp\/v2\/tags?post=15797"}],"curies":[{"name":"wp","href":"https:\/\/api.w.org\/{rel}","templated":true}]}}