{"id":16082,"date":"2025-03-09T11:15:32","date_gmt":"2025-03-09T14:15:32","guid":{"rendered":"https:\/\/redept.org\/blogosfera\/ousar-viver-historias-da-maria-de-tendler-tera-exibicao-gratuita-no-rj\/"},"modified":"2025-03-09T11:15:32","modified_gmt":"2025-03-09T14:15:32","slug":"ousar-viver-historias-da-maria-de-tendler-tera-exibicao-gratuita-no-rj","status":"publish","type":"post","link":"https:\/\/redept.com.br\/blogosfera\/ousar-viver-historias-da-maria-de-tendler-tera-exibicao-gratuita-no-rj\/","title":{"rendered":"\u201cOusar Viver! Hist\u00f3rias da Maria\u201d, de Tendler, ter\u00e1 exibi\u00e7\u00e3o gratuita no RJ"},"content":{"rendered":"<p><img loading=\"lazy\" width=\"897\" height=\"600\"src=\"https:\/\/redept.org\/blogosfera\/wp-content\/uploads\/2025\/03\/c1f8ab64-dd3f-4438-abc9-9e04e1bad4f1.jpeg\" alt=\"\" decoding=\"async\" loading=\"lazy\" srcset=\"https:\/\/redept.org\/blogosfera\/wp-content\/uploads\/2025\/03\/c1f8ab64-dd3f-4438-abc9-9e04e1bad4f1.jpeg 897w, https:\/\/vermelho.org.br\/wp-content\/uploads\/2025\/03\/c1f8ab64-dd3f-4438-abc9-9e04e1bad4f1-300x201.jpeg 300w, https:\/\/vermelho.org.br\/wp-content\/uploads\/2025\/03\/c1f8ab64-dd3f-4438-abc9-9e04e1bad4f1-768x514.jpeg 768w, https:\/\/vermelho.org.br\/wp-content\/uploads\/2025\/03\/c1f8ab64-dd3f-4438-abc9-9e04e1bad4f1-272x182.jpeg 272w\" sizes=\"auto, (max-width: 897px) 100vw, 897px\"><\/p>\n<p>Chegou a vez do Rio de Janeiro exibir o vibrante document\u00e1rio \u201cOusar Viver! Hist\u00f3rias da Maria\u201d, com roteiro e dire\u00e7\u00e3o de Silvio Tendler sobre a vida da carioca Maria Pimentel, ativista que completou 60 anos de milit\u00e2ncia residindo em S\u00e3o Paulo.<\/p>\n<p>Com fotografia de L\u00facio Kodato, composi\u00e7\u00f5es do maestro Marcus Vin\u00edcius, som de Geraldo Ribeiro e produ\u00e7\u00e3o do Instituto Angelim, o longa metragem ser\u00e1 exibido gratuitamente \u00e0s 20h30 da pr\u00f3xima ter\u00e7a-feira (11), na Esta\u00e7\u00e3o Net Botafogo. A obra fala de uma vida de combate, entrega e supera\u00e7\u00e3o onde a cada momento aflora a dedica\u00e7\u00e3o ao Brasil e \u00e0 Humanidade.<\/p>\n<p>Para Silvio Tendler, \u201ca proposta \u00e9 realizar uma conversa aberta sobre g\u00eanero, milit\u00e2ncia e ideologia, apoiada em depoimentos de pessoas que conheceram L\u00facia Maria em diferentes fases de sua vida\u201d. \u201cQueremos mostrar que a luta pela democracia n\u00e3o foi apenas um esfor\u00e7o de um grupo seleto, mas envolveu a dedica\u00e7\u00e3o de muitas mulheres, que frequentemente permanecem invis\u00edveis na hist\u00f3ria\u201d, acrescentou.<\/p>\n<p>\u201cEste \u00e9 o resgate de uma mem\u00f3ria impag\u00e1vel, o exemplo do que deve ser a pol\u00edtica em nosso pa\u00eds\u201d, sintetizou o diretor de fotografia do filme, L\u00facio Kodato, fundador da Associa\u00e7\u00e3o Brasileira de Cinematografia (ABC).<\/p>\n<p>Kodato recordou que Silvio Tendler viu no filme sobre Maria Pimentel, dirigente da Central dos Trabalhadores e Trabalhadoras do Brasil (CTB) hoje com 77 anos, \u201ca grande chance de resgatar uma figura feminina, ao mesmo tempo em que estava finalizando o de Brizola\u201d. \u201cEnt\u00e3o, abra\u00e7ou com unhas e dentes, deixando para o futuro uma hist\u00f3ria de grande import\u00e2ncia que poucos conhecem. Eu mesmo n\u00e3o tinha no\u00e7\u00e3o do trabalho desempenhado por ela durante a ditadura\u201d, declarou.<\/p>\n<p>Com uma reconhecida carreira no cinema, Kodato recebeu o pr\u00eamio de \u201cMelhor Fotografia\u201d no XIV Festival de Bras\u00edlia do Cinema Brasileiro com o longa metragem Xingu\/Terra, e produziu v\u00eddeos musicais para Jo\u00e3o Gilberto, Paralamas do Sucesso e Yamandu Costa.<\/p>\n<p><strong>\u201cA HUMANIDADE TRIUNFAR\u00c1 CONTRA O OBSCURANTISMO\u201d<\/strong><\/p>\n<p>\u201cOusar Viver \u00e9 um filme\u00a0<em>sobre o futuro<\/em>, pois projeta a presen\u00e7a certa dos militantes do sonho, como Maria Pimentel e seus companheiros de todas as \u00e9pocas, naquela luta final referida na letra de\u00a0<em>A Internacional<\/em>: aquela luta em que a Humanidade triunfar\u00e1 contra o obscurantismo\u201d, ressaltou Marcus Vinicius, diretor da Associa\u00e7\u00e3o de M\u00fasicos, Arranjadores e Regentes (AMAR).<\/p>\n<p>\u201cPara mim, \u00e9 extremamente significativo que um cineasta da import\u00e2ncia do Silvio Tendler \u2013 que sempre priorizou a Hist\u00f3ria em seus filmes -, tenha abra\u00e7ado um epis\u00f3dio cuja protagonista ainda est\u00e1 presente e ativa politicamente, podendo inclusive ser indagada pelo pr\u00f3prio diretor ao longo do filme\u201d, ressaltou o maestro Marcus Vinicius. <\/p>\n<p>Mais gratificante ainda, assinalou, \u201c\u00e9 constatar que Silvio est\u00e1 enfatizando um compromisso com a juventude, a qual realmente necessita ser atendida no que respeita ao conhecimento da hist\u00f3ria e das quest\u00f5es nacionais\u201d, pois \u201cse os intelectuais e artistas qualificados e respons\u00e1veis deste pa\u00eds n\u00e3o assumirem esse compromisso, o risco \u00e9 que essas novas gera\u00e7\u00f5es terminem sendo pol\u00edtica e historicamente formadas pelos palpiteiros da grande m\u00eddia ou mesmo pelos mecanismos educacionais existentes, prec\u00e1rios em grande parte, com exce\u00e7\u00f5es\u201d.<\/p>\n<p>Entre os in\u00fameros depoimentos do document\u00e1rio \u201cOusar Viver!\u201d, encontram-se os do historiador Daniel Aar\u00e3o Reis Filho; do jornalista Franklin Martins; da ex-presidente da Federa\u00e7\u00e3o Democr\u00e1tica Internacional de Mulheres (FDIM), M\u00e1rcia Campos; da ex-vereadora de S\u00e3o Paulo, Lidia Correa; de Mariana, Carmem Silvia e Jos\u00e9 Almino, filhos do ex-governador de Pernambuco, Miguel Arraes, que conviveram com \u201cAndrea\u201d na Arg\u00e9lia; de Luiz Rodolfo (Gaiola), lideran\u00e7a estudantil do Rio; de dirigentes internacionais de trabalhadores, como Valentin Pacho, e de Carlos Pereira e Suzana Lischinsky, seus camaradas na \u00e9poca e atualmente amigos e jornalistas na reda\u00e7\u00e3o da Hora do Povo.<\/p>\n<p>O argumento foi desenvolvido por Fab\u00edola Notari, Lenice Antunez, Maria Beatriz Rocha, Mirlene Sim\u00f5es e Monica Fonseca Severo.<\/p>\n<p>Data: Ter\u00e7a-feira, 11 de mar\u00e7o de 2025<\/p>\n<p>Hor\u00e1rio: 20h30<\/p>\n<p>Local: Esta\u00e7\u00e3o Net Botafogo \u2013Rua Volunt\u00e1rios da P\u00e1tria, 88 @estacaonetdecinema<br \/>Vagas limitadas! Garanta seu lugar preenchendo o formul\u00e1rio:\u00a0<a href=\"https:\/\/forms.gle\/nEk4mbkbvHdZymZi7\">https:\/\/forms.gle\/nEk4mbkbvHdZymZi7<\/a><\/p>\n<p>O post <a href=\"https:\/\/vermelho.org.br\/2025\/03\/09\/ousar-viver-historias-da-maria-de-tendler-tera-exibicao-gratuita-no-rj\/\">\u201cOusar Viver! Hist\u00f3rias da Maria\u201d, de Tendler, ter\u00e1 exibi\u00e7\u00e3o gratuita no RJ<\/a> apareceu primeiro em <a href=\"https:\/\/vermelho.org.br\/\">Vermelho<\/a>.<\/p>\n<!-- Begin Yuzo --><div class='yuzo_related_post style-1'  data-version='5.12.89'><!-- without result --><div class='yuzo_clearfixed yuzo__title yuzo__title'><h3>Related Post<\/h3><\/div>\n\t\t\t\t\t\t  <div class=\"relatedthumb \" style=\"width:125px;float:left;overflow:hidden;\">  \n\t\t\t\t\t\t\t  \n\t\t\t\t\t\t\t  <a  href=\"https:\/\/redept.com.br\/blogosfera\/governo-envia-acordo-mercosul-ue-ao-congresso-e-tenta-acelerar-vigencia-provisoria\/\"  >\n\t\t\t\t\t\t\t\t\t  <div class=\"yuzo-img-wrap \" style=\"width: 125px;height:90px;\">\n\t\t\t\t\t\t\t\t\t\t\n\t\t\t\t\t\t\t\t\t\t<div class=\"yuzo-img\" style=\"background:url('https:\/\/redept.com.br\/blogosfera\/wp-content\/uploads\/2026\/01\/alckmin-150x150.jpg') 50% 50% no-repeat;width: 125px;height:90px;margin-bottom: 5px;background-size: cover; \"><\/div>\n\t\t\t\t\t\t\t\t\t  <\/div>\n\t\t\t\t\t\t\t\t\t  \n\t\t\t\t\t\t\t\t   <span class=\"yuzo__text--title\" style=\"font-size:13px;\">Governo envia acordo Mercosul-UE ao Congresso e te...<\/span>\n\t\t\t\t\t\t\t  \n\t\t\t\t\t\t\t  \n\t\t\t\t\t\t\t  <\/a>\n\n\t\t\t\t\t\t  <\/div>\n\t\t\t\t\t\t  <div class=\"relatedthumb \" style=\"width:125px;float:left;overflow:hidden;\">  \n\t\t\t\t\t\t\t  \n\t\t\t\t\t\t\t  <a  href=\"https:\/\/redept.com.br\/blogosfera\/ensino-tecnico-deve-incorporar-saberes-de-povos-indigenas-e-quilombolas-decidem-senadores\/\"  >\n\t\t\t\t\t\t\t\t\t  <div class=\"yuzo-img-wrap \" style=\"width: 125px;height:90px;\">\n\t\t\t\t\t\t\t\t\t\t\n\t\t\t\t\t\t\t\t\t\t<div class=\"yuzo-img\" style=\"background:url('https:\/\/redept.org\/blogosfera\/wp-content\/plugins\/yuzo-related-post\/assets\/images\/default.png') 50% 50% no-repeat;width: 125px;height:90px;margin-bottom: 5px;background-size: cover; \"><\/div>\n\t\t\t\t\t\t\t\t\t  <\/div>\n\t\t\t\t\t\t\t\t\t  \n\t\t\t\t\t\t\t\t   <span class=\"yuzo__text--title\" style=\"font-size:13px;\">Ensino t\u00e9cnico deve incorporar saberes de povos in...<\/span>\n\t\t\t\t\t\t\t  \n\t\t\t\t\t\t\t  \n\t\t\t\t\t\t\t  <\/a>\n\n\t\t\t\t\t\t  <\/div>\n\t\t\t\t\t\t  <div class=\"relatedthumb \" style=\"width:125px;float:left;overflow:hidden;\">  \n\t\t\t\t\t\t\t  \n\t\t\t\t\t\t\t  <a  href=\"https:\/\/redept.com.br\/blogosfera\/chanceler-alemao-de-direita-voltou-para-berlim-da-cop30-dizendo-que-nao-via-a-hora-de-sair-daquele-lugar-video\/\"  >\n\t\t\t\t\t\t\t\t\t  <div class=\"yuzo-img-wrap \" style=\"width: 125px;height:90px;\">\n\t\t\t\t\t\t\t\t\t\t\n\t\t\t\t\t\t\t\t\t\t<div class=\"yuzo-img\" style=\"background:url('https:\/\/redept.org\/blogosfera\/wp-content\/plugins\/yuzo-related-post\/assets\/images\/default.png') 50% 50% no-repeat;width: 125px;height:90px;margin-bottom: 5px;background-size: cover; \"><\/div>\n\t\t\t\t\t\t\t\t\t  <\/div>\n\t\t\t\t\t\t\t\t\t  \n\t\t\t\t\t\t\t\t   <span class=\"yuzo__text--title\" style=\"font-size:13px;\">Chanceler alem\u00e3o de direita voltou para Berlim da ...<\/span>\n\t\t\t\t\t\t\t  \n\t\t\t\t\t\t\t  \n\t\t\t\t\t\t\t  <\/a>\n\n\t\t\t\t\t\t  <\/div>\n\t\t\t\t\t\t  <div class=\"relatedthumb \" style=\"width:125px;float:left;overflow:hidden;\">  \n\t\t\t\t\t\t\t  \n\t\t\t\t\t\t\t  <a  href=\"https:\/\/redept.com.br\/blogosfera\/justica-do-para-julga-volkswagen-por-trabalho-analogo-ao-de-escravo\/\"  >\n\t\t\t\t\t\t\t\t\t  <div class=\"yuzo-img-wrap \" style=\"width: 125px;height:90px;\">\n\t\t\t\t\t\t\t\t\t\t\n\t\t\t\t\t\t\t\t\t\t<div class=\"yuzo-img\" style=\"background:url('https:\/\/redept.com.br\/blogosfera\/wp-content\/uploads\/2025\/05\/mpt-caso-volkswagen_Foto-Divulgacao-MPT-150x150.jpg') 50% 50% no-repeat;width: 125px;height:90px;margin-bottom: 5px;background-size: cover; \"><\/div>\n\t\t\t\t\t\t\t\t\t  <\/div>\n\t\t\t\t\t\t\t\t\t  \n\t\t\t\t\t\t\t\t   <span class=\"yuzo__text--title\" style=\"font-size:13px;\">Justi\u00e7a do Par\u00e1 julga Volkswagen por trabalho an\u00e1l...<\/span>\n\t\t\t\t\t\t\t  \n\t\t\t\t\t\t\t  \n\t\t\t\t\t\t\t  <\/a>\n\n\t\t\t\t\t\t  <\/div>\n<\/div> <script>\n\t\t\t\t\t\t  jQuery(document).ready(function( $ ){\n\t\t\t\t\t\t\t\/\/jQuery('.yuzo_related_post').equalizer({ overflow : 'relatedthumb' });\n\t\t\t\t\t\t\tjQuery('.yuzo_related_post .yuzo_wraps').equalizer({ columns : '> div' });\n\t\t\t\t\t\t   })\n\t\t\t\t\t\t  <\/script> <!-- End Yuzo :) -->","protected":false},"excerpt":{"rendered":"<p>Chegou a vez do Rio de Janeiro exibir o vibrante document\u00e1rio \u201cOusar Viver! Hist\u00f3rias da Maria\u201d, com roteiro e dire\u00e7\u00e3o de Silvio Tendler sobre a vida da carioca Maria Pimentel, ativista que completou 60 anos de milit\u00e2ncia residindo em S\u00e3o Paulo. Com fotografia de L\u00facio Kodato, composi\u00e7\u00f5es do maestro Marcus Vin\u00edcius, som de Geraldo Ribeiro [&hellip;]<\/p>\n","protected":false},"author":2,"featured_media":16083,"comment_status":"closed","ping_status":"closed","sticky":false,"template":"","format":"standard","meta":{"fifu_image_url":"","fifu_image_alt":"","footnotes":""},"categories":[488,309,2088,1249],"tags":[],"class_list":["post-16082","post","type-post","status-publish","format-standard","has-post-thumbnail","hentry","category-cinema","category-cultura","category-ousar-viver-historias-de-maria","category-silvio-tendler"],"_links":{"self":[{"href":"https:\/\/redept.com.br\/blogosfera\/wp-json\/wp\/v2\/posts\/16082","targetHints":{"allow":["GET"]}}],"collection":[{"href":"https:\/\/redept.com.br\/blogosfera\/wp-json\/wp\/v2\/posts"}],"about":[{"href":"https:\/\/redept.com.br\/blogosfera\/wp-json\/wp\/v2\/types\/post"}],"author":[{"embeddable":true,"href":"https:\/\/redept.com.br\/blogosfera\/wp-json\/wp\/v2\/users\/2"}],"replies":[{"embeddable":true,"href":"https:\/\/redept.com.br\/blogosfera\/wp-json\/wp\/v2\/comments?post=16082"}],"version-history":[{"count":0,"href":"https:\/\/redept.com.br\/blogosfera\/wp-json\/wp\/v2\/posts\/16082\/revisions"}],"wp:featuredmedia":[{"embeddable":true,"href":"https:\/\/redept.com.br\/blogosfera\/wp-json\/wp\/v2\/media\/16083"}],"wp:attachment":[{"href":"https:\/\/redept.com.br\/blogosfera\/wp-json\/wp\/v2\/media?parent=16082"}],"wp:term":[{"taxonomy":"category","embeddable":true,"href":"https:\/\/redept.com.br\/blogosfera\/wp-json\/wp\/v2\/categories?post=16082"},{"taxonomy":"post_tag","embeddable":true,"href":"https:\/\/redept.com.br\/blogosfera\/wp-json\/wp\/v2\/tags?post=16082"}],"curies":[{"name":"wp","href":"https:\/\/api.w.org\/{rel}","templated":true}]}}