{"id":16470,"date":"2025-03-12T09:58:28","date_gmt":"2025-03-12T12:58:28","guid":{"rendered":"https:\/\/redept.org\/blogosfera\/pm-atira-em-morador-durante-acao-de-reintegracao-de-posse-em-guarulhos\/"},"modified":"2025-03-12T09:58:28","modified_gmt":"2025-03-12T12:58:28","slug":"pm-atira-em-morador-durante-acao-de-reintegracao-de-posse-em-guarulhos","status":"publish","type":"post","link":"https:\/\/redept.com.br\/blogosfera\/pm-atira-em-morador-durante-acao-de-reintegracao-de-posse-em-guarulhos\/","title":{"rendered":"PM atira em morador durante a\u00e7\u00e3o de reintegra\u00e7\u00e3o de posse em Guarulhos"},"content":{"rendered":"<p>A <strong>Pol\u00edcia Militar (PM)<\/strong> instaurou nesta ter\u00e7a-feira (11) um inqu\u00e9rito para investigar a conduta de um policial que disparou em um morador que protestava contra uma a\u00e7\u00e3o de reintegra\u00e7\u00e3o de posse ocorrida na ocupa\u00e7\u00e3o <strong>Terra Prometida, na Estrada do Elenco, em Guarulhos<\/strong>, na Grande S\u00e3o Paulo. Veja detalhes na <a href=\"https:\/\/tvtnews.com.br\/\" data-type=\"page\" data-id=\"733503\"><strong>TVT News<\/strong><\/a>.<\/p>\n<\/p>\n<figure><img fetchpriority=\"high\" fetchpriority=\"high\" decoding=\"async\" width=\"416\" height=\"458\"src=\"https:\/\/redept.org\/blogosfera\/wp-content\/uploads\/2025\/03\/pm-atira-em-morador.png\" alt=\"pm-atira-em-morador-durante-acao-de-reintegracao-de-posse-em-guarulhos-vitima-cai-no-chao-apos-o-tiro-que-atingiu-sua-perna-foto-fecurti13-instagram-tvt-news\" title=\"PM atira em morador durante a\u00e7\u00e3o de reintegra\u00e7\u00e3o de posse em Guarulhos 1\" srcset=\"https:\/\/redept.org\/blogosfera\/wp-content\/uploads\/2025\/03\/pm-atira-em-morador.png 416w, https:\/\/tvtnews.com.br\/wp-content\/uploads\/2025\/03\/pm-atira-em-morador-272x300.png 272w\" sizes=\"(max-width: 416px) 100vw, 416px\"><figcaption>V\u00edtima cai no ch\u00e3o ap\u00f3s o tiro que atingiu sua perna. Foto: @fecurti13\/Instagram<\/figcaption><\/figure>\n<\/p>\n<h3>O que aconteceu?<\/h3>\n<\/p>\n<p>Imagens que circulam nas redes sociais mostram o morador conversando com dois policiais militares quando, de repente, \u00e9 surpreendido com um tiro disparado por um desses policiais \u2013 e que atinge a sua perna. Os v\u00eddeos mostram que o morador n\u00e3o estava armado, n\u00e3o reagiu a qualquer a\u00e7\u00e3o e que ele cai ao ch\u00e3o ap\u00f3s o disparo.<\/p>\n<p>Segundo a Secretaria de Seguran\u00e7a P\u00fablica, foi utilizada \u201cmuni\u00e7\u00e3o n\u00e3o-letal\u201d durante a a\u00e7\u00e3o da PM. \u201cA pol\u00edcia foi acionada para acompanhar uma manifesta\u00e7\u00e3o na manh\u00e3 desta ter\u00e7a-feira (11) na Estrada do Elenco, em Guarulhos. No local, moradores que protestavam contra uma futura reintegra\u00e7\u00e3o de posse incendiaram pneus e interditaram a via. Foi utilizada muni\u00e7\u00e3o n\u00e3o-letal para desobstruir a rua. Um homem ficou ferido e recusou atendimento do Samu\u201d, diz nota enviada pelo \u00f3rg\u00e3o.<\/p>\n<p>Tamb\u00e9m por meio de nota, a prefeitura de Guarulhos informou que a reintegra\u00e7\u00e3o de posse era de um terreno particular do Jardim Bananal e foi determinada pela Justi\u00e7a. \u201cAgentes da Guarda Civil Municipal e da Secretaria de Transportes e Mobilidade Urbana realizaram a\u00e7\u00f5es para garantir o fluxo e a seguran\u00e7a na regi\u00e3o\u201d, informou a administra\u00e7\u00e3o municipal<\/p>\n<p>\u201cNas \u00faltimas semanas, a prefeitura realizou reuni\u00f5es com diversas secretarias e atendeu moradores com o objetivo de buscar a melhor solu\u00e7\u00e3o para o caso, e tamb\u00e9m criou uma for\u00e7a-tarefa emergencial com o envolvimento de pastas como Desenvolvimento e Assist\u00eancia Social, Habita\u00e7\u00e3o, Administra\u00e7\u00f5es Regionais, Defesa Civil e Seguran\u00e7a P\u00fablica, disse a prefeitura<\/p>\n<p>A nota da prefeitura de Guarulhos continua: \u201cAo mesmo tempo, a administra\u00e7\u00e3o municipal precisa cumprir as determina\u00e7\u00f5es da lei e buscou elementos via Secretaria de Justi\u00e7a para autorizar a atua\u00e7\u00e3o no processo de reintegra\u00e7\u00e3o, por\u00e9m j\u00e1 houve despacho do juiz ressaltando que manter\u00e1 a reintegra\u00e7\u00e3o de posse independentemente de qualquer manifesta\u00e7\u00e3o da prefeitura, que n\u00e3o \u00e9 parte da a\u00e7\u00e3o\u201d.<\/p>\n<p>Na manh\u00e3 desta ter\u00e7a-feira (11) tamb\u00e9m foi realizada outra reintegra\u00e7\u00e3o de posse, mas na zona leste da capital paulista, na regi\u00e3o de Ermelino Matarazzo. Segundo a SSP, esta a\u00e7\u00e3o foi realizada de forma pac\u00edfica.<\/p>\n<\/p>\n<figure>\n<div>\n<\/div>\n<\/figure>\n<h3>PM Gonsales afirmou que o morador estava obstruindo a passagem<\/h3>\n<\/p>\n<p>Durante o mesmo v\u00eddeo publicado pela vereadora de Guarulhos, Fernanda Curti (PT), \u00e9 feito a denuncia da viol\u00eancia para o comandante da a\u00e7\u00e3o, o PM Gonsales. Questionado, o policial afirma que a v\u00edtima estava obstruindo a passagem. <\/p>\n<p>A vereadora afirma que se trata de abuso de poder por parte da PM, enquanto o policial segue dizendo para mostrar as provas no inqu\u00e9rito.<\/p>\n<\/p>\n<h3>Veja o v\u00eddeo da viol\u00eancia da PM no TikTok da TVT News:<\/h3>\n<\/p>\n<blockquote cite=\"https:\/\/www.tiktok.com\/@redetvt\/video\/7480634225817865478\" data-video-id=\"7480634225817865478\">\n<section> <a target=\"_blank\" title=\"@redetvt\" href=\"https:\/\/www.tiktok.com\/@redetvt?refer=embed\" rel=\"noopener noreferrer nofollow\">@redetvt<\/a> <\/p>\n<p>violencia GuarulhosDurante a reintegra\u00e7\u00e3o de posse no Assentamento Urbano Terra Prometida II, um morador foi baleado \u00e0 queima-roupa por um soldado da Pol\u00edcia Militar. Enquanto o morador argumentava, o soldado, sem nenhuma justificativa, atira na perna, pr\u00f3ximo \u00e0 virilha. A vereadora Fernanda Curti , do PT de S\u00e3o Paulo, procurou o comandante da opera\u00e7\u00e3o, PM Gonzales, mas como esperado, o agente minimizou o ocorrido e fingiu que estava tudo bem. A terra e a moradia s\u00e3o direito de todos, mas os policiais militares, que tamb\u00e9m deveriam lembrar que s\u00e3o classe trabalhadora, agem para proteger patrim\u00f4nio de gente rica como se fosse sua pr\u00f3pria carne. A trucul\u00eancia da Pol\u00edcia Militar \u00e9 end\u00eamica e somente seu fim ajudaria a colocar um fim em milhares de mortes evit\u00e1veis anuais. As fam\u00edlias que est\u00e3o perdendo suas casas merecem ser tratadas com dignidade e respeito aos seus direitos. A vereadora Fernanda Curti (@fecurti13 ) anunciou que ir\u00e1 denunciar, a todos os \u00f3rg\u00e3os cab\u00edveis, e os moradores podem contar com o mandato na luta por justi\u00e7a e por moradia digna em Guarulhos. #Guarulhos #lutapormoradia #FernandaCurti #pretess\u00eancias<\/p>\n<p> <a target=\"_blank\" title=\"\u266c som original  - Rede TVT\" href=\"https:\/\/www.tiktok.com\/music\/som-original-Rede-TVT-7480634287720712965?refer=embed\" rel=\"noopener noreferrer nofollow\">\u266c som original  \u2013 Rede TVT<\/a> <\/section>\n<\/blockquote>\n<p>Por Elaine Patricia Cruz para a <a href=\"https:\/\/agenciabrasil.ebc.com.br\/geral\/noticia\/2025-03\/pm-atira-em-morador-durante-acao-de-reintegracao-de-posse-em-guarulhos\" target=\"_blank\" data-type=\"link\" data-id=\"https:\/\/agenciabrasil.ebc.com.br\/geral\/noticia\/2025-03\/pm-atira-em-morador-durante-acao-de-reintegracao-de-posse-em-guarulhos\" rel=\"noreferrer noopener nofollow\">Ag\u00eancia Brasil<\/a><\/p>\n<p>The post <a rel=\"nofollow\" href=\"https:\/\/tvtnews.com.br\/pm-atira-morador-durante-reintegracao-posse-gru\/\">PM atira em morador durante a\u00e7\u00e3o de reintegra\u00e7\u00e3o de posse em Guarulhos<\/a> appeared first on <a rel=\"nofollow\" href=\"https:\/\/tvtnews.com.br\/\">TVT News<\/a>.<\/p>\n<!-- Begin Yuzo --><div class='yuzo_related_post style-1'  data-version='5.12.89'><!-- without result --><div class='yuzo_clearfixed yuzo__title yuzo__title'><h3>Related Post<\/h3><\/div>\n\t\t\t\t\t\t  <div class=\"relatedthumb \" style=\"width:125px;float:left;overflow:hidden;\">  \n\t\t\t\t\t\t\t  \n\t\t\t\t\t\t\t  <a  href=\"https:\/\/redept.com.br\/blogosfera\/mulheres-sem-terra-realizam-mobilizacao-na-assembleia-legislativa-de-mato-grosso\/\"  >\n\t\t\t\t\t\t\t\t\t  <div class=\"yuzo-img-wrap \" style=\"width: 125px;height:90px;\">\n\t\t\t\t\t\t\t\t\t\t\n\t\t\t\t\t\t\t\t\t\t<div class=\"yuzo-img\" style=\"background:url('https:\/\/redept.com.br\/blogosfera\/wp-content\/uploads\/2025\/03\/IMG_20250313_082515-1024x768-1-150x150.jpg') 50% 50% no-repeat;width: 125px;height:90px;margin-bottom: 5px;background-size: cover; \"><\/div>\n\t\t\t\t\t\t\t\t\t  <\/div>\n\t\t\t\t\t\t\t\t\t  \n\t\t\t\t\t\t\t\t   <span class=\"yuzo__text--title\" style=\"font-size:13px;\">Mulheres Sem Terra realizam mobiliza\u00e7\u00e3o na Assembl...<\/span>\n\t\t\t\t\t\t\t  \n\t\t\t\t\t\t\t  \n\t\t\t\t\t\t\t  <\/a>\n\n\t\t\t\t\t\t  <\/div>\n\t\t\t\t\t\t  <div class=\"relatedthumb \" style=\"width:125px;float:left;overflow:hidden;\">  \n\t\t\t\t\t\t\t  \n\t\t\t\t\t\t\t  <a  href=\"https:\/\/redept.com.br\/blogosfera\/chapa-construida-pelo-movimento-correnteza-vence-eleicoes-do-dce-ufcg\/\"  >\n\t\t\t\t\t\t\t\t\t  <div class=\"yuzo-img-wrap \" style=\"width: 125px;height:90px;\">\n\t\t\t\t\t\t\t\t\t\t\n\t\t\t\t\t\t\t\t\t\t<div class=\"yuzo-img\" style=\"background:url('https:\/\/redept.com.br\/blogosfera\/wp-content\/uploads\/2025\/03\/Foto-eleicoes-DCE-UFCG-150x150.jpeg') 50% 50% no-repeat;width: 125px;height:90px;margin-bottom: 5px;background-size: cover; \"><\/div>\n\t\t\t\t\t\t\t\t\t  <\/div>\n\t\t\t\t\t\t\t\t\t  \n\t\t\t\t\t\t\t\t   <span class=\"yuzo__text--title\" style=\"font-size:13px;\">Chapa constru\u00edda pelo Movimento Correnteza vence e...<\/span>\n\t\t\t\t\t\t\t  \n\t\t\t\t\t\t\t  \n\t\t\t\t\t\t\t  <\/a>\n\n\t\t\t\t\t\t  <\/div>\n\t\t\t\t\t\t  <div class=\"relatedthumb \" style=\"width:125px;float:left;overflow:hidden;\">  \n\t\t\t\t\t\t\t  \n\t\t\t\t\t\t\t  <a  href=\"https:\/\/redept.com.br\/blogosfera\/lula-vai-a-china-e-a-russia-para-compromissos-estrategicos-do-brasil\/\"  >\n\t\t\t\t\t\t\t\t\t  <div class=\"yuzo-img-wrap \" style=\"width: 125px;height:90px;\">\n\t\t\t\t\t\t\t\t\t\t\n\t\t\t\t\t\t\t\t\t\t<div class=\"yuzo-img\" style=\"background:url('https:\/\/redept.org\/blogosfera\/wp-content\/plugins\/yuzo-related-post\/assets\/images\/default.png') 50% 50% no-repeat;width: 125px;height:90px;margin-bottom: 5px;background-size: cover; \"><\/div>\n\t\t\t\t\t\t\t\t\t  <\/div>\n\t\t\t\t\t\t\t\t\t  \n\t\t\t\t\t\t\t\t   <span class=\"yuzo__text--title\" style=\"font-size:13px;\">Lula vai \u00e0 China e \u00e0 R\u00fassia para compromissos estr...<\/span>\n\t\t\t\t\t\t\t  \n\t\t\t\t\t\t\t  \n\t\t\t\t\t\t\t  <\/a>\n\n\t\t\t\t\t\t  <\/div>\n\t\t\t\t\t\t  <div class=\"relatedthumb \" style=\"width:125px;float:left;overflow:hidden;\">  \n\t\t\t\t\t\t\t  \n\t\t\t\t\t\t\t  <a  href=\"https:\/\/redept.com.br\/blogosfera\/17-de-abril-dia-do-prisioneiro-palestino-comemoracoes-destacaram-abusos-e-precariedade-nas-prisoes-de-israel\/\"  >\n\t\t\t\t\t\t\t\t\t  <div class=\"yuzo-img-wrap \" style=\"width: 125px;height:90px;\">\n\t\t\t\t\t\t\t\t\t\t\n\t\t\t\t\t\t\t\t\t\t<div class=\"yuzo-img\" style=\"background:url('https:\/\/redept.org\/blogosfera\/wp-content\/plugins\/yuzo-related-post\/assets\/images\/default.png') 50% 50% no-repeat;width: 125px;height:90px;margin-bottom: 5px;background-size: cover; \"><\/div>\n\t\t\t\t\t\t\t\t\t  <\/div>\n\t\t\t\t\t\t\t\t\t  \n\t\t\t\t\t\t\t\t   <span class=\"yuzo__text--title\" style=\"font-size:13px;\">17 de abril \u2013 Dia do  Prisioneiro Palestino: Comem...<\/span>\n\t\t\t\t\t\t\t  \n\t\t\t\t\t\t\t  \n\t\t\t\t\t\t\t  <\/a>\n\n\t\t\t\t\t\t  <\/div>\n<\/div> <script>\n\t\t\t\t\t\t  jQuery(document).ready(function( $ ){\n\t\t\t\t\t\t\t\/\/jQuery('.yuzo_related_post').equalizer({ overflow : 'relatedthumb' });\n\t\t\t\t\t\t\tjQuery('.yuzo_related_post .yuzo_wraps').equalizer({ columns : '> div' });\n\t\t\t\t\t\t   })\n\t\t\t\t\t\t  <\/script> <!-- End Yuzo :) -->","protected":false},"excerpt":{"rendered":"<p>A Pol\u00edcia Militar (PM) instaurou nesta ter\u00e7a-feira (11) um inqu\u00e9rito para investigar a conduta de um policial que disparou em um morador que protestava contra uma a\u00e7\u00e3o de reintegra\u00e7\u00e3o de posse ocorrida na ocupa\u00e7\u00e3o Terra Prometida, na Estrada do Elenco, em Guarulhos, na Grande S\u00e3o Paulo. Veja detalhes na TVT News. V\u00edtima cai no ch\u00e3o [&hellip;]<\/p>\n","protected":false},"author":2,"featured_media":16471,"comment_status":"closed","ping_status":"closed","sticky":false,"template":"","format":"standard","meta":{"fifu_image_url":"","fifu_image_alt":"","footnotes":""},"categories":[472,94,4040,2099,506],"tags":[],"class_list":["post-16470","post","type-post","status-publish","format-standard","has-post-thumbnail","hentry","category-destaque-ahome","category-geral","category-grande-sao-paulo","category-pm","category-violencia-policial"],"_links":{"self":[{"href":"https:\/\/redept.com.br\/blogosfera\/wp-json\/wp\/v2\/posts\/16470","targetHints":{"allow":["GET"]}}],"collection":[{"href":"https:\/\/redept.com.br\/blogosfera\/wp-json\/wp\/v2\/posts"}],"about":[{"href":"https:\/\/redept.com.br\/blogosfera\/wp-json\/wp\/v2\/types\/post"}],"author":[{"embeddable":true,"href":"https:\/\/redept.com.br\/blogosfera\/wp-json\/wp\/v2\/users\/2"}],"replies":[{"embeddable":true,"href":"https:\/\/redept.com.br\/blogosfera\/wp-json\/wp\/v2\/comments?post=16470"}],"version-history":[{"count":0,"href":"https:\/\/redept.com.br\/blogosfera\/wp-json\/wp\/v2\/posts\/16470\/revisions"}],"wp:featuredmedia":[{"embeddable":true,"href":"https:\/\/redept.com.br\/blogosfera\/wp-json\/wp\/v2\/media\/16471"}],"wp:attachment":[{"href":"https:\/\/redept.com.br\/blogosfera\/wp-json\/wp\/v2\/media?parent=16470"}],"wp:term":[{"taxonomy":"category","embeddable":true,"href":"https:\/\/redept.com.br\/blogosfera\/wp-json\/wp\/v2\/categories?post=16470"},{"taxonomy":"post_tag","embeddable":true,"href":"https:\/\/redept.com.br\/blogosfera\/wp-json\/wp\/v2\/tags?post=16470"}],"curies":[{"name":"wp","href":"https:\/\/api.w.org\/{rel}","templated":true}]}}