{"id":16628,"date":"2025-03-13T11:02:17","date_gmt":"2025-03-13T14:02:17","guid":{"rendered":"https:\/\/redept.org\/blogosfera\/por-que-as-mulheres-sem-terra-ocupam-area-da-suzano\/"},"modified":"2025-03-13T11:02:17","modified_gmt":"2025-03-13T14:02:17","slug":"por-que-as-mulheres-sem-terra-ocupam-area-da-suzano","status":"publish","type":"post","link":"https:\/\/redept.com.br\/blogosfera\/por-que-as-mulheres-sem-terra-ocupam-area-da-suzano\/","title":{"rendered":"Por que as mulheres Sem Terra ocupam \u00e1rea da Suzano?"},"content":{"rendered":"<figure><img fetchpriority=\"high\" decoding=\"async\" width=\"1024\" height=\"682\" src=\"https:\/\/redept.org\/blogosfera\/wp-content\/uploads\/2025\/03\/01-1024x682-1.jpeg\" alt=\"\" srcset=\"https:\/\/redept.org\/blogosfera\/wp-content\/uploads\/2025\/03\/01-1024x682-1.jpeg 1024w, https:\/\/mst.org.br\/wp-content\/uploads\/2025\/03\/01-300x200.jpeg 300w, https:\/\/mst.org.br\/wp-content\/uploads\/2025\/03\/01-768x512.jpeg 768w, https:\/\/mst.org.br\/wp-content\/uploads\/2025\/03\/01.jpeg 1280w\" sizes=\"(max-width: 1024px) 100vw, 1024px\"><figcaption><em>Foto: Comunica\u00e7\u00e3o MST<\/em><\/figcaption><\/figure>\n<p><em>Da P\u00e1gina do MST<\/em><\/p>\n<blockquote>\n<p><em><strong>Eucalipto n\u00e3o faz floresta, n\u00e3o enche o prato, destr\u00f3i a terra, \u00e1gua e mata rios!<\/strong>\u201c<\/em><\/p>\n<\/blockquote>\n<p>Na manh\u00e3 desta quinta-feira (13), n\u00f3s, Mulheres Sem Terra, ocupamos \u00e1rea da Suzano Papel e Celulose, na cidade de Aracruz, no Esp\u00edrito Santo, com cerca de 1.000 mulheres, para denunciar os seus crimes ambientais, as consequ\u00eancias do monocultivo de eucalipto para os povos, a terra e a natureza, bem como questionar o Estado brasileiro sobre a fun\u00e7\u00e3o social e ambiental da terra.<\/p>\n<p>A a\u00e7\u00e3o faz parte da Jornada Nacional de Luta das mulheres Sem Terra, que acontece de 11 a 14, na semana ap\u00f3s o 08 de mar\u00e7o, Dia Internacional de Luta das Mulheres, em que as Sem Terra em todo o Brasil entoam: <em>\u201cO agroneg\u00f3cio \u00e9 viol\u00eancia e crime ambiental, a luta das mulheres \u00e9 contra o capital!\u201d<\/em>. <\/p>\n<p>Vivemos em um contexto de aprofundamento do colapso ambiental e clim\u00e1tico, em que o povo brasileiro sofre com a alta nos pre\u00e7os dos alimentos, enquanto empresas como a Suzano avan\u00e7am com seu poder destrutivo, lucrando com suas falsas \u201csolu\u00e7\u00f5es\u201d para a crise ambiental.\u00a0<\/p>\n<h2><strong>A Suzano e seus crimes contra os povos e natureza<\/strong><\/h2>\n<p>Essa empresa vem h\u00e1 d\u00e9cadas causando destrui\u00e7\u00e3o e devasta\u00e7\u00e3o ambiental sistem\u00e1tica, com grilagem de terra, envenenamento de solos, rios e matas nativas, para a expans\u00e3o dos seus monocultivos de eucalipto, o que leva \u00e0 perda de biodiversidade e \u00e0 degrada\u00e7\u00e3o de ecossistemas, instaurando uma s\u00e9rie de conflitos contra os povos do campo, \u00e1guas e florestas. Essas viol\u00eancias impactam primeiramente a vida das mulheres, especialmente, as mulheres negras, camponesas, ind\u00edgenas e quilombolas.<\/p>\n<p>Estudos mostram que as f\u00e1bricas da Suzano e os monocultivos de eucalipto consomem cerca de 200 bilh\u00f5es de litros de \u00e1gua por ano, causando a seca de rios e c\u00f3rregos, sendo o equivalente ao consumo de mais de 6 milh\u00f5es de pessoas. Estima-se que suas emiss\u00f5es de CO2 na atmosfera chegam a 4 milh\u00f5es de toneladas por ano, mais do que alguns pa\u00edses inteiros. Al\u00e9m disso, na Am\u00e9rica Latina \u00e9 a \u00fanica empresa autorizada a plantar dois tipos de eucalipto transg\u00eanico, mesmo que isso represente graves riscos \u00e0 sa\u00fade.\u00a0<\/p>\n<p>O uso intensivo de agrot\u00f3xicos \u00e9 outra marca dos monocultivos de eucalipto, e atrav\u00e9s da pulveriza\u00e7\u00e3o a\u00e9rea contamina a terra, a \u00e1gua e as comunidades no entorno, mas tamb\u00e9m as ro\u00e7as, hortas e at\u00e9 a produ\u00e7\u00e3o de abelhas de pequenos agricultores nas \u00e1reas pr\u00f3ximas. Entre os venenos mais utilizados est\u00e3o o herbicida Glifosato e o formicida Sulfuramida \u2013 um produto para combater formigas, atualmente banidos em muitos pa\u00edses do mundo e ambos associados ao desenvolvimento do c\u00e2ncer e diversas outras doen\u00e7as. A contamina\u00e7\u00e3o tamb\u00e9m se d\u00e1 pelo uso do cloro nas f\u00e1bricas de celulose, o qual a empresa despeja suas dioxinas, um dos produtos mais t\u00f3xicos que se tem conhecimento no mundo, nos rios e no mar.\u00a0<\/p>\n<p><strong>A Suzano e seus crimes contra a democracia<\/strong><\/p>\n<p>\u00c9 importante dizer que sua hist\u00f3ria devastadora no Esp\u00edrito Santo, datam desde a ditadura empresarial militar, em que seus acionistas foram premiados por apoiar o golpe, com a facilita\u00e7\u00e3o e a constru\u00e7\u00e3o de uma s\u00e9rie de medidas para privilegiar a empresa nos conflitos fundi\u00e1rios entre os povos tradicionais e a empresa de celulose, bem como facilitar fraudes nas titula\u00e7\u00f5es. Nesse per\u00edodo o Brasil passou de importador de pasta de celulose branqueada para um dos maiores exportadores do mundo.\u00a0<\/p>\n<p>Em 2002, a Assembleia Legislativa capixaba criou uma Comiss\u00e3o Parlamentar de Inqu\u00e9rito (CPI da Aracruz), trazendo \u00e0 tona essa rela\u00e7\u00e3o entre a empresa, a ditadura e a grilagem de terra. Segundo apura\u00e7\u00e3o, a empresa usava os funcion\u00e1rios como \u201claranjas\u201d, que falsamente se qualificavam como agricultores, e manifestavam a inten\u00e7\u00e3o de desenvolver atividades agr\u00edcolas na propriedade. Contudo, ap\u00f3s obter a titula\u00e7\u00e3o das propriedades rurais, transferiram \u00e0 ent\u00e3o Aracruz Celulose o t\u00edtulo da propriedade, acarretando a concentra\u00e7\u00e3o de muita terra no Esp\u00edrito Santo.<\/p>\n<p>Atualmente, seguindo seu hist\u00f3rico de conspirar contra o povo brasileiro, a Suzanno segue a financiar e apoiar o conservadorismo. Os integrantes da diretoria da empresa e fundadores, os Feffer, com uma fortuna acumulada de mais de 30 bilh\u00f5es reais, integram e patrocinam o Movimento Endireita Brasil, do qual Carla Zambelli e Ricardo Salles tamb\u00e9m fazem parte. Ambos, s\u00e3o a base do bolsonarismo que intentou o golpe em janeiro de 2023 e ruralistas. Zambelli integra a Frente Parlamentar Agropecu\u00e1ria e apoiou o PL da Grilagem, j\u00e1 Salles foi acusado e condenado pelo Minist\u00e9rio P\u00fablico de S\u00e3o Paulo, quando secret\u00e1rio de Meio Ambiente, de favorecer empresas \u2013 entre elas a Suzano Celulose, privilegiando extra\u00e7\u00e3o ilegal de madeira e min\u00e9rios em detrimentos de medidas socioambientais.\u00a0<\/p>\n<p><strong>Por que as mulheres Sem Terra lutam?<\/strong><\/p>\n<p>\u00c9 neste contexto que ocupamos a Suzano Papel e Celulose, para denunciar que suas terras poderiam assentar mais de 100 mil fam\u00edlias em todo o Brasil e produzir comida para a popula\u00e7\u00e3o brasileira. A empresa representa uma s\u00edntese do que significa o modelo do agroneg\u00f3cio para o povo brasileiro \u2013 uma grande fal\u00e1cia, um projeto de gan\u00e2ncia que condena os povos e a natureza, um empecilho para o Brasil ser um pa\u00eds com soberania popular, justi\u00e7a social e ambiental. O agroneg\u00f3cio \u00e9 a mentira do Brasil!<\/p>\n<p>Reafirmamos o compromisso do MST de seguir lutando por Reforma Agr\u00e1ria Popular, para avan\u00e7ar na produ\u00e7\u00e3o de alimentos saud\u00e1veis e a pre\u00e7os justos para o povo brasileiro. Denunciamos o Estado e a Frente Agropecu\u00e1ria, que inviabiliza a retomada da Reforma Agr\u00e1ria, bem como cobramos agilidade do governo federal para desapropriar e assentar as fam\u00edlias que est\u00e3o em 22 \u00e1reas apropriadas ilegalmente pela Suzano.\u00a0<\/p>\n<p><em><strong>O Agroneg\u00f3cio \u00e9 viol\u00eancia e crime ambiental, a luta das mulheres \u00e9 contra o capital!<br \/>Por Marielle e \u00e0 vida das mulheres,<br \/>Sem anistia para golpista!<\/strong><\/em><\/p>\n<p><em>Mulheres Sem Terra, 13 de mar\u00e7o de 2025, Aracruz\/ES.<\/em><\/p>\n<p>O post <a href=\"https:\/\/mst.org.br\/2025\/03\/13\/por-que-ocupamos-a-suzano\/\">Por que as mulheres Sem Terra ocupam \u00e1rea da Suzano?<\/a> apareceu primeiro em <a href=\"https:\/\/mst.org.br\/\">MST<\/a>.<\/p>\n<!-- Begin Yuzo --><div class='yuzo_related_post style-1'  data-version='5.12.89'><!-- without result --><div class='yuzo_clearfixed yuzo__title yuzo__title'><h3>Related Post<\/h3><\/div>\n\t\t\t\t\t\t  <div class=\"relatedthumb \" style=\"width:125px;float:left;overflow:hidden;\">  \n\t\t\t\t\t\t\t  \n\t\t\t\t\t\t\t  <a  href=\"https:\/\/redept.com.br\/blogosfera\/conferencia-de-direitos-humanos-no-rs-mobilizacao-pos-enchentes-por-justica-e-politicas-publicas\/\"  >\n\t\t\t\t\t\t\t\t\t  <div class=\"yuzo-img-wrap \" style=\"width: 125px;height:90px;\">\n\t\t\t\t\t\t\t\t\t\t\n\t\t\t\t\t\t\t\t\t\t<div class=\"yuzo-img\" style=\"background:url('https:\/\/redept.com.br\/blogosfera\/wp-content\/uploads\/2025\/08\/bdf-20250510-182627-311d15-150x150.jpeg') 50% 50% no-repeat;width: 125px;height:90px;margin-bottom: 5px;background-size: cover; \"><\/div>\n\t\t\t\t\t\t\t\t\t  <\/div>\n\t\t\t\t\t\t\t\t\t  \n\t\t\t\t\t\t\t\t   <span class=\"yuzo__text--title\" style=\"font-size:13px;\">Confer\u00eancia de Direitos Humanos no RS: mobiliza\u00e7\u00e3o...<\/span>\n\t\t\t\t\t\t\t  \n\t\t\t\t\t\t\t  \n\t\t\t\t\t\t\t  <\/a>\n\n\t\t\t\t\t\t  <\/div>\n\t\t\t\t\t\t  <div class=\"relatedthumb \" style=\"width:125px;float:left;overflow:hidden;\">  \n\t\t\t\t\t\t\t  \n\t\t\t\t\t\t\t  <a  href=\"https:\/\/redept.com.br\/blogosfera\/um-novo-conceito-geopolitico\/\"  >\n\t\t\t\t\t\t\t\t\t  <div class=\"yuzo-img-wrap \" style=\"width: 125px;height:90px;\">\n\t\t\t\t\t\t\t\t\t\t\n\t\t\t\t\t\t\t\t\t\t<div class=\"yuzo-img\" style=\"background:url('https:\/\/redept.com.br\/blogosfera\/wp-content\/uploads\/2025\/10\/Screenshot-2025-10-03-at-17-36-53-tea-party-estados-unidos-2010-02-original1webp-imagem-WEBP-1040-585-pixels-150x150.png') 50% 50% no-repeat;width: 125px;height:90px;margin-bottom: 5px;background-size: cover; \"><\/div>\n\t\t\t\t\t\t\t\t\t  <\/div>\n\t\t\t\t\t\t\t\t\t  \n\t\t\t\t\t\t\t\t   <span class=\"yuzo__text--title\" style=\"font-size:13px;\">Um novo conceito geopol\u00edtico<\/span>\n\t\t\t\t\t\t\t  \n\t\t\t\t\t\t\t  \n\t\t\t\t\t\t\t  <\/a>\n\n\t\t\t\t\t\t  <\/div>\n\t\t\t\t\t\t  <div class=\"relatedthumb \" style=\"width:125px;float:left;overflow:hidden;\">  \n\t\t\t\t\t\t\t  \n\t\t\t\t\t\t\t  <a  href=\"https:\/\/redept.com.br\/blogosfera\/ancestralidade-feminina-e-preciso-ir-alem-das-memorias\/\"  >\n\t\t\t\t\t\t\t\t\t  <div class=\"yuzo-img-wrap \" style=\"width: 125px;height:90px;\">\n\t\t\t\t\t\t\t\t\t\t\n\t\t\t\t\t\t\t\t\t\t<div class=\"yuzo-img\" style=\"background:url('https:\/\/redept.org\/blogosfera\/wp-content\/plugins\/yuzo-related-post\/assets\/images\/default.png') 50% 50% no-repeat;width: 125px;height:90px;margin-bottom: 5px;background-size: cover; \"><\/div>\n\t\t\t\t\t\t\t\t\t  <\/div>\n\t\t\t\t\t\t\t\t\t  \n\t\t\t\t\t\t\t\t   <span class=\"yuzo__text--title\" style=\"font-size:13px;\">Ancestralidade feminina: \u00e9 preciso ir al\u00e9m das mem...<\/span>\n\t\t\t\t\t\t\t  \n\t\t\t\t\t\t\t  \n\t\t\t\t\t\t\t  <\/a>\n\n\t\t\t\t\t\t  <\/div>\n\t\t\t\t\t\t  <div class=\"relatedthumb \" style=\"width:125px;float:left;overflow:hidden;\">  \n\t\t\t\t\t\t\t  \n\t\t\t\t\t\t\t  <a  href=\"https:\/\/sul21.com.br\/noticias\/meio-ambiente\/2025\/12\/estudo-aponta-irregularidade-em-37-dos-processos-de-mineracao-no-pais\/\"  >\n\t\t\t\t\t\t\t\t\t  <div class=\"yuzo-img-wrap \" style=\"width: 125px;height:90px;\">\n\t\t\t\t\t\t\t\t\t\t\n\t\t\t\t\t\t\t\t\t\t<div class=\"yuzo-img\" style=\"background:url('https:\/\/redept.org\/blogosfera\/wp-content\/plugins\/yuzo-related-post\/assets\/images\/default.png') 50% 50% no-repeat;width: 125px;height:90px;margin-bottom: 5px;background-size: cover; \"><\/div>\n\t\t\t\t\t\t\t\t\t  <\/div>\n\t\t\t\t\t\t\t\t\t  \n\t\t\t\t\t\t\t\t   <span class=\"yuzo__text--title\" style=\"font-size:13px;\">Estudo aponta irregularidade em 37% dos processos ...<\/span>\n\t\t\t\t\t\t\t  \n\t\t\t\t\t\t\t  \n\t\t\t\t\t\t\t  <\/a>\n\n\t\t\t\t\t\t  <\/div>\n<\/div> <script>\n\t\t\t\t\t\t  jQuery(document).ready(function( $ ){\n\t\t\t\t\t\t\t\/\/jQuery('.yuzo_related_post').equalizer({ overflow : 'relatedthumb' });\n\t\t\t\t\t\t\tjQuery('.yuzo_related_post .yuzo_wraps').equalizer({ columns : '> div' });\n\t\t\t\t\t\t   })\n\t\t\t\t\t\t  <\/script> <!-- End Yuzo :) -->","protected":false},"excerpt":{"rendered":"<p>Foto: Comunica\u00e7\u00e3o MST Da P\u00e1gina do MST Eucalipto n\u00e3o faz floresta, n\u00e3o enche o prato, destr\u00f3i a terra, \u00e1gua e mata rios!\u201c Na manh\u00e3 desta quinta-feira (13), n\u00f3s, Mulheres Sem Terra, ocupamos \u00e1rea da Suzano Papel e Celulose, na cidade de Aracruz, no Esp\u00edrito Santo, com cerca de 1.000 mulheres, para denunciar os seus crimes [&hellip;]<\/p>\n","protected":false},"author":2,"featured_media":16629,"comment_status":"open","ping_status":"closed","sticky":false,"template":"","format":"standard","meta":{"fifu_image_url":"","fifu_image_alt":"","footnotes":""},"categories":[4298,957,4238,4299,445,321,191,182,2257],"tags":[],"class_list":["post-16628","post","type-post","status-publish","format-standard","has-post-thumbnail","hentry","category-deserto-verde","category-espirito-santo","category-jornada-das-mulheres-sem-terra-2025","category-monoculturas","category-mulheres-sem-terra","category-notas","category-noticias","category-ocupacao","category-suzano"],"_links":{"self":[{"href":"https:\/\/redept.com.br\/blogosfera\/wp-json\/wp\/v2\/posts\/16628","targetHints":{"allow":["GET"]}}],"collection":[{"href":"https:\/\/redept.com.br\/blogosfera\/wp-json\/wp\/v2\/posts"}],"about":[{"href":"https:\/\/redept.com.br\/blogosfera\/wp-json\/wp\/v2\/types\/post"}],"author":[{"embeddable":true,"href":"https:\/\/redept.com.br\/blogosfera\/wp-json\/wp\/v2\/users\/2"}],"replies":[{"embeddable":true,"href":"https:\/\/redept.com.br\/blogosfera\/wp-json\/wp\/v2\/comments?post=16628"}],"version-history":[{"count":0,"href":"https:\/\/redept.com.br\/blogosfera\/wp-json\/wp\/v2\/posts\/16628\/revisions"}],"wp:featuredmedia":[{"embeddable":true,"href":"https:\/\/redept.com.br\/blogosfera\/wp-json\/wp\/v2\/media\/16629"}],"wp:attachment":[{"href":"https:\/\/redept.com.br\/blogosfera\/wp-json\/wp\/v2\/media?parent=16628"}],"wp:term":[{"taxonomy":"category","embeddable":true,"href":"https:\/\/redept.com.br\/blogosfera\/wp-json\/wp\/v2\/categories?post=16628"},{"taxonomy":"post_tag","embeddable":true,"href":"https:\/\/redept.com.br\/blogosfera\/wp-json\/wp\/v2\/tags?post=16628"}],"curies":[{"name":"wp","href":"https:\/\/api.w.org\/{rel}","templated":true}]}}