{"id":16678,"date":"2025-03-13T14:43:18","date_gmt":"2025-03-13T17:43:18","guid":{"rendered":"https:\/\/redept.org\/blogosfera\/jornada-das-mulheres-sem-terra-no-df-denuncia-agronegocio-e-luta-por-direitos\/"},"modified":"2025-03-13T14:43:18","modified_gmt":"2025-03-13T17:43:18","slug":"jornada-das-mulheres-sem-terra-no-df-denuncia-agronegocio-e-luta-por-direitos","status":"publish","type":"post","link":"https:\/\/redept.com.br\/blogosfera\/jornada-das-mulheres-sem-terra-no-df-denuncia-agronegocio-e-luta-por-direitos\/","title":{"rendered":"Jornada das Mulheres Sem Terra no DF denuncia agroneg\u00f3cio e luta por direitos"},"content":{"rendered":"<figure><img fetchpriority=\"high\" fetchpriority=\"high\" decoding=\"async\" width=\"1024\" height=\"598\" src=\"https:\/\/redept.org\/blogosfera\/wp-content\/uploads\/2025\/03\/WhatsApp-Image-2025-03-12-at-20.37.54-1024x598-1.jpeg\" alt=\"\" srcset=\"https:\/\/redept.org\/blogosfera\/wp-content\/uploads\/2025\/03\/WhatsApp-Image-2025-03-12-at-20.37.54-1024x598-1.jpeg 1024w, https:\/\/mst.org.br\/wp-content\/uploads\/2025\/03\/WhatsApp-Image-2025-03-12-at-20.37.54-1024x598-1-300x175.jpeg 300w, https:\/\/mst.org.br\/wp-content\/uploads\/2025\/03\/WhatsApp-Image-2025-03-12-at-20.37.54-1024x598-1-768x449.jpeg 768w\" sizes=\"(max-width: 1024px) 100vw, 1024px\"><figcaption><em>Mesa de debate com a coordenadora nacional do setor Direitos Humanos do MST, Ayala Ferreira, secret\u00e1ria da Mulher da CUT-DF e militante da Marcha Mundial das Mulheres, Thaisa Magalh\u00e3es e ativista do MST, Jaqueline Pivato (da esquerda para direita). Foto: Ca\u00edna Castanha | BdF DF<\/em><\/figcaption><\/figure>\n<p><em>Por Ca\u00edna Castanha de Bras\u00edlia (DF)<br \/>Do Brasil de Fato<\/em><\/p>\n<p>Dentre as a\u00e7\u00f5es de luta e mobiliza\u00e7\u00f5es que marcam o M\u00eas do Dia Internacional das Mulheres, acontece a\u00a0<a href=\"https:\/\/mst.org.br\/2025\/03\/10\/jornada-das-mulheres-sem-terra-denuncia-violencias-do-agronegocio-e-crise-ambiental\/\">Jornada Nacional de Luta das Mulheres Sem Terra de 2025<\/a>, a principal luta protagonizada exclusivamente por mulheres no calend\u00e1rio do Movimento de Trabalhadores Rurais Sem Terra (MST). Sob o lema \u201cAgroneg\u00f3cio \u00e9 viol\u00eancia e crime ambiental, a luta das mulheres \u00e9 contra o capital!\u201d, a a\u00e7\u00e3o coloca as mulheres no centro da discuss\u00e3o por direitos, terra e agroecologia.<\/p>\n<p>Com atividades de 11 a 14 de mar\u00e7o em todo o pa\u00eds, no Distrito Federal as trabalhadoras rurais participam de encontros, mutir\u00f5es de plantio, debates, forma\u00e7\u00f5es, den\u00fancias de viol\u00eancia e momentos de autocuidado. As atividades acontecem no acampamento do MST em\u00a0<a href=\"http:\/\/xn--acampamento%208%20de%20maro-fnc\/\">Planaltina<\/a>\u00a0(DF).<\/p>\n<p>A jornada abre o calend\u00e1rio de lutas dos Trabalhadores Rurais Sem Terra (MST) durante o ano, como lembra a dirigente nacional do movimento, Leidiane Evangelista. \u201c\u00c9 a \u00fanica luta protagonizada exclusivamente por mulheres dentro do nosso calend\u00e1rio. Isso traz muita simbologia para o papel das mulheres na luta pela terra e Reforma Agr\u00e1ria Popular\u201d, destaca. Ela ressalta que a presen\u00e7a feminina nos processos de negocia\u00e7\u00e3o e articula\u00e7\u00e3o pol\u00edtica refor\u00e7a que as mulheres s\u00e3o pe\u00e7as fundamentais na constru\u00e7\u00e3o de um campo mais justo, produtivo e sustent\u00e1vel.<\/p>\n<p>Mais do que um momento de reivindica\u00e7\u00e3o, a Jornada tamb\u00e9m denuncia os\u00a0<a href=\"https:\/\/www.brasildefato.com.br\/2025\/01\/07\/moradores-do-acampamento-8-de-marco-df-passam-mal-com-agrotoxico-pulverizado-por-fazendeiro\/\">impactos do agroneg\u00f3cio<\/a>, como o uso desenfreado de agrot\u00f3xicos, a grilagem de terras e as viol\u00eancias enfrentadas pelo povo do campo. \u201cNossa jornada n\u00e3o tem car\u00e1ter apenas reivindicat\u00f3rio, mas tamb\u00e9m de den\u00fancia contra o agroneg\u00f3cio, o uso de agrot\u00f3xicos, a degrada\u00e7\u00e3o do meio ambiente, a grilagem de terras e as viol\u00eancias sofridas pelo povo\u201d, enfatiza Leidiane.<\/p>\n<p>A dirigente tamb\u00e9m destaca o papel fundamental das mulheres na produ\u00e7\u00e3o de alimentos saud\u00e1veis no pa\u00eds. \u201c\u00c9 essencial dar visibilidade \u00e0 contribui\u00e7\u00e3o das mulheres na agricultura e promover a agroecologia como um modo de vida saud\u00e1vel e equilibrado, no qual a fam\u00edlia ocupa uma posi\u00e7\u00e3o central tanto na produ\u00e7\u00e3o quanto na organiza\u00e7\u00e3o da vida no campo. Precisamos romper com a vis\u00e3o de que apenas os homens trabalham e produzem alimentos.\u201d<\/p>\n<p>O MST-DFE \u00e9 composto por tr\u00eas regionais: Nordeste Mineiro, Nordeste Goiano e Distrito Federal. No contexto do DF e Entorno, a Jornada conquistou avan\u00e7os importantes, como a abertura de negocia\u00e7\u00f5es com o governo, emiss\u00f5es de t\u00edtulos de terra, acesso a cr\u00e9ditos habitacionais e projetos espec\u00edficos para as trabalhadoras rurais. No entanto, Leidiane destaca que \u201ca reforma agr\u00e1ria segue estagnada no pa\u00eds e que a luta precisa continuar\u201d.<\/p>\n<p>Entre as principais metas da mobiliza\u00e7\u00e3o deste ano no DF est\u00e3o a obten\u00e7\u00e3o de novas \u00e1reas para assentamentos, a regulariza\u00e7\u00e3o fundi\u00e1ria, a libera\u00e7\u00e3o de cr\u00e9ditos para produ\u00e7\u00e3o e habita\u00e7\u00e3o, al\u00e9m da retomada do Programa Nacional de Educa\u00e7\u00e3o na Reforma Agr\u00e1ria (Pronera) e do incentivo \u00e0 agroecologia para garantir a produ\u00e7\u00e3o de alimentos saud\u00e1veis.<\/p>\n<p>Durante os dois dias de mobiliza\u00e7\u00e3o, trabalhadoras rurais do DF e Entorno participam das atividades. \u00c9 o caso da trabalhadora rural Janice Amador da Silva, do acampamento Noelton Ang\u00e9lico, em Brazl\u00e2ndia (DF), onde vivem 135 fam\u00edlias. Segundo ela, a luta pela terra e pela sobreviv\u00eancia define a realidade das mulheres em acampamentos rurais, onde o acesso \u00e0 \u00e1gua e \u00e0 sa\u00fade b\u00e1sica torna o cotidiano ainda mais desafiador. \u201cQuem mora em acampamento passa muito sofrimento, \u00e0s vezes n\u00e3o tem \u00e1gua, ent\u00e3o \u00e9 tudo racionado\u201d.<\/p>\n<figure><img decoding=\"async\" src=\"https:\/\/redept.org\/blogosfera\/wp-content\/uploads\/2025\/03\/WhatsApp-Image-2025-03-12-at-20.44.12-1024x768-1.jpeg\" alt=\"\"><figcaption><em>Dois dias de atividades marcam demanda das mulheres na luta pela terra no DF. Foto: Ca\u00edna Castanha\/BdF DF<\/em><\/figcaption><\/figure>\n<p>Apesar das dificuldades, a luta das mulheres segue sendo impulsionada pelo coletivo e pela organiza\u00e7\u00e3o, e momentos de autocuidado tamb\u00e9m s\u00e3o valorizados. \u201c\u00c9 como se fosse o nosso anivers\u00e1rio, digamos assim\u201d, comenta H\u00e9lia da Concei\u00e7\u00e3o, referindo-se ao momento de autocuidado com servi\u00e7os de beleza que ser\u00e3o oferecidos \u00e0s trabalhadoras em comemora\u00e7\u00e3o ao 8 de mar\u00e7o. \u201cTem aquele momento de embelezamento que a gente quase n\u00e3o tem, n\u00e9? Fazer unha, sobrancelha\u2026 Porque \u00e9 tudo caro, e a\u00ed tem de gra\u00e7a. A gente vem para participar tamb\u00e9m e ficar bonita\u201d, completa Janice.<\/p>\n<p>Para a secret\u00e1ria de Mulheres da CUT no DF e militante da Marcha Mundial de Mulheres, Thaisa Magalh\u00e3es, os desafios das mulheres do campo para acessar direitos ainda s\u00e3o imensos. \u201cA Lei Maria da Penha, por exemplo, avan\u00e7ou muito no enfrentamento \u00e0 viol\u00eancia dom\u00e9stica, mas aqui, onde estamos, se uma mulher sofre viol\u00eancia \u00e0 noite, ela n\u00e3o tem para onde correr. O 180 e o 190 t\u00eam suas limita\u00e7\u00f5es, e os servi\u00e7os p\u00fablicos s\u00e3o inacess\u00edveis para muitas dessas mulheres\u201d, afirmou. Segundo ela, no campo, os direitos das mulheres ainda est\u00e3o \u201cpegando poeira na Constitui\u00e7\u00e3o\u201d.<\/p>\n<h2>Enfrentamento ao agroneg\u00f3cio e combate \u00e0 fome<\/h2>\n<p>A Jornada iniciou nesta quarta-feira (12) com uma mesa de debate sobre \u201cO enfrentamento ao Agroneg\u00f3cio e Agrot\u00f3xicos e Combate \u00e0 Fome e \u00e0 Mis\u00e9ria\u201d.<\/p>\n<p>Thaisa Magalh\u00e3es destacou como o conservadorismo e o fascismo resultam na retirada de direitos, afetando principalmente as mulheres e trabalhadores rurais. \u201cO agroneg\u00f3cio n\u00e3o gera trabalho digno, n\u00e3o produz comida para o povo. \u00c9 um modelo que concentra terras, riquezas e polui\u00e7\u00e3o, empurrando trabalhadoras e trabalhadores para condi\u00e7\u00f5es ainda mais prec\u00e1rias\u201d, denunciou. Para ela, fortalecer a agricultura familiar e garantir direitos \u00e0 classe trabalhadora s\u00e3o caminhos essenciais para enfrentar esse cen\u00e1rio. \u201cNosso papel \u00e9 seguir pressionando o governo e denunciando as alian\u00e7as do capital com a extrema direita\u201d, refor\u00e7ou.<\/p>\n<figure><img decoding=\"async\" src=\"https:\/\/redept.org\/blogosfera\/wp-content\/uploads\/2025\/03\/WhatsApp-Image-2025-03-12-at-20.44.09-1024x768-1.jpeg\" alt=\"\"><figcaption><em>Thaisa Magalh\u00e3es, secret\u00e1ria de mulheres da CUT-DF. Foto: Ca\u00edna Castanha\/BdF DF<\/em><\/figcaption><\/figure>\n<p>Dirigente Nacional do MST, Ayala Ferreira, apontou a domina\u00e7\u00e3o do agroneg\u00f3cio como um modelo hegem\u00f4nico que expulsa trabalhadores de suas terras e inviabiliza a reforma agr\u00e1ria. \u201cEles querem o Estado reduzido para n\u00f3s, mas o m\u00e1ximo para os interesses deles\u201d, criticou. Al\u00e9m do impacto na estrutura fundi\u00e1ria, ela denunciou a viol\u00eancia e a degrada\u00e7\u00e3o ambiental promovidas pelo setor. \u201cO agroneg\u00f3cio \u00e9 o nosso inimigo porque, primeiramente, ele concentra aquilo que deveria estar a servi\u00e7o da sociedade brasileira\u201d.<\/p>\n<p>Segundo Ayala, as mulheres do campo s\u00e3o as mais prejudicadas, sofrendo com a falta de acesso \u00e0 terra, a precariza\u00e7\u00e3o do trabalho e a invisibiliza\u00e7\u00e3o de seu papel na produ\u00e7\u00e3o agr\u00edcola e na preserva\u00e7\u00e3o dos modos de vida camponeses.<\/p>\n<p>Representante da Campanha Nacional Contra os Agrot\u00f3xicos e em Defesa da Vida, Jaqueline Pivato, ressaltou a rela\u00e7\u00e3o entre agroneg\u00f3cio, fome e uso indiscriminado de agrot\u00f3xicos, que impactam diretamente a sa\u00fade da popula\u00e7\u00e3o rural, em especial as mulheres camponesas.<\/p>\n<p>\u201cOs agrot\u00f3xicos passam a ser naturalizados, e a sociedade civil come\u00e7a a entender a gravidade dessa crise\u201d, alertou. Ela enfatizou que o incentivo governamental a esses produtos favorece grandes corpora\u00e7\u00f5es enquanto os custos para o SUS com intoxica\u00e7\u00f5es e doen\u00e7as relacionadas superam as receitas do setor. \u201cO agroneg\u00f3cio utiliza os agrot\u00f3xicos como arma qu\u00edmica para expuls\u00e3o e exterm\u00ednio de comunidades em territ\u00f3rios em disputa\u201d.<\/p>\n<figure><img decoding=\"async\" src=\"https:\/\/redept.org\/blogosfera\/wp-content\/uploads\/2025\/03\/WhatsApp-Image-2025-03-12-at-20.43.36-1024x768-1.jpeg\" alt=\"\"><figcaption><em>Jaqueline Pivato, da Campanha Contra os Agrot\u00f3xicos. Foto: Ca\u00edna Castanha\/BdF DF<\/em><\/figcaption><\/figure>\n<p>O debate refor\u00e7ou que a luta contra o agroneg\u00f3cio tamb\u00e9m \u00e9 uma luta feminista, pois envolve a resist\u00eancia contra um sistema que explora tanto os recursos naturais quanto os corpos e a sa\u00fade das mulheres. \u201cPrecisamos conectar a luta contra os agrot\u00f3xicos com a luta contra a fome e pela seguran\u00e7a alimentar\u201d, pontuou Pivato.<\/p>\n<h2>Patriarcado \u00e9 estrutural<\/h2>\n<p>A mesa \u201cMulheres de Luta enfrentando o Patriarcado, Machismo e as Viol\u00eancias\u201d destacou a urg\u00eancia de combater a desigualdade de g\u00eanero em todas as esferas da sociedade, contando com a participa\u00e7\u00e3o de representantes do Centro Feminista de Estudos e Assessoria (Cfemea), Movimento de Mulheres Camponesas (MMC) e Alian\u00e7a Batista. As debatedoras enfatizaram como o patriarcado opera em diversas estruturas, afetando especialmente as mulheres pobres e perif\u00e9ricas.<\/p>\n<p>\u201cO patriarcado n\u00e3o tem endere\u00e7o, ele \u00e9 uma estrutura da sociedade, a lei do mais forte que arrasa com a vida das mulheres\u201d, afirmou Isabel Freitas, representante do Cfemea, ressaltando a necessidade de resist\u00eancia e enfrentamento.<\/p>\n<figure><img decoding=\"async\" src=\"https:\/\/redept.org\/blogosfera\/wp-content\/uploads\/2025\/03\/WhatsApp-Image-2025-03-12-at-22.30.45-1024x768-1.jpeg\" alt=\"\"><figcaption><em>Oficinas foram realizadas no per\u00edodo da tarde, uma delas tratou sobre comunica\u00e7\u00e3o popular. Foto: Fl\u00e1via Quirino\/BdF DF<\/em><\/figcaption><\/figure>\n<p>O debate refor\u00e7ou que a supera\u00e7\u00e3o do machismo exige mudan\u00e7as na educa\u00e7\u00e3o, na cultura e nas pol\u00edticas p\u00fablicas. Segundo Isabel, o governo anterior fortaleceu a viol\u00eancia e o racismo, e agora \u00e9 essencial que a sociedade afirme a igualdade das mulheres e lute por uma vida sem viol\u00eancia. \u201cPrecisamos que o conjunto da sociedade diga que as mulheres s\u00e3o iguais, que as mulheres s\u00e3o valorizadas\u201d, concluiu.<\/p>\n<p>No per\u00edodo da tarde, as mulheres participaram de oficinas sobre comunica\u00e7\u00e3o popular, quintais produtivos, sa\u00fade da mulher, autocuidado, direitos das mulheres do campo, produ\u00e7\u00e3o de xaropes, entre outras atividades. A programa\u00e7\u00e3o continua nesta quinta-feira (13), com caf\u00e9 agroecol\u00f3gico, ato pol\u00edtico e plantio de \u00e1rvores.<\/p>\n<p><em>Edi\u00e7\u00e3o:\u00a0Fl\u00e1via Quirino\/BDF<\/em><\/p>\n<p>O post <a href=\"https:\/\/mst.org.br\/2025\/03\/13\/jornada-das-mulheres-sem-terra-no-df-denuncia-agronegocio-e-luta-por-direitos\/\">Jornada das Mulheres Sem Terra no DF denuncia agroneg\u00f3cio e luta por direitos<\/a> apareceu primeiro em <a href=\"https:\/\/mst.org.br\/\">MST<\/a>.<\/p>\n<!-- Begin Yuzo --><div class='yuzo_related_post style-1'  data-version='5.12.89'><!-- without result --><div class='yuzo_clearfixed yuzo__title yuzo__title'><h3>Related Post<\/h3><\/div>\n\t\t\t\t\t\t  <div class=\"relatedthumb \" style=\"width:125px;float:left;overflow:hidden;\">  \n\t\t\t\t\t\t\t  \n\t\t\t\t\t\t\t  <a  href=\"https:\/\/redept.com.br\/blogosfera\/o-que-o-colonialismo-nao-pode-permitir\/\"  >\n\t\t\t\t\t\t\t\t\t  <div class=\"yuzo-img-wrap \" style=\"width: 125px;height:90px;\">\n\t\t\t\t\t\t\t\t\t\t\n\t\t\t\t\t\t\t\t\t\t<div class=\"yuzo-img\" style=\"background:url('https:\/\/redept.com.br\/blogosfera\/wp-content\/uploads\/2026\/02\/photo_4927360334117407837_w-150x150.jpg') 50% 50% no-repeat;width: 125px;height:90px;margin-bottom: 5px;background-size: cover; \"><\/div>\n\t\t\t\t\t\t\t\t\t  <\/div>\n\t\t\t\t\t\t\t\t\t  \n\t\t\t\t\t\t\t\t   <span class=\"yuzo__text--title\" style=\"font-size:13px;\">O que o colonialismo n\u00e3o pode permitir<\/span>\n\t\t\t\t\t\t\t  \n\t\t\t\t\t\t\t  \n\t\t\t\t\t\t\t  <\/a>\n\n\t\t\t\t\t\t  <\/div>\n\t\t\t\t\t\t  <div class=\"relatedthumb \" style=\"width:125px;float:left;overflow:hidden;\">  \n\t\t\t\t\t\t\t  \n\t\t\t\t\t\t\t  <a  href=\"https:\/\/redept.com.br\/blogosfera\/a-reforma-agraria-comecou-em-galileia-pe-ato-na-1a-area-desapropriada-no-brasil-celebra-70-anos-das-ligas-camponesas\/\"  >\n\t\t\t\t\t\t\t\t\t  <div class=\"yuzo-img-wrap \" style=\"width: 125px;height:90px;\">\n\t\t\t\t\t\t\t\t\t\t\n\t\t\t\t\t\t\t\t\t\t<div class=\"yuzo-img\" style=\"background:url('https:\/\/redept.com.br\/blogosfera\/wp-content\/uploads\/2025\/04\/Anacleto-segurando-placa-alvejada-150x150.jpeg') 50% 50% no-repeat;width: 125px;height:90px;margin-bottom: 5px;background-size: cover; \"><\/div>\n\t\t\t\t\t\t\t\t\t  <\/div>\n\t\t\t\t\t\t\t\t\t  \n\t\t\t\t\t\t\t\t   <span class=\"yuzo__text--title\" style=\"font-size:13px;\">\u2018A reforma agr\u00e1ria come\u00e7ou em Galileia (PE)\u2019: ato ...<\/span>\n\t\t\t\t\t\t\t  \n\t\t\t\t\t\t\t  \n\t\t\t\t\t\t\t  <\/a>\n\n\t\t\t\t\t\t  <\/div>\n\t\t\t\t\t\t  <div class=\"relatedthumb \" style=\"width:125px;float:left;overflow:hidden;\">  \n\t\t\t\t\t\t\t  \n\t\t\t\t\t\t\t  <a  href=\"https:\/\/redept.com.br\/blogosfera\/o-que-e-noticia-no-jornal-tvt-news-primeira-edicao-25-02-2026-2\/\"  >\n\t\t\t\t\t\t\t\t\t  <div class=\"yuzo-img-wrap \" style=\"width: 125px;height:90px;\">\n\t\t\t\t\t\t\t\t\t\t\n\t\t\t\t\t\t\t\t\t\t<div class=\"yuzo-img\" style=\"background:url('https:\/\/redept.com.br\/blogosfera\/wp-content\/uploads\/2026\/02\/jornal_tvt_news-22-150x150.jpeg') 50% 50% no-repeat;width: 125px;height:90px;margin-bottom: 5px;background-size: cover; \"><\/div>\n\t\t\t\t\t\t\t\t\t  <\/div>\n\t\t\t\t\t\t\t\t\t  \n\t\t\t\t\t\t\t\t   <span class=\"yuzo__text--title\" style=\"font-size:13px;\">O que \u00e9 not\u00edcia no Jornal TVT News Primeira Edi\u00e7\u00e3o...<\/span>\n\t\t\t\t\t\t\t  \n\t\t\t\t\t\t\t  \n\t\t\t\t\t\t\t  <\/a>\n\n\t\t\t\t\t\t  <\/div>\n\t\t\t\t\t\t  <div class=\"relatedthumb \" style=\"width:125px;float:left;overflow:hidden;\">  \n\t\t\t\t\t\t\t  \n\t\t\t\t\t\t\t  <a  href=\"https:\/\/redept.com.br\/blogosfera\/grupo-rebelde-avanca-na-siria-e-diz-ter-tomado-controle-da-capital-damasco\/\"  >\n\t\t\t\t\t\t\t\t\t  <div class=\"yuzo-img-wrap \" style=\"width: 125px;height:90px;\">\n\t\t\t\t\t\t\t\t\t\t\n\t\t\t\t\t\t\t\t\t\t<div class=\"yuzo-img\" style=\"background:url('https:\/\/redept.org\/blogosfera\/wp-content\/plugins\/yuzo-related-post\/assets\/images\/default.png') 50% 50% no-repeat;width: 125px;height:90px;margin-bottom: 5px;background-size: cover; \"><\/div>\n\t\t\t\t\t\t\t\t\t  <\/div>\n\t\t\t\t\t\t\t\t\t  \n\t\t\t\t\t\t\t\t   <span class=\"yuzo__text--title\" style=\"font-size:13px;\">Grupo rebelde avan\u00e7a na S\u00edria e diz ter tomado con...<\/span>\n\t\t\t\t\t\t\t  \n\t\t\t\t\t\t\t  \n\t\t\t\t\t\t\t  <\/a>\n\n\t\t\t\t\t\t  <\/div>\n<\/div> <script>\n\t\t\t\t\t\t  jQuery(document).ready(function( $ ){\n\t\t\t\t\t\t\t\/\/jQuery('.yuzo_related_post').equalizer({ overflow : 'relatedthumb' });\n\t\t\t\t\t\t\tjQuery('.yuzo_related_post .yuzo_wraps').equalizer({ columns : '> div' });\n\t\t\t\t\t\t   })\n\t\t\t\t\t\t  <\/script> <!-- End Yuzo :) -->","protected":false},"excerpt":{"rendered":"<p>Mesa de debate com a coordenadora nacional do setor Direitos Humanos do MST, Ayala Ferreira, secret\u00e1ria da Mulher da CUT-DF e militante da Marcha Mundial das Mulheres, Thaisa Magalh\u00e3es e ativista do MST, Jaqueline Pivato (da esquerda para direita). Foto: Ca\u00edna Castanha | BdF DF Por Ca\u00edna Castanha de Bras\u00edlia (DF)Do Brasil de Fato Dentre [&hellip;]<\/p>\n","protected":false},"author":2,"featured_media":16679,"comment_status":"open","ping_status":"closed","sticky":false,"template":"","format":"standard","meta":{"fifu_image_url":"","fifu_image_alt":"","footnotes":""},"categories":[117,498,3504,4270,191],"tags":[],"class_list":["post-16678","post","type-post","status-publish","format-standard","has-post-thumbnail","hentry","category-agronegocio","category-brasilia","category-encontro","category-jornada-mulheres-sem-terra-2025","category-noticias"],"_links":{"self":[{"href":"https:\/\/redept.com.br\/blogosfera\/wp-json\/wp\/v2\/posts\/16678","targetHints":{"allow":["GET"]}}],"collection":[{"href":"https:\/\/redept.com.br\/blogosfera\/wp-json\/wp\/v2\/posts"}],"about":[{"href":"https:\/\/redept.com.br\/blogosfera\/wp-json\/wp\/v2\/types\/post"}],"author":[{"embeddable":true,"href":"https:\/\/redept.com.br\/blogosfera\/wp-json\/wp\/v2\/users\/2"}],"replies":[{"embeddable":true,"href":"https:\/\/redept.com.br\/blogosfera\/wp-json\/wp\/v2\/comments?post=16678"}],"version-history":[{"count":0,"href":"https:\/\/redept.com.br\/blogosfera\/wp-json\/wp\/v2\/posts\/16678\/revisions"}],"wp:featuredmedia":[{"embeddable":true,"href":"https:\/\/redept.com.br\/blogosfera\/wp-json\/wp\/v2\/media\/16679"}],"wp:attachment":[{"href":"https:\/\/redept.com.br\/blogosfera\/wp-json\/wp\/v2\/media?parent=16678"}],"wp:term":[{"taxonomy":"category","embeddable":true,"href":"https:\/\/redept.com.br\/blogosfera\/wp-json\/wp\/v2\/categories?post=16678"},{"taxonomy":"post_tag","embeddable":true,"href":"https:\/\/redept.com.br\/blogosfera\/wp-json\/wp\/v2\/tags?post=16678"}],"curies":[{"name":"wp","href":"https:\/\/api.w.org\/{rel}","templated":true}]}}