{"id":17013,"date":"2025-03-15T10:52:24","date_gmt":"2025-03-15T13:52:24","guid":{"rendered":"https:\/\/redept.org\/blogosfera\/mp-militar-recebe-alerta-sobre-evento-de-rememoracao-do-golpe-de-64\/"},"modified":"2025-03-15T10:52:24","modified_gmt":"2025-03-15T13:52:24","slug":"mp-militar-recebe-alerta-sobre-evento-de-rememoracao-do-golpe-de-64","status":"publish","type":"post","link":"https:\/\/redept.com.br\/blogosfera\/mp-militar-recebe-alerta-sobre-evento-de-rememoracao-do-golpe-de-64\/","title":{"rendered":"MP Militar recebe alerta sobre evento de \u201crememora\u00e7\u00e3o\u201d do golpe de 64"},"content":{"rendered":"<p><img fetchpriority=\"high\" width=\"1024\" height=\"684\"src=\"https:\/\/redept.org\/blogosfera\/wp-content\/uploads\/2025\/03\/image-12.png\" alt=\"\" decoding=\"async\" srcset=\"https:\/\/vermelho.org.br\/wp-content\/uploads\/2025\/03\/image-12-1024x684.png 1024w, https:\/\/vermelho.org.br\/wp-content\/uploads\/2025\/03\/image-12-300x200.png 300w, https:\/\/vermelho.org.br\/wp-content\/uploads\/2025\/03\/image-12-768x513.png 768w, https:\/\/vermelho.org.br\/wp-content\/uploads\/2025\/03\/image-12-272x182.png 272w, https:\/\/redept.org\/blogosfera\/wp-content\/uploads\/2025\/03\/image-12.png 1200w\" sizes=\"(max-width: 1024px) 100vw, 1024px\"><\/p>\n<p>O Minist\u00e9rio P\u00fablico Militar (MPM) foi acionado pela Ouvidoria do Minist\u00e9rio P\u00fablico do Distrito Federal e Territ\u00f3rios (MPDFT) para avaliar poss\u00edveis medidas contra um evento que pretende relembrar o golpe militar de 1964. A solenidade, organizada pelos clubes Naval, Militar e de Aeron\u00e1utica, est\u00e1 prevista para ocorrer no Rio de Janeiro e levanta d\u00favidas sobre sua poss\u00edvel natureza revisionista e antidemocr\u00e1tica. As informa\u00e7\u00f5es s\u00e3o do <em>UOL. <\/em><\/p>\n<p>Segundo o of\u00edcio enviado ao MPM, a celebra\u00e7\u00e3o do golpe como um \u201cmovimento democr\u00e1tico\u201d pode fortalecer narrativas que amea\u00e7am a estabilidade institucional. A programa\u00e7\u00e3o inclui uma palestra do desembargador aposentado Sebasti\u00e3o Coelho da Silva, que j\u00e1 foi investigado pelo Conselho Nacional de Justi\u00e7a (CNJ) por incita\u00e7\u00e3o a atos golpistas.<\/p>\n<p>Os organizadores do evento incluem militares da reserva, alguns alinhados aos discursos elaborados ao ex-presidente Jair Bolsonaro, denunciado pela Procuradoria-Geral da Rep\u00fablica por crimes como tentativa de golpe de Estado. O MPM ainda n\u00e3o se manifestou sobre o pedido da Ouvidoria para garantir o respeito \u00e0 ordem democr\u00e1tica e \u00e0 Constitui\u00e7\u00e3o.<\/p>\n<p>__<\/p>\n<p><em>com informa\u00e7\u00f5es de ag\u00eancias<\/em><\/p>\n<\/p>\n<p>O post <a href=\"https:\/\/vermelho.org.br\/2025\/03\/15\/mp-militar-recebe-alerta-sobre-evento-de-rememoracao-do-golpe-de-64\/\">MP Militar recebe alerta sobre evento de \u201crememora\u00e7\u00e3o\u201d do golpe de 64<\/a> apareceu primeiro em <a href=\"https:\/\/vermelho.org.br\/\">Vermelho<\/a>.<\/p>\n<!-- Begin Yuzo --><div class='yuzo_related_post style-1'  data-version='5.12.89'><!-- without result --><div class='yuzo_clearfixed yuzo__title yuzo__title'><h3>Related Post<\/h3><\/div>\n\t\t\t\t\t\t  <div class=\"relatedthumb \" style=\"width:125px;float:left;overflow:hidden;\">  \n\t\t\t\t\t\t\t  \n\t\t\t\t\t\t\t  <a  href=\"https:\/\/redept.com.br\/blogosfera\/paralisacao-de-motoristas-de-onibus-pressiona-por-pagamento-de-salario-atrasado-no-rio\/\"  >\n\t\t\t\t\t\t\t\t\t  <div class=\"yuzo-img-wrap \" style=\"width: 125px;height:90px;\">\n\t\t\t\t\t\t\t\t\t\t\n\t\t\t\t\t\t\t\t\t\t<div class=\"yuzo-img\" style=\"background:url('https:\/\/redept.org\/blogosfera\/wp-content\/plugins\/yuzo-related-post\/assets\/images\/default.png') 50% 50% no-repeat;width: 125px;height:90px;margin-bottom: 5px;background-size: cover; \"><\/div>\n\t\t\t\t\t\t\t\t\t  <\/div>\n\t\t\t\t\t\t\t\t\t  \n\t\t\t\t\t\t\t\t   <span class=\"yuzo__text--title\" style=\"font-size:13px;\">Paralisa\u00e7\u00e3o de motoristas de \u00f4nibus pressiona por ...<\/span>\n\t\t\t\t\t\t\t  \n\t\t\t\t\t\t\t  \n\t\t\t\t\t\t\t  <\/a>\n\n\t\t\t\t\t\t  <\/div>\n\t\t\t\t\t\t  <div class=\"relatedthumb \" style=\"width:125px;float:left;overflow:hidden;\">  \n\t\t\t\t\t\t\t  \n\t\t\t\t\t\t\t  <a  href=\"https:\/\/redept.com.br\/blogosfera\/eua-retiram-tarifa-de-10-sobre-celulose-e-ferro-niquel\/\"  >\n\t\t\t\t\t\t\t\t\t  <div class=\"yuzo-img-wrap \" style=\"width: 125px;height:90px;\">\n\t\t\t\t\t\t\t\t\t\t\n\t\t\t\t\t\t\t\t\t\t<div class=\"yuzo-img\" style=\"background:url('https:\/\/redept.org\/blogosfera\/wp-content\/plugins\/yuzo-related-post\/assets\/images\/default.png') 50% 50% no-repeat;width: 125px;height:90px;margin-bottom: 5px;background-size: cover; \"><\/div>\n\t\t\t\t\t\t\t\t\t  <\/div>\n\t\t\t\t\t\t\t\t\t  \n\t\t\t\t\t\t\t\t   <span class=\"yuzo__text--title\" style=\"font-size:13px;\">EUA retiram tarifa de 10% sobre celulose e ferro-n...<\/span>\n\t\t\t\t\t\t\t  \n\t\t\t\t\t\t\t  \n\t\t\t\t\t\t\t  <\/a>\n\n\t\t\t\t\t\t  <\/div>\n\t\t\t\t\t\t  <div class=\"relatedthumb \" style=\"width:125px;float:left;overflow:hidden;\">  \n\t\t\t\t\t\t\t  \n\t\t\t\t\t\t\t  <a  href=\"https:\/\/redept.com.br\/blogosfera\/em-dois-mapas-avancos-e-contradicoes-de-lula-3\/\"  >\n\t\t\t\t\t\t\t\t\t  <div class=\"yuzo-img-wrap \" style=\"width: 125px;height:90px;\">\n\t\t\t\t\t\t\t\t\t\t\n\t\t\t\t\t\t\t\t\t\t<div class=\"yuzo-img\" style=\"background:url('https:\/\/redept.com.br\/blogosfera\/wp-content\/uploads\/2025\/07\/4920380539811246153-150x150.jpg') 50% 50% no-repeat;width: 125px;height:90px;margin-bottom: 5px;background-size: cover; \"><\/div>\n\t\t\t\t\t\t\t\t\t  <\/div>\n\t\t\t\t\t\t\t\t\t  \n\t\t\t\t\t\t\t\t   <span class=\"yuzo__text--title\" style=\"font-size:13px;\">Em dois mapas, avan\u00e7os e contradi\u00e7\u00f5es de Lula 3<\/span>\n\t\t\t\t\t\t\t  \n\t\t\t\t\t\t\t  \n\t\t\t\t\t\t\t  <\/a>\n\n\t\t\t\t\t\t  <\/div>\n\t\t\t\t\t\t  <div class=\"relatedthumb \" style=\"width:125px;float:left;overflow:hidden;\">  \n\t\t\t\t\t\t\t  \n\t\t\t\t\t\t\t  <a  href=\"https:\/\/redept.com.br\/blogosfera\/lider-de-esquema-na-mineracao-comprou-imoveis-para-intimidar-juizas-diz-pf\/\"  >\n\t\t\t\t\t\t\t\t\t  <div class=\"yuzo-img-wrap \" style=\"width: 125px;height:90px;\">\n\t\t\t\t\t\t\t\t\t\t\n\t\t\t\t\t\t\t\t\t\t<div class=\"yuzo-img\" style=\"background:url('https:\/\/redept.com.br\/blogosfera\/wp-content\/uploads\/2025\/09\/1615495e27e52f3d407abc5da9db3cf3653-150x150.jpeg') 50% 50% no-repeat;width: 125px;height:90px;margin-bottom: 5px;background-size: cover; \"><\/div>\n\t\t\t\t\t\t\t\t\t  <\/div>\n\t\t\t\t\t\t\t\t\t  \n\t\t\t\t\t\t\t\t   <span class=\"yuzo__text--title\" style=\"font-size:13px;\">L\u00edder de esquema na minera\u00e7\u00e3o comprou im\u00f3veis para...<\/span>\n\t\t\t\t\t\t\t  \n\t\t\t\t\t\t\t  \n\t\t\t\t\t\t\t  <\/a>\n\n\t\t\t\t\t\t  <\/div>\n<\/div> <script>\n\t\t\t\t\t\t  jQuery(document).ready(function( $ ){\n\t\t\t\t\t\t\t\/\/jQuery('.yuzo_related_post').equalizer({ overflow : 'relatedthumb' });\n\t\t\t\t\t\t\tjQuery('.yuzo_related_post .yuzo_wraps').equalizer({ columns : '> div' });\n\t\t\t\t\t\t   })\n\t\t\t\t\t\t  <\/script> <!-- End Yuzo :) -->","protected":false},"excerpt":{"rendered":"<p>O Minist\u00e9rio P\u00fablico Militar (MPM) foi acionado pela Ouvidoria do Minist\u00e9rio P\u00fablico do Distrito Federal e Territ\u00f3rios (MPDFT) para avaliar poss\u00edveis medidas contra um evento que pretende relembrar o golpe militar de 1964. A solenidade, organizada pelos clubes Naval, Militar e de Aeron\u00e1utica, est\u00e1 prevista para ocorrer no Rio de Janeiro e levanta d\u00favidas sobre [&hellip;]<\/p>\n","protected":false},"author":2,"featured_media":17014,"comment_status":"closed","ping_status":"closed","sticky":false,"template":"","format":"standard","meta":{"fifu_image_url":"","fifu_image_alt":"","footnotes":""},"categories":[4351,4352,4353,132],"tags":[],"class_list":["post-17013","post","type-post","status-publish","format-standard","has-post-thumbnail","hentry","category-clube-militar-do-rio-de-janeiro","category-golpe-de-64","category-ministerio-publico-militar-mpm","category-politica"],"_links":{"self":[{"href":"https:\/\/redept.com.br\/blogosfera\/wp-json\/wp\/v2\/posts\/17013","targetHints":{"allow":["GET"]}}],"collection":[{"href":"https:\/\/redept.com.br\/blogosfera\/wp-json\/wp\/v2\/posts"}],"about":[{"href":"https:\/\/redept.com.br\/blogosfera\/wp-json\/wp\/v2\/types\/post"}],"author":[{"embeddable":true,"href":"https:\/\/redept.com.br\/blogosfera\/wp-json\/wp\/v2\/users\/2"}],"replies":[{"embeddable":true,"href":"https:\/\/redept.com.br\/blogosfera\/wp-json\/wp\/v2\/comments?post=17013"}],"version-history":[{"count":0,"href":"https:\/\/redept.com.br\/blogosfera\/wp-json\/wp\/v2\/posts\/17013\/revisions"}],"wp:featuredmedia":[{"embeddable":true,"href":"https:\/\/redept.com.br\/blogosfera\/wp-json\/wp\/v2\/media\/17014"}],"wp:attachment":[{"href":"https:\/\/redept.com.br\/blogosfera\/wp-json\/wp\/v2\/media?parent=17013"}],"wp:term":[{"taxonomy":"category","embeddable":true,"href":"https:\/\/redept.com.br\/blogosfera\/wp-json\/wp\/v2\/categories?post=17013"},{"taxonomy":"post_tag","embeddable":true,"href":"https:\/\/redept.com.br\/blogosfera\/wp-json\/wp\/v2\/tags?post=17013"}],"curies":[{"name":"wp","href":"https:\/\/api.w.org\/{rel}","templated":true}]}}