{"id":17132,"date":"2025-03-17T11:31:31","date_gmt":"2025-03-17T14:31:31","guid":{"rendered":"https:\/\/redept.org\/blogosfera\/governo-de-sao-paulo-deixa-professores-sem-trabalho-e-estudantes-sem-aulas\/"},"modified":"2025-03-17T11:31:31","modified_gmt":"2025-03-17T14:31:31","slug":"governo-de-sao-paulo-deixa-professores-sem-trabalho-e-estudantes-sem-aulas","status":"publish","type":"post","link":"https:\/\/redept.com.br\/blogosfera\/governo-de-sao-paulo-deixa-professores-sem-trabalho-e-estudantes-sem-aulas\/","title":{"rendered":"Governo de S\u00e3o Paulo deixa professores sem trabalho e estudantes sem aulas"},"content":{"rendered":"<p><img fetchpriority=\"high\" width=\"1301\" height=\"1000\"src=\"https:\/\/redept.org\/blogosfera\/wp-content\/uploads\/2025\/03\/P6-_-professores.jpeg\" alt=\"Professores de S\u00e3o Paulo est\u00e3o nas ruas por direitos e pela educa\u00e7\u00e3o p\u00fablica. Foto: Lucas Barbosa (JAV\/SP)\" link_thumbnail=\"\" decoding=\"async\" srcset=\"https:\/\/redept.org\/blogosfera\/wp-content\/uploads\/2025\/03\/P6-_-professores.jpeg 1301w, https:\/\/averdade.org.br\/wp-content\/uploads\/2025\/03\/P6-_-professores-350x269.jpeg 350w, https:\/\/averdade.org.br\/wp-content\/uploads\/2025\/03\/P6-_-professores-1024x787.jpeg 1024w, https:\/\/averdade.org.br\/wp-content\/uploads\/2025\/03\/P6-_-professores-250x192.jpeg 250w, https:\/\/averdade.org.br\/wp-content\/uploads\/2025\/03\/P6-_-professores-768x590.jpeg 768w, https:\/\/averdade.org.br\/wp-content\/uploads\/2025\/03\/P6-_-professores-150x115.jpeg 150w, https:\/\/averdade.org.br\/wp-content\/uploads\/2025\/03\/P6-_-professores-300x231.jpeg 300w, https:\/\/averdade.org.br\/wp-content\/uploads\/2025\/03\/P6-_-professores-696x535.jpeg 696w, https:\/\/averdade.org.br\/wp-content\/uploads\/2025\/03\/P6-_-professores-1068x821.jpeg 1068w\" sizes=\"(max-width: 1301px) 100vw, 1301px\"><\/p>\n<p><strong>Os professores de S\u00e3o Paulo enfrentam as pol\u00edticas fascistas do governador Tarc\u00edsio de Freitas, que precarizam o ensino p\u00fablico estadual e os empregos dos profissionais da educa\u00e7\u00e3o.<\/strong><\/p>\n<p><strong>Gustavo Paix\u00e3o | MLC SP<\/strong><\/p>\n<hr>\n<p>Professores estaduais de S\u00e3o Paulo t\u00eam sofrido com o sucateamento da educa\u00e7\u00e3o p\u00fablica e o desrespeito do governador fascista, Tarc\u00edsio de Freitas (Republicanos). Milhares de professores come\u00e7aram 2025 sendo impedidos de atribuir aulas, ficando sem turmas para ministrarem.<\/p>\n<p>H\u00e1 d\u00e9cadas os governos de direita do estado t\u00eam adotado uma pol\u00edtica de contrata\u00e7\u00e3o tempor\u00e1ria de professores para a rede estadual de educa\u00e7\u00e3o em vez de realizar concursos p\u00fablicos. Segundo dados da ONG Todos pela Educa\u00e7\u00e3o, dos 162.935 mil professores dando aulas na rede estadual em 2023, 69.980 eram efetivos e 82.685 tempor\u00e1rios.<\/p>\n<p>Esse modelo de contrata\u00e7\u00e3o \u00e9 uma forma de precariza\u00e7\u00e3o da educa\u00e7\u00e3o, retirando direitos da categoria, contratando professores por sal\u00e1rios mais baixos, sem estabilidade e com piores condi\u00e7\u00f5es de trabalho. A substitui\u00e7\u00e3o de professores concursados por contratados temporariamente faz parte do pacote de desmonte da educa\u00e7\u00e3o p\u00fablica, junto com as privatiza\u00e7\u00f5es e o corte de R$ 11 bilh\u00f5es no setor aprovado para 2025.<\/p>\n<h4><strong>Concurso p\u00fablico<\/strong><\/h4>\n<p>No fim de 2023, depois de 10 anos de luta da categoria, foi realizado concurso para contrata\u00e7\u00e3o de docentes efetivo, por\u00e9m, apenas 15 mil vagas foram abertas. Sendo assim, mesmo que todas as 15 mil vagas sejam preenchidas por professores que hoje trabalham no regime tempor\u00e1rio, 67 mil professores continuam sofrendo com esta forma de contrato.<\/p>\n<p>Al\u00e9m das vagas insuficientes, o estado n\u00e3o abriu vagas para professores de disciplinas como sociologia e filosofia no concurso. Hoje s\u00e3o cerca de 30 mil professores inscritos nessas mat\u00e9rias que se encontram em situa\u00e7\u00e3o inst\u00e1vel.<\/p>\n<p>Apesar do Governo Federal ter sancionado a mudan\u00e7a de 1.800 para 2.400 horas na Forma\u00e7\u00e3o Geral B\u00e1sica do <a href=\"https:\/\/averdade.org.br\/2024\/08\/fenet-convoca-dia-nacional-de-lutas-contra-o-novo-ensino-medio\/\">Novo Ensino M\u00e9dio<\/a>, de acordo com a BNCC, o Governo fascista de Tarc\u00edsio n\u00e3o segue a lei e efetuou novos cortes na grade curricular, com destaque novamente para ci\u00eancias humanas. Nos \u00faltimos cinco anos, os governadores Jo\u00e3o D\u00f3ria (PSDB) e Tarc\u00edsio de Freitas (Republicanos) reduziram em 35% a grade curricular de ci\u00eancias humanas nas escolas. As disciplinas de sociologia e filosofia tiveram a carga hor\u00e1ria reduzida em 62,9%.<\/p>\n<h4><strong>Impedidos de trabalhar<\/strong><\/h4>\n<p>No in\u00edcio deste ano, os professores sofreram mais um ataque da gest\u00e3o fascista de Tarc\u00edsio de Freitas. Desrespeitando milhares de docentes, o secret\u00e1rio da educa\u00e7\u00e3o Renato Feder, milion\u00e1rio dono de uma das principais empresas parceiras de Tarc\u00edsio, decretou uma nova forma de atribui\u00e7\u00e3o de aulas. Agora, os diretores das escolas, indicados pela gest\u00e3o do governo do estado, escolhem os professores que ser\u00e3o contratados.<\/p>\n<p>Antes, a atribui\u00e7\u00e3o de aulas se dava a partir de crit\u00e9rios objetivos. Os professores efetivos tinham prioridade na manifesta\u00e7\u00e3o de interesse, depois os contratados e os aprovados que aguardam convoca\u00e7\u00e3o podiam pleitear uma turma. A escala final era determinada a partir de um sistema de pontua\u00e7\u00e3o que considerava fatores como experi\u00eancia na rede estadual, cursos de especializa\u00e7\u00e3o e p\u00f3s-gradua\u00e7\u00f5es. Agora, o poder de decidir os professores que ter\u00e3o aulas atribu\u00eddas foi dado diretamente aos diretores das escolas.<\/p>\n<p>Al\u00e9m de piorar as condi\u00e7\u00f5es do ensino, j\u00e1 que a capacidade profissional dos professores foi colocada em segundo plano, criou-se uma nova forma de controle e repress\u00e3o do Estado \u00e0 categoria. Com esta nova forma de contrata\u00e7\u00e3o, professores cr\u00edticos ao governo est\u00e3o sendo exclu\u00eddos do processo de atribui\u00e7\u00e3o. Professores que lutam por melhores condi\u00e7\u00f5es na educa\u00e7\u00e3o, pelos direitos dos estudantes e da categoria, pautam uma educa\u00e7\u00e3o emancipat\u00f3ria e combatem os projetos fascistas do governo s\u00e3o os primeiros atacados.<\/p>\n<p>Pablo Cavichini, professor de Diadema e militante do MLC, explicou como tem sido a repress\u00e3o aos professores nas escolas: \u201cN\u00f3s sempre nos posicionamos contra o desmanche da educa\u00e7\u00e3o p\u00fablica, contra o Novo Ensino M\u00e9dio e a plataformiza\u00e7\u00e3o do ensino, que retira o contato dial\u00f3gico com o aluno e intensifica a educa\u00e7\u00e3o banc\u00e1ria. Por sermos contr\u00e1rios aos projetos do governo, muitos diretores nos veem como empecilhos \u00e0 implementa\u00e7\u00e3o das ordens da Secretaria da Educa\u00e7\u00e3o. Com essa nova forma de atribui\u00e7\u00e3o, o governo est\u00e1 tentando nos impedir de dar aulas como forma de desorganizar a luta pela educa\u00e7\u00e3o e nos reprimir\u201d.<\/p>\n<h4><strong>Professores em luta<\/strong><\/h4>\n<p>Frente aos novos ataques, a categoria tem se mobilizado para lutar contra o projeto neoliberal fascista da gest\u00e3o Tarc\u00edsio-Feder. Os professores t\u00eam pressionado a gest\u00e3o do sindicato a construir uma greve para barrar esses ataques e dar resposta a situa\u00e7\u00e3o.<\/p>\n<p>Para Thais Gasparini, professora e conselheira do Sindicato dos Professores de S\u00e3o Paulo (Apeoesp), em Santo Andr\u00e9, \u201ca \u00fanica sa\u00edda para esse caos na educa\u00e7\u00e3o que o governo de S\u00e3o Paulo criou, \u00e9 a organiza\u00e7\u00e3o dos professores e a realiza\u00e7\u00e3o de uma greve geral da educa\u00e7\u00e3o que obrigue o governo a respeitar nossa categoria e os estudantes\u201d.<\/p>\n<p>Os professores do Movimento Luta de Classes t\u00eam estabelecido contato com a categoria, realizando passagem nas escolas, apresentando o jornal <b><i>A Verdade<\/i><\/b> e convidando para constru\u00e7\u00e3o do movimento classista e revolucion\u00e1rio.<\/p>\n<p>No dia 21 de mar\u00e7o, a Apeoesp convocou uma assembleia com chamamento de greve. \u00c9 importante a unifica\u00e7\u00e3o das lutas da categoria para dar um basta na ofensiva do fascismo. S\u00f3 atrav\u00e9s da luta ser\u00e1 poss\u00edvel derrot\u00e1-los e avan\u00e7ar na constru\u00e7\u00e3o de uma sociedade nova, sem classes e sem explora\u00e7\u00e3o.<\/p>\n<p><em>Mat\u00e9ria publicada na edi\u00e7\u00e3o impressa n\u00ba 308 do jornal A Verdade<\/em><\/p>\n<!-- Begin Yuzo --><div class='yuzo_related_post style-1'  data-version='5.12.89'><!-- without result --><div class='yuzo_clearfixed yuzo__title yuzo__title'><h3>Related Post<\/h3><\/div>\n\t\t\t\t\t\t  <div class=\"relatedthumb \" style=\"width:125px;float:left;overflow:hidden;\">  \n\t\t\t\t\t\t\t  \n\t\t\t\t\t\t\t  <a  href=\"https:\/\/redept.com.br\/blogosfera\/boulos-traz-feira-da-cidadania-governo-do-brasil-na-rua-no-cuca-pici\/\"  >\n\t\t\t\t\t\t\t\t\t  <div class=\"yuzo-img-wrap \" style=\"width: 125px;height:90px;\">\n\t\t\t\t\t\t\t\t\t\t\n\t\t\t\t\t\t\t\t\t\t<div class=\"yuzo-img\" style=\"background:url('https:\/\/redept.org\/blogosfera\/wp-content\/plugins\/yuzo-related-post\/assets\/images\/default.png') 50% 50% no-repeat;width: 125px;height:90px;margin-bottom: 5px;background-size: cover; \"><\/div>\n\t\t\t\t\t\t\t\t\t  <\/div>\n\t\t\t\t\t\t\t\t\t  \n\t\t\t\t\t\t\t\t   <span class=\"yuzo__text--title\" style=\"font-size:13px;\">Boulos traz feira da cidadania \u2018Governo do Brasil ...<\/span>\n\t\t\t\t\t\t\t  \n\t\t\t\t\t\t\t  \n\t\t\t\t\t\t\t  <\/a>\n\n\t\t\t\t\t\t  <\/div>\n\t\t\t\t\t\t  <div class=\"relatedthumb \" style=\"width:125px;float:left;overflow:hidden;\">  \n\t\t\t\t\t\t\t  \n\t\t\t\t\t\t\t  <a  href=\"https:\/\/redept.com.br\/blogosfera\/petrobras-diz-que-pode-reduzir-impacto-da-alta-do-petroleo-no-brasil\/\"  >\n\t\t\t\t\t\t\t\t\t  <div class=\"yuzo-img-wrap \" style=\"width: 125px;height:90px;\">\n\t\t\t\t\t\t\t\t\t\t\n\t\t\t\t\t\t\t\t\t\t<div class=\"yuzo-img\" style=\"background:url('https:\/\/redept.org\/blogosfera\/wp-content\/plugins\/yuzo-related-post\/assets\/images\/default.png') 50% 50% no-repeat;width: 125px;height:90px;margin-bottom: 5px;background-size: cover; \"><\/div>\n\t\t\t\t\t\t\t\t\t  <\/div>\n\t\t\t\t\t\t\t\t\t  \n\t\t\t\t\t\t\t\t   <span class=\"yuzo__text--title\" style=\"font-size:13px;\">Petrobras diz que pode reduzir impacto da alta do ...<\/span>\n\t\t\t\t\t\t\t  \n\t\t\t\t\t\t\t  \n\t\t\t\t\t\t\t  <\/a>\n\n\t\t\t\t\t\t  <\/div>\n\t\t\t\t\t\t  <div class=\"relatedthumb \" style=\"width:125px;float:left;overflow:hidden;\">  \n\t\t\t\t\t\t\t  \n\t\t\t\t\t\t\t  <a  href=\"https:\/\/redept.com.br\/blogosfera\/pb-balaio-nordeste-celebra-dia-nacional-do-forro-com-culminancia-das-acoes-de-2024\/\"  >\n\t\t\t\t\t\t\t\t\t  <div class=\"yuzo-img-wrap \" style=\"width: 125px;height:90px;\">\n\t\t\t\t\t\t\t\t\t\t\n\t\t\t\t\t\t\t\t\t\t<div class=\"yuzo-img\" style=\"background:url('https:\/\/redept.org\/blogosfera\/wp-content\/plugins\/yuzo-related-post\/assets\/images\/default.png') 50% 50% no-repeat;width: 125px;height:90px;margin-bottom: 5px;background-size: cover; \"><\/div>\n\t\t\t\t\t\t\t\t\t  <\/div>\n\t\t\t\t\t\t\t\t\t  \n\t\t\t\t\t\t\t\t   <span class=\"yuzo__text--title\" style=\"font-size:13px;\">PB: Balaio Nordeste celebra Dia Nacional do Forr\u00f3 ...<\/span>\n\t\t\t\t\t\t\t  \n\t\t\t\t\t\t\t  \n\t\t\t\t\t\t\t  <\/a>\n\n\t\t\t\t\t\t  <\/div>\n\t\t\t\t\t\t  <div class=\"relatedthumb \" style=\"width:125px;float:left;overflow:hidden;\">  \n\t\t\t\t\t\t\t  \n\t\t\t\t\t\t\t  <a  href=\"https:\/\/redept.com.br\/blogosfera\/petro-convoca-reuniao-de-ministros-latino-americanos-para-enfrentar-ingerencia-dos-eua\/\"  >\n\t\t\t\t\t\t\t\t\t  <div class=\"yuzo-img-wrap \" style=\"width: 125px;height:90px;\">\n\t\t\t\t\t\t\t\t\t\t\n\t\t\t\t\t\t\t\t\t\t<div class=\"yuzo-img\" style=\"background:url('https:\/\/redept.org\/blogosfera\/wp-content\/plugins\/yuzo-related-post\/assets\/images\/default.png') 50% 50% no-repeat;width: 125px;height:90px;margin-bottom: 5px;background-size: cover; \"><\/div>\n\t\t\t\t\t\t\t\t\t  <\/div>\n\t\t\t\t\t\t\t\t\t  \n\t\t\t\t\t\t\t\t   <span class=\"yuzo__text--title\" style=\"font-size:13px;\">Petro convoca reuni\u00e3o de ministros latino-american...<\/span>\n\t\t\t\t\t\t\t  \n\t\t\t\t\t\t\t  \n\t\t\t\t\t\t\t  <\/a>\n\n\t\t\t\t\t\t  <\/div>\n<\/div> <script>\n\t\t\t\t\t\t  jQuery(document).ready(function( $ ){\n\t\t\t\t\t\t\t\/\/jQuery('.yuzo_related_post').equalizer({ overflow : 'relatedthumb' });\n\t\t\t\t\t\t\tjQuery('.yuzo_related_post .yuzo_wraps').equalizer({ columns : '> div' });\n\t\t\t\t\t\t   })\n\t\t\t\t\t\t  <\/script> <!-- End Yuzo :) -->","protected":false},"excerpt":{"rendered":"<p>Os professores de S\u00e3o Paulo enfrentam as pol\u00edticas fascistas do governador Tarc\u00edsio de Freitas, que precarizam o ensino p\u00fablico estadual e os empregos dos profissionais da educa\u00e7\u00e3o. Gustavo Paix\u00e3o | MLC SP Professores estaduais de S\u00e3o Paulo t\u00eam sofrido com o sucateamento da educa\u00e7\u00e3o p\u00fablica e o desrespeito do governador fascista, Tarc\u00edsio de Freitas (Republicanos). [&hellip;]<\/p>\n","protected":false},"author":2,"featured_media":17133,"comment_status":"open","ping_status":"closed","sticky":false,"template":"","format":"standard","meta":{"fifu_image_url":"","fifu_image_alt":"","footnotes":""},"categories":[1710,95,4368,2091,29,254,497],"tags":[],"class_list":["post-17132","post","type-post","status-publish","format-standard","has-post-thumbnail","hentry","category-apeoesp","category-educacao","category-educacao-publica","category-professores","category-sao-paulo","category-tarcisio-de-freitas","category-trabalhador-unido"],"_links":{"self":[{"href":"https:\/\/redept.com.br\/blogosfera\/wp-json\/wp\/v2\/posts\/17132","targetHints":{"allow":["GET"]}}],"collection":[{"href":"https:\/\/redept.com.br\/blogosfera\/wp-json\/wp\/v2\/posts"}],"about":[{"href":"https:\/\/redept.com.br\/blogosfera\/wp-json\/wp\/v2\/types\/post"}],"author":[{"embeddable":true,"href":"https:\/\/redept.com.br\/blogosfera\/wp-json\/wp\/v2\/users\/2"}],"replies":[{"embeddable":true,"href":"https:\/\/redept.com.br\/blogosfera\/wp-json\/wp\/v2\/comments?post=17132"}],"version-history":[{"count":0,"href":"https:\/\/redept.com.br\/blogosfera\/wp-json\/wp\/v2\/posts\/17132\/revisions"}],"wp:featuredmedia":[{"embeddable":true,"href":"https:\/\/redept.com.br\/blogosfera\/wp-json\/wp\/v2\/media\/17133"}],"wp:attachment":[{"href":"https:\/\/redept.com.br\/blogosfera\/wp-json\/wp\/v2\/media?parent=17132"}],"wp:term":[{"taxonomy":"category","embeddable":true,"href":"https:\/\/redept.com.br\/blogosfera\/wp-json\/wp\/v2\/categories?post=17132"},{"taxonomy":"post_tag","embeddable":true,"href":"https:\/\/redept.com.br\/blogosfera\/wp-json\/wp\/v2\/tags?post=17132"}],"curies":[{"name":"wp","href":"https:\/\/api.w.org\/{rel}","templated":true}]}}