{"id":17634,"date":"2025-03-19T21:07:31","date_gmt":"2025-03-20T00:07:31","guid":{"rendered":"https:\/\/redept.org\/blogosfera\/lula-projeta-crescimento-acima-de-3-em-2025-e-critica-especialistas-pessimistas\/"},"modified":"2025-03-19T21:07:31","modified_gmt":"2025-03-20T00:07:31","slug":"lula-projeta-crescimento-acima-de-3-em-2025-e-critica-especialistas-pessimistas","status":"publish","type":"post","link":"https:\/\/redept.com.br\/blogosfera\/lula-projeta-crescimento-acima-de-3-em-2025-e-critica-especialistas-pessimistas\/","title":{"rendered":"Lula projeta crescimento acima de 3% em 2025 e critica \u201cespecialistas pessimistas\u201d"},"content":{"rendered":"<p><img fetchpriority=\"high\" width=\"1024\" height=\"564\"src=\"https:\/\/redept.org\/blogosfera\/wp-content\/uploads\/2025\/03\/54396892627_e1b119fbf1_k.jpg\" alt=\"\" decoding=\"async\" srcset=\"https:\/\/vermelho.org.br\/wp-content\/uploads\/2025\/03\/54396892627_e1b119fbf1_k-1024x564.jpg 1024w, https:\/\/vermelho.org.br\/wp-content\/uploads\/2025\/03\/54396892627_e1b119fbf1_k-300x166.jpg 300w, https:\/\/vermelho.org.br\/wp-content\/uploads\/2025\/03\/54396892627_e1b119fbf1_k-768x423.jpg 768w, https:\/\/vermelho.org.br\/wp-content\/uploads\/2025\/03\/54396892627_e1b119fbf1_k-1536x846.jpg 1536w, https:\/\/vermelho.org.br\/wp-content\/uploads\/2025\/03\/54396892627_e1b119fbf1_k-700x387.jpg 700w, https:\/\/vermelho.org.br\/wp-content\/uploads\/2025\/03\/54396892627_e1b119fbf1_k-219x121.jpg 219w, https:\/\/redept.org\/blogosfera\/wp-content\/uploads\/2025\/03\/54396892627_e1b119fbf1_k.jpg 2047w\" sizes=\"(max-width: 1024px) 100vw, 1024px\"><\/p>\n<p>O presidente Luiz In\u00e1cio Lula da Silva afirmou nesta quarta-feira (19), durante a inaugura\u00e7\u00e3o do Hospital Universit\u00e1rio do Cear\u00e1 (HUC), em Fortaleza, que o pa\u00eds continuar\u00e1 surpreendendo analistas com crescimento econ\u00f4mico robusto. \u201cVou fazer um desafio aos te\u00f3ricos: o Brasil vai crescer outra vez acima de 3% em 2025. \u00c9 o pa\u00eds que mais tem crescido no mundo, praticamente\u201d, declarou, citando proje\u00e7\u00f5es otimistas mesmo em meio ao ciclo de alta da Selic.<\/p>\n<p>Lula destacou que o aumento real do sal\u00e1rio m\u00ednimo, acordos coletivos acima da infla\u00e7\u00e3o e o cr\u00e9dito consignado facilitado s\u00e3o pilares desse crescimento. \u201cQuando as pessoas t\u00eam dinheiro no bolso, elas consomem, geram empregos e movimentam a economia. \u00c9 assim que o pa\u00eds avan\u00e7a\u201d, completou.<\/p>\n<p>\u201cVai continuar crescendo porque o sal\u00e1rio m\u00ednimo vai continuar crescendo acima da infla\u00e7\u00e3o, porque os acordos salariais v\u00e3o ser feitos acima da infla\u00e7\u00e3o e porque a gente vai ter cr\u00e9dito para que as pessoas possam tomar dinheiro emprestado, pagar juro mais barato e fazer o investimento que quiserem\u201d, afirmou o presidente.<\/p>\n<p><strong>Cr\u00edtica aos \u201cespecialistas que s\u00f3 sabem mentir\u201d<\/strong><\/p>\n<p>O presidente ironizou as previs\u00f5es pessimistas de analistas econ\u00f4micos, lembrando que, em 2023, o Brasil cresceu 3,2% contra uma proje\u00e7\u00e3o inicial de 0,8%. \u201cEles dizem que o pa\u00eds n\u00e3o vai crescer, mas n\u00f3s vamos provar o contr\u00e1rio. At\u00e9 2025, vamos entregar um Brasil melhor do que em 2010\u201d, afirmou, referindo-se ao legado de seu primeiro mandato.<\/p>\n<p>Ele atribuiu o sucesso atual \u00e0 redistribui\u00e7\u00e3o de renda, citando a isen\u00e7\u00e3o do Imposto de Renda para quem ganha at\u00e9 R$ 5 mil e a taxa\u00e7\u00e3o de altos rendimentos. \u201cTiramos de quem tem muito para dar a quem precisa. \u00c9 isso que faz a economia girar\u201d, disse, criticando a concentra\u00e7\u00e3o de renda entre poucos.<\/p>\n<p><strong>HUC: S\u00edmbolo de soberania e investimento social<\/strong><\/p>\n<p>A inaugura\u00e7\u00e3o do HUC, com investimento de R$ 667,71 milh\u00f5es, foi apresentada como prova do compromisso do governo com a sa\u00fade p\u00fablica. \u201cUm pa\u00eds s\u00f3 \u00e9 soberano quando o povo vive com qualidade de vida. O SUS salvou o Brasil na pandemia, e hoje ele est\u00e1 sendo reconstru\u00eddo\u201d, afirmou Lula, contrastando com o \u201cdescaso\u201d de governos anteriores.<\/p>\n<p>O hospital, que atender\u00e1 8,7 milh\u00f5es de cearenses, oferece 832 leitos e servi\u00e7os especializados como transplantes hep\u00e1ticos infantis. Para o ministro da Sa\u00fade, Alexandre Padilha, a unidade representa \u201ca humaniza\u00e7\u00e3o do SUS, que depende do trabalho dos profissionais\u201d.<\/p>\n<p>A inaugura\u00e7\u00e3o do HUC simboliza um passo significativo para a sa\u00fade p\u00fablica no Brasil, enquanto as declara\u00e7\u00f5es de Lula sobre crescimento econ\u00f4mico e seguran\u00e7a p\u00fablica tra\u00e7am um horizonte otimista para o pa\u00eds. Com investimentos robustos e pol\u00edticas integradas, o governo aposta em um Brasil mais justo, seguro e pr\u00f3spero at\u00e9 2025.<\/p>\n<p>O post <a href=\"https:\/\/vermelho.org.br\/2025\/03\/19\/lula-projeta-crescimento-acima-de-3-em-2025-e-critica-especialistas-pessimistas\/\">Lula projeta crescimento acima de 3% em 2025 e critica \u201cespecialistas pessimistas\u201d<\/a> apareceu primeiro em <a href=\"https:\/\/vermelho.org.br\/\">Vermelho<\/a>.<\/p>\n<!-- Begin Yuzo --><div class='yuzo_related_post style-1'  data-version='5.12.89'><!-- without result --><div class='yuzo_clearfixed yuzo__title yuzo__title'><h3>Related Post<\/h3><\/div>\n\t\t\t\t\t\t  <div class=\"relatedthumb \" style=\"width:125px;float:left;overflow:hidden;\">  \n\t\t\t\t\t\t\t  \n\t\t\t\t\t\t\t  <a  href=\"https:\/\/redept.com.br\/blogosfera\/em-genebra-forum-da-onu-recoloca-o-combate-ao-racismo-estrutural-no-centro-da-agenda-global\/\"  >\n\t\t\t\t\t\t\t\t\t  <div class=\"yuzo-img-wrap \" style=\"width: 125px;height:90px;\">\n\t\t\t\t\t\t\t\t\t\t\n\t\t\t\t\t\t\t\t\t\t<div class=\"yuzo-img\" style=\"background:url('https:\/\/redept.org\/blogosfera\/wp-content\/plugins\/yuzo-related-post\/assets\/images\/default.png') 50% 50% no-repeat;width: 125px;height:90px;margin-bottom: 5px;background-size: cover; \"><\/div>\n\t\t\t\t\t\t\t\t\t  <\/div>\n\t\t\t\t\t\t\t\t\t  \n\t\t\t\t\t\t\t\t   <span class=\"yuzo__text--title\" style=\"font-size:13px;\">Em Genebra, F\u00f3rum da ONU recoloca o combate ao rac...<\/span>\n\t\t\t\t\t\t\t  \n\t\t\t\t\t\t\t  \n\t\t\t\t\t\t\t  <\/a>\n\n\t\t\t\t\t\t  <\/div>\n\t\t\t\t\t\t  <div class=\"relatedthumb \" style=\"width:125px;float:left;overflow:hidden;\">  \n\t\t\t\t\t\t\t  \n\t\t\t\t\t\t\t  <a  href=\"https:\/\/sul21.com.br\/noticias\/saude\/2025\/10\/campanha-nacional-de-multivacinacao-comeca-hoje-em-todo-o-pais\/\"  >\n\t\t\t\t\t\t\t\t\t  <div class=\"yuzo-img-wrap \" style=\"width: 125px;height:90px;\">\n\t\t\t\t\t\t\t\t\t\t\n\t\t\t\t\t\t\t\t\t\t<div class=\"yuzo-img\" style=\"background:url('https:\/\/redept.org\/blogosfera\/wp-content\/plugins\/yuzo-related-post\/assets\/images\/default.png') 50% 50% no-repeat;width: 125px;height:90px;margin-bottom: 5px;background-size: cover; \"><\/div>\n\t\t\t\t\t\t\t\t\t  <\/div>\n\t\t\t\t\t\t\t\t\t  \n\t\t\t\t\t\t\t\t   <span class=\"yuzo__text--title\" style=\"font-size:13px;\">Campanha Nacional de Multivacina\u00e7\u00e3o come\u00e7a hoje em...<\/span>\n\t\t\t\t\t\t\t  \n\t\t\t\t\t\t\t  \n\t\t\t\t\t\t\t  <\/a>\n\n\t\t\t\t\t\t  <\/div>\n\t\t\t\t\t\t  <div class=\"relatedthumb \" style=\"width:125px;float:left;overflow:hidden;\">  \n\t\t\t\t\t\t\t  \n\t\t\t\t\t\t\t  <a  href=\"https:\/\/redept.com.br\/blogosfera\/mst-retoma-ocupacao-em-juazeiro-ba-apos-descumprimento-de-acordo\/\"  >\n\t\t\t\t\t\t\t\t\t  <div class=\"yuzo-img-wrap \" style=\"width: 125px;height:90px;\">\n\t\t\t\t\t\t\t\t\t\t\n\t\t\t\t\t\t\t\t\t\t<div class=\"yuzo-img\" style=\"background:url('https:\/\/redept.com.br\/blogosfera\/wp-content\/uploads\/2025\/06\/WhatsApp-Image-2025-06-04-at-185614-150x150.jpeg') 50% 50% no-repeat;width: 125px;height:90px;margin-bottom: 5px;background-size: cover; \"><\/div>\n\t\t\t\t\t\t\t\t\t  <\/div>\n\t\t\t\t\t\t\t\t\t  \n\t\t\t\t\t\t\t\t   <span class=\"yuzo__text--title\" style=\"font-size:13px;\">MST retoma ocupa\u00e7\u00e3o em Juazeiro (BA) ap\u00f3s descumpr...<\/span>\n\t\t\t\t\t\t\t  \n\t\t\t\t\t\t\t  \n\t\t\t\t\t\t\t  <\/a>\n\n\t\t\t\t\t\t  <\/div>\n\t\t\t\t\t\t  <div class=\"relatedthumb \" style=\"width:125px;float:left;overflow:hidden;\">  \n\t\t\t\t\t\t\t  \n\t\t\t\t\t\t\t  <a  href=\"https:\/\/redept.com.br\/blogosfera\/desemprego-atinge-menor-indice-da-historia-em-2024-o-brasil-volta-a-sorrir-comemoram-senadores\/\"  >\n\t\t\t\t\t\t\t\t\t  <div class=\"yuzo-img-wrap \" style=\"width: 125px;height:90px;\">\n\t\t\t\t\t\t\t\t\t\t\n\t\t\t\t\t\t\t\t\t\t<div class=\"yuzo-img\" style=\"background:url('https:\/\/redept.org\/blogosfera\/wp-content\/plugins\/yuzo-related-post\/assets\/images\/default.png') 50% 50% no-repeat;width: 125px;height:90px;margin-bottom: 5px;background-size: cover; \"><\/div>\n\t\t\t\t\t\t\t\t\t  <\/div>\n\t\t\t\t\t\t\t\t\t  \n\t\t\t\t\t\t\t\t   <span class=\"yuzo__text--title\" style=\"font-size:13px;\">Desemprego atinge menor \u00edndice da hist\u00f3ria em 2024...<\/span>\n\t\t\t\t\t\t\t  \n\t\t\t\t\t\t\t  \n\t\t\t\t\t\t\t  <\/a>\n\n\t\t\t\t\t\t  <\/div>\n<\/div> <script>\n\t\t\t\t\t\t  jQuery(document).ready(function( $ ){\n\t\t\t\t\t\t\t\/\/jQuery('.yuzo_related_post').equalizer({ overflow : 'relatedthumb' });\n\t\t\t\t\t\t\tjQuery('.yuzo_related_post .yuzo_wraps').equalizer({ columns : '> div' });\n\t\t\t\t\t\t   })\n\t\t\t\t\t\t  <\/script> <!-- End Yuzo :) -->","protected":false},"excerpt":{"rendered":"<p>O presidente Luiz In\u00e1cio Lula da Silva afirmou nesta quarta-feira (19), durante a inaugura\u00e7\u00e3o do Hospital Universit\u00e1rio do Cear\u00e1 (HUC), em Fortaleza, que o pa\u00eds continuar\u00e1 surpreendendo analistas com crescimento econ\u00f4mico robusto. \u201cVou fazer um desafio aos te\u00f3ricos: o Brasil vai crescer outra vez acima de 3% em 2025. \u00c9 o pa\u00eds que mais tem [&hellip;]<\/p>\n","protected":false},"author":2,"featured_media":17635,"comment_status":"closed","ping_status":"closed","sticky":false,"template":"","format":"standard","meta":{"fifu_image_url":"","fifu_image_alt":"","footnotes":""},"categories":[4442,4443,406,1354,746,221,122,578,4407,2270],"tags":[],"class_list":["post-17634","post","type-post","status-publish","format-standard","has-post-thumbnail","hentry","category-acordos-coletivos","category-aumento-real","category-ceara","category-consumo","category-credito","category-economia","category-inflacao","category-pib","category-renda","category-salario-minimo"],"_links":{"self":[{"href":"https:\/\/redept.com.br\/blogosfera\/wp-json\/wp\/v2\/posts\/17634","targetHints":{"allow":["GET"]}}],"collection":[{"href":"https:\/\/redept.com.br\/blogosfera\/wp-json\/wp\/v2\/posts"}],"about":[{"href":"https:\/\/redept.com.br\/blogosfera\/wp-json\/wp\/v2\/types\/post"}],"author":[{"embeddable":true,"href":"https:\/\/redept.com.br\/blogosfera\/wp-json\/wp\/v2\/users\/2"}],"replies":[{"embeddable":true,"href":"https:\/\/redept.com.br\/blogosfera\/wp-json\/wp\/v2\/comments?post=17634"}],"version-history":[{"count":0,"href":"https:\/\/redept.com.br\/blogosfera\/wp-json\/wp\/v2\/posts\/17634\/revisions"}],"wp:featuredmedia":[{"embeddable":true,"href":"https:\/\/redept.com.br\/blogosfera\/wp-json\/wp\/v2\/media\/17635"}],"wp:attachment":[{"href":"https:\/\/redept.com.br\/blogosfera\/wp-json\/wp\/v2\/media?parent=17634"}],"wp:term":[{"taxonomy":"category","embeddable":true,"href":"https:\/\/redept.com.br\/blogosfera\/wp-json\/wp\/v2\/categories?post=17634"},{"taxonomy":"post_tag","embeddable":true,"href":"https:\/\/redept.com.br\/blogosfera\/wp-json\/wp\/v2\/tags?post=17634"}],"curies":[{"name":"wp","href":"https:\/\/api.w.org\/{rel}","templated":true}]}}