{"id":17636,"date":"2025-03-19T22:32:17","date_gmt":"2025-03-20T01:32:17","guid":{"rendered":"https:\/\/redept.org\/blogosfera\/chapa-construida-pelo-movimento-correnteza-vence-eleicoes-do-dce-ufcg\/"},"modified":"2025-03-19T22:32:17","modified_gmt":"2025-03-20T01:32:17","slug":"chapa-construida-pelo-movimento-correnteza-vence-eleicoes-do-dce-ufcg","status":"publish","type":"post","link":"https:\/\/redept.com.br\/blogosfera\/chapa-construida-pelo-movimento-correnteza-vence-eleicoes-do-dce-ufcg\/","title":{"rendered":"Chapa constru\u00edda pelo Movimento Correnteza vence elei\u00e7\u00f5es do DCE-UFCG"},"content":{"rendered":"<p><img fetchpriority=\"high\" width=\"1600\" height=\"1200\"src=\"https:\/\/redept.org\/blogosfera\/wp-content\/uploads\/2025\/03\/Foto-eleicoes-DCE-UFCG.jpeg\" alt=\"O Movimento Correnteza construiu lutas reivindicat\u00f3rias durante o processo eleitoral do DCE-UFCG. Foto: JAV\/PB\" link_thumbnail=\"\" decoding=\"async\" srcset=\"https:\/\/redept.org\/blogosfera\/wp-content\/uploads\/2025\/03\/Foto-eleicoes-DCE-UFCG.jpeg 1600w, https:\/\/averdade.org.br\/wp-content\/uploads\/2025\/03\/Foto-eleicoes-DCE-UFCG-350x263.jpeg 350w, https:\/\/averdade.org.br\/wp-content\/uploads\/2025\/03\/Foto-eleicoes-DCE-UFCG-1024x768.jpeg 1024w, https:\/\/averdade.org.br\/wp-content\/uploads\/2025\/03\/Foto-eleicoes-DCE-UFCG-250x188.jpeg 250w, https:\/\/averdade.org.br\/wp-content\/uploads\/2025\/03\/Foto-eleicoes-DCE-UFCG-768x576.jpeg 768w, https:\/\/averdade.org.br\/wp-content\/uploads\/2025\/03\/Foto-eleicoes-DCE-UFCG-1536x1152.jpeg 1536w, https:\/\/averdade.org.br\/wp-content\/uploads\/2025\/03\/Foto-eleicoes-DCE-UFCG-150x113.jpeg 150w, https:\/\/averdade.org.br\/wp-content\/uploads\/2025\/03\/Foto-eleicoes-DCE-UFCG-300x225.jpeg 300w, https:\/\/averdade.org.br\/wp-content\/uploads\/2025\/03\/Foto-eleicoes-DCE-UFCG-696x522.jpeg 696w, https:\/\/averdade.org.br\/wp-content\/uploads\/2025\/03\/Foto-eleicoes-DCE-UFCG-1068x801.jpeg 1068w\" sizes=\"(max-width: 1600px) 100vw, 1600px\"><\/p>\n<p><strong>Recebendo 2734 votos, a chapa \u201cA mar\u00e9 t\u00e1 pra luta\u201d venceu as elei\u00e7\u00f5es do DCE-UFCG em fevereiro. Na mobiliza\u00e7\u00e3o para o processo eleitoral, o Movimento Correnteza vendeu 120 exemplares do jornal A Verdade entre os estudantes<\/strong><\/p>\n<p><strong>Guilherme Queiroz | Campina Grande (PB)<\/strong><\/p>\n<hr>\n<p>As elei\u00e7\u00f5es do DCE da Universidade Federal de Campina Grande (DCE-UFCG), realizadas nos dias 25 e 26 de fevereiro, se conclu\u00edram com a vit\u00f3ria da chapa impulsionada pelo Movimento Correnteza. Junto de Centros Acad\u00eamicos e Diret\u00f3rios Acad\u00eamicos de todos os 7 <em>campi<\/em> da universidade, o movimento uma chapa composta por mais de 100 estudantes comprometidos com a transforma\u00e7\u00e3o da realidade da UFCG em 2025.<\/p>\n<p>Com uma intensa campanha que buscou debater os pr\u00f3ximos passos do movimento estudantil na universidade e promoveu a venda de mais de 120 exemplares do jornal <strong><em>A Verdade<\/em><\/strong>, a Chapa 01 \u2013 A MAR\u00c9 T\u00c1 PRA LUTA conquistou 2734 votos. Mesmo com um processo de chapa \u00fanica, a elei\u00e7\u00e3o bateu o qu\u00f3rum de votos pela primeira vez em 10 anos. Essa foi a terceira vit\u00f3ria seguida do Movimento Correnteza nas elei\u00e7\u00f5es do DCE-UFCG, reafirmando que a mobiliza\u00e7\u00e3o \u00e9 o caminho certo para o avan\u00e7o do movimento estudantil.<\/p>\n<h4><strong>Gest\u00f5es de luta<\/strong><\/h4>\n<p>Durante a primeira gest\u00e3o que contou com a participa\u00e7\u00e3o do Movimento Correnteza (2022-2023), foi organizada uma grande campanha pela <a href=\"https:\/\/averdade.org.br\/2023\/11\/estudantes-conquistam-restaurantes-universitarios-na-paraiba\/\">abertura dos Restaurantes Universit\u00e1rios<\/a> a pre\u00e7o popular. Naquele momento, a UFCG organizava a reabertura de seus restaurantes ao pre\u00e7o de R$ 10,00, sob fortes cr\u00edticas dos estudantes.<\/p>\n<p>Ap\u00f3s muita luta, o DCE-UFCG conquistou um subs\u00eddio de 50% no valor da alimenta\u00e7\u00e3o para todos estudantes da universidade, tornando-se o RU mais barato da Para\u00edba. Essa gest\u00e3o tamb\u00e9m foi respons\u00e1vel pela reativa\u00e7\u00e3o do CNPJ e da conta banc\u00e1ria da entidade, desativados havia 8 anos, e pela revitaliza\u00e7\u00e3o da sede do DCE em Campina Grande, que estava em situa\u00e7\u00e3o de abandono.<\/p>\n<p>A gest\u00e3o seguinte (2023-2024), que tamb\u00e9m foi impulsionada pelo Movimento Correnteza,\u00a0 protagonizou a conquista da primeira elei\u00e7\u00e3o parit\u00e1ria para a reitoria. Anteriormente, em todas as elei\u00e7\u00f5es, o voto estudantil tinha peso de apenas 15%. Por sua vez, o voto dos professores valia 70% do processo. O DCE-UFCG conquistou a paridade, organizou o processo e cumpriu um papel decisivo para que aquela fosse a elei\u00e7\u00e3o para a reitoria com maior participa\u00e7\u00e3o quantitativa e proporcional da hist\u00f3ria da universidade.<\/p>\n<p>Al\u00e9m disso, a gest\u00e3o de 2023-2024 organizou o primeiro congresso da entidade em 21 anos, abriu um cinema gratuito em sua sede, registrou a entidade para a emiss\u00e3o de carteirinhas \u2014 o que n\u00e3o acontecia havia 10 anos \u2014 e trouxe de volta as calouradas.<\/p>\n<h4><strong>Vit\u00f3ria estudantil<\/strong><\/h4>\n<p>O pr\u00f3prio processo eleitoral do DCE-UFCG demonstrou que 2025 ser\u00e1 um ano de ainda mais lutas e vit\u00f3rias estudantis. Durante a campanha, no campus da cidade de Cajazeiras, a chapa organizou a reivindica\u00e7\u00e3o por melhores estruturas para uma turma de Biologia que estava assistindo aulas em uma sala de confer\u00eancias muito quente, sem climatiza\u00e7\u00e3o adequada e com pouca visibilidade de <i>slides<\/i>. Assim que a chapa se deparou com essa situa\u00e7\u00e3o, organizou a mobiliza\u00e7\u00e3o e, no outro dia, conquistou o realocamento da turma para uma sala adequada que estava vazia.<\/p>\n<p>O hist\u00f3rico da entidade demonstra que foi a partir da luta do movimento estudantil em torno das pautas mais caras aos estudantes que o Movimento Correnteza reconstruiu o DCE-UFCG. Em 2025, tendo constru\u00eddo a chapa que contou com o maior n\u00famero de estudantes em anos, a gest\u00e3o \u2013 A MAR\u00c9 T\u00c1 PRA LUTA pretende cumprir a sua principal promessa de campanha: organizar os estudantes na luta por estrutura e perman\u00eancia na UFCG.<\/p>\n<!-- Begin Yuzo --><div class='yuzo_related_post style-1'  data-version='5.12.89'><!-- without result --><div class='yuzo_clearfixed yuzo__title yuzo__title'><h3>Related Post<\/h3><\/div>\n\t\t\t\t\t\t  <div class=\"relatedthumb \" style=\"width:125px;float:left;overflow:hidden;\">  \n\t\t\t\t\t\t\t  \n\t\t\t\t\t\t\t  <a  href=\"https:\/\/redept.com.br\/blogosfera\/amazonas-tem-13-municipios-em-estado-de-emergencia-pela-cheia-dos-rios\/\"  >\n\t\t\t\t\t\t\t\t\t  <div class=\"yuzo-img-wrap \" style=\"width: 125px;height:90px;\">\n\t\t\t\t\t\t\t\t\t\t\n\t\t\t\t\t\t\t\t\t\t<div class=\"yuzo-img\" style=\"background:url('https:\/\/redept.com.br\/blogosfera\/wp-content\/uploads\/2025\/05\/WhatsApp-Image-2025-05-05-at-153158-934x570-1-150x150.jpeg') 50% 50% no-repeat;width: 125px;height:90px;margin-bottom: 5px;background-size: cover; \"><\/div>\n\t\t\t\t\t\t\t\t\t  <\/div>\n\t\t\t\t\t\t\t\t\t  \n\t\t\t\t\t\t\t\t   <span class=\"yuzo__text--title\" style=\"font-size:13px;\">Amazonas tem 13 munic\u00edpios em estado de emerg\u00eancia...<\/span>\n\t\t\t\t\t\t\t  \n\t\t\t\t\t\t\t  \n\t\t\t\t\t\t\t  <\/a>\n\n\t\t\t\t\t\t  <\/div>\n\t\t\t\t\t\t  <div class=\"relatedthumb \" style=\"width:125px;float:left;overflow:hidden;\">  \n\t\t\t\t\t\t\t  \n\t\t\t\t\t\t\t  <a  href=\"https:\/\/redept.com.br\/blogosfera\/brasil-gera-1297-mil-empregos-formais-em-julho-com-destaque-para-servicos\/\"  >\n\t\t\t\t\t\t\t\t\t  <div class=\"yuzo-img-wrap \" style=\"width: 125px;height:90px;\">\n\t\t\t\t\t\t\t\t\t\t\n\t\t\t\t\t\t\t\t\t\t<div class=\"yuzo-img\" style=\"background:url('https:\/\/redept.org\/blogosfera\/wp-content\/plugins\/yuzo-related-post\/assets\/images\/default.png') 50% 50% no-repeat;width: 125px;height:90px;margin-bottom: 5px;background-size: cover; \"><\/div>\n\t\t\t\t\t\t\t\t\t  <\/div>\n\t\t\t\t\t\t\t\t\t  \n\t\t\t\t\t\t\t\t   <span class=\"yuzo__text--title\" style=\"font-size:13px;\">Brasil gera 129,7 mil empregos formais em julho, c...<\/span>\n\t\t\t\t\t\t\t  \n\t\t\t\t\t\t\t  \n\t\t\t\t\t\t\t  <\/a>\n\n\t\t\t\t\t\t  <\/div>\n\t\t\t\t\t\t  <div class=\"relatedthumb \" style=\"width:125px;float:left;overflow:hidden;\">  \n\t\t\t\t\t\t\t  \n\t\t\t\t\t\t\t  <a  href=\"https:\/\/sul21.com.br\/noticias\/meio-ambiente\/2025\/10\/ibama-concede-licenca-para-petrobras-explorar-petroleo-na-margem-equatorial\/\"  >\n\t\t\t\t\t\t\t\t\t  <div class=\"yuzo-img-wrap \" style=\"width: 125px;height:90px;\">\n\t\t\t\t\t\t\t\t\t\t\n\t\t\t\t\t\t\t\t\t\t<div class=\"yuzo-img\" style=\"background:url('https:\/\/agenciabrasil.ebc.com.br\/ebc.png?id=1663542&amp;o=node') 50% 50% no-repeat;width: 125px;height:90px;margin-bottom: 5px;background-size: cover; \"><\/div>\n\t\t\t\t\t\t\t\t\t  <\/div>\n\t\t\t\t\t\t\t\t\t  \n\t\t\t\t\t\t\t\t   <span class=\"yuzo__text--title\" style=\"font-size:13px;\">Ibama concede licen\u00e7a para Petrobras explorar petr...<\/span>\n\t\t\t\t\t\t\t  \n\t\t\t\t\t\t\t  \n\t\t\t\t\t\t\t  <\/a>\n\n\t\t\t\t\t\t  <\/div>\n\t\t\t\t\t\t  <div class=\"relatedthumb \" style=\"width:125px;float:left;overflow:hidden;\">  \n\t\t\t\t\t\t\t  \n\t\t\t\t\t\t\t  <a  href=\"https:\/\/redept.com.br\/blogosfera\/senado-aprova-uso-da-linguagem-simples-em-orgaos-publicos\/\"  >\n\t\t\t\t\t\t\t\t\t  <div class=\"yuzo-img-wrap \" style=\"width: 125px;height:90px;\">\n\t\t\t\t\t\t\t\t\t\t\n\t\t\t\t\t\t\t\t\t\t<div class=\"yuzo-img\" style=\"background:url('https:\/\/redept.org\/blogosfera\/wp-content\/plugins\/yuzo-related-post\/assets\/images\/default.png') 50% 50% no-repeat;width: 125px;height:90px;margin-bottom: 5px;background-size: cover; \"><\/div>\n\t\t\t\t\t\t\t\t\t  <\/div>\n\t\t\t\t\t\t\t\t\t  \n\t\t\t\t\t\t\t\t   <span class=\"yuzo__text--title\" style=\"font-size:13px;\">Senado aprova uso da linguagem simples em \u00f3rg\u00e3os p...<\/span>\n\t\t\t\t\t\t\t  \n\t\t\t\t\t\t\t  \n\t\t\t\t\t\t\t  <\/a>\n\n\t\t\t\t\t\t  <\/div>\n<\/div> <script>\n\t\t\t\t\t\t  jQuery(document).ready(function( $ ){\n\t\t\t\t\t\t\t\/\/jQuery('.yuzo_related_post').equalizer({ overflow : 'relatedthumb' });\n\t\t\t\t\t\t\tjQuery('.yuzo_related_post .yuzo_wraps').equalizer({ columns : '> div' });\n\t\t\t\t\t\t   })\n\t\t\t\t\t\t  <\/script> <!-- End Yuzo :) -->","protected":false},"excerpt":{"rendered":"<p>Recebendo 2734 votos, a chapa \u201cA mar\u00e9 t\u00e1 pra luta\u201d venceu as elei\u00e7\u00f5es do DCE-UFCG em fevereiro. Na mobiliza\u00e7\u00e3o para o processo eleitoral, o Movimento Correnteza vendeu 120 exemplares do jornal A Verdade entre os estudantes Guilherme Queiroz | Campina Grande (PB) As elei\u00e7\u00f5es do DCE da Universidade Federal de Campina Grande (DCE-UFCG), realizadas nos [&hellip;]<\/p>\n","protected":false},"author":2,"featured_media":17637,"comment_status":"open","ping_status":"closed","sticky":false,"template":"","format":"standard","meta":{"fifu_image_url":"","fifu_image_alt":"","footnotes":""},"categories":[966,95,67,1203,362,968,4444],"tags":[],"class_list":["post-17636","post","type-post","status-publish","format-standard","has-post-thumbnail","hentry","category-campina-grande","category-educacao","category-juventude","category-movimento-correnteza","category-movimento-estudantil","category-paraiba","category-ufcg"],"_links":{"self":[{"href":"https:\/\/redept.com.br\/blogosfera\/wp-json\/wp\/v2\/posts\/17636","targetHints":{"allow":["GET"]}}],"collection":[{"href":"https:\/\/redept.com.br\/blogosfera\/wp-json\/wp\/v2\/posts"}],"about":[{"href":"https:\/\/redept.com.br\/blogosfera\/wp-json\/wp\/v2\/types\/post"}],"author":[{"embeddable":true,"href":"https:\/\/redept.com.br\/blogosfera\/wp-json\/wp\/v2\/users\/2"}],"replies":[{"embeddable":true,"href":"https:\/\/redept.com.br\/blogosfera\/wp-json\/wp\/v2\/comments?post=17636"}],"version-history":[{"count":0,"href":"https:\/\/redept.com.br\/blogosfera\/wp-json\/wp\/v2\/posts\/17636\/revisions"}],"wp:featuredmedia":[{"embeddable":true,"href":"https:\/\/redept.com.br\/blogosfera\/wp-json\/wp\/v2\/media\/17637"}],"wp:attachment":[{"href":"https:\/\/redept.com.br\/blogosfera\/wp-json\/wp\/v2\/media?parent=17636"}],"wp:term":[{"taxonomy":"category","embeddable":true,"href":"https:\/\/redept.com.br\/blogosfera\/wp-json\/wp\/v2\/categories?post=17636"},{"taxonomy":"post_tag","embeddable":true,"href":"https:\/\/redept.com.br\/blogosfera\/wp-json\/wp\/v2\/tags?post=17636"}],"curies":[{"name":"wp","href":"https:\/\/api.w.org\/{rel}","templated":true}]}}