{"id":17718,"date":"2025-03-20T13:51:52","date_gmt":"2025-03-20T16:51:52","guid":{"rendered":"https:\/\/redept.org\/blogosfera\/21-de-marco-dia-mundial-da-sindrome-de-down\/"},"modified":"2025-03-20T13:51:52","modified_gmt":"2025-03-20T16:51:52","slug":"21-de-marco-dia-mundial-da-sindrome-de-down","status":"publish","type":"post","link":"https:\/\/redept.com.br\/blogosfera\/21-de-marco-dia-mundial-da-sindrome-de-down\/","title":{"rendered":"21 de mar\u00e7o: Dia Mundial da S\u00edndrome de Down"},"content":{"rendered":"<p>O Dia Mundial da S\u00edndrome de Down, celebrado em 21 de mar\u00e7o, foi institu\u00eddo pela Organiza\u00e7\u00e3o das Na\u00e7\u00f5es Unidas (<a href=\"https:\/\/tvtnews.com.br\/tag\/onu\/\" data-type=\"post_tag\" data-id=\"4246\">ONU<\/a>) para conscientizar a sociedade sobre a inclus\u00e3o e os direitos das pessoas com essa condi\u00e7\u00e3o gen\u00e9tica. A data faz refer\u00eancia \u00e0 trissomia do cromossomo 21, caracter\u00edstica da s\u00edndrome. Veja em <a href=\"http:\/\/tvtnews.com.br\/\" data-type=\"link\" data-id=\"tvtnews.com.br\" target=\"_blank\" rel=\"noopener noreferrer nofollow\">TVT News<\/a> as a\u00e7\u00f5es sobre o dia 21 de mar\u00e7o e tire duas d\u00favidas sobre a s\u00edndrome.<\/p>\n<h2>Quais a\u00e7\u00f5es ser\u00e3o feitas em 21 de mar\u00e7o, Dia da S\u00edndrome de Down<\/h2>\n<p>O Dia Mundial da S\u00edndrome de Down \u00e9 comemorado nesta sexta-feira, 21 de mar\u00e7o. Em raz\u00e3o disso, o <strong>Instituto Nosso Olhar<\/strong> promover\u00e1 uma <strong>aula de m\u00fasica coletiva com cerca de 20 alunos<\/strong>. Entre eles, est\u00e3o crian\u00e7as com autismo, S\u00edndrome de Down e TDAH,<\/p>\n<p>Al\u00e9m disso, no dia 30 de mar\u00e7o, das 9h \u00e0s 11h30, em frente \u00e0 Fiesp, na Avenida Paulista, acontecer\u00e1 um encontro gratuito e aberto ao p\u00fablico, com o objetivo de ampliar a conscientiza\u00e7\u00e3o sobre os direitos das pessoas com defici\u00eancia, que deve reunir mais de 500 pessoas em S\u00e3o Paulo.<\/p>\n<p>O evento \u00e9 organizado pelo Espa\u00e7o Mosaico e pelo Instituto MetaSocial, da Federa\u00e7\u00e3o Brasileira das Associa\u00e7\u00f5es de S\u00edndrome de Down (FBASD), em parceria com o Instituto Nosso Olhar e outras 11 entidades.<\/p>\n<p>Em cinco anos, o Instituto Nosso Olhar entregou transforma\u00e7\u00e3o atrav\u00e9s de 6.282 atendimentos, sendo 3.024 nas oficinas culturais, 281 nas aulas de jiu-jitsu e ainda teve 425 pessoas nos atendimentos personalizados na \u00e1rea da sa\u00fade e educa\u00e7\u00e3o.<\/p>\n<p>\u201cTransformar vidas de pessoas com defici\u00eancia e em vulnerabilidade social nos move adiante. Torn\u00e1-los cidad\u00e3os produtivos, nos leva al\u00e9m\u201d, afirma Thaissa Alvarenga, fundadora do Nosso Olhar.<\/p>\n<h2>Inclus\u00e3o e desafios<\/h2>\n<p>Apesar dos avan\u00e7os em legisla\u00e7\u00e3o e pol\u00edticas p\u00fablicas, pessoas com S\u00edndrome de Down ainda enfrentam barreiras para o acesso \u00e0 educa\u00e7\u00e3o, ao <a href=\"https:\/\/tvtnews.com.br\/tag\/mercado-de-trabalho\/\" data-type=\"post_tag\" data-id=\"4513\">mercado de trabalho<\/a> e \u00e0 sa\u00fade. O preconceito e a falta de acessibilidade s\u00e3o desafios di\u00e1rios que demandam mudan\u00e7as na sociedade.<\/p>\n<p>A educa\u00e7\u00e3o inclusiva \u00e9 um dos pilares para garantir autonomia e desenvolvimento para pessoas com S\u00edndrome de Down. Escolas que adotam pr\u00e1ticas pedag\u00f3gicas adaptadas contribuem para o aprendizado e para a socializa\u00e7\u00e3o.<\/p>\n<h3>Mercado de trabalho e direitos<\/h3>\n<p>A inser\u00e7\u00e3o no mercado de trabalho tem avan\u00e7ado nos \u00faltimos anos, mas ainda h\u00e1 dificuldades. Empresas que adotam programas de inclus\u00e3o demonstram que a diversidade contribui para ambientes mais produtivos e inovadores. A legisla\u00e7\u00e3o brasileira garante direitos, como cota para pessoas com defici\u00eancia em empresas com mais de 100 funcion\u00e1rios.<\/p>\n<\/p>\n<figure><img fetchpriority=\"high\" fetchpriority=\"high\" decoding=\"async\" width=\"1024\" height=\"682\"src=\"https:\/\/redept.org\/blogosfera\/wp-content\/uploads\/2025\/03\/Dia_Internacional_e_Nacional_da_Sindrome_de_Down_52763021419.jpg\" alt=\"21-de-marco-dia-mundial-da-sindrome-de-down-dia-mundial-da-sindrome-de-down-reforca-lutas-e-direitos-foto-assembleia-legislativa-do-espirito-santo-tvt-news\" title=\"21 de mar\u00e7o: Dia Mundial da S\u00edndrome de Down 1\" srcset=\"https:\/\/tvtnews.com.br\/wp-content\/uploads\/2025\/03\/Dia_Internacional_e_Nacional_da_Sindrome_de_Down_52763021419-1024x682.jpg 1024w, https:\/\/tvtnews.com.br\/wp-content\/uploads\/2025\/03\/Dia_Internacional_e_Nacional_da_Sindrome_de_Down_52763021419-300x200.jpg 300w, https:\/\/tvtnews.com.br\/wp-content\/uploads\/2025\/03\/Dia_Internacional_e_Nacional_da_Sindrome_de_Down_52763021419-768x512.jpg 768w, https:\/\/redept.org\/blogosfera\/wp-content\/uploads\/2025\/03\/Dia_Internacional_e_Nacional_da_Sindrome_de_Down_52763021419.jpg 1280w\" sizes=\"(max-width: 1024px) 100vw, 1024px\"><figcaption>Pessoas com Down realizam a higieniza\u00e7\u00e3o das obras da Biblioteca do Senado, servi\u00e7o essencial para a preserva\u00e7\u00e3o do acervo. Foto: Roque de S\u00e1\/Ag\u00eancia Senado<\/figcaption><\/figure>\n<\/p>\n<h3>Anote na agenda: dia 26 de mar\u00e7o acontece o jantar \u201cAmigos da Inclus\u00e3o\u201d<\/h3>\n<p>O <strong>Instituto Nosso Olhar<\/strong>, em parceria com a <strong>Associa\u00e7\u00e3o Fernanda Bianchini<\/strong>, ir\u00e1 realizar, no dia 26 de mar\u00e7o, a terceira edi\u00e7\u00e3o do jantar <strong>\u201cAmigos da Inclus\u00e3o\u201d<\/strong>, um movimento de solidariedade para engajar parceiros e toda a comunidade. O evento acontecer\u00e1 \u00e0s 19h, no 033 Rooftop, na Vila Nova Concei\u00e7\u00e3o, e contar\u00e1 com diversas atra\u00e7\u00f5es, como a Banda Suhai, a Cia de Ballet de Cegos e o Musical Nosso Olhar, al\u00e9m de um leil\u00e3o beneficente e a presen\u00e7a do empres\u00e1rio e filantropo Elie Horn, fundador da Cyrela e do Movimento Bem Maior.<\/p>\n<p>Com o objetivo de reunir agentes transformadores para uma sociedade inclusiva, o encontro tem como tema \u201cCidadania Produtiva J\u00e1!\u201d e visa defender que todos tenham o direito de produzir, consumir e influenciar nas demandas culturais, sociais e comerciais da coletividade.<\/p>\n<p>Criador do jantar \u201cAmigos da Inclus\u00e3o\u201d h\u00e1 tr\u00eas anos, o <strong><a href=\"https:\/\/ino.org.br\/\" target=\"_blank\" data-type=\"link\" data-id=\"https:\/\/ino.org.br\/\" rel=\"noreferrer noopener nofollow\">Instituto Nosso Olhar<\/a><\/strong> trabalha com o objetivo amplo da inclus\u00e3o de pessoas com defici\u00eancia, sobretudo intelectual, para melhorar a condi\u00e7\u00e3o f\u00edsica, emocional e social.<\/p>\n<h2>O que \u00e9 a S\u00edndrome de Down?<\/h2>\n<p>Em entrevista \u00e0 TVT News, a Dra. Ida Vanessa D. Schwartz explica o que \u00e9 a S\u00edndrome de Down. Vanessa  D. Schwartz \u00e9 presidente da Sociedade Brasileira de Gen\u00e9tica M\u00e9dica e Gen\u00f4mica, e coordenadora do <a href=\"https:\/\/inraras.org.br\/\" data-type=\"link\" data-id=\"https:\/\/inraras.org.br\/\" target=\"_blank\" rel=\"noopener noreferrer nofollow\">InRaras<\/a>, Instituto Nacional de Doen\u00e7as Raras que desenvolve estrat\u00e9gias e mecanismos para acelerar o diagn\u00f3stico.<\/p>\n<p><strong>O que \u00e9 a S\u00edndrome de Down?<\/strong><\/p>\n<p>Os cromossomos s\u00e3o estruturas formadas por DNA (nosso material gen\u00e9tico, onde est\u00e3o os genes), localizadas no centro das c\u00e9lulas, no n\u00facleo. J\u00e1 o nosso corpo \u00e9 constitu\u00eddo por v\u00e1rios tipos de c\u00e9lulas, que se caracterizam por possu\u00edrem 46 cromossomos (23 herdados da m\u00e3e e 23, do pai). Entretanto, por diversas raz\u00f5es \u2013 algumas delas desconhecidas \u2013 existem pessoas que nascem com n\u00fameros diferentes de cromossomos, com cromossomos menores ou maiores do que o esperado. Isso pode levar a um \u201cdesbalan\u00e7o\u201d do n\u00famero de genes e seus produtos, as prote\u00ednas, e ocasionar caracter\u00edsticas diversas a estas pessoas.<\/p>\n<p><strong>O que \u00e9 o cromossomo 21?<\/strong><\/p>\n<p>O cromossomo 21 \u00e9 o menor cromossomo do tipo n\u00e3o-sexual que possu\u00edmos, sendo estimado que tenha em torno de 230 genes que produzem prote\u00ednas. Pessoas que nascem com tr\u00eas cromossomos 21 possuem a Trissomia de 21 (ou S\u00edndrome de Down, nome dado em homenagem a J.L. Down, m\u00e9dico que reconheceu esta condi\u00e7\u00e3o em 1866).\u00a0<\/p>\n<p><strong>O que significa ter a Trissomia do 21? <\/strong><\/p>\n<p>Significa ser diferente (como todos somos), necessitar de promo\u00e7\u00e3o de inclus\u00e3o,\u00a0e ter um acompanhamento com equipe capacitada ao longo da vida, pois alguns problemas de sa\u00fade (como cardiopatia cong\u00eanita e altera\u00e7\u00f5es na tireoide) s\u00e3o mais frequentes. Um dos genes localizados no cromossomo 21 \u00e9<em>\u00a0o\u00a0<\/em>APP, que est\u00e1 envolvido na g\u00eanese da Doen\u00e7a de Alzheimer; e quem tem Trissomia do 21 possui tr\u00eas c\u00f3pias desse gene e mais chance de desenvolver Doen\u00e7a de Alzheimer de in\u00edcio precoce.<\/p>\n<\/p>\n<figure><img decoding=\"async\" width=\"1024\" height=\"683\"src=\"https:\/\/redept.org\/blogosfera\/wp-content\/uploads\/2025\/03\/13316128204_e17d2675b1_b.jpg\" alt=\"21-de-marco-dia-mundial-da-sindrome-de-down-a-educacao-inclusiva-e-um-dos-pilares-para-garantir-autonomia-e-desenvolvimento-para-pessoas-com-sindrome-de-down-foto-foto-reinaldo-carvalho-assembleia-espirito-santo-tvt-news\" title=\"21 de mar\u00e7o: Dia Mundial da S\u00edndrome de Down 2\" srcset=\"https:\/\/redept.org\/blogosfera\/wp-content\/uploads\/2025\/03\/13316128204_e17d2675b1_b.jpg 1024w, https:\/\/tvtnews.com.br\/wp-content\/uploads\/2025\/03\/13316128204_e17d2675b1_b-300x200.jpg 300w, https:\/\/tvtnews.com.br\/wp-content\/uploads\/2025\/03\/13316128204_e17d2675b1_b-768x512.jpg 768w\" sizes=\"(max-width: 1024px) 100vw, 1024px\"><figcaption>A educa\u00e7\u00e3o inclusiva \u00e9 um dos pilares para garantir autonomia e desenvolvimento para pessoas com S\u00edndrome de Down. Foto: Foto: Reinaldo Carvalho\/Assembleia Esp\u00edrito Santo<\/figcaption><\/figure>\n<\/p>\n<p><strong>Quem tem Trissomia do 21 pode caminhar, falar, estudar, trabalhar e ter expectativa de vida normal? <\/strong><\/p>\n<p>Sim para todas as perguntas! Isso mostra que, na S\u00edndrome de Down, os sins s\u00e3o muito maiores do que os n\u00e3os. N\u00e3o existem pessoas iguais sem Trissomia do 21, assim como n\u00e3o existem pessoas iguais com Trissomia do 21.<\/p>\n<p><strong>Cada vez mais vemos atrizes, dan\u00e7arinas e outras profissionais com esta condi\u00e7\u00e3o. Elas t\u00eam um grau menor de Trissomia do 21? <\/strong><\/p>\n<p>N\u00e3o, porque na maioria das vezes o que influencia o n\u00edvel dessa condi\u00e7\u00e3o n\u00e3o \u00e9 a biologia, mas a maneira como estes indiv\u00edduos s\u00e3o aceitos pela sociedade e sua fam\u00edlia desde o in\u00edcio de suas vidas, e todo o investimento que neles s\u00e3o feitos. \u00c9 esse tipo de entendimento que nos mostra a import\u00e2ncia de termos o Dia Mundial da S\u00edndrome de Down, data reconhecida pela Organiza\u00e7\u00e3o das Na\u00e7\u00f5es Unidas (ONU).<\/p>\n<\/p>\n<\/p>\n<p>The post <a rel=\"nofollow\" href=\"https:\/\/tvtnews.com.br\/21-de-marco-dia-mundial-da-sindrome-de-down\/\">21 de mar\u00e7o: Dia Mundial da S\u00edndrome de Down<\/a> appeared first on <a rel=\"nofollow\" href=\"https:\/\/tvtnews.com.br\/\">TVT News<\/a>.<\/p>\n<!-- Begin Yuzo --><div class='yuzo_related_post style-1'  data-version='5.12.89'><!-- without result --><div class='yuzo_clearfixed yuzo__title yuzo__title'><h3>Related Post<\/h3><\/div>\n\t\t\t\t\t\t  <div class=\"relatedthumb \" style=\"width:125px;float:left;overflow:hidden;\">  \n\t\t\t\t\t\t\t  \n\t\t\t\t\t\t\t  <a  href=\"https:\/\/redept.com.br\/blogosfera\/um-terco-dos-aprovados-no-cnu-sao-negros-indigenas-e-pcd\/\"  >\n\t\t\t\t\t\t\t\t\t  <div class=\"yuzo-img-wrap \" style=\"width: 125px;height:90px;\">\n\t\t\t\t\t\t\t\t\t\t\n\t\t\t\t\t\t\t\t\t\t<div class=\"yuzo-img\" style=\"background:url('https:\/\/redept.org\/blogosfera\/wp-content\/plugins\/yuzo-related-post\/assets\/images\/default.png') 50% 50% no-repeat;width: 125px;height:90px;margin-bottom: 5px;background-size: cover; \"><\/div>\n\t\t\t\t\t\t\t\t\t  <\/div>\n\t\t\t\t\t\t\t\t\t  \n\t\t\t\t\t\t\t\t   <span class=\"yuzo__text--title\" style=\"font-size:13px;\">Um ter\u00e7o dos aprovados no CNU s\u00e3o negros, ind\u00edgena...<\/span>\n\t\t\t\t\t\t\t  \n\t\t\t\t\t\t\t  \n\t\t\t\t\t\t\t  <\/a>\n\n\t\t\t\t\t\t  <\/div>\n\t\t\t\t\t\t  <div class=\"relatedthumb \" style=\"width:125px;float:left;overflow:hidden;\">  \n\t\t\t\t\t\t\t  \n\t\t\t\t\t\t\t  <a  href=\"https:\/\/redept.com.br\/blogosfera\/putin-rejeita-derrota-da-russia-na-siria-e-defende-retirada-de-tropas-de-israel-do-pais\/\"  >\n\t\t\t\t\t\t\t\t\t  <div class=\"yuzo-img-wrap \" style=\"width: 125px;height:90px;\">\n\t\t\t\t\t\t\t\t\t\t\n\t\t\t\t\t\t\t\t\t\t<div class=\"yuzo-img\" style=\"background:url('https:\/\/redept.org\/blogosfera\/wp-content\/plugins\/yuzo-related-post\/assets\/images\/default.png') 50% 50% no-repeat;width: 125px;height:90px;margin-bottom: 5px;background-size: cover; \"><\/div>\n\t\t\t\t\t\t\t\t\t  <\/div>\n\t\t\t\t\t\t\t\t\t  \n\t\t\t\t\t\t\t\t   <span class=\"yuzo__text--title\" style=\"font-size:13px;\">Putin rejeita \u2018derrota\u2019 da R\u00fassia na S...<\/span>\n\t\t\t\t\t\t\t  \n\t\t\t\t\t\t\t  \n\t\t\t\t\t\t\t  <\/a>\n\n\t\t\t\t\t\t  <\/div>\n\t\t\t\t\t\t  <div class=\"relatedthumb \" style=\"width:125px;float:left;overflow:hidden;\">  \n\t\t\t\t\t\t\t  \n\t\t\t\t\t\t\t  <a  href=\"https:\/\/redept.com.br\/blogosfera\/pt-propoe-modelo-inovador-no-combate-a-roubos-de-celulares-em-sp\/\"  >\n\t\t\t\t\t\t\t\t\t  <div class=\"yuzo-img-wrap \" style=\"width: 125px;height:90px;\">\n\t\t\t\t\t\t\t\t\t\t\n\t\t\t\t\t\t\t\t\t\t<div class=\"yuzo-img\" style=\"background:url('https:\/\/redept.org\/blogosfera\/wp-content\/plugins\/yuzo-related-post\/assets\/images\/default.png') 50% 50% no-repeat;width: 125px;height:90px;margin-bottom: 5px;background-size: cover; \"><\/div>\n\t\t\t\t\t\t\t\t\t  <\/div>\n\t\t\t\t\t\t\t\t\t  \n\t\t\t\t\t\t\t\t   <span class=\"yuzo__text--title\" style=\"font-size:13px;\">PT prop\u00f5e modelo inovador no combate a roubos de c...<\/span>\n\t\t\t\t\t\t\t  \n\t\t\t\t\t\t\t  \n\t\t\t\t\t\t\t  <\/a>\n\n\t\t\t\t\t\t  <\/div>\n\t\t\t\t\t\t  <div class=\"relatedthumb \" style=\"width:125px;float:left;overflow:hidden;\">  \n\t\t\t\t\t\t\t  \n\t\t\t\t\t\t\t  <a  href=\"https:\/\/redept.com.br\/blogosfera\/milhares-de-argentinos-lotam-a-praca-de-maio-em-apoio-a-cristina-kirchner-ex-presidenta-pede-a-justica-autorizacao-para-aparecer-na-sacada\/\"  >\n\t\t\t\t\t\t\t\t\t  <div class=\"yuzo-img-wrap \" style=\"width: 125px;height:90px;\">\n\t\t\t\t\t\t\t\t\t\t\n\t\t\t\t\t\t\t\t\t\t<div class=\"yuzo-img\" style=\"background:url('https:\/\/redept.com.br\/blogosfera\/wp-content\/uploads\/2025\/06\/bdf-20250618-192001-164ce4-150x150.jpg') 50% 50% no-repeat;width: 125px;height:90px;margin-bottom: 5px;background-size: cover; \"><\/div>\n\t\t\t\t\t\t\t\t\t  <\/div>\n\t\t\t\t\t\t\t\t\t  \n\t\t\t\t\t\t\t\t   <span class=\"yuzo__text--title\" style=\"font-size:13px;\">Milhares de argentinos lotam a Pra\u00e7a de Maio em ap...<\/span>\n\t\t\t\t\t\t\t  \n\t\t\t\t\t\t\t  \n\t\t\t\t\t\t\t  <\/a>\n\n\t\t\t\t\t\t  <\/div>\n<\/div> <script>\n\t\t\t\t\t\t  jQuery(document).ready(function( $ ){\n\t\t\t\t\t\t\t\/\/jQuery('.yuzo_related_post').equalizer({ overflow : 'relatedthumb' });\n\t\t\t\t\t\t\tjQuery('.yuzo_related_post .yuzo_wraps').equalizer({ columns : '> div' });\n\t\t\t\t\t\t   })\n\t\t\t\t\t\t  <\/script> <!-- End Yuzo :) -->","protected":false},"excerpt":{"rendered":"<p>O Dia Mundial da S\u00edndrome de Down, celebrado em 21 de mar\u00e7o, foi institu\u00eddo pela Organiza\u00e7\u00e3o das Na\u00e7\u00f5es Unidas (ONU) para conscientizar a sociedade sobre a inclus\u00e3o e os direitos das pessoas com essa condi\u00e7\u00e3o gen\u00e9tica. A data faz refer\u00eancia \u00e0 trissomia do cromossomo 21, caracter\u00edstica da s\u00edndrome. Veja em TVT News as a\u00e7\u00f5es sobre [&hellip;]<\/p>\n","protected":false},"author":2,"featured_media":17719,"comment_status":"closed","ping_status":"closed","sticky":false,"template":"","format":"standard","meta":{"fifu_image_url":"","fifu_image_alt":"","footnotes":""},"categories":[264,473,4450,1576,2448,126],"tags":[],"class_list":["post-17718","post","type-post","status-publish","format-standard","has-post-thumbnail","hentry","category-cidadania","category-destaque-medio","category-down","category-hoje-na-historia","category-pcd","category-saude"],"_links":{"self":[{"href":"https:\/\/redept.com.br\/blogosfera\/wp-json\/wp\/v2\/posts\/17718","targetHints":{"allow":["GET"]}}],"collection":[{"href":"https:\/\/redept.com.br\/blogosfera\/wp-json\/wp\/v2\/posts"}],"about":[{"href":"https:\/\/redept.com.br\/blogosfera\/wp-json\/wp\/v2\/types\/post"}],"author":[{"embeddable":true,"href":"https:\/\/redept.com.br\/blogosfera\/wp-json\/wp\/v2\/users\/2"}],"replies":[{"embeddable":true,"href":"https:\/\/redept.com.br\/blogosfera\/wp-json\/wp\/v2\/comments?post=17718"}],"version-history":[{"count":0,"href":"https:\/\/redept.com.br\/blogosfera\/wp-json\/wp\/v2\/posts\/17718\/revisions"}],"wp:featuredmedia":[{"embeddable":true,"href":"https:\/\/redept.com.br\/blogosfera\/wp-json\/wp\/v2\/media\/17719"}],"wp:attachment":[{"href":"https:\/\/redept.com.br\/blogosfera\/wp-json\/wp\/v2\/media?parent=17718"}],"wp:term":[{"taxonomy":"category","embeddable":true,"href":"https:\/\/redept.com.br\/blogosfera\/wp-json\/wp\/v2\/categories?post=17718"},{"taxonomy":"post_tag","embeddable":true,"href":"https:\/\/redept.com.br\/blogosfera\/wp-json\/wp\/v2\/tags?post=17718"}],"curies":[{"name":"wp","href":"https:\/\/api.w.org\/{rel}","templated":true}]}}