{"id":17737,"date":"2025-03-20T15:00:29","date_gmt":"2025-03-20T18:00:29","guid":{"rendered":"https:\/\/redept.org\/blogosfera\/veja-como-sera-o-julgamento-no-stf-que-pode-transformar-bolsonaro-em-reu\/"},"modified":"2025-03-20T15:00:29","modified_gmt":"2025-03-20T18:00:29","slug":"veja-como-sera-o-julgamento-no-stf-que-pode-transformar-bolsonaro-em-reu","status":"publish","type":"post","link":"https:\/\/redept.com.br\/blogosfera\/veja-como-sera-o-julgamento-no-stf-que-pode-transformar-bolsonaro-em-reu\/","title":{"rendered":"Veja como ser\u00e1 o julgamento no STF que pode transformar Bolsonaro em r\u00e9u"},"content":{"rendered":"<p><img fetchpriority=\"high\" width=\"1024\" height=\"576\"src=\"https:\/\/redept.org\/blogosfera\/wp-content\/uploads\/2025\/03\/bolsonaro_Marcelo-CamargoAgencia-Brasil.jpg\" alt=\"\" decoding=\"async\" srcset=\"https:\/\/vermelho.org.br\/wp-content\/uploads\/2025\/03\/bolsonaro_Marcelo-CamargoAgencia-Brasil-1024x576.jpg 1024w, https:\/\/vermelho.org.br\/wp-content\/uploads\/2025\/03\/bolsonaro_Marcelo-CamargoAgencia-Brasil-300x169.jpg 300w, https:\/\/vermelho.org.br\/wp-content\/uploads\/2025\/03\/bolsonaro_Marcelo-CamargoAgencia-Brasil-768x432.jpg 768w, https:\/\/vermelho.org.br\/wp-content\/uploads\/2025\/03\/bolsonaro_Marcelo-CamargoAgencia-Brasil-1536x864.jpg 1536w, https:\/\/redept.org\/blogosfera\/wp-content\/uploads\/2025\/03\/bolsonaro_Marcelo-CamargoAgencia-Brasil.jpg 1890w\" sizes=\"(max-width: 1024px) 100vw, 1024px\"><\/p>\n<p>A pr\u00f3xima ter\u00e7a-feira (25) marca o in\u00edcio do processo de julgamentos que poder\u00e1, ao final, levar \u00e0 condena\u00e7\u00e3o do ex-presidente Jair Bolsonaro (PL) e de nomes do seu entorno por tentativa de golpe de Estado. Nessa data, a Primeira Turma do Supremo Tribunal Federal (STF) come\u00e7a a analisar a den\u00fancia apresentada pela Procuradoria-Geral da Rep\u00fablica (PGR) em fevereiro.<\/p>\n<p>O que ser\u00e1 avaliado nesse primeiro momento \u00e9 se a <a href=\"https:\/\/vermelho.org.br\/2025\/03\/13\/pgr-mantem-denuncia-contra-bolsonaro-e-mais-33-pela-tentativa-de-golpe\/\">den\u00fancia da PGR<\/a> contra Bolsonaro e outros sete auxiliares, que formam o n\u00facleo central da trama golpista, ser\u00e1 ou n\u00e3o acatada. Ou seja, n\u00e3o se trata, ainda, de condenar ou inocentar os apontados.<\/p>\n<p>Esse primeiro grupo, chamado de \u201cN\u00facleo 1\u201d, \u00e9 formado pelos que encabe\u00e7avam o planejamento do golpe, tendo os seguintes denunciados:<\/p>\n<ul>\n<li>Jair Bolsonaro, ex-presidente da Rep\u00fablica;<\/li>\n<li>Walter Braga Netto, general de Ex\u00e9rcito, ex-ministro e vice de Bolsonaro na chapa das elei\u00e7\u00f5es de 2022;<\/li>\n<li>Augusto Heleno, general, ex-ministro do Gabinete de Seguran\u00e7a Institucional;<\/li>\n<li>Alexandre Ramagem, ex-diretor da Ag\u00eancia Brasileira de Intelig\u00eancia (Abin);<\/li>\n<li>Anderson Torres, ex-ministro da Justi\u00e7a e ex-secret\u00e1rio de seguran\u00e7a do Distrito Federal;<\/li>\n<li>Almir Garnier, almirante, ex-comandante da Marinha;<\/li>\n<li>Paulo S\u00e9rgio Nogueira, general do Ex\u00e9rcito e ex-ministro da Defesa;<\/li>\n<li>Mauro Cid, ex-ajudante de ordens de Bolsonaro e delator.<\/li>\n<\/ul>\n<p><strong>Leia tamb\u00e9m:<\/strong> <a href=\"https:\/\/vermelho.org.br\/2025\/03\/18\/pgr-pede-que-militares-envolvidos-no-plano-para-matar-lula-virem-reus\/\">PGR pede que militares envolvidos no plano para matar Lula virem r\u00e9us<\/a><\/p>\n<p>De acordo com a den\u00fancia, eles devem responder pelos seguintes crimes:<\/p>\n<ul>\n<li>Golpe de Estado;<\/li>\n<li>Tentativa de aboli\u00e7\u00e3o violenta do Estado democr\u00e1tico de direito;<\/li>\n<li>Organiza\u00e7\u00e3o criminosa armada;<\/li>\n<li>Dano qualificado pela viol\u00eancia e grave amea\u00e7a contra o patrim\u00f4nio da Uni\u00e3o;<\/li>\n<li>Deteriora\u00e7\u00e3o de patrim\u00f4nio tombado.<\/li>\n<\/ul>\n<p><strong>Primeira Turma<\/strong><\/p>\n<div>\n<figure><img decoding=\"async\" width=\"1024\" height=\"682\"src=\"https:\/\/redept.org\/blogosfera\/wp-content\/uploads\/2025\/03\/moraes_Foto-Gustavo-Moreno_stf-2048x1365-1.jpg\" alt=\"\" srcset=\"https:\/\/vermelho.org.br\/wp-content\/uploads\/2025\/03\/moraes_Foto-Gustavo-Moreno_stf-1024x682.jpg 1024w, https:\/\/vermelho.org.br\/wp-content\/uploads\/2025\/03\/moraes_Foto-Gustavo-Moreno_stf-300x200.jpg 300w, https:\/\/vermelho.org.br\/wp-content\/uploads\/2025\/03\/moraes_Foto-Gustavo-Moreno_stf-768x512.jpg 768w, https:\/\/vermelho.org.br\/wp-content\/uploads\/2025\/03\/moraes_Foto-Gustavo-Moreno_stf-1536x1024.jpg 1536w, https:\/\/redept.org\/blogosfera\/wp-content\/uploads\/2025\/03\/moraes_Foto-Gustavo-Moreno_stf-2048x1365-1.jpg 2048w, https:\/\/vermelho.org.br\/wp-content\/uploads\/2025\/03\/moraes_Foto-Gustavo-Moreno_stf-272x182.jpg 272w\" sizes=\"(max-width: 1024px) 100vw, 1024px\"><figcaption>Alexandre de Moraes. Foto: Gustavo Moreno\/STF<\/figcaption><\/figure>\n<\/div>\n<div>\n<p>De acordo com o regimento interno do STF, cabe \u00e0s\u00a0duas turmas do tribunal julgar a\u00e7\u00f5es penais. Como o relator, Alexandre de Moraes, faz parte da Primeira Turma, a acusa\u00e7\u00e3o ser\u00e1 analisada por esse colegiado.<\/p>\n<\/div>\n<p>Nesta quarta-feira (19), a maioria do STF decidiu manter Moraes, Cristiano Zanin e Fl\u00e1vio Dino no julgamento da den\u00fancia. Isso aconteceu ap\u00f3s as defesas de tr\u00eas dos denunciados terem pedido o afastamento desses magistrados por entenderem que eles teriam impedimentos espec\u00edficos para julgar o caso.<\/p>\n<p>A Primeira Turma \u00e9 formada pelos seguintes ministros:<\/p>\n<ul>\n<li>O relator da den\u00fancia, Alexandre de Moraes;<\/li>\n<li>Fl\u00e1vio Dino;<\/li>\n<li>Cristiano Zanin;<\/li>\n<li>Carmen L\u00facia;<\/li>\n<li>Luiz Fux.<\/li>\n<\/ul>\n<p><strong>Din\u00e2mica do julgamento<\/strong><\/p>\n<p>O julgamento da den\u00fancia foi marcada pelo presidente da Primeira Turma, ministro Cristiano Zanin, e dever\u00e1 ser iniciada \u00e0s 9h30 da pr\u00f3xima ter\u00e7a-feira, 25 de mar\u00e7o. Ainda n\u00e3o est\u00e1 definido se a sess\u00e3o ser\u00e1 transmitida via redes ou pela TV Justi\u00e7a.<\/p>\n<p>A din\u00e2mica ser\u00e1 a seguinte:<\/p>\n<ul>\n<li>Zanin abre a sess\u00e3o;<\/li>\n<li>Moraes l\u00ea o relat\u00f3rio do caso;<\/li>\n<li>Paulo Gonet, procurador-geral da Rep\u00fablica, faz a sua sustenta\u00e7\u00e3o oral;<\/li>\n<li>Defesas apresentam argumentos pr\u00e9vios;<\/li>\n<li>Moraes vota sobre as preliminares (quest\u00f5es que devem ser decididas antes do m\u00e9rito, porque dizem respeito \u00e0 pr\u00f3pria forma\u00e7\u00e3o da rela\u00e7\u00e3o processual);<\/li>\n<li>Demais ministros devem fazer o mesmo;<\/li>\n<li>Depois, o relator tamb\u00e9m dever\u00e1 se manifestar sobre o m\u00e9rito da den\u00fancia da PGR, ou seja, se a aceita ou n\u00e3o;<\/li>\n<li>Novamente os demais ministros apresentar\u00e3o suas posi\u00e7\u00f5es.<\/li>\n<\/ul>\n<p><strong>Resultado final\u2028<\/strong><\/p>\n<p>O resultado final da aprecia\u00e7\u00e3o da den\u00fancia enviada pela PGR apontar\u00e1 os pr\u00f3ximos rumos. Se n\u00e3o for aceita, o processo \u00e9 arquivado.<\/p>\n<p><strong>Leia tamb\u00e9m:<\/strong> <a href=\"https:\/\/vermelho.org.br\/2025\/03\/13\/pedro-serrano-condenacao-de-bolsonaro-pode-marcar-virada-na-defesa-da-democracia\/\">Pedro Serrano: condena\u00e7\u00e3o de Bolsonaro pode marcar virada na defesa da democracia<\/a><\/p>\n<p>No caso de a den\u00fancia ser acatada, tem in\u00edcio uma nova fase, a instru\u00e7\u00e3o processual, na qual novas provas s\u00e3o coletadas; testemunhas s\u00e3o ouvidas; r\u00e9us s\u00e3o interrogados e as alega\u00e7\u00f5es finais s\u00e3o apresentadas pela acusa\u00e7\u00e3o e pela defesa.<\/p>\n<p>Finalizada essa etapa, o STF julgar\u00e1 o caso, determinando a condena\u00e7\u00e3o ou a absolvi\u00e7\u00e3o dos acusados e estabelecendo as penas para cada um.<\/p>\n<p><strong>Outros n\u00facleos<\/strong><\/p>\n<p>A partir do dia 8 de abril, acontecer\u00e1 o julgamento de mais uma parte da den\u00fancia da PGR, relativa ao chamado \u201cN\u00facleo 3\u201d da trama golpista. Comp\u00f5em o grupo militares da ativa e da reserva do Ex\u00e9rcito e um policial federal.<\/p>\n<p>J\u00e1 no dia 29 de abril tem in\u00edcio a an\u00e1lise da den\u00fancia da PGR que diz respeito ao chamado \u201cN\u00facleo 2\u201d.<\/p>\n<p>Fazem parte desse grupo:<\/p>\n<ul>\n<li>Fernando de Sousa Oliveira, delegado da Pol\u00edcia Federal;<\/li>\n<li>Filipe Garcia Martins Pereira, ex-assessor para Assuntos Internacionais da Presid\u00eancia da Rep\u00fablica;<\/li>\n<li>Marcelo Costa C\u00e2mara, coronel da reserva do Ex\u00e9rcito e ex-assessor da Presid\u00eancia da Rep\u00fablica;<\/li>\n<li>Mar\u00edlia Ferreira de Alencar, delegada da Pol\u00edcia Federal;<\/li>\n<li>M\u00e1rio Fernandes, general da reserva do Ex\u00e9rcito;<\/li>\n<li>Silvinei Vasques, ex-diretor-geral da Pol\u00edcia Rodovi\u00e1ria Federal).<\/li>\n<\/ul>\n<p>O post <a href=\"https:\/\/vermelho.org.br\/2025\/03\/20\/veja-como-sera-o-julgamento-no-stf-que-pode-transformar-bolsonaro-em-reu\/\">Veja como ser\u00e1 o julgamento no STF que pode transformar Bolsonaro em r\u00e9u<\/a> apareceu primeiro em <a href=\"https:\/\/vermelho.org.br\/\">Vermelho<\/a>.<\/p>\n<!-- Begin Yuzo --><div class='yuzo_related_post style-1'  data-version='5.12.89'><!-- without result --><div class='yuzo_clearfixed yuzo__title yuzo__title'><h3>Related Post<\/h3><\/div>\n\t\t\t\t\t\t  <div class=\"relatedthumb \" style=\"width:125px;float:left;overflow:hidden;\">  \n\t\t\t\t\t\t\t  \n\t\t\t\t\t\t\t  <a  href=\"https:\/\/redept.com.br\/blogosfera\/lei-sobre-seguranca-em-escolas-de-mg-exige-vigilancia-da-sociedade-dizem-especialistas\/\"  >\n\t\t\t\t\t\t\t\t\t  <div class=\"yuzo-img-wrap \" style=\"width: 125px;height:90px;\">\n\t\t\t\t\t\t\t\t\t\t\n\t\t\t\t\t\t\t\t\t\t<div class=\"yuzo-img\" style=\"background:url('https:\/\/redept.org\/blogosfera\/wp-content\/plugins\/yuzo-related-post\/assets\/images\/default.png') 50% 50% no-repeat;width: 125px;height:90px;margin-bottom: 5px;background-size: cover; \"><\/div>\n\t\t\t\t\t\t\t\t\t  <\/div>\n\t\t\t\t\t\t\t\t\t  \n\t\t\t\t\t\t\t\t   <span class=\"yuzo__text--title\" style=\"font-size:13px;\">Lei sobre seguran\u00e7a em escolas de MG exige vigil\u00e2n...<\/span>\n\t\t\t\t\t\t\t  \n\t\t\t\t\t\t\t  \n\t\t\t\t\t\t\t  <\/a>\n\n\t\t\t\t\t\t  <\/div>\n\t\t\t\t\t\t  <div class=\"relatedthumb \" style=\"width:125px;float:left;overflow:hidden;\">  \n\t\t\t\t\t\t\t  \n\t\t\t\t\t\t\t  <a  href=\"https:\/\/redept.com.br\/blogosfera\/mauricio-de-sousa-celebra-90-anos-com-cinebiografia\/\"  >\n\t\t\t\t\t\t\t\t\t  <div class=\"yuzo-img-wrap \" style=\"width: 125px;height:90px;\">\n\t\t\t\t\t\t\t\t\t\t\n\t\t\t\t\t\t\t\t\t\t<div class=\"yuzo-img\" style=\"background:url('https:\/\/redept.com.br\/blogosfera\/wp-content\/uploads\/2025\/10\/turminha-3-2048x511-1-150x150.jpg') 50% 50% no-repeat;width: 125px;height:90px;margin-bottom: 5px;background-size: cover; \"><\/div>\n\t\t\t\t\t\t\t\t\t  <\/div>\n\t\t\t\t\t\t\t\t\t  \n\t\t\t\t\t\t\t\t   <span class=\"yuzo__text--title\" style=\"font-size:13px;\">Maur\u00edcio de Sousa celebra 90 anos com cinebiografi...<\/span>\n\t\t\t\t\t\t\t  \n\t\t\t\t\t\t\t  \n\t\t\t\t\t\t\t  <\/a>\n\n\t\t\t\t\t\t  <\/div>\n\t\t\t\t\t\t  <div class=\"relatedthumb \" style=\"width:125px;float:left;overflow:hidden;\">  \n\t\t\t\t\t\t\t  \n\t\t\t\t\t\t\t  <a  href=\"https:\/\/redept.com.br\/blogosfera\/arquivos-de-epstein-revelam-viagens-de-trump-com-criminoso-sexual\/\"  >\n\t\t\t\t\t\t\t\t\t  <div class=\"yuzo-img-wrap \" style=\"width: 125px;height:90px;\">\n\t\t\t\t\t\t\t\t\t\t\n\t\t\t\t\t\t\t\t\t\t<div class=\"yuzo-img\" style=\"background:url('https:\/\/redept.org\/blogosfera\/wp-content\/plugins\/yuzo-related-post\/assets\/images\/default.png') 50% 50% no-repeat;width: 125px;height:90px;margin-bottom: 5px;background-size: cover; \"><\/div>\n\t\t\t\t\t\t\t\t\t  <\/div>\n\t\t\t\t\t\t\t\t\t  \n\t\t\t\t\t\t\t\t   <span class=\"yuzo__text--title\" style=\"font-size:13px;\">Arquivos de Epstein revelam viagens de Trump com c...<\/span>\n\t\t\t\t\t\t\t  \n\t\t\t\t\t\t\t  \n\t\t\t\t\t\t\t  <\/a>\n\n\t\t\t\t\t\t  <\/div>\n\t\t\t\t\t\t  <div class=\"relatedthumb \" style=\"width:125px;float:left;overflow:hidden;\">  \n\t\t\t\t\t\t\t  \n\t\t\t\t\t\t\t  <a  href=\"https:\/\/redept.com.br\/blogosfera\/sub-representadas-nos-parlamentos-mulheres-debatem-maior-participacao-na-agenda-politica-do-brics\/\"  >\n\t\t\t\t\t\t\t\t\t  <div class=\"yuzo-img-wrap \" style=\"width: 125px;height:90px;\">\n\t\t\t\t\t\t\t\t\t\t\n\t\t\t\t\t\t\t\t\t\t<div class=\"yuzo-img\" style=\"background:url('https:\/\/redept.org\/blogosfera\/wp-content\/plugins\/yuzo-related-post\/assets\/images\/default.png') 50% 50% no-repeat;width: 125px;height:90px;margin-bottom: 5px;background-size: cover; \"><\/div>\n\t\t\t\t\t\t\t\t\t  <\/div>\n\t\t\t\t\t\t\t\t\t  \n\t\t\t\t\t\t\t\t   <span class=\"yuzo__text--title\" style=\"font-size:13px;\">Sub-representadas nos parlamentos, mulheres debate...<\/span>\n\t\t\t\t\t\t\t  \n\t\t\t\t\t\t\t  \n\t\t\t\t\t\t\t  <\/a>\n\n\t\t\t\t\t\t  <\/div>\n<\/div> <script>\n\t\t\t\t\t\t  jQuery(document).ready(function( $ ){\n\t\t\t\t\t\t\t\/\/jQuery('.yuzo_related_post').equalizer({ overflow : 'relatedthumb' });\n\t\t\t\t\t\t\tjQuery('.yuzo_related_post .yuzo_wraps').equalizer({ columns : '> div' });\n\t\t\t\t\t\t   })\n\t\t\t\t\t\t  <\/script> <!-- End Yuzo :) -->","protected":false},"excerpt":{"rendered":"<p>A pr\u00f3xima ter\u00e7a-feira (25) marca o in\u00edcio do processo de julgamentos que poder\u00e1, ao final, levar \u00e0 condena\u00e7\u00e3o do ex-presidente Jair Bolsonaro (PL) e de nomes do seu entorno por tentativa de golpe de Estado. Nessa data, a Primeira Turma do Supremo Tribunal Federal (STF) come\u00e7a a analisar a den\u00fancia apresentada pela Procuradoria-Geral da Rep\u00fablica [&hellip;]<\/p>\n","protected":false},"author":2,"featured_media":17738,"comment_status":"closed","ping_status":"closed","sticky":false,"template":"","format":"standard","meta":{"fifu_image_url":"","fifu_image_alt":"","footnotes":""},"categories":[1390,1272,288,2460,819,511],"tags":[],"class_list":["post-17737","post","type-post","status-publish","format-standard","has-post-thumbnail","hentry","category-bolsonaro","category-golpismo-bolsonarista","category-justica","category-procuradoria-geral-da-republica-pgr","category-stf-supremo-tribunal-federal","category-tentativa-de-golpe"],"_links":{"self":[{"href":"https:\/\/redept.com.br\/blogosfera\/wp-json\/wp\/v2\/posts\/17737","targetHints":{"allow":["GET"]}}],"collection":[{"href":"https:\/\/redept.com.br\/blogosfera\/wp-json\/wp\/v2\/posts"}],"about":[{"href":"https:\/\/redept.com.br\/blogosfera\/wp-json\/wp\/v2\/types\/post"}],"author":[{"embeddable":true,"href":"https:\/\/redept.com.br\/blogosfera\/wp-json\/wp\/v2\/users\/2"}],"replies":[{"embeddable":true,"href":"https:\/\/redept.com.br\/blogosfera\/wp-json\/wp\/v2\/comments?post=17737"}],"version-history":[{"count":0,"href":"https:\/\/redept.com.br\/blogosfera\/wp-json\/wp\/v2\/posts\/17737\/revisions"}],"wp:featuredmedia":[{"embeddable":true,"href":"https:\/\/redept.com.br\/blogosfera\/wp-json\/wp\/v2\/media\/17738"}],"wp:attachment":[{"href":"https:\/\/redept.com.br\/blogosfera\/wp-json\/wp\/v2\/media?parent=17737"}],"wp:term":[{"taxonomy":"category","embeddable":true,"href":"https:\/\/redept.com.br\/blogosfera\/wp-json\/wp\/v2\/categories?post=17737"},{"taxonomy":"post_tag","embeddable":true,"href":"https:\/\/redept.com.br\/blogosfera\/wp-json\/wp\/v2\/tags?post=17737"}],"curies":[{"name":"wp","href":"https:\/\/api.w.org\/{rel}","templated":true}]}}