{"id":18016,"date":"2025-03-21T14:49:05","date_gmt":"2025-03-21T17:49:05","guid":{"rendered":"https:\/\/redept.org\/blogosfera\/lula-atesta-acordo-historico-para-expandir-educacao-integral-em-recife\/"},"modified":"2025-03-21T14:49:05","modified_gmt":"2025-03-21T17:49:05","slug":"lula-atesta-acordo-historico-para-expandir-educacao-integral-em-recife","status":"publish","type":"post","link":"https:\/\/redept.com.br\/blogosfera\/lula-atesta-acordo-historico-para-expandir-educacao-integral-em-recife\/","title":{"rendered":"Lula atesta acordo hist\u00f3rico para expandir educa\u00e7\u00e3o integral em Recife"},"content":{"rendered":"<p><img loading=\"lazy\" width=\"1024\" height=\"606\"src=\"https:\/\/redept.org\/blogosfera\/wp-content\/uploads\/2025\/03\/Acordo-AGU-e-Recife.jpg\" alt=\"\" decoding=\"async\" loading=\"lazy\" srcset=\"https:\/\/vermelho.org.br\/wp-content\/uploads\/2025\/03\/Acordo-AGU-e-Recife-1024x606.jpg 1024w, https:\/\/vermelho.org.br\/wp-content\/uploads\/2025\/03\/Acordo-AGU-e-Recife-300x177.jpg 300w, https:\/\/vermelho.org.br\/wp-content\/uploads\/2025\/03\/Acordo-AGU-e-Recife-768x454.jpg 768w, https:\/\/redept.org\/blogosfera\/wp-content\/uploads\/2025\/03\/Acordo-AGU-e-Recife.jpg 1143w\" sizes=\"auto, (max-width: 1024px) 100vw, 1024px\"><\/p>\n<p>A Advocacia-Geral da Uni\u00e3o (AGU) e a Prefeitura de Recife assinaram nesta quinta-feira (20), no Pal\u00e1cio do Planalto, um acordo considerado hist\u00f3rico que prev\u00ea o repasse de R$ 900,4 milh\u00f5es ao munic\u00edpio do antigo Fundo de Manuten\u00e7\u00e3o e Desenvolvimento do Ensino Fundamental e de Valoriza\u00e7\u00e3o do Magist\u00e9rio (Fundef).<\/p>\n<p>O entendimento encerra uma demanda judicial de d\u00e9cadas. \u201cEu fico muito feliz de encerrar esse lit\u00edgio, que durava anos, e de fato conseguirmos ter instrumentos para melhorar a vida do povo do Recife a partir daquilo que \u00e9 mais importante: a educa\u00e7\u00e3o\u201d, destacou o advogado-geral da Uni\u00e3o, Jorge Messias.<\/p>\n<p>O presidente Lula, que acompanhou a assinatura do pacto, disse que se n\u00e3o houver investimento na educa\u00e7\u00e3o, o pa\u00eds n\u00e3o d\u00e1 o salto de qualidade que precisa no s\u00e9culo 21.<\/p>\n<p>\u201cPorque somente assim a gente vai sonhar com a educa\u00e7\u00e3o como ponto de partida para a gente dar um salto de qualidade no Brasil\u201d, disse o presidente durante a assinatura do ato.<\/p>\n<p>Leia mais: <a href=\"https:\/\/vermelho.org.br\/2023\/07\/31\/lula-sanciona-lei-que-amplia-oferta-de-vagas-para-educacao-integral\/\">Lula sanciona lei que amplia oferta de vagas para educa\u00e7\u00e3o integral<\/a><\/p>\n<p>O prefeito Jo\u00e3o Campos (PSB) disse que o acordo vai garantir a expans\u00e3o da educa\u00e7\u00e3o em tempo integral para 7 mil crian\u00e7as.<\/p>\n<p>\u201cEsse \u00e9 o maior acordo da hist\u00f3ria da cidade do Recife. S\u00e3o 7 mil crian\u00e7as que v\u00e3o passar a ter educa\u00e7\u00e3o integral, cinco refei\u00e7\u00f5es por dia e o direito \u00e0 educa\u00e7\u00e3o. A gente vai expandir a educa\u00e7\u00e3o integral e a educa\u00e7\u00e3o especial inclusiva do nosso munic\u00edpio\u201d, comemorou.<\/p>\n<p>O ministro da Educa\u00e7\u00e3o, Camilo Santana, destacou que a concilia\u00e7\u00e3o resolve um problema de quase 20 anos de uma a\u00e7\u00e3o judicial que poderia se estender por mais um longo per\u00edodo.<\/p>\n<p>\u201cCom esse recurso, o prefeito de Recife vai ampliar vagas de creche, abrir novas creches para as crian\u00e7as e mais escolas de tempo integral. Isso est\u00e1 conectado com a pol\u00edtica que o presidente Lula defende hoje no seu governo\u201d, afirmou.<\/p>\n<p><strong>Acordo<\/strong><\/p>\n<p>O acordo prev\u00ea que o munic\u00edpio dever\u00e1 elaborar plano de aplica\u00e7\u00e3o dos recursos compat\u00edvel com o Plano Nacional de Educa\u00e7\u00e3o.<\/p>\n<p>A fiscaliza\u00e7\u00e3o da correta aplica\u00e7\u00e3o da verba ser\u00e1 feita pelo Tribunal de Contas da Uni\u00e3o (TCU), pelo Tribunal de Contas do Estado (TCE) e pela Controladoria-Geral da Uni\u00e3o (CGU), garantindo transpar\u00eancia e responsabilidade no uso dos recursos.<\/p>\n<p>O valor ser\u00e1 pago via precat\u00f3rio, a partir de 2026, em tr\u00eas parcelas anuais e sucessivas de 40%, 30% e 30%.<\/p>\n<p>A AGU diz que j\u00e1 celebrou acordos semelhantes com 117 munic\u00edpios e diversos estados. O \u00faltimo deles, firmado em fevereiro de 2025, garantiu o repasse de R$ 1 bilh\u00e3o ao munic\u00edpio de Salvador (BA), tamb\u00e9m para serem aplicados exclusivamente na educa\u00e7\u00e3o.<\/p>\n<p>Em 2024, foram firmados acordos com os estados da Bahia, Alagoas, Par\u00e1, Sergipe e Pernambuco, encerrando processos que tramitavam h\u00e1 mais de duas d\u00e9cadas no Supremo Tribunal Federal (STF) e rendendo aos cofres p\u00fablicos uma economia de R$ 12,4 bilh\u00f5es, al\u00e9m de terem liberado R$ 6,4 bilh\u00f5es para os estados investirem em educa\u00e7\u00e3o.<\/p>\n<p><em>Com informa\u00e7\u00f5es da Ascom\/AGU<\/em><\/p>\n<p>O post <a href=\"https:\/\/vermelho.org.br\/2025\/03\/21\/lula-atesta-acordo-historico-para-expandir-educacao-integral-em-recife\/\">Lula atesta acordo hist\u00f3rico para expandir educa\u00e7\u00e3o integral em Recife<\/a> apareceu primeiro em <a href=\"https:\/\/vermelho.org.br\/\">Vermelho<\/a>.<\/p>\n<!-- Begin Yuzo --><div class='yuzo_related_post style-1'  data-version='5.12.89'><!-- without result --><div class='yuzo_clearfixed yuzo__title yuzo__title'><h3>Related Post<\/h3><\/div>\n\t\t\t\t\t\t  <div class=\"relatedthumb \" style=\"width:125px;float:left;overflow:hidden;\">  \n\t\t\t\t\t\t\t  \n\t\t\t\t\t\t\t  <a  href=\"https:\/\/redept.com.br\/blogosfera\/petro-nenhum-carvao-vai-para-israel-nao-somos-cumplices-de-genocidas\/\"  >\n\t\t\t\t\t\t\t\t\t  <div class=\"yuzo-img-wrap \" style=\"width: 125px;height:90px;\">\n\t\t\t\t\t\t\t\t\t\t\n\t\t\t\t\t\t\t\t\t\t<div class=\"yuzo-img\" style=\"background:url('https:\/\/redept.org\/blogosfera\/wp-content\/plugins\/yuzo-related-post\/assets\/images\/default.png') 50% 50% no-repeat;width: 125px;height:90px;margin-bottom: 5px;background-size: cover; \"><\/div>\n\t\t\t\t\t\t\t\t\t  <\/div>\n\t\t\t\t\t\t\t\t\t  \n\t\t\t\t\t\t\t\t   <span class=\"yuzo__text--title\" style=\"font-size:13px;\">Petro: \u2018nenhum carv\u00e3o vai para Israel, n\u00e3o somos c...<\/span>\n\t\t\t\t\t\t\t  \n\t\t\t\t\t\t\t  \n\t\t\t\t\t\t\t  <\/a>\n\n\t\t\t\t\t\t  <\/div>\n\t\t\t\t\t\t  <div class=\"relatedthumb \" style=\"width:125px;float:left;overflow:hidden;\">  \n\t\t\t\t\t\t\t  \n\t\t\t\t\t\t\t  <a  href=\"https:\/\/redept.com.br\/blogosfera\/movimentos-chamam-populacao-a-lutar-dia-30-por-punicao-e-contra-anistia-aos-golpistas\/\"  >\n\t\t\t\t\t\t\t\t\t  <div class=\"yuzo-img-wrap \" style=\"width: 125px;height:90px;\">\n\t\t\t\t\t\t\t\t\t\t\n\t\t\t\t\t\t\t\t\t\t<div class=\"yuzo-img\" style=\"background:url('https:\/\/redept.com.br\/blogosfera\/wp-content\/uploads\/2025\/03\/semanistia-30m-1-150x150.jpg') 50% 50% no-repeat;width: 125px;height:90px;margin-bottom: 5px;background-size: cover; \"><\/div>\n\t\t\t\t\t\t\t\t\t  <\/div>\n\t\t\t\t\t\t\t\t\t  \n\t\t\t\t\t\t\t\t   <span class=\"yuzo__text--title\" style=\"font-size:13px;\">Movimentos chamam popula\u00e7\u00e3o a lutar, dia 30,  por ...<\/span>\n\t\t\t\t\t\t\t  \n\t\t\t\t\t\t\t  \n\t\t\t\t\t\t\t  <\/a>\n\n\t\t\t\t\t\t  <\/div>\n\t\t\t\t\t\t  <div class=\"relatedthumb \" style=\"width:125px;float:left;overflow:hidden;\">  \n\t\t\t\t\t\t\t  \n\t\t\t\t\t\t\t  <a  href=\"https:\/\/redept.com.br\/blogosfera\/feira-da-biodiversidade-e-economia-solidaria-de-maquine-se-prepara-para-edicao-de-inverno-neste-sabado-9\/\"  >\n\t\t\t\t\t\t\t\t\t  <div class=\"yuzo-img-wrap \" style=\"width: 125px;height:90px;\">\n\t\t\t\t\t\t\t\t\t\t\n\t\t\t\t\t\t\t\t\t\t<div class=\"yuzo-img\" style=\"background:url('https:\/\/redept.com.br\/blogosfera\/wp-content\/uploads\/2025\/08\/image-5-150x150.png') 50% 50% no-repeat;width: 125px;height:90px;margin-bottom: 5px;background-size: cover; \"><\/div>\n\t\t\t\t\t\t\t\t\t  <\/div>\n\t\t\t\t\t\t\t\t\t  \n\t\t\t\t\t\t\t\t   <span class=\"yuzo__text--title\" style=\"font-size:13px;\">Feira da Biodiversidade e Economia Solid\u00e1ria de Ma...<\/span>\n\t\t\t\t\t\t\t  \n\t\t\t\t\t\t\t  \n\t\t\t\t\t\t\t  <\/a>\n\n\t\t\t\t\t\t  <\/div>\n\t\t\t\t\t\t  <div class=\"relatedthumb \" style=\"width:125px;float:left;overflow:hidden;\">  \n\t\t\t\t\t\t\t  \n\t\t\t\t\t\t\t  <a  href=\"https:\/\/redept.com.br\/blogosfera\/o-trump-nao-e-bizarro-ele-pode-por-celi-pinto\/\"  >\n\t\t\t\t\t\t\t\t\t  <div class=\"yuzo-img-wrap \" style=\"width: 125px;height:90px;\">\n\t\t\t\t\t\t\t\t\t\t\n\t\t\t\t\t\t\t\t\t\t<div class=\"yuzo-img\" style=\"background:url('https:\/\/redept.org\/blogosfera\/wp-content\/plugins\/yuzo-related-post\/assets\/images\/default.png') 50% 50% no-repeat;width: 125px;height:90px;margin-bottom: 5px;background-size: cover; \"><\/div>\n\t\t\t\t\t\t\t\t\t  <\/div>\n\t\t\t\t\t\t\t\t\t  \n\t\t\t\t\t\t\t\t   <span class=\"yuzo__text--title\" style=\"font-size:13px;\">O Trump n\u00e3o \u00e9 bizarro, ele pode\u00a0(por C\u00e9li Pinto)...<\/span>\n\t\t\t\t\t\t\t  \n\t\t\t\t\t\t\t  \n\t\t\t\t\t\t\t  <\/a>\n\n\t\t\t\t\t\t  <\/div>\n<\/div> <script>\n\t\t\t\t\t\t  jQuery(document).ready(function( $ ){\n\t\t\t\t\t\t\t\/\/jQuery('.yuzo_related_post').equalizer({ overflow : 'relatedthumb' });\n\t\t\t\t\t\t\tjQuery('.yuzo_related_post .yuzo_wraps').equalizer({ columns : '> div' });\n\t\t\t\t\t\t   })\n\t\t\t\t\t\t  <\/script> <!-- End Yuzo :) -->","protected":false},"excerpt":{"rendered":"<p>A Advocacia-Geral da Uni\u00e3o (AGU) e a Prefeitura de Recife assinaram nesta quinta-feira (20), no Pal\u00e1cio do Planalto, um acordo considerado hist\u00f3rico que prev\u00ea o repasse de R$ 900,4 milh\u00f5es ao munic\u00edpio do antigo Fundo de Manuten\u00e7\u00e3o e Desenvolvimento do Ensino Fundamental e de Valoriza\u00e7\u00e3o do Magist\u00e9rio (Fundef). O entendimento encerra uma demanda judicial de [&hellip;]<\/p>\n","protected":false},"author":2,"featured_media":18017,"comment_status":"closed","ping_status":"closed","sticky":false,"template":"","format":"standard","meta":{"fifu_image_url":"","fifu_image_alt":"","footnotes":""},"categories":[4489,1104,95,4490,873,112],"tags":[],"class_list":["post-18016","post","type-post","status-publish","format-standard","has-post-thumbnail","hentry","category-acordo","category-agu","category-educacao","category-educacao-integral","category-joao-campos","category-lula"],"_links":{"self":[{"href":"https:\/\/redept.com.br\/blogosfera\/wp-json\/wp\/v2\/posts\/18016","targetHints":{"allow":["GET"]}}],"collection":[{"href":"https:\/\/redept.com.br\/blogosfera\/wp-json\/wp\/v2\/posts"}],"about":[{"href":"https:\/\/redept.com.br\/blogosfera\/wp-json\/wp\/v2\/types\/post"}],"author":[{"embeddable":true,"href":"https:\/\/redept.com.br\/blogosfera\/wp-json\/wp\/v2\/users\/2"}],"replies":[{"embeddable":true,"href":"https:\/\/redept.com.br\/blogosfera\/wp-json\/wp\/v2\/comments?post=18016"}],"version-history":[{"count":0,"href":"https:\/\/redept.com.br\/blogosfera\/wp-json\/wp\/v2\/posts\/18016\/revisions"}],"wp:featuredmedia":[{"embeddable":true,"href":"https:\/\/redept.com.br\/blogosfera\/wp-json\/wp\/v2\/media\/18017"}],"wp:attachment":[{"href":"https:\/\/redept.com.br\/blogosfera\/wp-json\/wp\/v2\/media?parent=18016"}],"wp:term":[{"taxonomy":"category","embeddable":true,"href":"https:\/\/redept.com.br\/blogosfera\/wp-json\/wp\/v2\/categories?post=18016"},{"taxonomy":"post_tag","embeddable":true,"href":"https:\/\/redept.com.br\/blogosfera\/wp-json\/wp\/v2\/tags?post=18016"}],"curies":[{"name":"wp","href":"https:\/\/api.w.org\/{rel}","templated":true}]}}