{"id":18607,"date":"2025-03-27T07:24:44","date_gmt":"2025-03-27T10:24:44","guid":{"rendered":"https:\/\/redept.org\/blogosfera\/governo-recebe-agenda-do-sistema-do-comercio-para-geracao-de-emprego-e-renda\/"},"modified":"2025-03-27T07:24:44","modified_gmt":"2025-03-27T10:24:44","slug":"governo-recebe-agenda-do-sistema-do-comercio-para-geracao-de-emprego-e-renda","status":"publish","type":"post","link":"https:\/\/redept.com.br\/blogosfera\/governo-recebe-agenda-do-sistema-do-comercio-para-geracao-de-emprego-e-renda\/","title":{"rendered":"Governo recebe Agenda do Sistema do Com\u00e9rcio para gera\u00e7\u00e3o de emprego e renda"},"content":{"rendered":"<p><img fetchpriority=\"high\" width=\"768\" height=\"512\"src=\"https:\/\/redept.org\/blogosfera\/wp-content\/uploads\/2025\/03\/Julio-Cesar-Silva-MDIC-.jpeg\" alt=\"\" decoding=\"async\" srcset=\"https:\/\/redept.org\/blogosfera\/wp-content\/uploads\/2025\/03\/Julio-Cesar-Silva-MDIC-.jpeg 768w, https:\/\/vermelho.org.br\/wp-content\/uploads\/2025\/03\/Julio-Cesar-Silva-MDIC--300x200.jpeg 300w, https:\/\/vermelho.org.br\/wp-content\/uploads\/2025\/03\/Julio-Cesar-Silva-MDIC--272x182.jpeg 272w\" sizes=\"(max-width: 768px) 100vw, 768px\"><\/p>\n<p>O presidente em exerc\u00edcio e ministro do Desenvolvimento, Ind\u00fastria, Com\u00e9rcio e Servi\u00e7os (MDIC), Geraldo Alckmin, recebeu nesta quarta-feira (26\/03), em Bras\u00edlia, a Agenda Institucional do Sistema Com\u00e9rcio 2025. O documento foi entregue pelo presidente da Confedera\u00e7\u00e3o Nacional do Com\u00e9rcio de Bens, Servi\u00e7os e Turismo (CNC), Jos\u00e9 Roberto Tadros, em evento que reuniu autoridades do governo, representantes do setor e parlamentares.<\/p>\n<p>Alckmin destacou a relev\u00e2ncia do com\u00e9rcio para a economia nacional, refor\u00e7ando sua interconex\u00e3o com outros setores produtivos. \u201cN\u00e3o h\u00e1 agricultura sem com\u00e9rcio, n\u00e3o h\u00e1 ind\u00fastria sem com\u00e9rcio. O com\u00e9rcio \u00e9 o campe\u00e3o do emprego, da renda, da atividade civilizat\u00f3ria. A civiliza\u00e7\u00e3o avan\u00e7a com o com\u00e9rcio\u201d, afirmou o ministro.<\/p>\n<p><strong>Prioridades para o setor: tributa\u00e7\u00e3o, cr\u00e9dito e infraestrutura<\/strong><\/p>\n<p>A Agenda Institucional do Sistema Com\u00e9rcio 2025 apresenta um conjunto de propostas para fortalecer o setor, com \u00eanfase em um arcabou\u00e7o regulat\u00f3rio que favore\u00e7a o empreendedorismo, garanta seguran\u00e7a jur\u00eddica e simplifique a carga tribut\u00e1ria. O documento tamb\u00e9m destaca a necessidade de ampliar o acesso ao cr\u00e9dito e combater a concorr\u00eancia desleal.<\/p>\n<p>Durante a cerim\u00f4nia, Alckmin ressaltou medidas do governo que devem impulsionar o setor, como a Letra de Cr\u00e9dito para o Desenvolvimento, destinada a baratear o cr\u00e9dito para com\u00e9rcio e ind\u00fastria. O ministro tamb\u00e9m mencionou o crescimento do setor de eletroeletr\u00f4nicos, destacando um aumento de mais de 20% nas vendas de eletrodom\u00e9sticos e um crescimento de 38% na comercializa\u00e7\u00e3o de aparelhos de ar-condicionado, consolidando o Brasil como o segundo maior fabricante mundial desse equipamento.<\/p>\n<p><strong>Inova\u00e7\u00e3o e qualifica\u00e7\u00e3o para o crescimento do com\u00e9rcio<\/strong><\/p>\n<p>A moderniza\u00e7\u00e3o do setor passa tamb\u00e9m pela transforma\u00e7\u00e3o digital e pela qualifica\u00e7\u00e3o profissional. Nesse sentido, Alckmin apresentou o programa Brasil Mais Produtivo, que visa digitalizar e aprimorar processos de 200 mil micro, pequenas e m\u00e9dias empresas de com\u00e9rcio, servi\u00e7os e ind\u00fastria.<\/p>\n<p>\u201cA meta s\u00e3o 100 mil atendimentos presenciais para digitaliza\u00e7\u00e3o e 200 mil pela plataforma digital. O SENAI vai at\u00e9 a empresa, seja industrial ou comercial, faz o diagn\u00f3stico do que pode ser digitalizado, vem o SEBRAE e faz o projeto, e o BNDES financia\u201d, explicou o ministro.<\/p>\n<p><strong>Infraestrutura e sustentabilidade no centro das discuss\u00f5es<\/strong><\/p>\n<p>Outro ponto de destaque da agenda apresentada pela CNC \u00e9 a necessidade de investimentos em infraestrutura, com foco na moderniza\u00e7\u00e3o dos modais de transporte e na promo\u00e7\u00e3o de pr\u00e1ticas sustent\u00e1veis. O documento tamb\u00e9m aborda a regulamenta\u00e7\u00e3o da Intelig\u00eancia Artificial, o fomento ao mercado de carbono e a digitaliza\u00e7\u00e3o de processos p\u00fablicos para facilitar a atividade empresarial.<\/p>\n<p>A cerim\u00f4nia tamb\u00e9m contou com a presen\u00e7a do ministro do Trabalho e Emprego em exerc\u00edcio, Francisco Macena, que refor\u00e7ou o papel estrat\u00e9gico do setor de servi\u00e7os para a gera\u00e7\u00e3o de emprego e renda no pa\u00eds. A parceria entre governo e CNC, segundo os ministros presentes, ser\u00e1 essencial para impulsionar a produtividade e garantir um ambiente de neg\u00f3cios mais competitivo e inovador.<\/p>\n<p>O post <a href=\"https:\/\/vermelho.org.br\/2025\/03\/27\/governo-recebe-agenda-do-sistema-do-comercio-para-geracao-de-emprego-e-renda\/\">Governo recebe Agenda do Sistema do Com\u00e9rcio para gera\u00e7\u00e3o de emprego e renda<\/a> apareceu primeiro em <a href=\"https:\/\/vermelho.org.br\/\">Vermelho<\/a>.<\/p>\n<!-- Begin Yuzo --><div class='yuzo_related_post style-1'  data-version='5.12.89'><!-- without result --><div class='yuzo_clearfixed yuzo__title yuzo__title'><h3>Related Post<\/h3><\/div>\n\t\t\t\t\t\t  <div class=\"relatedthumb \" style=\"width:125px;float:left;overflow:hidden;\">  \n\t\t\t\t\t\t\t  \n\t\t\t\t\t\t\t  <a  href=\"https:\/\/redept.com.br\/blogosfera\/ministerio-das-mulheres-pauta-genero-e-justica-climatica-em-conferencia-regional\/\"  >\n\t\t\t\t\t\t\t\t\t  <div class=\"yuzo-img-wrap \" style=\"width: 125px;height:90px;\">\n\t\t\t\t\t\t\t\t\t\t\n\t\t\t\t\t\t\t\t\t\t<div class=\"yuzo-img\" style=\"background:url('https:\/\/redept.org\/blogosfera\/wp-content\/plugins\/yuzo-related-post\/assets\/images\/default.png') 50% 50% no-repeat;width: 125px;height:90px;margin-bottom: 5px;background-size: cover; \"><\/div>\n\t\t\t\t\t\t\t\t\t  <\/div>\n\t\t\t\t\t\t\t\t\t  \n\t\t\t\t\t\t\t\t   <span class=\"yuzo__text--title\" style=\"font-size:13px;\">Minist\u00e9rio das Mulheres pauta g\u00eanero e justi\u00e7a cli...<\/span>\n\t\t\t\t\t\t\t  \n\t\t\t\t\t\t\t  \n\t\t\t\t\t\t\t  <\/a>\n\n\t\t\t\t\t\t  <\/div>\n\t\t\t\t\t\t  <div class=\"relatedthumb \" style=\"width:125px;float:left;overflow:hidden;\">  \n\t\t\t\t\t\t\t  \n\t\t\t\t\t\t\t  <a  href=\"https:\/\/redept.com.br\/blogosfera\/o-que-e-noticia-no-jornal-tvt-news-primeira-edicao-26-02-2026\/\"  >\n\t\t\t\t\t\t\t\t\t  <div class=\"yuzo-img-wrap \" style=\"width: 125px;height:90px;\">\n\t\t\t\t\t\t\t\t\t\t\n\t\t\t\t\t\t\t\t\t\t<div class=\"yuzo-img\" style=\"background:url('https:\/\/redept.com.br\/blogosfera\/wp-content\/uploads\/2026\/02\/jornal_tvt_news-24-150x150.jpeg') 50% 50% no-repeat;width: 125px;height:90px;margin-bottom: 5px;background-size: cover; \"><\/div>\n\t\t\t\t\t\t\t\t\t  <\/div>\n\t\t\t\t\t\t\t\t\t  \n\t\t\t\t\t\t\t\t   <span class=\"yuzo__text--title\" style=\"font-size:13px;\">O que \u00e9 not\u00edcia no Jornal TVT News Primeira Edi\u00e7\u00e3o...<\/span>\n\t\t\t\t\t\t\t  \n\t\t\t\t\t\t\t  \n\t\t\t\t\t\t\t  <\/a>\n\n\t\t\t\t\t\t  <\/div>\n\t\t\t\t\t\t  <div class=\"relatedthumb \" style=\"width:125px;float:left;overflow:hidden;\">  \n\t\t\t\t\t\t\t  \n\t\t\t\t\t\t\t  <a  href=\"https:\/\/redept.com.br\/blogosfera\/governo-trump-exige-que-agencias-federais-cancelem-todos-os-contratos-com-harvard\/\"  >\n\t\t\t\t\t\t\t\t\t  <div class=\"yuzo-img-wrap \" style=\"width: 125px;height:90px;\">\n\t\t\t\t\t\t\t\t\t\t\n\t\t\t\t\t\t\t\t\t\t<div class=\"yuzo-img\" style=\"background:url('https:\/\/redept.com.br\/blogosfera\/wp-content\/uploads\/2025\/05\/66cf9ed5-90f1-4f3b-b39c-c1b5b9a15f4e-54533147793-9808b60b22-k-1-150x150.webp') 50% 50% no-repeat;width: 125px;height:90px;margin-bottom: 5px;background-size: cover; \"><\/div>\n\t\t\t\t\t\t\t\t\t  <\/div>\n\t\t\t\t\t\t\t\t\t  \n\t\t\t\t\t\t\t\t   <span class=\"yuzo__text--title\" style=\"font-size:13px;\">Governo Trump exige que ag\u00eancias federais cancelem...<\/span>\n\t\t\t\t\t\t\t  \n\t\t\t\t\t\t\t  \n\t\t\t\t\t\t\t  <\/a>\n\n\t\t\t\t\t\t  <\/div>\n\t\t\t\t\t\t  <div class=\"relatedthumb \" style=\"width:125px;float:left;overflow:hidden;\">  \n\t\t\t\t\t\t\t  \n\t\t\t\t\t\t\t  <a  href=\"https:\/\/redept.com.br\/blogosfera\/governo-milei-anuncia-demissoes-de-24-mil-trabalhadores-na-argentina-na-vespera-das-festividades\/\"  >\n\t\t\t\t\t\t\t\t\t  <div class=\"yuzo-img-wrap \" style=\"width: 125px;height:90px;\">\n\t\t\t\t\t\t\t\t\t\t\n\t\t\t\t\t\t\t\t\t\t<div class=\"yuzo-img\" style=\"background:url('https:\/\/redept.org\/blogosfera\/wp-content\/plugins\/yuzo-related-post\/assets\/images\/default.png') 50% 50% no-repeat;width: 125px;height:90px;margin-bottom: 5px;background-size: cover; \"><\/div>\n\t\t\t\t\t\t\t\t\t  <\/div>\n\t\t\t\t\t\t\t\t\t  \n\t\t\t\t\t\t\t\t   <span class=\"yuzo__text--title\" style=\"font-size:13px;\">Governo Milei anuncia demiss\u00f5es de 2,4 mil trabalh...<\/span>\n\t\t\t\t\t\t\t  \n\t\t\t\t\t\t\t  \n\t\t\t\t\t\t\t  <\/a>\n\n\t\t\t\t\t\t  <\/div>\n<\/div> <script>\n\t\t\t\t\t\t  jQuery(document).ready(function( $ ){\n\t\t\t\t\t\t\t\/\/jQuery('.yuzo_related_post').equalizer({ overflow : 'relatedthumb' });\n\t\t\t\t\t\t\tjQuery('.yuzo_related_post .yuzo_wraps').equalizer({ columns : '> div' });\n\t\t\t\t\t\t   })\n\t\t\t\t\t\t  <\/script> <!-- End Yuzo :) -->","protected":false},"excerpt":{"rendered":"<p>O presidente em exerc\u00edcio e ministro do Desenvolvimento, Ind\u00fastria, Com\u00e9rcio e Servi\u00e7os (MDIC), Geraldo Alckmin, recebeu nesta quarta-feira (26\/03), em Bras\u00edlia, a Agenda Institucional do Sistema Com\u00e9rcio 2025. O documento foi entregue pelo presidente da Confedera\u00e7\u00e3o Nacional do Com\u00e9rcio de Bens, Servi\u00e7os e Turismo (CNC), Jos\u00e9 Roberto Tadros, em evento que reuniu autoridades do governo, [&hellip;]<\/p>\n","protected":false},"author":2,"featured_media":18608,"comment_status":"closed","ping_status":"closed","sticky":false,"template":"","format":"standard","meta":{"fifu_image_url":"","fifu_image_alt":"","footnotes":""},"categories":[1767,746,586,2056,1169,377,598],"tags":[],"class_list":["post-18607","post","type-post","status-publish","format-standard","has-post-thumbnail","hentry","category-comercio","category-credito","category-geraldo-alckmin","category-infraestrutura","category-regulacao","category-trabalho","category-tributacao"],"_links":{"self":[{"href":"https:\/\/redept.com.br\/blogosfera\/wp-json\/wp\/v2\/posts\/18607","targetHints":{"allow":["GET"]}}],"collection":[{"href":"https:\/\/redept.com.br\/blogosfera\/wp-json\/wp\/v2\/posts"}],"about":[{"href":"https:\/\/redept.com.br\/blogosfera\/wp-json\/wp\/v2\/types\/post"}],"author":[{"embeddable":true,"href":"https:\/\/redept.com.br\/blogosfera\/wp-json\/wp\/v2\/users\/2"}],"replies":[{"embeddable":true,"href":"https:\/\/redept.com.br\/blogosfera\/wp-json\/wp\/v2\/comments?post=18607"}],"version-history":[{"count":0,"href":"https:\/\/redept.com.br\/blogosfera\/wp-json\/wp\/v2\/posts\/18607\/revisions"}],"wp:featuredmedia":[{"embeddable":true,"href":"https:\/\/redept.com.br\/blogosfera\/wp-json\/wp\/v2\/media\/18608"}],"wp:attachment":[{"href":"https:\/\/redept.com.br\/blogosfera\/wp-json\/wp\/v2\/media?parent=18607"}],"wp:term":[{"taxonomy":"category","embeddable":true,"href":"https:\/\/redept.com.br\/blogosfera\/wp-json\/wp\/v2\/categories?post=18607"},{"taxonomy":"post_tag","embeddable":true,"href":"https:\/\/redept.com.br\/blogosfera\/wp-json\/wp\/v2\/tags?post=18607"}],"curies":[{"name":"wp","href":"https:\/\/api.w.org\/{rel}","templated":true}]}}