{"id":18645,"date":"2025-03-27T13:22:15","date_gmt":"2025-03-27T16:22:15","guid":{"rendered":"https:\/\/redept.org\/blogosfera\/previa-da-inflacao-desacelera-em-marco-mas-alimentacao-ainda-puxa-o-indice\/"},"modified":"2025-03-27T13:22:15","modified_gmt":"2025-03-27T16:22:15","slug":"previa-da-inflacao-desacelera-em-marco-mas-alimentacao-ainda-puxa-o-indice","status":"publish","type":"post","link":"https:\/\/redept.com.br\/blogosfera\/previa-da-inflacao-desacelera-em-marco-mas-alimentacao-ainda-puxa-o-indice\/","title":{"rendered":"Pr\u00e9via da infla\u00e7\u00e3o desacelera em mar\u00e7o, mas alimenta\u00e7\u00e3o ainda puxa o \u00edndice"},"content":{"rendered":"<p><img loading=\"lazy\" width=\"875\" height=\"485\"src=\"https:\/\/redept.org\/blogosfera\/wp-content\/uploads\/2025\/03\/IPCA15_HOME_PedroVidal.jpg\" alt=\"\" decoding=\"async\" loading=\"lazy\" srcset=\"https:\/\/redept.org\/blogosfera\/wp-content\/uploads\/2025\/03\/IPCA15_HOME_PedroVidal.jpg 875w, https:\/\/vermelho.org.br\/wp-content\/uploads\/2025\/03\/IPCA15_HOME_PedroVidal-300x166.jpg 300w, https:\/\/vermelho.org.br\/wp-content\/uploads\/2025\/03\/IPCA15_HOME_PedroVidal-768x426.jpg 768w, https:\/\/vermelho.org.br\/wp-content\/uploads\/2025\/03\/IPCA15_HOME_PedroVidal-700x387.jpg 700w, https:\/\/vermelho.org.br\/wp-content\/uploads\/2025\/03\/IPCA15_HOME_PedroVidal-219x121.jpg 219w\" sizes=\"auto, (max-width: 875px) 100vw, 875px\"><\/p>\n<p>O IBGE (Instituto Brasileiro de Geografia e Estat\u00edstica) divulgou nesta quinta (27) o resultado do \u00cdndice Nacional de Pre\u00e7os ao Consumidor Amplo 15 (IPCA-15), que apresentou desacelera\u00e7\u00e3o em mar\u00e7o ao marcar 0,64%.<\/p>\n<p>O \u00edndice, considerado a pr\u00e9via da infla\u00e7\u00e3o, mostra varia\u00e7\u00e3o de 0,59% frente ao 1,23% de fevereiro. O resultado \u00e9 positivo, pois as previs\u00f5es do mercado financeiro indicavam uma desacelera\u00e7\u00e3o menor, pr\u00f3xima de 0,69%, conforme a ag\u00eancia <em>Bloomberg<\/em>. No acumulado de 12 meses, no entanto, o IPCA-15 foi a 5,26% (antes estava em 4,96% at\u00e9 fevereiro).<\/p>\n<p><strong>Leia mais: <\/strong><a href=\"https:\/\/vermelho.org.br\/2025\/03\/26\/em-fevereiro-87-dos-reajustes-salariais-ficaram-acima-da-inflacao\/\">87% dos reajustes em fevereiro ficam acima da infla\u00e7\u00e3o<\/a><\/p>\n<p>De acordo com o IBGE, \u201ctodos os nove grupos de produtos e servi\u00e7os pesquisados registraram varia\u00e7\u00e3o positiva em mar\u00e7o.\u201d O grupo de Alimenta\u00e7\u00e3o e Bebidas, registrou a maior varia\u00e7\u00e3o, 1,09%, com impacto de 0,24% p.p no \u00edndice geral. Dentro do subgrupo \u201calimenta\u00e7\u00e3o no domic\u00edlio\u201d foi registrada acelera\u00e7\u00e3o de 0,63% para 1,25%, entre fevereiro e mar\u00e7o. Os n\u00fameros foram puxados, neste caso, pela alta do ovo de galinha (19,44%), do tomate (12,57%), do caf\u00e9 mo\u00eddo (8,53%) e das frutas (1,96%). Ainda \u201calimenta\u00e7\u00e3o fora do domic\u00edlio\u201d acelerou para 0,66% com a alta da refei\u00e7\u00e3o, que passou de 0,43% em fevereiro para 0,62% em mar\u00e7o. Por outro lado, \u201clanche\u201d desacelerou e ficou em 0,68% frente ao 0,77% anterior.<\/p>\n<p>O grupo dos Transportes teve alta de 0,92% com influ\u00eancia de 0,19% p.p no \u00edndice geral. Dessa maneira, Alimenta\u00e7\u00e3o e Transportes foram respons\u00e1veis, juntos, por 2\/3 da infla\u00e7\u00e3o de mar\u00e7o, revela o Instituto.<\/p>\n<p>Dentro de Transportes foram registradas altas de:<em> \u201ccombust\u00edveis (1,88%), com alta nos pre\u00e7os do \u00f3leo diesel (2,77%), do etanol (2,17%), da gasolina (1,83% e subitem de maior impacto no m\u00eas, com 0,10 p.p.) e do g\u00e1s veicular (0,08%). O subitem trem apresentou alta de 1,90% devido ao reajuste de 7,04% nas tarifas no Rio de Janeiro (4,25%), a partir de 2 de fevereiro.\u201d<\/em><\/p>\n<p>J\u00e1 o grupo Habita\u00e7\u00e3o <em>\u201cdesacelerou de 4,34% em fevereiro \u2013 quando havia sofrido impacto do fim dos descontos nas contas de luz relativos ao b\u00f4nus de Itaipu \u2013 para 0,37% em mar\u00e7o.\u201d<\/em><\/p>\n<p>Os outros grupos registraram os seguintes resultados:<\/p>\n<ul>\n<li>Despesas pessoais, varia\u00e7\u00e3o de 0,81% e impacto de 0,08 p.p no \u00edndice geral.;<\/li>\n<li>Sa\u00fade e cuidados pessoais, 0,35% e 0,05 p.p.;<\/li>\n<li>Comunica\u00e7\u00e3o, 0,32% e 0,01 p.p.;<\/li>\n<li>Vestu\u00e1rio, 0,28% e 0,01 p.p.;<\/li>\n<li>Educa\u00e7\u00e3o, 0,07% e 0,00 p.p.;<\/li>\n<li>Artigos de resid\u00eancia, 0,03% e 0,00 p.p.<\/li>\n<\/ul>\n<p><strong>IPCA-15<\/strong><\/p>\n<p>O IPCA calcula a varia\u00e7\u00e3o de pre\u00e7os da cesta de produtos e servi\u00e7os de consumo de fam\u00edlias com rendimento de 1 a 40 sal\u00e1rios-m\u00ednimos nas regi\u00f5es metropolitanas do Rio de Janeiro, Porto Alegre, Belo Horizonte, Recife, S\u00e3o Paulo, Bel\u00e9m, Fortaleza, Salvador e Curitiba, al\u00e9m de Bras\u00edlia e do munic\u00edpio de Goi\u00e2nia.\u00a0<\/p>\n<p>Para o c\u00e1lculo do\u00a0IPCA-15, a metodologia utilizada \u00e9 a mesma do IPCA, mas o IBGE explica que a diferen\u00e7a est\u00e1 no per\u00edodo de coleta dos pre\u00e7os e na abrang\u00eancia geogr\u00e1fica. Por exemplo, os pre\u00e7os para os atuais resultados foram coletados no per\u00edodo de 13 de fevereiro a 17 de mar\u00e7o (refer\u00eancia) e comparados com aqueles vigentes de 15 de janeiro a 12 de fevereiro (base). Por isso, que \u00e9 entendido como \u201cpr\u00e9via\u201d da infla\u00e7\u00e3o.<\/p>\n<p><em>*Informa\u00e7\u00f5es IBGE<\/em><\/p>\n<p>O post <a href=\"https:\/\/vermelho.org.br\/2025\/03\/27\/previa-da-inflacao-desacelera-em-marco-mas-alimentacao-ainda-puxa-o-indice\/\">Pr\u00e9via da infla\u00e7\u00e3o desacelera em mar\u00e7o, mas alimenta\u00e7\u00e3o ainda puxa o \u00edndice<\/a> apareceu primeiro em <a href=\"https:\/\/vermelho.org.br\/\">Vermelho<\/a>.<\/p>\n<!-- Begin Yuzo --><div class='yuzo_related_post style-1'  data-version='5.12.89'><!-- without result --><div class='yuzo_clearfixed yuzo__title yuzo__title'><h3>Related Post<\/h3><\/div>\n\t\t\t\t\t\t  <div class=\"relatedthumb \" style=\"width:125px;float:left;overflow:hidden;\">  \n\t\t\t\t\t\t\t  \n\t\t\t\t\t\t\t  <a  href=\"https:\/\/redept.com.br\/blogosfera\/precisamos-olhar-para-o-sahel-e-a-segunda-independencia-africana\/\"  >\n\t\t\t\t\t\t\t\t\t  <div class=\"yuzo-img-wrap \" style=\"width: 125px;height:90px;\">\n\t\t\t\t\t\t\t\t\t\t\n\t\t\t\t\t\t\t\t\t\t<div class=\"yuzo-img\" style=\"background:url('https:\/\/redept.org\/blogosfera\/wp-content\/plugins\/yuzo-related-post\/assets\/images\/default.png') 50% 50% no-repeat;width: 125px;height:90px;margin-bottom: 5px;background-size: cover; \"><\/div>\n\t\t\t\t\t\t\t\t\t  <\/div>\n\t\t\t\t\t\t\t\t\t  \n\t\t\t\t\t\t\t\t   <span class=\"yuzo__text--title\" style=\"font-size:13px;\">Precisamos olhar para o Sahel e a segunda independ...<\/span>\n\t\t\t\t\t\t\t  \n\t\t\t\t\t\t\t  \n\t\t\t\t\t\t\t  <\/a>\n\n\t\t\t\t\t\t  <\/div>\n\t\t\t\t\t\t  <div class=\"relatedthumb \" style=\"width:125px;float:left;overflow:hidden;\">  \n\t\t\t\t\t\t\t  \n\t\t\t\t\t\t\t  <a  href=\"https:\/\/redept.com.br\/blogosfera\/globo-de-ouro-2026-ao-vivo-confira-os-vencedores\/\"  >\n\t\t\t\t\t\t\t\t\t  <div class=\"yuzo-img-wrap \" style=\"width: 125px;height:90px;\">\n\t\t\t\t\t\t\t\t\t\t\n\t\t\t\t\t\t\t\t\t\t<div class=\"yuzo-img\" style=\"background:url('https:\/\/redept.com.br\/blogosfera\/wp-content\/uploads\/2026\/01\/AFP__20251208__87EY7ME__v3__MidRes__776338803-e1767913587683-1-150x150.jpg') 50% 50% no-repeat;width: 125px;height:90px;margin-bottom: 5px;background-size: cover; \"><\/div>\n\t\t\t\t\t\t\t\t\t  <\/div>\n\t\t\t\t\t\t\t\t\t  \n\t\t\t\t\t\t\t\t   <span class=\"yuzo__text--title\" style=\"font-size:13px;\">Globo de Ouro 2026: ao vivo, confira os vencedores<\/span>\n\t\t\t\t\t\t\t  \n\t\t\t\t\t\t\t  \n\t\t\t\t\t\t\t  <\/a>\n\n\t\t\t\t\t\t  <\/div>\n\t\t\t\t\t\t  <div class=\"relatedthumb \" style=\"width:125px;float:left;overflow:hidden;\">  \n\t\t\t\t\t\t\t  \n\t\t\t\t\t\t\t  <a  href=\"https:\/\/redept.com.br\/blogosfera\/cidades-mineiras-se-tornam-alternativa-para-quem-evita-a-folia-no-carnaval\/\"  >\n\t\t\t\t\t\t\t\t\t  <div class=\"yuzo-img-wrap \" style=\"width: 125px;height:90px;\">\n\t\t\t\t\t\t\t\t\t\t\n\t\t\t\t\t\t\t\t\t\t<div class=\"yuzo-img\" style=\"background:url('https:\/\/redept.org\/blogosfera\/wp-content\/plugins\/yuzo-related-post\/assets\/images\/default.png') 50% 50% no-repeat;width: 125px;height:90px;margin-bottom: 5px;background-size: cover; \"><\/div>\n\t\t\t\t\t\t\t\t\t  <\/div>\n\t\t\t\t\t\t\t\t\t  \n\t\t\t\t\t\t\t\t   <span class=\"yuzo__text--title\" style=\"font-size:13px;\">Cidades mineiras se tornam alternativa para quem e...<\/span>\n\t\t\t\t\t\t\t  \n\t\t\t\t\t\t\t  \n\t\t\t\t\t\t\t  <\/a>\n\n\t\t\t\t\t\t  <\/div>\n\t\t\t\t\t\t  <div class=\"relatedthumb \" style=\"width:125px;float:left;overflow:hidden;\">  \n\t\t\t\t\t\t\t  \n\t\t\t\t\t\t\t  <a  href=\"https:\/\/redept.com.br\/blogosfera\/mulheres-ocupam-prefeitura-de-natal-em-manifestacao-no-dia-25-de-novembro\/\"  >\n\t\t\t\t\t\t\t\t\t  <div class=\"yuzo-img-wrap \" style=\"width: 125px;height:90px;\">\n\t\t\t\t\t\t\t\t\t\t\n\t\t\t\t\t\t\t\t\t\t<div class=\"yuzo-img\" style=\"background:url('https:\/\/redept.com.br\/blogosfera\/wp-content\/uploads\/2025\/11\/WhatsApp-Image-2025-11-25-at-105300-150x150.jpeg') 50% 50% no-repeat;width: 125px;height:90px;margin-bottom: 5px;background-size: cover; \"><\/div>\n\t\t\t\t\t\t\t\t\t  <\/div>\n\t\t\t\t\t\t\t\t\t  \n\t\t\t\t\t\t\t\t   <span class=\"yuzo__text--title\" style=\"font-size:13px;\">Mulheres ocupam Prefeitura de Natal em manifesta\u00e7\u00e3...<\/span>\n\t\t\t\t\t\t\t  \n\t\t\t\t\t\t\t  \n\t\t\t\t\t\t\t  <\/a>\n\n\t\t\t\t\t\t  <\/div>\n<\/div> <script>\n\t\t\t\t\t\t  jQuery(document).ready(function( $ ){\n\t\t\t\t\t\t\t\/\/jQuery('.yuzo_related_post').equalizer({ overflow : 'relatedthumb' });\n\t\t\t\t\t\t\tjQuery('.yuzo_related_post .yuzo_wraps').equalizer({ columns : '> div' });\n\t\t\t\t\t\t   })\n\t\t\t\t\t\t  <\/script> <!-- End Yuzo :) -->","protected":false},"excerpt":{"rendered":"<p>O IBGE (Instituto Brasileiro de Geografia e Estat\u00edstica) divulgou nesta quinta (27) o resultado do \u00cdndice Nacional de Pre\u00e7os ao Consumidor Amplo 15 (IPCA-15), que apresentou desacelera\u00e7\u00e3o em mar\u00e7o ao marcar 0,64%. O \u00edndice, considerado a pr\u00e9via da infla\u00e7\u00e3o, mostra varia\u00e7\u00e3o de 0,59% frente ao 1,23% de fevereiro. O resultado \u00e9 positivo, pois as previs\u00f5es [&hellip;]<\/p>\n","protected":false},"author":2,"featured_media":18646,"comment_status":"closed","ping_status":"closed","sticky":false,"template":"","format":"standard","meta":{"fifu_image_url":"","fifu_image_alt":"","footnotes":""},"categories":[221,481,122,1045,529,4583],"tags":[],"class_list":["post-18645","post","type-post","status-publish","format-standard","has-post-thumbnail","hentry","category-economia","category-ibge","category-inflacao","category-ipca","category-ipca-15","category-previa-da-inflacao"],"_links":{"self":[{"href":"https:\/\/redept.com.br\/blogosfera\/wp-json\/wp\/v2\/posts\/18645","targetHints":{"allow":["GET"]}}],"collection":[{"href":"https:\/\/redept.com.br\/blogosfera\/wp-json\/wp\/v2\/posts"}],"about":[{"href":"https:\/\/redept.com.br\/blogosfera\/wp-json\/wp\/v2\/types\/post"}],"author":[{"embeddable":true,"href":"https:\/\/redept.com.br\/blogosfera\/wp-json\/wp\/v2\/users\/2"}],"replies":[{"embeddable":true,"href":"https:\/\/redept.com.br\/blogosfera\/wp-json\/wp\/v2\/comments?post=18645"}],"version-history":[{"count":0,"href":"https:\/\/redept.com.br\/blogosfera\/wp-json\/wp\/v2\/posts\/18645\/revisions"}],"wp:featuredmedia":[{"embeddable":true,"href":"https:\/\/redept.com.br\/blogosfera\/wp-json\/wp\/v2\/media\/18646"}],"wp:attachment":[{"href":"https:\/\/redept.com.br\/blogosfera\/wp-json\/wp\/v2\/media?parent=18645"}],"wp:term":[{"taxonomy":"category","embeddable":true,"href":"https:\/\/redept.com.br\/blogosfera\/wp-json\/wp\/v2\/categories?post=18645"},{"taxonomy":"post_tag","embeddable":true,"href":"https:\/\/redept.com.br\/blogosfera\/wp-json\/wp\/v2\/tags?post=18645"}],"curies":[{"name":"wp","href":"https:\/\/api.w.org\/{rel}","templated":true}]}}