{"id":18744,"date":"2025-03-28T10:53:39","date_gmt":"2025-03-28T13:53:39","guid":{"rendered":"https:\/\/redept.org\/blogosfera\/mst-inaugura-cine-elza-em-sp-com-exibicao-de-cabra-marcado-para-morrer-na-proxima-quinta-3\/"},"modified":"2025-03-28T10:53:39","modified_gmt":"2025-03-28T13:53:39","slug":"mst-inaugura-cine-elza-em-sp-com-exibicao-de-cabra-marcado-para-morrer-na-proxima-quinta-3","status":"publish","type":"post","link":"https:\/\/redept.com.br\/blogosfera\/mst-inaugura-cine-elza-em-sp-com-exibicao-de-cabra-marcado-para-morrer-na-proxima-quinta-3\/","title":{"rendered":"MST inaugura Cine Elza, em SP, com exibi\u00e7\u00e3o de \u2018Cabra Marcado Para Morrer\u2019 na pr\u00f3xima quinta (3)"},"content":{"rendered":"<figure><img fetchpriority=\"high\" fetchpriority=\"high\" decoding=\"async\" width=\"750\" height=\"536\" src=\"https:\/\/redept.org\/blogosfera\/wp-content\/uploads\/2025\/03\/image-3-28.jpg\" alt=\"\" srcset=\"https:\/\/redept.org\/blogosfera\/wp-content\/uploads\/2025\/03\/image-3-28.jpg 750w, https:\/\/mst.org.br\/wp-content\/uploads\/2025\/03\/image-3-28-300x214.jpg 300w\" sizes=\"(max-width: 750px) 100vw, 750px\"><figcaption><em>Espa\u00e7o Cultural Elza Soares \u00e9 palco de diversas atividades culturais e art\u00edsticas promovidas pelo MST. Foto: J\u00e9ssica Antunes\/Brasil de Fato<\/em><\/figcaption><\/figure>\n<p><em>Do Brasil de Fato<\/em><\/p>\n<p>Na pr\u00f3xima quinta-feira, 3 de abril, o Movimento dos Trabalhadores Rurais sem Terra (MST) ir\u00e1 inaugurar o Cineclube Elza, no Espa\u00e7o Cultural Elza Soares, no centro de S\u00e3o Paulo, com a exibi\u00e7\u00e3o do document\u00e1rio Cabra Marcado Para Morrer, a partir das 18h30. Segundo o movimento, o espa\u00e7o ter\u00e1 sess\u00f5es mensais.<\/p>\n<p>Dirigido por Eduardo Coutinho, a produ\u00e7\u00e3o filmogr\u00e1fica retrata a trajet\u00f3ria de Jo\u00e3o Pedro Teixeira, lideran\u00e7a camponesa assassinada a mando dos grandes latifundi\u00e1rios, no dia 02 de abril de 1962.<\/p>\n<p>Homem negro, campon\u00eas, pai de 11 filhos e marido de Elizabeth Teixeira, ele esteve \u00e0 frente, ao lado de outros companheiros, da Liga Camponesa de Sap\u00e9, na Para\u00edba, que chegou a ter sete mil afiliados.<\/p>\n<p>Ap\u00f3s persegui\u00e7\u00f5es pol\u00edticas, o longa iniciado na \u00e9poca da morte da lideran\u00e7a foi retomado quase 20 anos depois, quando Coutinho se reencontra com a vi\u00fava de Teixeira, Elizabeth, que vivia sob um nome falso no interior do Rio Grande do Norte.<\/p>\n<p>Na continua\u00e7\u00e3o das grava\u00e7\u00f5es, Coutinho entrevistou Elizabeth Teixeira e correu o Brasil em busca dos filhos do casal. Al\u00e9m da fam\u00edlia, v\u00e1rios personagens relacionados \u00e0s lutas da Liga Camponesa de Sap\u00e9 tamb\u00e9m comp\u00f5em o document\u00e1rio.<\/p>\n<p>Ap\u00f3s a exibi\u00e7\u00e3o do longa, haver\u00e1 um debate sobre o filme e a luta pela reforma agr\u00e1ria com Jo\u00e3o Pedro Stedile, da coordena\u00e7\u00e3o nacional do MST.<\/p>\n<h2>Servi\u00e7o<\/h2>\n<p><strong>Onde: <\/strong>Espa\u00e7o Cultural Elza Soares \u2013 Alameda Eduardo Prado, 460 \u2013 Campos El\u00edseos \u2013 S\u00e3o Paulo (SP)<br \/><strong>Quando: <\/strong>03 de abril, quinta-feira, 18h30<br \/><strong>Edi\u00e7\u00e3o:<\/strong> Nathallia Fonseca<\/p>\n<p>O post <a href=\"https:\/\/mst.org.br\/2025\/03\/28\/mst-inaugura-cine-elza-em-sp-com-exibicao-de-cabra-marcado-para-morrer-na-proxima-quinta-3\/\">MST inaugura Cine Elza, em SP, com exibi\u00e7\u00e3o de \u2018Cabra Marcado Para Morrer\u2019 na pr\u00f3xima quinta (3)<\/a> apareceu primeiro em <a href=\"https:\/\/mst.org.br\/\">MST<\/a>.<\/p>\n<!-- Begin Yuzo --><div class='yuzo_related_post style-1'  data-version='5.12.89'><!-- without result --><div class='yuzo_clearfixed yuzo__title yuzo__title'><h3>Related Post<\/h3><\/div>\n\t\t\t\t\t\t  <div class=\"relatedthumb \" style=\"width:125px;float:left;overflow:hidden;\">  \n\t\t\t\t\t\t\t  \n\t\t\t\t\t\t\t  <a  href=\"https:\/\/redept.com.br\/blogosfera\/ato-em-porto-alegre-repudia-repasse-da-gestao-hospitalar-municipal-ao-estado\/\"  >\n\t\t\t\t\t\t\t\t\t  <div class=\"yuzo-img-wrap \" style=\"width: 125px;height:90px;\">\n\t\t\t\t\t\t\t\t\t\t\n\t\t\t\t\t\t\t\t\t\t<div class=\"yuzo-img\" style=\"background:url('https:\/\/redept.com.br\/blogosfera\/wp-content\/uploads\/2025\/04\/WhatsApp-Image-2025-04-24-at-182145-2048x1153-1-150x150.jpeg') 50% 50% no-repeat;width: 125px;height:90px;margin-bottom: 5px;background-size: cover; \"><\/div>\n\t\t\t\t\t\t\t\t\t  <\/div>\n\t\t\t\t\t\t\t\t\t  \n\t\t\t\t\t\t\t\t   <span class=\"yuzo__text--title\" style=\"font-size:13px;\">Ato em Porto Alegre repudia repasse da gest\u00e3o hosp...<\/span>\n\t\t\t\t\t\t\t  \n\t\t\t\t\t\t\t  \n\t\t\t\t\t\t\t  <\/a>\n\n\t\t\t\t\t\t  <\/div>\n\t\t\t\t\t\t  <div class=\"relatedthumb \" style=\"width:125px;float:left;overflow:hidden;\">  \n\t\t\t\t\t\t\t  \n\t\t\t\t\t\t\t  <a  href=\"https:\/\/redept.com.br\/blogosfera\/volta-de-trump-para-petistas-representa-retrocesso-e-ataque-aos-direitos-humanos\/\"  >\n\t\t\t\t\t\t\t\t\t  <div class=\"yuzo-img-wrap \" style=\"width: 125px;height:90px;\">\n\t\t\t\t\t\t\t\t\t\t\n\t\t\t\t\t\t\t\t\t\t<div class=\"yuzo-img\" style=\"background:url('https:\/\/redept.org\/blogosfera\/wp-content\/plugins\/yuzo-related-post\/assets\/images\/default.png') 50% 50% no-repeat;width: 125px;height:90px;margin-bottom: 5px;background-size: cover; \"><\/div>\n\t\t\t\t\t\t\t\t\t  <\/div>\n\t\t\t\t\t\t\t\t\t  \n\t\t\t\t\t\t\t\t   <span class=\"yuzo__text--title\" style=\"font-size:13px;\">Volta de Trump para petistas, representa retrocess...<\/span>\n\t\t\t\t\t\t\t  \n\t\t\t\t\t\t\t  \n\t\t\t\t\t\t\t  <\/a>\n\n\t\t\t\t\t\t  <\/div>\n\t\t\t\t\t\t  <div class=\"relatedthumb \" style=\"width:125px;float:left;overflow:hidden;\">  \n\t\t\t\t\t\t\t  \n\t\t\t\t\t\t\t  <a  href=\"https:\/\/redept.com.br\/blogosfera\/enem-2026-comeca-hoje-o-prazo-para-solicitar-a-isencao-da-taxa-de-inscricao\/\"  >\n\t\t\t\t\t\t\t\t\t  <div class=\"yuzo-img-wrap \" style=\"width: 125px;height:90px;\">\n\t\t\t\t\t\t\t\t\t\t\n\t\t\t\t\t\t\t\t\t\t<div class=\"yuzo-img\" style=\"background:url('https:\/\/redept.com.br\/blogosfera\/wp-content\/uploads\/2026\/04\/1o_dia_aplicacao-e1773854475692-150x150.jpg') 50% 50% no-repeat;width: 125px;height:90px;margin-bottom: 5px;background-size: cover; \"><\/div>\n\t\t\t\t\t\t\t\t\t  <\/div>\n\t\t\t\t\t\t\t\t\t  \n\t\t\t\t\t\t\t\t   <span class=\"yuzo__text--title\" style=\"font-size:13px;\">Enem 2026: come\u00e7a hoje o prazo para solicitar a is...<\/span>\n\t\t\t\t\t\t\t  \n\t\t\t\t\t\t\t  \n\t\t\t\t\t\t\t  <\/a>\n\n\t\t\t\t\t\t  <\/div>\n\t\t\t\t\t\t  <div class=\"relatedthumb \" style=\"width:125px;float:left;overflow:hidden;\">  \n\t\t\t\t\t\t\t  \n\t\t\t\t\t\t\t  <a  href=\"https:\/\/redept.com.br\/blogosfera\/pl-antifaccao-governo-elabora-dossie-e-aponta-falhas-no-texto-de-derrite\/\"  >\n\t\t\t\t\t\t\t\t\t  <div class=\"yuzo-img-wrap \" style=\"width: 125px;height:90px;\">\n\t\t\t\t\t\t\t\t\t\t\n\t\t\t\t\t\t\t\t\t\t<div class=\"yuzo-img\" style=\"background:url('https:\/\/redept.com.br\/blogosfera\/wp-content\/uploads\/2025\/11\/0d9a7828-2-150x150.webp') 50% 50% no-repeat;width: 125px;height:90px;margin-bottom: 5px;background-size: cover; \"><\/div>\n\t\t\t\t\t\t\t\t\t  <\/div>\n\t\t\t\t\t\t\t\t\t  \n\t\t\t\t\t\t\t\t   <span class=\"yuzo__text--title\" style=\"font-size:13px;\">PL Antifac\u00e7\u00e3o: Governo elabora dossi\u00ea e aponta fal...<\/span>\n\t\t\t\t\t\t\t  \n\t\t\t\t\t\t\t  \n\t\t\t\t\t\t\t  <\/a>\n\n\t\t\t\t\t\t  <\/div>\n<\/div> <script>\n\t\t\t\t\t\t  jQuery(document).ready(function( $ ){\n\t\t\t\t\t\t\t\/\/jQuery('.yuzo_related_post').equalizer({ overflow : 'relatedthumb' });\n\t\t\t\t\t\t\tjQuery('.yuzo_related_post .yuzo_wraps').equalizer({ columns : '> div' });\n\t\t\t\t\t\t   })\n\t\t\t\t\t\t  <\/script> <!-- End Yuzo :) -->","protected":false},"excerpt":{"rendered":"<p>Espa\u00e7o Cultural Elza Soares \u00e9 palco de diversas atividades culturais e art\u00edsticas promovidas pelo MST. Foto: J\u00e9ssica Antunes\/Brasil de Fato Do Brasil de Fato Na pr\u00f3xima quinta-feira, 3 de abril, o Movimento dos Trabalhadores Rurais sem Terra (MST) ir\u00e1 inaugurar o Cineclube Elza, no Espa\u00e7o Cultural Elza Soares, no centro de S\u00e3o Paulo, com a [&hellip;]<\/p>\n","protected":false},"author":2,"featured_media":18745,"comment_status":"open","ping_status":"closed","sticky":false,"template":"","format":"standard","meta":{"fifu_image_url":"","fifu_image_alt":"","footnotes":""},"categories":[2665,3728,4602,1247,191,29],"tags":[],"class_list":["post-18744","post","type-post","status-publish","format-standard","has-post-thumbnail","hentry","category-audiovisual","category-cabra-marcado-para-morrer","category-cine-elza","category-filme","category-noticias","category-sao-paulo"],"_links":{"self":[{"href":"https:\/\/redept.com.br\/blogosfera\/wp-json\/wp\/v2\/posts\/18744","targetHints":{"allow":["GET"]}}],"collection":[{"href":"https:\/\/redept.com.br\/blogosfera\/wp-json\/wp\/v2\/posts"}],"about":[{"href":"https:\/\/redept.com.br\/blogosfera\/wp-json\/wp\/v2\/types\/post"}],"author":[{"embeddable":true,"href":"https:\/\/redept.com.br\/blogosfera\/wp-json\/wp\/v2\/users\/2"}],"replies":[{"embeddable":true,"href":"https:\/\/redept.com.br\/blogosfera\/wp-json\/wp\/v2\/comments?post=18744"}],"version-history":[{"count":0,"href":"https:\/\/redept.com.br\/blogosfera\/wp-json\/wp\/v2\/posts\/18744\/revisions"}],"wp:featuredmedia":[{"embeddable":true,"href":"https:\/\/redept.com.br\/blogosfera\/wp-json\/wp\/v2\/media\/18745"}],"wp:attachment":[{"href":"https:\/\/redept.com.br\/blogosfera\/wp-json\/wp\/v2\/media?parent=18744"}],"wp:term":[{"taxonomy":"category","embeddable":true,"href":"https:\/\/redept.com.br\/blogosfera\/wp-json\/wp\/v2\/categories?post=18744"},{"taxonomy":"post_tag","embeddable":true,"href":"https:\/\/redept.com.br\/blogosfera\/wp-json\/wp\/v2\/tags?post=18744"}],"curies":[{"name":"wp","href":"https:\/\/api.w.org\/{rel}","templated":true}]}}